{"id":81738,"date":"2020-03-14T09:00:46","date_gmt":"2020-03-14T15:00:46","guid":{"rendered":"https:\/\/www.uv.mx\/prensa\/?p=81738"},"modified":"2020-03-17T12:52:58","modified_gmt":"2020-03-17T18:52:58","slug":"modelos-clasicos-de-la-economia-pueden-mejorarse","status":"publish","type":"post","link":"https:\/\/www.uv.mx\/prensa\/tecnologia\/modelos-clasicos-de-la-economia-pueden-mejorarse\/","title":{"rendered":"Estudiante usa inteligencia artificial en modelos de an\u00e1lisis econ\u00f3mico"},"content":{"rendered":"<ul>\n<li data-leveltext=\"\uf0b7\" data-font=\"Symbol\" data-listid=\"1\" data-aria-posinset=\"1\" data-aria-level=\"1\"><i><span data-contrast=\"auto\">Alejandro Platas L\u00f3pez<\/span><\/i><i><span data-contrast=\"auto\">,<\/span><\/i><i> <\/i><i><span data-contrast=\"auto\">del Doctorado en Inteligencia Artificial <\/span><\/i><i><span data-contrast=\"auto\">de la UV, <\/span><\/i><\/li>\n<\/ul>\n<div id=\"attachment_81703\" style=\"width: 732px\" class=\"wp-caption aligncenter\"><a href=\"https:\/\/www.uv.mx\/prensa\/files\/2020\/03\/120320-Alejandro-Platas.jpg\"><img aria-describedby=\"caption-attachment-81703\" decoding=\"async\" loading=\"lazy\" class=\"size-full wp-image-81703\" src=\"https:\/\/www.uv.mx\/prensa\/files\/2020\/03\/120320-Alejandro-Platas.jpg\" alt=\"\" width=\"722\" height=\"481\" srcset=\"https:\/\/www.uv.mx\/prensa\/files\/2020\/03\/120320-Alejandro-Platas.jpg 722w, https:\/\/www.uv.mx\/prensa\/files\/2020\/03\/120320-Alejandro-Platas-300x200.jpg 300w\" sizes=\"(max-width: 722px) 100vw, 722px\" \/><\/a><p id=\"caption-attachment-81703\" class=\"wp-caption-text\">Alejandro Platas colabor\u00f3 en el art\u00edculo <a href=\"https:\/\/link.springer.com\/chapter\/10.1007\/978-3-030-35445-9_38\" target=\"_blank\" rel=\"noopener noreferrer\"><span data-contrast=\"auto\">\u201c<\/span><span data-contrast=\"auto\">Towards<\/span> <span data-contrast=\"auto\">an<\/span> <span data-contrast=\"auto\">Agent-Based<\/span> <span data-contrast=\"auto\">Model<\/span> <span data-contrast=\"auto\">for<\/span> <span data-contrast=\"auto\">the<\/span> <span data-contrast=\"auto\">Analysis<\/span><span data-contrast=\"auto\"> of <\/span><span data-contrast=\"auto\">Macroeconomic<\/span> <span data-contrast=\"auto\">Signals<\/span><span data-contrast=\"auto\">\u201d<\/span><\/a><\/p><\/div>\n<p><b><i><span data-contrast=\"auto\">Karina de la Paz Reyes D\u00edaz<\/span><\/i><\/b><span data-ccp-props=\"{&quot;134233279&quot;:true,&quot;201341983&quot;:0,&quot;335559739&quot;:160,&quot;335559740&quot;:240}\">\u00a0<\/span><\/p>\n<p><b><i><span data-contrast=\"auto\">14<\/span><\/i><\/b><b><i><span data-contrast=\"auto\">\/03\/2020, Xalapa, Ver.-<\/span><\/i><\/b><span data-contrast=\"auto\"> Alejandro Platas L\u00f3pez, estudiante del Doctorado en <a href=\"https:\/\/www.uv.mx\/ciia\/\" target=\"_blank\" rel=\"noopener noreferrer\">Inteligencia Artificial<\/a> (DIA) de la Universidad Veracruzana (UV)<\/span><span data-contrast=\"auto\">,<\/span><span data-contrast=\"auto\"> aplica t\u00e9cnicas de dicha disciplina en <\/span><span data-contrast=\"auto\">econom\u00eda <\/span><span data-contrast=\"auto\">y recientemente<\/span> <span data-contrast=\"auto\">public\u00f3 en <\/span><i><span data-contrast=\"auto\">Springer<\/span><\/i> <span data-contrast=\"auto\">un art\u00ed<\/span><span data-contrast=\"auto\">culo <\/span><span data-contrast=\"auto\">basado <\/span><span data-contrast=\"auto\">en su investigaci\u00f3n de maestr\u00eda<\/span><span data-ccp-props=\"{&quot;134233279&quot;:true,&quot;201341983&quot;:0,&quot;335559739&quot;:160,&quot;335559740&quot;:240}\">, que aborda de los modelos basados en agentes para el an\u00e1lisis de se\u00f1ales macroecon\u00f3micas<br \/>\n<\/span><\/p>\n<p><span data-contrast=\"auto\">El art\u00edculo se titula<\/span> <a href=\"https:\/\/link.springer.com\/chapter\/10.1007\/978-3-030-35445-9_38\" target=\"_blank\" rel=\"noopener noreferrer\"><span data-contrast=\"auto\">\u201c<\/span><span data-contrast=\"auto\">Towards<\/span> <span data-contrast=\"auto\">an<\/span> <span data-contrast=\"auto\">Agent-Based<\/span> <span data-contrast=\"auto\">Model<\/span> <span data-contrast=\"auto\">for<\/span> <span data-contrast=\"auto\">the<\/span> <span data-contrast=\"auto\">Analysis<\/span><span data-contrast=\"auto\"> of <\/span><span data-contrast=\"auto\">Macroeconomic<\/span> <span data-contrast=\"auto\">Signals<\/span><span data-contrast=\"auto\">\u201d<\/span><\/a><span data-contrast=\"auto\"> y en \u00e9l tambi\u00e9n colaboraron <\/span><span data-contrast=\"auto\">A<\/span><span data-contrast=\"auto\">lejandro Guerra <\/span><span data-contrast=\"auto\">Hern\u00e1ndez, <\/span><span data-contrast=\"auto\">Nicandro Cruz <\/span><span data-contrast=\"auto\">Ram\u00edrez y <\/span><span data-contrast=\"auto\">Marcela Quiroz <\/span><span data-contrast=\"auto\">Castellanos<\/span><span data-contrast=\"auto\">,<\/span><span data-contrast=\"auto\"> del Centro de Investigaci\u00f3n en Inteligencia Artificial (CIIA)<\/span><span data-contrast=\"auto\"> de la UV; <\/span><span data-contrast=\"auto\">Francisco Grimaldo<\/span><span data-contrast=\"auto\"> Moreno<\/span><span data-contrast=\"auto\">, <\/span><span data-contrast=\"auto\">del Departamento de Inform\u00e1tica de la Universidad de<\/span> <span data-contrast=\"auto\">Valencia, Espa\u00f1a,<\/span> <span data-contrast=\"auto\">y<\/span><span data-contrast=\"auto\"> del Instituto de Ciencias y Tecnolog\u00edas Cognitivas del Consejo Nacional de Investigaci\u00f3n de Italia<\/span><span data-contrast=\"auto\">,<\/span><span data-contrast=\"auto\"> as\u00ed como Mario <\/span><span data-contrast=\"auto\">Paolucci<\/span> <span data-contrast=\"auto\">y <\/span><span data-contrast=\"auto\">Federico <\/span><span data-contrast=\"auto\">Cecconi<\/span><span data-contrast=\"auto\">, de esta \u00faltima instituci\u00f3n.<\/span><span data-ccp-props=\"{&quot;134233279&quot;:true,&quot;201341983&quot;:0,&quot;335559731&quot;:708,&quot;335559739&quot;:160,&quot;335559740&quot;:240}\">\u00a0<\/span><\/p>\n<p><span data-contrast=\"auto\">Alejandro Platas, quien es egres<\/span><span data-contrast=\"auto\">ado de la Facultad de Econom\u00eda,<\/span><span data-contrast=\"auto\"> de la Especializaci\u00f3n en M\u00e9todos Estad\u00edsticos<\/span><span data-contrast=\"auto\"> y<\/span> <span data-contrast=\"auto\">de la Maestr\u00eda <\/span><span data-contrast=\"auto\">en <\/span><span data-contrast=\"auto\">Inteligencia Artificial <\/span><span data-contrast=\"auto\">de<\/span><span data-contrast=\"auto\">l CIIA (entidad que tambi\u00e9n imparte el DIA)<\/span><span data-contrast=\"auto\">, todas ellas de la UV, explic\u00f3:\u00a0<\/span> <span data-contrast=\"auto\">\u201cYo soy economista y ten\u00eda el enfoque cl\u00e1sico de c\u00f3mo<\/span> <span data-contrast=\"auto\">modelar la<\/span><span data-contrast=\"auto\"> econom\u00eda; al llegar a la Maestr\u00eda en Inteligencia Artificial, mi inter\u00e9s era aplicar t\u00e9cnicas de inteligencia artificial a la econom\u00eda y de ah\u00ed es que surge este tipo de modelos. Es <\/span><span data-contrast=\"auto\">un nuevo enfoque basado en agentes y se diferencia <\/span><span data-contrast=\"auto\">mucho <\/span><span data-contrast=\"auto\">del cl\u00e1sico.\u201d<\/span><span data-ccp-props=\"{&quot;134233279&quot;:true,&quot;201341983&quot;:0,&quot;335559739&quot;:160,&quot;335559740&quot;:240}\">\u00a0<\/span><\/p>\n<p><span data-contrast=\"auto\">El estudiante se <\/span><span data-contrast=\"auto\">refir<\/span><span data-contrast=\"auto\">i\u00f3<\/span><span data-contrast=\"auto\"> al<\/span> <span data-contrast=\"auto\">Bottom<\/span><span data-contrast=\"auto\">-up <\/span><span data-contrast=\"auto\">Adaptive<\/span> <span data-contrast=\"auto\">Macroeconomics<\/span><span data-contrast=\"auto\"> (BAM)<\/span> <span data-contrast=\"auto\">Model<\/span><span data-contrast=\"auto\">: <\/span><span data-contrast=\"auto\">\u201c<\/span><span data-contrast=\"auto\">Nosotros modelamos <\/span><span data-contrast=\"auto\">tres tipos de agentes: <\/span><span data-contrast=\"auto\">hogares, empresas y bancos<\/span><span data-contrast=\"auto\">, que <\/span><span data-contrast=\"auto\">interact\u00faan en tres mercados: <\/span><span data-contrast=\"auto\">el <\/span><span data-contrast=\"auto\">del cr\u00e9dito,<\/span><span data-contrast=\"auto\"> de bienes y servicios<\/span><span data-contrast=\"auto\">,<\/span><span data-contrast=\"auto\"> y el del trabajo. Eso se represent\u00f3 en el modelo y se hicieron an\u00e1l<\/span><span data-contrast=\"auto\">isis para comprobar que se compo<\/span><span data-contrast=\"auto\">rta como en el mundo real\u201d.<\/span><span data-ccp-props=\"{&quot;134233279&quot;:true,&quot;201341983&quot;:0,&quot;335559739&quot;:160,&quot;335559740&quot;:240}\">\u00a0<\/span><\/p>\n<p><span data-contrast=\"auto\">Una vez representados (codificados) a trav\u00e9s de reglas de comportamiento<\/span><span data-contrast=\"auto\">, toman<\/span><span data-contrast=\"auto\"> determinadas decisiones, siempre <\/span><span data-contrast=\"auto\">para <\/span><span data-contrast=\"auto\">mejorar su posici\u00f3n<\/span><span data-contrast=\"auto\">;<\/span><span data-contrast=\"auto\"> por ejemplo,<\/span><span data-contrast=\"auto\"> los hogares buscan el menor precio en los bienes que consumen y los mejores salarios<\/span><span data-contrast=\"auto\">.<\/span><span data-ccp-props=\"{&quot;134233279&quot;:true,&quot;201341983&quot;:0,&quot;335559739&quot;:160,&quot;335559740&quot;:240}\">\u00a0<\/span><\/p>\n<p><span data-contrast=\"auto\">\u201c<\/span><span data-contrast=\"auto\">De<\/span><span data-contrast=\"auto\"> esas reglas es que se va <\/span><span data-contrast=\"auto\">generando<\/span><span data-contrast=\"auto\"> un comportamiento emergente que <\/span><span data-contrast=\"auto\">resulta en<\/span><span data-contrast=\"auto\"> se\u00f1ales macroecon\u00f3micas.\u201d<\/span><span data-ccp-props=\"{&quot;134233279&quot;:true,&quot;201341983&quot;:0,&quot;335559739&quot;:160,&quot;335559740&quot;:240}\">\u00a0<\/span><\/p>\n<p><span data-contrast=\"auto\">En sus palabras, lo que se present\u00f3 en el art\u00edculo es la validaci\u00f3n del BAM y que podr\u00eda ser tomado en consideraci\u00f3n para hacer pol\u00edtica <\/span><span data-contrast=\"auto\">p\u00fablica <\/span><span data-contrast=\"auto\">en el pa\u00eds.<\/span><span data-ccp-props=\"{&quot;134233279&quot;:true,&quot;201341983&quot;:0,&quot;335559739&quot;:160,&quot;335559740&quot;:240}\">\u00a0<\/span><\/p>\n<p><span data-contrast=\"auto\">\u201cLa idea es que tomen<\/span><span data-contrast=\"auto\"> ese modelo que tenemos de base<\/span><span data-contrast=\"auto\"> sobre una macroe<\/span><span data-contrast=\"auto\">co<\/span><span data-contrast=\"auto\">nom\u00eda y que le puedan a\u00f1adir, por ejemplo<\/span><span data-contrast=\"auto\">,<\/span><span data-contrast=\"auto\"> evasi\u00f3n u otro tipo de problem\u00e1tica social<\/span><span data-contrast=\"auto\">,<\/span><span data-contrast=\"auto\"> y ver qu\u00e9 es lo que pasa. Digamos que es un escenario controlado <\/span><span data-contrast=\"auto\">en el que se pueden poner en pr\u00e1ctica pol\u00edticas p\u00fablicas.\u201d<\/span><span data-ccp-props=\"{&quot;134233279&quot;:true,&quot;201341983&quot;:0,&quot;335559739&quot;:160,&quot;335559740&quot;:240}\">\u00a0<\/span><\/p>\n<p><span data-contrast=\"auto\">Si <\/span><span data-contrast=\"auto\">bien <\/span><span data-contrast=\"auto\">el <\/span><span data-contrast=\"auto\">BAM<\/span><span data-contrast=\"auto\"> est\u00e1 ampliamente documentado, sobre todo en Europa,<\/span><span data-contrast=\"auto\"> no <\/span><span data-contrast=\"auto\">se <\/span><span data-contrast=\"auto\">hab\u00eda realizado una implementaci\u00f3n abierta de c\u00f3digo libre, y \u00e9sa es otra de las aportaciones<\/span><span data-contrast=\"auto\"> del art\u00edculo publicado<\/span><span data-contrast=\"auto\">, enfatiz\u00f3 el estudiante universitario.<\/span><span data-ccp-props=\"{&quot;134233279&quot;:true,&quot;201341983&quot;:0,&quot;335559739&quot;:160,&quot;335559740&quot;:240}\">\u00a0<\/span><\/p>\n<p><span data-contrast=\"auto\">\u201cNosotros te<\/span><span data-contrast=\"auto\">nemos el c\u00f3digo libre en l\u00ednea, lo puede tomar cualquier persona y aplicarlo a sus problem\u00e1ticas.\u201d<\/span><span data-ccp-props=\"{&quot;134233279&quot;:true,&quot;201341983&quot;:0,&quot;335559739&quot;:160,&quot;335559740&quot;:240}\">\u00a0<\/span><\/p>\n<p><span data-contrast=\"auto\">De acuerdo con Alejandro Platas, en M\u00e9xico el paradigma cl\u00e1sico de hacer econom\u00eda a\u00fan no se rompe, \u201cse sigue haciendo lo mismo,<\/span><span data-contrast=\"auto\"> cometiendo los mismo<\/span><span data-contrast=\"auto\">s<\/span><span data-contrast=\"auto\"> errores\u201d.<\/span><span data-ccp-props=\"{&quot;134233279&quot;:true,&quot;201341983&quot;:0,&quot;335559739&quot;:160,&quot;335559740&quot;:240}\">\u00a0<\/span><\/p>\n<p><span data-contrast=\"auto\">Para muestra, en el pa\u00eds son pocos los investigadores que hacen mod<\/span><span data-contrast=\"auto\">elos basados en agentes<\/span><span data-contrast=\"auto\"> \u2013como el BAM\u2013<\/span><span data-contrast=\"auto\">, lo cual no permite llamar la atenci\u00f3n <\/span><span data-contrast=\"auto\">para que \u00e9stos sean utilizados.<\/span><span data-ccp-props=\"{&quot;134233279&quot;:true,&quot;201341983&quot;:0,&quot;335559739&quot;:160,&quot;335559740&quot;:240}\">\u00a0<\/span><\/p>\n<p><span data-contrast=\"auto\">La intenci\u00f3n de Alejandro Platas es precisamente que estudiantes y profesores de econom\u00eda conozca modelos como el BAM y se difundan.<\/span><span data-ccp-props=\"{&quot;134233279&quot;:true,&quot;201341983&quot;:0,&quot;335559739&quot;:160,&quot;335559740&quot;:240}\">\u00a0<\/span><\/p>\n<p><span data-contrast=\"auto\">Cabe destacar que la publicaci\u00f3n del art\u00edculo es un logro m\u00e1s en la trayectoria de Alejandro, quien siendo estudiante de licenciatura y de especialidad obtuvo el segundo lugar en el Premio Nacional de Investigaci\u00f3n \u201cImpulso al desarrollo de las finanzas estatales\u201d que organizan la Universidad Nacional Aut\u00f3noma de M\u00e9xico, el Grupo Financiero Interacciones y PricewaterhouseCoopers, S.C.\u00a0<\/span><\/p>\n","protected":false},"excerpt":{"rendered":"<p>De acuerdo con Alejandro Platas, alumno del Doctorado en Inteligencia Artifical de la UV, en M\u00e9xico el paradigma cl\u00e1sico a\u00fan no se rompe, \u201cse sigue haciendo lo mismo, cometiendo los mismos errores\u201d<\/p>\n","protected":false},"author":1508,"featured_media":81739,"comment_status":"closed","ping_status":"closed","sticky":false,"template":"","format":"standard","meta":[],"categories":[61,51],"tags":[],"_links":{"self":[{"href":"https:\/\/www.uv.mx\/prensa\/wp-json\/wp\/v2\/posts\/81738"}],"collection":[{"href":"https:\/\/www.uv.mx\/prensa\/wp-json\/wp\/v2\/posts"}],"about":[{"href":"https:\/\/www.uv.mx\/prensa\/wp-json\/wp\/v2\/types\/post"}],"author":[{"embeddable":true,"href":"https:\/\/www.uv.mx\/prensa\/wp-json\/wp\/v2\/users\/1508"}],"replies":[{"embeddable":true,"href":"https:\/\/www.uv.mx\/prensa\/wp-json\/wp\/v2\/comments?post=81738"}],"version-history":[{"count":0,"href":"https:\/\/www.uv.mx\/prensa\/wp-json\/wp\/v2\/posts\/81738\/revisions"}],"wp:featuredmedia":[{"embeddable":true,"href":"https:\/\/www.uv.mx\/prensa\/wp-json\/wp\/v2\/media\/81739"}],"wp:attachment":[{"href":"https:\/\/www.uv.mx\/prensa\/wp-json\/wp\/v2\/media?parent=81738"}],"wp:term":[{"taxonomy":"category","embeddable":true,"href":"https:\/\/www.uv.mx\/prensa\/wp-json\/wp\/v2\/categories?post=81738"},{"taxonomy":"post_tag","embeddable":true,"href":"https:\/\/www.uv.mx\/prensa\/wp-json\/wp\/v2\/tags?post=81738"}],"curies":[{"name":"wp","href":"https:\/\/api.w.org\/{rel}","templated":true}]}}