{"id":81834,"date":"2020-03-18T16:07:40","date_gmt":"2020-03-18T22:07:40","guid":{"rendered":"https:\/\/www.uv.mx\/prensa\/?p=81834"},"modified":"2020-03-19T10:54:59","modified_gmt":"2020-03-19T16:54:59","slug":"poca-interaccion-social-podria-afectar-el-comportamiento-mijail-rojas","status":"publish","type":"post","link":"https:\/\/www.uv.mx\/prensa\/general\/poca-interaccion-social-podria-afectar-el-comportamiento-mijail-rojas\/","title":{"rendered":"Poca interacci\u00f3n social podr\u00eda afectar el comportamiento: Mijail Rojas"},"content":{"rendered":"<ul>\n<li data-leveltext=\"\uf0b7\" data-font=\"Symbol\" data-listid=\"1\" data-aria-posinset=\"1\" data-aria-level=\"1\"><em>El investigador de la Universidad de Costa Rica realiz\u00f3 una estancia de dos semanas<\/em><span data-ccp-props=\"{&quot;134233279&quot;:true,&quot;201341983&quot;:0,&quot;335559739&quot;:160,&quot;335559740&quot;:240}\"><em> en la UV<\/em><br \/>\n<\/span><\/li>\n<li data-leveltext=\"\uf0b7\" data-font=\"Symbol\" data-listid=\"1\" data-aria-posinset=\"3\" data-aria-level=\"1\"><i><span data-contrast=\"auto\">Imparti\u00f3 la ponencia<\/span><\/i> <i><span data-contrast=\"auto\">\u201c<\/span><\/i><i><span data-contrast=\"auto\">Ambiente y desarrollo: <\/span><\/i><i><span data-contrast=\"auto\">e<\/span><\/i><i><span data-contrast=\"auto\">fectos <\/span><\/i><i><span data-contrast=\"auto\">neuroconductuales<\/span><\/i><i><span data-contrast=\"auto\"> del enriquecimiento ambiental y el aislamiento social<\/span><\/i><i><span data-contrast=\"auto\">\u201d<\/span><\/i><span data-ccp-props=\"{&quot;134233279&quot;:true,&quot;201341983&quot;:0,&quot;335559739&quot;:160,&quot;335559740&quot;:240}\">\u00a0<\/span><\/li>\n<\/ul>\n<div id=\"attachment_81835\" style=\"width: 732px\" class=\"wp-caption aligncenter\"><a href=\"https:\/\/www.uv.mx\/prensa\/files\/2020\/03\/170320-NEUROCIENCIAS-COSTA-RICA-1.jpg\"><img aria-describedby=\"caption-attachment-81835\" decoding=\"async\" loading=\"lazy\" class=\"size-full wp-image-81835\" src=\"https:\/\/www.uv.mx\/prensa\/files\/2020\/03\/170320-NEUROCIENCIAS-COSTA-RICA-1.jpg\" alt=\"\" width=\"722\" height=\"481\" srcset=\"https:\/\/www.uv.mx\/prensa\/files\/2020\/03\/170320-NEUROCIENCIAS-COSTA-RICA-1.jpg 722w, https:\/\/www.uv.mx\/prensa\/files\/2020\/03\/170320-NEUROCIENCIAS-COSTA-RICA-1-300x200.jpg 300w\" sizes=\"(max-width: 722px) 100vw, 722px\" \/><\/a><p id=\"caption-attachment-81835\" class=\"wp-caption-text\">Mijail Rojas Carvajal, investigador de la Universidad de Costa Rica<\/p><\/div>\n<p><b><i><span data-contrast=\"auto\">Claudia Peralta V\u00e1zquez<\/span><\/i><\/b><span data-ccp-props=\"{&quot;201341983&quot;:0,&quot;335559739&quot;:160,&quot;335559740&quot;:240}\">\u00a0<\/span><\/p>\n<p><span data-ccp-props=\"{&quot;201341983&quot;:0,&quot;335559739&quot;:160,&quot;335559740&quot;:240}\">\u00a0<\/span><b><i><span data-contrast=\"auto\">18<\/span><\/i><\/b><b><i><span data-contrast=\"auto\">\/<\/span><\/i><\/b><b><i><span data-contrast=\"auto\">03<\/span><\/i><\/b><b><i><span data-contrast=\"auto\">\/<\/span><\/i><\/b><b><i><span data-contrast=\"auto\">20<\/span><\/i><\/b><b><i><span data-contrast=\"auto\">20<\/span><\/i><\/b><b><i><span data-contrast=\"auto\">, Xalapa, Ver.- <\/span><\/i><\/b><span data-contrast=\"auto\">De acuerdo con <\/span><span data-contrast=\"auto\">Mijail<\/span><span data-contrast=\"auto\"> Rojas Carvajal, <\/span><span data-contrast=\"auto\">investigador de<\/span><span data-contrast=\"auto\">l Centro de Investigaciones en Neurociencias de<\/span><span data-contrast=\"auto\"> la Universidad de Costa Rica, <\/span><span data-contrast=\"auto\">crecer en ambientes con poco o nulo contacto social podr\u00eda generar efectos perjudiciales a nivel cerebral y del comportamiento.<\/span><span data-ccp-props=\"{&quot;201341983&quot;:0,&quot;335559739&quot;:160,&quot;335559740&quot;:240}\">\u00a0<\/span><\/p>\n<p><span data-contrast=\"auto\">El especialista, quien recientemente hizo una estancia de dos semanas en la Universidad Veracruzana (UV), a invitaci\u00f3n del<a href=\"https:\/\/www.uv.mx\/neuro\/\" target=\"_blank\" rel=\"noopener noreferrer\"> Instituto de <\/a><\/span><span data-contrast=\"auto\">Neuroetolog\u00eda<\/span><span data-contrast=\"auto\"> y de la Facultad de Qu\u00edmica Farmac\u00e9utica Biol\u00f3gica (QFB), imparti\u00f3 la ponencia \u201cAmbiente y desarrollo: efectos neuroconductuales del enriquecimiento ambiental y el aislamiento social\u201d, la cual tuvo lugar el 12 de marzo en el auditorio de la Facultad de Ingenier\u00eda Mec\u00e1nica y El\u00e9ctrica.<\/span><\/p>\n<p><span data-contrast=\"auto\">Ah\u00ed explic\u00f3 c\u00f3mo los contextos de desarrollo pueden afectar las caracter\u00edsticas de respuesta al estr\u00e9s y comportamiento. En t\u00e9rminos generales, dijo, crecer en ambientes estimulantes donde se interact\u00faa con los dem\u00e1s favorece un perfil conductual positivo de afrontamiento al estr\u00e9s.<br \/>\n<\/span><\/p>\n<p><span data-contrast=\"auto\">Rojas Carvajal particip\u00f3 en un estudio basado en modelos animales, realizado en colaboraci\u00f3n con Juan Carlos Brenes S\u00e1enz y Andrey Sequeira Cordero, especialistas en gen\u00e9tica y comportamiento de la Universidad de Costa Rica.\u00a0<\/span><\/p>\n<p><span data-contrast=\"auto\">Gracias a este estudio, en el que se han empleado ratas <\/span><span data-contrast=\"auto\">Wistar<\/span><span data-contrast=\"auto\">, se han podido simular <\/span><span data-contrast=\"auto\">los ambientes \u00f3ptimos<\/span><span data-contrast=\"auto\"> de desarrollo en seres <\/span><span data-contrast=\"auto\">humanos. <\/span><span data-contrast=\"auto\">\u201cEn realidad<\/span><span data-contrast=\"auto\"> nosotros vivimos m\u00e1s en contextos de enclaustramiento<\/span><span data-contrast=\"auto\">,<\/span><span data-contrast=\"auto\"> con poca interacci\u00f3n soci<\/span><span data-contrast=\"auto\">al durante las horas de oficina\u201d.<\/span><span data-ccp-props=\"{&quot;201341983&quot;:0,&quot;335559731&quot;:708,&quot;335559739&quot;:160,&quot;335559740&quot;:240}\">\u00a0<\/span><\/p>\n<p><span data-contrast=\"auto\">Mijail<\/span><span data-contrast=\"auto\"> Rojas expuso que d<\/span><span data-contrast=\"auto\">urante la semana<\/span> <span data-contrast=\"auto\">no<\/span><span data-contrast=\"auto\"> se tiene mucho contacto social ni se hace ejercicio. En este sentido, dichos modelos, adem\u00e1s de ofrecer<\/span><span data-contrast=\"auto\"> un panorama<\/span><span data-contrast=\"auto\"> sobre c\u00f3mo<\/span><span data-contrast=\"auto\"> la estimulaci\u00f3n y el ejercicio<\/span><span data-contrast=\"auto\"> favorecen el entorno, tambi\u00e9n muestran lo que podr\u00edamos padecer <\/span><span data-contrast=\"auto\">en contextos de poca intera<\/span><span data-contrast=\"auto\">cci\u00f3n social y actividad f\u00edsica.<\/span><span data-ccp-props=\"{&quot;201341983&quot;:0,&quot;335559731&quot;:708,&quot;335559739&quot;:160,&quot;335559740&quot;:240}\">\u00a0<\/span><\/p>\n<p><span data-contrast=\"auto\">Lo anterior servir\u00eda para establecer <\/span><span data-contrast=\"auto\">estrategias de soluci\u00f3n <\/span><span data-contrast=\"auto\">para que <\/span><span data-contrast=\"auto\">las personas interact\u00faen con el medio y con los dem\u00e1s y se ejerciten de manera m\u00e1s eficiente, con tal de contrarrestar<\/span><span data-contrast=\"auto\"> los efectos del<\/span><span data-contrast=\"auto\"> estr\u00e9s<\/span><span data-contrast=\"auto\"> y de la<\/span><span data-contrast=\"auto\"> vida cotidiana.<\/span><span data-ccp-props=\"{&quot;201341983&quot;:0,&quot;335559731&quot;:708,&quot;335559739&quot;:160,&quot;335559740&quot;:240}\">\u00a0<\/span><\/p>\n<p><span data-contrast=\"auto\">\u201cLa sociedad nos est\u00e1 llevando a que eso no sea un evento aislado sino la norma, y de la mano van la aparici\u00f3n de distintas <\/span><span data-contrast=\"auto\">patolog\u00edas y <\/span><span data-contrast=\"auto\">psicopatolog\u00edas<\/span><span data-contrast=\"auto\">.\u201d<\/span><span data-ccp-props=\"{&quot;201341983&quot;:0,&quot;335559731&quot;:708,&quot;335559739&quot;:160,&quot;335559740&quot;:240}\">\u00a0<\/span><\/p>\n<p><span data-contrast=\"auto\">El investigado<\/span><span data-contrast=\"auto\">r y psic\u00f3logo, con grado de M<\/span><span data-contrast=\"auto\">aestr\u00eda en Ciencias Cognitivas, coment\u00f3 que varios de sus compa\u00f1eros han <\/span><span data-contrast=\"auto\">realizado estudios con ni\u00f1os en<\/span><span data-contrast=\"auto\"> edad escolar y han observado que el nivel de interacci\u00f3n se asocia a su rendimiento acad\u00e9mico.<\/span><span data-ccp-props=\"{&quot;201341983&quot;:0,&quot;335559731&quot;:708,&quot;335559739&quot;:160,&quot;335559740&quot;:240}\">\u00a0<\/span><\/p>\n<p><span data-contrast=\"auto\">Al referirse a su pa\u00eds, indic\u00f3 que existen pocos<\/span><span data-contrast=\"auto\"> e<\/span><span data-contrast=\"auto\">studios epidemiol\u00f3gicos, aun cuando en 2018 la ansiedad y depresi\u00f3n fueron la <\/span><span data-contrast=\"auto\">principal causa d<\/span><span data-contrast=\"auto\">e incapacidad laboral<\/span><span data-contrast=\"auto\">,<\/span><span data-contrast=\"auto\"> as\u00ed como las <\/span><span data-contrast=\"auto\">enfermedades coronarias<\/span><span data-contrast=\"auto\">, el sobrepeso y la <\/span><span data-contrast=\"auto\">obesidad.<\/span><span data-ccp-props=\"{&quot;201341983&quot;:0,&quot;335559731&quot;:708,&quot;335559739&quot;:160,&quot;335559740&quot;:240}\">\u00a0<\/span><\/p>\n","protected":false},"excerpt":{"rendered":"<p>El investigador de la Universidad de Costa Rica imparti\u00f3 la ponencia \u201cAmbiente y desarrollo: efectos neuroconductuales del enriquecimiento ambiental y el aislamiento social\u201d\u00a0<\/p>\n","protected":false},"author":1508,"featured_media":81835,"comment_status":"closed","ping_status":"closed","sticky":false,"template":"","format":"standard","meta":[],"categories":[1],"tags":[],"_links":{"self":[{"href":"https:\/\/www.uv.mx\/prensa\/wp-json\/wp\/v2\/posts\/81834"}],"collection":[{"href":"https:\/\/www.uv.mx\/prensa\/wp-json\/wp\/v2\/posts"}],"about":[{"href":"https:\/\/www.uv.mx\/prensa\/wp-json\/wp\/v2\/types\/post"}],"author":[{"embeddable":true,"href":"https:\/\/www.uv.mx\/prensa\/wp-json\/wp\/v2\/users\/1508"}],"replies":[{"embeddable":true,"href":"https:\/\/www.uv.mx\/prensa\/wp-json\/wp\/v2\/comments?post=81834"}],"version-history":[{"count":0,"href":"https:\/\/www.uv.mx\/prensa\/wp-json\/wp\/v2\/posts\/81834\/revisions"}],"wp:featuredmedia":[{"embeddable":true,"href":"https:\/\/www.uv.mx\/prensa\/wp-json\/wp\/v2\/media\/81835"}],"wp:attachment":[{"href":"https:\/\/www.uv.mx\/prensa\/wp-json\/wp\/v2\/media?parent=81834"}],"wp:term":[{"taxonomy":"category","embeddable":true,"href":"https:\/\/www.uv.mx\/prensa\/wp-json\/wp\/v2\/categories?post=81834"},{"taxonomy":"post_tag","embeddable":true,"href":"https:\/\/www.uv.mx\/prensa\/wp-json\/wp\/v2\/tags?post=81834"}],"curies":[{"name":"wp","href":"https:\/\/api.w.org\/{rel}","templated":true}]}}