{"id":81922,"date":"2020-03-23T08:00:36","date_gmt":"2020-03-23T14:00:36","guid":{"rendered":"https:\/\/www.uv.mx\/prensa\/?p=81922"},"modified":"2020-03-23T16:18:58","modified_gmt":"2020-03-23T22:18:58","slug":"eminus-activo-importante-ante-contingencia-alberto-ramirez","status":"publish","type":"post","link":"https:\/\/www.uv.mx\/prensa\/banner\/eminus-activo-importante-ante-contingencia-alberto-ramirez\/","title":{"rendered":"<i>Eminus<\/i>, activo importante ante contingencia: Alberto Ram\u00edrez"},"content":{"rendered":"<ul>\n<li data-leveltext=\"\uf0b7\" data-font=\"Symbol\" data-listid=\"1\" data-aria-posinset=\"1\" data-aria-level=\"1\"><i><span data-contrast=\"auto\">La plataforma digital facilita la autonom\u00eda de la Universidad Veracruzana para la ense\u00f1anza en l\u00ednea, plante\u00f3 Alberto Ram\u00edrez Martinell<\/span><\/i><span data-ccp-props=\"{&quot;134233279&quot;:true}\">\u00a0<\/span><\/li>\n<\/ul>\n<div id=\"attachment_81923\" style=\"width: 732px\" class=\"wp-caption aligncenter\"><a href=\"https:\/\/www.uv.mx\/prensa\/files\/2020\/03\/200320-Eminus.jpg\"><img aria-describedby=\"caption-attachment-81923\" decoding=\"async\" loading=\"lazy\" class=\"size-full wp-image-81923\" src=\"https:\/\/www.uv.mx\/prensa\/files\/2020\/03\/200320-Eminus.jpg\" alt=\"\" width=\"722\" height=\"481\" srcset=\"https:\/\/www.uv.mx\/prensa\/files\/2020\/03\/200320-Eminus.jpg 722w, https:\/\/www.uv.mx\/prensa\/files\/2020\/03\/200320-Eminus-300x200.jpg 300w\" sizes=\"(max-width: 722px) 100vw, 722px\" \/><\/a><p id=\"caption-attachment-81923\" class=\"wp-caption-text\">Alberto Ram\u00edrez Martinell, acad\u00e9mico del CIIES, destac\u00f3 los beneficios de <em>Eminus<\/em> ante la contingencia por el COVID-19<\/p><\/div>\n<blockquote><p>\u201cPor supuesto que los estudiantes tienen su propia opini\u00f3n y valorar\u00e1n una tecnolog\u00eda m\u00e1s que otra, pero si el curso est\u00e1 en la plataforma es porque es una medida institucional, porque los jefes de carrera y los profesores se han sumado a la visi\u00f3n institucional y creando materiales para ponerlos a disposici\u00f3n de los estudiantes a trav\u00e9s de Eminus, los alumnos podr\u00e1n usar la plataforma sin problemas, aunque tengan otras preferencias tecnol\u00f3gicas\u201d<\/p><\/blockquote>\n<p><b><i><span data-contrast=\"auto\">David Sandoval Rodr\u00edguez<\/span><\/i><\/b><span data-ccp-props=\"{}\">\u00a0<\/span><\/p>\n<p><b><i><span data-contrast=\"auto\">23\/03\/20<\/span><\/i><\/b><b><i><span data-contrast=\"auto\">20,<\/span><\/i><\/b><b><i><span data-contrast=\"auto\"> Xalapa, Ver.-<\/span><\/i><\/b><span data-contrast=\"auto\"> La plataforma digital <\/span><i><span data-contrast=\"auto\">Eminus<\/span><\/i><span data-contrast=\"auto\"> de la Universidad Veracruzana (UV) se convierte en un activo importante ante la contingencia por el virus <\/span><span data-contrast=\"auto\">Covid <\/span><span data-contrast=\"auto\">19 al permitir la continuaci\u00f3n de la ense\u00f1anza a trav\u00e9s de entornos virtuales, afirm\u00f3 <\/span><span data-contrast=\"auto\">Alberto Ram\u00edrez Martinell, <\/span><span data-contrast=\"auto\">acad\u00e9mico e investigador del <a href=\"https:\/\/www.uv.mx\/ciies\/\" target=\"_blank\" rel=\"noopener noreferrer\">Centro de Investigaci\u00f3n e Innovaci\u00f3n en Educaci\u00f3n Superior<\/a> (CIIES) de <\/span><span data-contrast=\"auto\">esta casa de estudios<\/span><span data-contrast=\"auto\">.<\/span><span data-ccp-props=\"{}\">\u00a0<\/span><\/p>\n<p><span data-contrast=\"auto\">\u201c<\/span><span data-contrast=\"auto\">En la<\/span><span data-contrast=\"auto\"> U<\/span><span data-contrast=\"auto\">niversidad <\/span><span data-contrast=\"auto\">V<\/span><span data-contrast=\"auto\">eracruzana<\/span><span data-contrast=\"auto\"> tenemos un activo muy importante que es <\/span><i><span data-contrast=\"auto\">Eminus<\/span><\/i><span data-contrast=\"auto\">, una tecnolog\u00eda que se ha desarrollado desde hace a\u00f1os, es estable y es familiar para todos los miembros de la comunidad, para l<\/span><span data-contrast=\"auto\">os profesores y los estudiantes\u201d, coment\u00f3 el investigador.<\/span><span data-ccp-props=\"{&quot;335559731&quot;:708}\">\u00a0<\/span><\/p>\n<p><span data-contrast=\"auto\">Este elemento, agreg\u00f3, \u201c<\/span><span data-contrast=\"auto\">nos diferencia de otras universidades porque no tenemos que estar buscando plataformas gratuitas o aquellas que est\u00e1n de moda, tampoco tenemos que pagar una licencia de uso porque la instituci\u00f3n ha invertido en el desarrollo de esta tecnolog\u00eda<\/span><span data-contrast=\"auto\">\u201d.<\/span><span data-ccp-props=\"{&quot;335559731&quot;:708}\">\u00a0<\/span><\/p>\n<p><span data-contrast=\"auto\">En tal sentido<\/span><span data-contrast=\"auto\">,<\/span><span data-contrast=\"auto\"> dijo que se debe <\/span><span data-contrast=\"auto\">considerar a <\/span><i><span data-contrast=\"auto\">Eminus<\/span><\/i><span data-contrast=\"auto\"> como una plataforma institucional que nos vuelve aut\u00f3nomos como <\/span><span data-contrast=\"auto\">U<\/span><span data-contrast=\"auto\">niversidad en el sentido digital, <\/span><span data-contrast=\"auto\">dado que <\/span><span data-contrast=\"auto\">no necesitamos de alguien m\u00e1s para <\/span><span data-contrast=\"auto\">continuar<\/span><span data-contrast=\"auto\"> con clases, con actividade<\/span><span data-contrast=\"auto\">s virtuales acad\u00e9micas durante \u00e9<\/span><span data-contrast=\"auto\">sta u otras contingencias<\/span><span data-contrast=\"auto\">.<\/span><span data-ccp-props=\"{&quot;335559731&quot;:708}\">\u00a0<\/span><\/p>\n<p><span data-contrast=\"auto\">Igualmente<\/span><span data-contrast=\"auto\">,<\/span><span data-contrast=\"auto\"> reconoci\u00f3 que <\/span><i><span data-contrast=\"auto\">Eminus<\/span><\/i><span data-contrast=\"auto\"> es una plataforma con distintas percepciones por parte de la comunidad<\/span><span data-contrast=\"auto\"> universitaria<\/span><span data-contrast=\"auto\">, hay quienes la usan y quienes la critican<\/span><span data-contrast=\"auto\">,<\/span><span data-contrast=\"auto\"> pero en este momento <\/span><span data-contrast=\"auto\">se <\/span><span data-contrast=\"auto\">debe <\/span><span data-contrast=\"auto\">apuntalar<\/span><span data-contrast=\"auto\"> una visi\u00f3n institucional y utilizarla.<\/span><span data-ccp-props=\"{&quot;335559731&quot;:708}\">\u00a0<\/span><\/p>\n<p><span data-contrast=\"auto\">Al respecto, a\u00f1adi\u00f3 que n<\/span><span data-contrast=\"auto\">o es la \u00fanica<\/span><span data-contrast=\"auto\"> plataforma de su tipo<\/span><span data-contrast=\"auto\">, <\/span><span data-contrast=\"auto\">hay otras que garantizan caracter\u00edsticas como<\/span><span data-contrast=\"auto\"> la autonom\u00eda y la libertad de informaci\u00f3n y de datos como la plataforma <\/span><i><span data-contrast=\"auto\">Moodle<\/span><\/i><span data-contrast=\"auto\">;<\/span><span data-contrast=\"auto\"> sin embargo<\/span><span data-contrast=\"auto\">,<\/span> <span data-contrast=\"auto\">\u00e9<\/span><span data-contrast=\"auto\">sta necesita conocimientos particulares <\/span><span data-contrast=\"auto\">para su instalaci\u00f3n y operaci\u00f3n<\/span><span data-contrast=\"auto\">.<\/span><span data-ccp-props=\"{&quot;335559731&quot;:708}\">\u00a0<\/span><\/p>\n<p><i><span data-contrast=\"auto\">Eminus<\/span><\/i><span data-contrast=\"auto\"> ha generado una comunidad de profesores y <\/span><span data-contrast=\"auto\">de t\u00e9cnicos<\/span><span data-contrast=\"auto\">,<\/span><span data-contrast=\"auto\"> quienes brindan <\/span><span data-contrast=\"auto\">soporte instruccional <\/span><span data-contrast=\"auto\">que est\u00e1 <\/span><span data-contrast=\"auto\">a disposici\u00f3n de los usuarios, cualidad que no tienen otras plataformas<\/span><span data-contrast=\"auto\">, recalc\u00f3.<\/span><span data-ccp-props=\"{&quot;335559731&quot;:708}\">\u00a0<\/span><\/p>\n<p><span data-contrast=\"auto\">Con relaci\u00f3n a la respuesta de los estudiantes universitarios hacia la plataforma, el acad\u00e9mico destac\u00f3 que <\/span><i><span data-contrast=\"auto\">Eminus<\/span><\/i><span data-contrast=\"auto\"> tiene oportunidades, no obstante a que la experiencia del usuario desde su tel\u00e9fono m\u00f3vil no es del todo satisfactoria p<\/span><span data-contrast=\"auto\">ues <\/span><span data-contrast=\"auto\">est\u00e1 pensada para su uso desde computadoras de escritorio y los estudiantes acceder\u00e1n ahora a trav\u00e9s del celular.<\/span><span data-ccp-props=\"{&quot;335559731&quot;:708}\">\u00a0<\/span><\/p>\n<p><span data-contrast=\"auto\">\u201c<\/span><span data-contrast=\"auto\">En<\/span><span data-contrast=\"auto\"> relaci\u00f3n con el momento actual, <\/span><span data-contrast=\"auto\">tendr\u00edamos que cambiar la estrategia did\u00e1ctica y de acceso a la informaci\u00f3n, limitando la actividad en <\/span><i><span data-contrast=\"auto\">Eminus<\/span><\/i><span data-contrast=\"auto\"> a la descarga de materiales, a <\/span><span data-contrast=\"auto\">la <\/span><span data-contrast=\"auto\">revisi\u00f3n de instrucci\u00f3n y como un canal institucional de comunicaci\u00f3n donde se permita subir los trabajos realizados por los estudiantes<\/span><span data-contrast=\"auto\">; estas actividades se pueden realizar de manera eficiente desde los dispositivos m\u00f3v<\/span><span data-contrast=\"auto\">iles o en equipos de escritorio\u201d, detall\u00f3 Ram\u00edrez Martinell.<\/span><span data-ccp-props=\"{&quot;335559731&quot;:708}\">\u00a0<\/span><\/p>\n<p><span data-contrast=\"auto\">\u201cPor supuesto que los estudiantes tienen su propia opini\u00f3n y valorar\u00e1n una tecnolog\u00eda m\u00e1s que otra<\/span><span data-contrast=\"auto\">,<\/span><span data-contrast=\"auto\"> pero si el curso est\u00e1 en la plataforma <\/span><span data-contrast=\"auto\">es <\/span><span data-contrast=\"auto\">porque es una medida institucional, porque los jefes de carrera y los profesores se han sumado a la visi\u00f3n institucional y creando materiales para ponerlos a disposici\u00f3n de los estudiantes a trav\u00e9s de <\/span><i><span data-contrast=\"auto\">Eminus<\/span><\/i><span data-contrast=\"auto\">, los alumnos podr\u00e1n usar la plataforma sin problemas, aunque tengan otras preferencias tecnol\u00f3gicas<\/span><span data-contrast=\"auto\">.<\/span><span data-contrast=\"auto\">\u201d<\/span><span data-ccp-props=\"{&quot;335559731&quot;:708}\">\u00a0<\/span><\/p>\n<p><span data-contrast=\"auto\">Al d\u00eda de hoy<\/span> <i><span data-contrast=\"auto\">Eminus<\/span><\/i><span data-contrast=\"auto\"> cumple una funci\u00f3n de repositorio institucional con relaci\u00f3n a las clases presenciales, funge como un canal de extensi\u00f3n de la<\/span><span data-contrast=\"auto\">s e<\/span><span data-contrast=\"auto\">xperiencia<\/span><span data-contrast=\"auto\">s e<\/span><span data-contrast=\"auto\">ducativa<\/span><span data-contrast=\"auto\">s<\/span><span data-contrast=\"auto\"> en el que los profesores \u201ccolgamos\u201d los materiales del curso<\/span><span data-contrast=\"auto\"> como lecturas y presentaciones, precis\u00f3.<\/span><span data-ccp-props=\"{&quot;335559731&quot;:708}\">\u00a0<\/span><\/p>\n<p><span data-contrast=\"auto\">El S<\/span><span data-contrast=\"auto\">istema de <\/span><span data-contrast=\"auto\">E<\/span><span data-contrast=\"auto\">nse\u00f1anza <\/span><span data-contrast=\"auto\">A<\/span><span data-contrast=\"auto\">bierta (SEA)<\/span><span data-contrast=\"auto\"> tiene media docena de <\/span><span data-contrast=\"auto\">e<\/span><span data-contrast=\"auto\">xperiencias <\/span><span data-contrast=\"auto\">e<\/span><span data-contrast=\"auto\">ducativas <\/span><span data-contrast=\"auto\">(EE) <\/span><span data-contrast=\"auto\">virtuales y el CIIES tiene la <\/span><span data-contrast=\"auto\">EE<\/span><span data-contrast=\"auto\"> Introducci\u00f3n a la <\/span><span data-contrast=\"auto\">T<\/span><span data-contrast=\"auto\">ecnolog\u00eda <\/span><span data-contrast=\"auto\">E<\/span><span data-contrast=\"auto\">ducativa e incluso la Licenciatura en Ense\u00f1anza del Idioma Ingl\u00e9s <\/span><span data-contrast=\"auto\">est\u00e1 \u201ccompletamente virtualizada<\/span><span data-contrast=\"auto\">\u201d<\/span><span data-contrast=\"auto\">,<\/span><span data-contrast=\"auto\"> por lo que consider\u00f3 como viable el uso de la plataforma para otras <\/span><span data-contrast=\"auto\">EE<\/span><span data-contrast=\"auto\"> que se sumen a partir del plan de contingencia institucional.<\/span><span data-ccp-props=\"{&quot;335559731&quot;:708}\">\u00a0<\/span><\/p>\n","protected":false},"excerpt":{"rendered":"<p>Es una plataforma institucional que nos vuelve aut\u00f3nomos como Universidad en el sentido digital, destac\u00f3 el investigador del Centro de Investigaci\u00f3n e Innovaci\u00f3n en Educaci\u00f3n Superior<\/p>\n","protected":false},"author":1508,"featured_media":81924,"comment_status":"closed","ping_status":"closed","sticky":false,"template":"","format":"standard","meta":[],"categories":[61],"tags":[],"_links":{"self":[{"href":"https:\/\/www.uv.mx\/prensa\/wp-json\/wp\/v2\/posts\/81922"}],"collection":[{"href":"https:\/\/www.uv.mx\/prensa\/wp-json\/wp\/v2\/posts"}],"about":[{"href":"https:\/\/www.uv.mx\/prensa\/wp-json\/wp\/v2\/types\/post"}],"author":[{"embeddable":true,"href":"https:\/\/www.uv.mx\/prensa\/wp-json\/wp\/v2\/users\/1508"}],"replies":[{"embeddable":true,"href":"https:\/\/www.uv.mx\/prensa\/wp-json\/wp\/v2\/comments?post=81922"}],"version-history":[{"count":0,"href":"https:\/\/www.uv.mx\/prensa\/wp-json\/wp\/v2\/posts\/81922\/revisions"}],"wp:featuredmedia":[{"embeddable":true,"href":"https:\/\/www.uv.mx\/prensa\/wp-json\/wp\/v2\/media\/81924"}],"wp:attachment":[{"href":"https:\/\/www.uv.mx\/prensa\/wp-json\/wp\/v2\/media?parent=81922"}],"wp:term":[{"taxonomy":"category","embeddable":true,"href":"https:\/\/www.uv.mx\/prensa\/wp-json\/wp\/v2\/categories?post=81922"},{"taxonomy":"post_tag","embeddable":true,"href":"https:\/\/www.uv.mx\/prensa\/wp-json\/wp\/v2\/tags?post=81922"}],"curies":[{"name":"wp","href":"https:\/\/api.w.org\/{rel}","templated":true}]}}