{"id":81939,"date":"2020-03-22T08:00:52","date_gmt":"2020-03-22T14:00:52","guid":{"rendered":"https:\/\/www.uv.mx\/prensa\/?p=81939"},"modified":"2020-03-23T16:23:53","modified_gmt":"2020-03-23T22:23:53","slug":"investigadora-presento-libro-sobre-extractivismo-en-cheran-y-zirosto","status":"publish","type":"post","link":"https:\/\/www.uv.mx\/prensa\/general\/investigadora-presento-libro-sobre-extractivismo-en-cheran-y-zirosto\/","title":{"rendered":"Investigadora present\u00f3 libro sobre extractivismo en Cher\u00e1n y Zirosto"},"content":{"rendered":"<ul>\n<li data-leveltext=\"\uf0b7\" data-font=\"Symbol\" data-listid=\"5\" data-aria-posinset=\"1\" data-aria-level=\"1\"><span class=\"TextRun SCXW81184073 BCX2\" lang=\"ES-MX\" xml:lang=\"ES-MX\" data-contrast=\"auto\"><span class=\"NormalTextRun SCXW81184073 BCX2\">Territorios encarnados. <\/span><\/span><span class=\"TextRun SCXW81184073 BCX2\" lang=\"ES-MX\" xml:lang=\"ES-MX\" data-contrast=\"auto\"><span class=\"SpellingError SCXW81184073 BCX2\">Extractivismo<\/span><\/span><span class=\"TextRun SCXW81184073 BCX2\" lang=\"ES-MX\" xml:lang=\"ES-MX\" data-contrast=\"auto\"><span class=\"NormalTextRun SCXW81184073 BCX2\">, <\/span><\/span><span class=\"TextRun SCXW81184073 BCX2\" lang=\"ES-MX\" xml:lang=\"ES-MX\" data-contrast=\"auto\"><span class=\"SpellingError SCXW81184073 BCX2\">comunalismos<\/span><\/span><span class=\"TextRun SCXW81184073 BCX2\" lang=\"ES-MX\" xml:lang=\"ES-MX\" data-contrast=\"auto\"><span class=\"NormalTextRun SCXW81184073 BCX2\"> y g<\/span><\/span><span class=\"TextRun SCXW81184073 BCX2\" lang=\"ES-MX\" xml:lang=\"ES-MX\" data-contrast=\"auto\"><span class=\"NormalTextRun SCXW81184073 BCX2\">\u00e9nero en la M<\/span><\/span><span class=\"TextRun SCXW81184073 BCX2\" lang=\"ES-MX\" xml:lang=\"ES-MX\" data-contrast=\"auto\"><span class=\"NormalTextRun SCXW81184073 BCX2\">eseta <\/span><\/span><span class=\"TextRun SCXW81184073 BCX2\" lang=\"ES-MX\" xml:lang=\"ES-MX\" data-contrast=\"auto\"><span class=\"SpellingError SCXW81184073 BCX2\">P<\/span><\/span><span class=\"TextRun SCXW81184073 BCX2\" lang=\"ES-MX\" xml:lang=\"ES-MX\" data-contrast=\"auto\"><span class=\"SpellingError SCXW81184073 BCX2\">\u2019urh\u00e9pecha<em>, de <span class=\"TextRun BCX2 SCXW17178275\" lang=\"ES-MX\" xml:lang=\"ES-MX\" data-contrast=\"auto\"><span class=\"NormalTextRun BCX2 SCXW17178275\" data-ccp-parastyle=\"No Spacing\">Ver\u00f3nica Vel\u00e1zquez Guerrero,<\/span><\/span><\/em><\/span><\/span><em> es resultado de una investigaci\u00f3n que explica c\u00f3mo <\/em><i><span data-contrast=\"auto\"><em>la<\/em> <\/span><\/i><i><span data-contrast=\"auto\">precarizaci\u00f3n de la vida <\/span><\/i><i><span data-contrast=\"auto\">se <\/span><\/i><i><span data-contrast=\"auto\">agudiz\u00f3<\/span><\/i><i><span data-contrast=\"auto\"> en dicha regi\u00f3n<\/span><\/i><i><span data-contrast=\"auto\">, producto del <\/span><\/i><i><span data-contrast=\"auto\">capitalismo contempor\u00e1neo\u00a0<\/span><\/i><span data-ccp-props=\"{}\">\u00a0<\/span><\/li>\n<\/ul>\n<div id=\"attachment_81941\" style=\"width: 732px\" class=\"wp-caption aligncenter\"><a href=\"https:\/\/www.uv.mx\/prensa\/files\/2020\/03\/190320-Territorios-Encarnados-3.jpg\"><img aria-describedby=\"caption-attachment-81941\" decoding=\"async\" loading=\"lazy\" class=\"size-full wp-image-81941\" src=\"https:\/\/www.uv.mx\/prensa\/files\/2020\/03\/190320-Territorios-Encarnados-3.jpg\" alt=\"\" width=\"722\" height=\"481\" srcset=\"https:\/\/www.uv.mx\/prensa\/files\/2020\/03\/190320-Territorios-Encarnados-3.jpg 722w, https:\/\/www.uv.mx\/prensa\/files\/2020\/03\/190320-Territorios-Encarnados-3-300x200.jpg 300w\" sizes=\"(max-width: 722px) 100vw, 722px\" \/><\/a><p id=\"caption-attachment-81941\" class=\"wp-caption-text\">Ver\u00f3nica Alejandra Vel\u00e1zquez Guerrero<\/p><\/div>\n<p><b><i><span data-contrast=\"auto\">Carlos Hugo Hermida Rosa<\/span><\/i><\/b><b><i><span data-contrast=\"auto\">les<\/span><\/i><\/b><span data-ccp-props=\"{}\">\u00a0<\/span><\/p>\n<p><b><i><span data-contrast=\"auto\">22<\/span><\/i><\/b><b><i><span data-contrast=\"auto\">\/03\/2020<\/span><\/i><\/b><b><i><span data-contrast=\"auto\">,<\/span><\/i><\/b> <b><i><span data-contrast=\"auto\">Xalapa, Ver.<\/span><\/i><\/b><b><i><span data-contrast=\"auto\">&#8211;<\/span><\/i><\/b> <span data-contrast=\"auto\">Ver\u00f3nica Alejandra Vel\u00e1zquez Guerrero<\/span><span data-contrast=\"auto\">,<\/span><span data-contrast=\"auto\"> de la Direcci\u00f3n de Fomento a la Investigaci\u00f3n del <\/span><span data-contrast=\"auto\">Instituto Nacional de Antropolog\u00eda e Historia<\/span><span data-contrast=\"auto\"> (INAH), present\u00f3 el 12 de marzo en el\u00a0<\/span><a href=\"https:\/\/www.uv.mx\/iihs\/\" target=\"_blank\" rel=\"noopener noreferrer\"><span data-contrast=\"auto\">Institu<\/span><span data-contrast=\"auto\">to de Investigaciones Hist\u00f3rico-<\/span><\/a><span data-contrast=\"auto\">Sociales <\/span><span data-contrast=\"auto\">(IIH-S) <\/span><span data-contrast=\"auto\">de l<\/span><span data-contrast=\"auto\">a Universidad Veracruzana (UV), <\/span><span data-contrast=\"auto\">el libro<\/span> <i><span data-contrast=\"auto\">Territorios encarnados. <\/span><\/i><i><span data-contrast=\"auto\">Extractivismo<\/span><\/i><i><span data-contrast=\"auto\">, <\/span><\/i><i><span data-contrast=\"auto\">comunalismos<\/span><\/i><i><span data-contrast=\"auto\"> y g<\/span><\/i><i><span data-contrast=\"auto\">\u00e9nero en la M<\/span><\/i><i><span data-contrast=\"auto\">eseta <\/span><\/i><i><span data-contrast=\"auto\">P<\/span><\/i><i><span data-contrast=\"auto\">\u2019urh\u00e9pecha<\/span><\/i><span data-contrast=\"auto\">.<\/span><span data-ccp-props=\"{}\">\u00a0<\/span><\/p>\n<p><span data-contrast=\"auto\">En<\/span><span data-contrast=\"auto\"> este evento la investigadora estuvo acompa\u00f1ada por <\/span><span data-contrast=\"none\">Natalia d<\/span><span data-contrast=\"none\">e <\/span><span data-contrast=\"none\">Marinis<\/span><span data-contrast=\"none\">,<\/span><span data-contrast=\"none\"> acad\u00e9mica\u202fdel Centro de Investigaciones y Estudios Superiores en Antropolog\u00eda Social (CIESAS)<\/span><span data-contrast=\"none\">; la moderaci\u00f3n fue realizada por <\/span><span data-contrast=\"auto\">Alberto <\/span><span data-contrast=\"auto\">Colin<\/span> <span data-contrast=\"auto\">Huizar<\/span><span data-contrast=\"auto\">, egresado de la Maestr\u00eda en Investigaci\u00f3n Educativa de la UV.\u00a0<\/span><span data-ccp-props=\"{&quot;335559731&quot;:708}\">\u00a0<\/span><\/p>\n<p><span data-contrast=\"auto\">Este libro surgi\u00f3 del P<\/span><span data-contrast=\"auto\">remio C\u00e1tedra <\/span><span data-contrast=\"auto\">\u201c<\/span><span data-contrast=\"auto\">Jorge Alonso<\/span><span data-contrast=\"auto\">\u201d<\/span><span data-contrast=\"auto\"> 2019, a la mejor tesis de doctorado <\/span><span data-contrast=\"auto\">en el rubro de las ciencias sociales, galard\u00f3n otorgado por <\/span><span data-contrast=\"auto\">el CIESAS y<\/span><span data-contrast=\"auto\"> la Universidad de Guad<\/span><span data-contrast=\"auto\">alajara.\u00a0<\/span><span data-ccp-props=\"{&quot;335559731&quot;:708}\">\u00a0<\/span><\/p>\n<p><span data-contrast=\"auto\">Ver\u00f3nica<\/span><span data-contrast=\"auto\"> Vel\u00e1zquez<\/span><span data-contrast=\"auto\"> comparti\u00f3 que e<\/span><span data-contrast=\"auto\">n<\/span><span data-contrast=\"auto\"> su obra<\/span> <span data-contrast=\"auto\">relata los conflictos por territorialidad que<\/span><span data-contrast=\"auto\"> ocurren en la meseta pur\u00e9pecha<\/span><span data-contrast=\"auto\"> ubicada en la regi\u00f3n de Michoac\u00e1n, que se encuentra impactada en gran medida<\/span><span data-contrast=\"auto\"> por el <\/span><span data-contrast=\"auto\">extractivismo<\/span> <span data-contrast=\"auto\">\u2013<\/span><span data-contrast=\"auto\">proceso de <\/span><span data-contrast=\"auto\">depredaci\u00f3n<\/span><span data-contrast=\"auto\"> de recursos naturales de la <\/span><span data-contrast=\"auto\">t<\/span><span data-contrast=\"auto\">ierra<\/span><span data-contrast=\"auto\">.\u00a0<\/span><span data-ccp-props=\"{&quot;335559731&quot;:708}\">\u00a0<\/span><\/p>\n<p><span data-contrast=\"auto\">Mencion\u00f3 que la investigaci\u00f3n para desarrollar este libro fue posible gracias a las comunidades <\/span><span data-contrast=\"auto\">de <\/span><span data-contrast=\"auto\">Cher\u00e1n<\/span><span data-contrast=\"auto\"> y <\/span><span data-contrast=\"auto\">Zirosto<\/span><span data-contrast=\"auto\">, que le permitieron <\/span><span data-contrast=\"auto\">llevar a cabo<\/span><span data-contrast=\"auto\"> la etnograf\u00eda que lo sustenta.\u00a0<\/span><span data-ccp-props=\"{&quot;335559731&quot;:708}\">\u00a0<\/span><\/p>\n<div id=\"attachment_81942\" style=\"width: 329px\" class=\"wp-caption aligncenter\"><a href=\"https:\/\/www.uv.mx\/prensa\/files\/2020\/03\/190320-Territorios-Encarnados-1.jpg\"><img aria-describedby=\"caption-attachment-81942\" decoding=\"async\" loading=\"lazy\" class=\"size-full wp-image-81942\" src=\"https:\/\/www.uv.mx\/prensa\/files\/2020\/03\/190320-Territorios-Encarnados-1.jpg\" alt=\"\" width=\"319\" height=\"481\" srcset=\"https:\/\/www.uv.mx\/prensa\/files\/2020\/03\/190320-Territorios-Encarnados-1.jpg 319w, https:\/\/www.uv.mx\/prensa\/files\/2020\/03\/190320-Territorios-Encarnados-1-199x300.jpg 199w\" sizes=\"(max-width: 319px) 100vw, 319px\" \/><\/a><p id=\"caption-attachment-81942\" class=\"wp-caption-text\">El libro fue publicado por la C\u00e1tedra \u201cJorge Alonso\u201d<\/p><\/div>\n<p><span data-contrast=\"auto\">Coment\u00f3 que su texto es el resultado de una investigaci\u00f3n <\/span><span data-contrast=\"auto\">de largo aliento<\/span> <span data-contrast=\"auto\">que explica c\u00f3<\/span><span data-contrast=\"auto\">mo las din\u00e1micas de precarizaci\u00f3n de la vida producida por el capitalismo contempor\u00e1neo se agudizaron en la meseta pur\u00e9pecha.\u00a0<\/span><span data-ccp-props=\"{&quot;335559731&quot;:708}\">\u00a0<\/span><\/p>\n<p><span data-contrast=\"auto\">Afirm\u00f3 que a partir de este hecho las mujeres se convierten en los referentes de un proceso profundo de transformaci\u00f3n que las sit\u00faa ante nuevas vulnerabilidades y violencias.\u00a0<\/span><span data-ccp-props=\"{&quot;335559731&quot;:708}\">\u00a0<\/span><\/p>\n<p><span data-contrast=\"auto\">La investigadora enfatiz\u00f3 que es de suma importancia difundir este tipo de investigaciones etnogr\u00e1ficas<\/span> <span data-contrast=\"auto\">que abordan estudios cualitativos de regiones altamente penetradas por la violencia armada, que impacta en la vida de sus habitantes.\u00a0<\/span><span data-ccp-props=\"{&quot;335559731&quot;:708}\">\u00a0<\/span><\/p>\n<p><span data-contrast=\"auto\">\u201cExisten problemas de poblaciones en el estado de Veracruz, que guardan gran simil<\/span><span data-contrast=\"auto\">itud con localidades de Michoac\u00e1<\/span><span data-contrast=\"auto\">n, y ante esto se pueden realizar contrastes para encontrar soluciones a ellos\u201d, asegur\u00f3.\u00a0<\/span><span data-ccp-props=\"{&quot;335559731&quot;:708}\">\u00a0<\/span><\/p>\n<p><span data-contrast=\"none\">Natalia d<\/span><span data-contrast=\"none\">e <\/span><span data-contrast=\"none\">Marinis<\/span> <span data-contrast=\"none\">declar\u00f3 que la violencia criminal <\/span><span data-contrast=\"none\">e<\/span><span data-contrast=\"none\">n la meseta pur\u00e9pecha <\/span><span data-contrast=\"auto\">no es una expresi\u00f3n m\u00e1s del despojo, sino el engranaje mismo de la <\/span><span data-contrast=\"auto\">territorializaci\u00f3n<\/span> <span data-contrast=\"auto\">extractivista<\/span><span data-contrast=\"auto\"> y de la econom\u00eda<\/span><span data-contrast=\"auto\"> de enclave <\/span><span data-contrast=\"auto\">\u2013<\/span><span data-contrast=\"auto\">modelo que realiza actividades productivas en pa\u00edses subdesarrollados destinadas a la exportaci\u00f3n, por lo que no impactan en el mercado local.\u00a0<\/span><span data-ccp-props=\"{&quot;335559731&quot;:708}\">\u00a0<\/span><\/p>\n<p><span data-contrast=\"auto\">Enunci\u00f3 que es dif\u00edcil encontrar libros como <\/span><span data-contrast=\"auto\">\u00e9<\/span><span data-contrast=\"auto\">ste, que <\/span><span data-contrast=\"auto\">adem\u00e1s de<\/span> <span data-contrast=\"auto\">anali<\/span><span data-contrast=\"auto\">za<\/span><span data-contrast=\"auto\">r<\/span><span data-contrast=\"auto\"> las experie<\/span><span data-contrast=\"auto\">ncias auton\u00f3micas tambi\u00e9n vislumbra<\/span><span data-contrast=\"auto\"> lo que existe alrededor de ellas, lo que permite proyectar los efectos de estos procesos.\u00a0<\/span><span data-ccp-props=\"{&quot;335559731&quot;:708}\">\u00a0<\/span><\/p>\n<p><span data-contrast=\"auto\">\u201cEste texto dimensiona la resistencia ind\u00edgena <\/span><span data-contrast=\"auto\">en un contexto de <\/span><span data-contrast=\"auto\">transformaciones<\/span><span data-contrast=\"auto\"> regionales, pero tambi\u00e9n la diversidad y los <\/span><span data-contrast=\"auto\">l\u00edmites<\/span><span data-contrast=\"auto\"> qu<\/span><span data-contrast=\"auto\">e enfrentan algunas comunidades\u201d, mencion\u00f3.\u00a0<\/span><span data-ccp-props=\"{&quot;335559731&quot;:708}\">\u00a0<\/span><\/p>\n<div id=\"attachment_81940\" style=\"width: 732px\" class=\"wp-caption aligncenter\"><a href=\"https:\/\/www.uv.mx\/prensa\/files\/2020\/03\/190320-Territorios-Encarnados-2.jpg\"><img aria-describedby=\"caption-attachment-81940\" decoding=\"async\" loading=\"lazy\" class=\"size-full wp-image-81940\" src=\"https:\/\/www.uv.mx\/prensa\/files\/2020\/03\/190320-Territorios-Encarnados-2.jpg\" alt=\"\" width=\"722\" height=\"481\" srcset=\"https:\/\/www.uv.mx\/prensa\/files\/2020\/03\/190320-Territorios-Encarnados-2.jpg 722w, https:\/\/www.uv.mx\/prensa\/files\/2020\/03\/190320-Territorios-Encarnados-2-300x200.jpg 300w\" sizes=\"(max-width: 722px) 100vw, 722px\" \/><\/a><p id=\"caption-attachment-81940\" class=\"wp-caption-text\">A la presentaci\u00f3n acudieron estudiantes e investigadores<\/p><\/div>\n","protected":false},"excerpt":{"rendered":"<p>Se trata de <em>Territorios encarnados. Extractivismo, comunalismos y g\u00e9nero en la Meseta P\u2019urh\u00e9pecha<\/em>, de Ver\u00f3nica Vel\u00e1zquez Guerrero<\/p>\n","protected":false},"author":1508,"featured_media":81941,"comment_status":"closed","ping_status":"closed","sticky":false,"template":"","format":"standard","meta":[],"categories":[1],"tags":[],"_links":{"self":[{"href":"https:\/\/www.uv.mx\/prensa\/wp-json\/wp\/v2\/posts\/81939"}],"collection":[{"href":"https:\/\/www.uv.mx\/prensa\/wp-json\/wp\/v2\/posts"}],"about":[{"href":"https:\/\/www.uv.mx\/prensa\/wp-json\/wp\/v2\/types\/post"}],"author":[{"embeddable":true,"href":"https:\/\/www.uv.mx\/prensa\/wp-json\/wp\/v2\/users\/1508"}],"replies":[{"embeddable":true,"href":"https:\/\/www.uv.mx\/prensa\/wp-json\/wp\/v2\/comments?post=81939"}],"version-history":[{"count":0,"href":"https:\/\/www.uv.mx\/prensa\/wp-json\/wp\/v2\/posts\/81939\/revisions"}],"wp:featuredmedia":[{"embeddable":true,"href":"https:\/\/www.uv.mx\/prensa\/wp-json\/wp\/v2\/media\/81941"}],"wp:attachment":[{"href":"https:\/\/www.uv.mx\/prensa\/wp-json\/wp\/v2\/media?parent=81939"}],"wp:term":[{"taxonomy":"category","embeddable":true,"href":"https:\/\/www.uv.mx\/prensa\/wp-json\/wp\/v2\/categories?post=81939"},{"taxonomy":"post_tag","embeddable":true,"href":"https:\/\/www.uv.mx\/prensa\/wp-json\/wp\/v2\/tags?post=81939"}],"curies":[{"name":"wp","href":"https:\/\/api.w.org\/{rel}","templated":true}]}}