{"id":82393,"date":"2020-04-08T08:00:26","date_gmt":"2020-04-08T13:00:26","guid":{"rendered":"https:\/\/www.uv.mx\/prensa\/?p=82393"},"modified":"2020-04-13T13:38:05","modified_gmt":"2020-04-13T18:38:05","slug":"durante-aislamiento-cendhiu-atendera-de-manera-virtual-a-comunidad-universitaria","status":"publish","type":"post","link":"https:\/\/www.uv.mx\/prensa\/general\/durante-aislamiento-cendhiu-atendera-de-manera-virtual-a-comunidad-universitaria\/","title":{"rendered":"Durante aislamiento, <em>Cendhiu<\/em> atender\u00e1 de manera virtual a comunidad universitaria"},"content":{"rendered":"<ul>\n<li data-leveltext=\"\uf0b7\" data-font=\"Symbol\" data-listid=\"1\" data-aria-posinset=\"1\" data-aria-level=\"1\"><i><span data-contrast=\"auto\">Otorgar\u00e1 atenci\u00f3n en materia psicol\u00f3gic<\/span><\/i><i><span data-contrast=\"auto\">a y<\/span><\/i> <i><span data-contrast=\"auto\">nutricional para estudiantes, personal UV y j\u00f3venes con discapacidad<\/span><\/i><span data-ccp-props=\"{&quot;134233279&quot;:true,&quot;201341983&quot;:0,&quot;335559739&quot;:160,&quot;335559740&quot;:240}\">\u00a0<\/span><\/li>\n<li data-leveltext=\"\uf0b7\" data-font=\"Symbol\" data-listid=\"1\" data-aria-posinset=\"2\" data-aria-level=\"1\"><i><span data-contrast=\"auto\">Tambi\u00e9n se aplicar\u00e1n pruebas r\u00e1pidas de detecci\u00f3n de VIH<\/span><\/i><span data-ccp-props=\"{&quot;134233279&quot;:true,&quot;201341983&quot;:0,&quot;335559739&quot;:160,&quot;335559740&quot;:240}\">\u00a0<\/span><\/li>\n<li data-leveltext=\"\uf0b7\" data-font=\"Symbol\" data-listid=\"1\" data-aria-posinset=\"3\" data-aria-level=\"1\"><i><span data-contrast=\"auto\">Los servicios podr\u00e1n solicitarse a trav\u00e9s del sitio<\/span><\/i> <a href=\"https:\/\/www.uv.mx\/cendhiu\/\"><i><span data-contrast=\"none\">https:\/\/www.uv.mx\/cendhiu\/<\/span><\/i><\/a><i><span data-contrast=\"auto\"> y al correo <\/span><\/i><a href=\"mailto:lizbgarcia@uv.mx\"><i><span data-contrast=\"none\">lizbgarcia@uv.mx<\/span><\/i><\/a><span data-ccp-props=\"{&quot;134233279&quot;:true,&quot;201341983&quot;:0,&quot;335559739&quot;:160,&quot;335559740&quot;:240}\">\u00a0<\/span><\/li>\n<\/ul>\n<div id=\"attachment_51472\" style=\"width: 732px\" class=\"wp-caption aligncenter\"><a href=\"https:\/\/www.uv.mx\/prensa\/files\/2018\/08\/100818-RELEVANTES-Y-BANNER-UV-CENDHIU.jpg\"><img aria-describedby=\"caption-attachment-51472\" decoding=\"async\" loading=\"lazy\" class=\"size-full wp-image-51472\" src=\"https:\/\/www.uv.mx\/prensa\/files\/2018\/08\/100818-RELEVANTES-Y-BANNER-UV-CENDHIU.jpg\" alt=\"Mar\u00eda Jos\u00e9 Garc\u00eda Oramas tirular del Cendhiu \" width=\"722\" height=\"481\" srcset=\"https:\/\/www.uv.mx\/prensa\/files\/2018\/08\/100818-RELEVANTES-Y-BANNER-UV-CENDHIU.jpg 722w, https:\/\/www.uv.mx\/prensa\/files\/2018\/08\/100818-RELEVANTES-Y-BANNER-UV-CENDHIU-300x200.jpg 300w\" sizes=\"(max-width: 722px) 100vw, 722px\" \/><\/a><p id=\"caption-attachment-51472\" class=\"wp-caption-text\">Mar\u00eda Jos\u00e9 Garc\u00eda Oramas tirular del <em>Cendhiu<\/em><\/p><\/div>\n<p><b><i><span data-contrast=\"auto\">Claudia Peralta V\u00e1zquez<\/span><\/i><\/b><span data-ccp-props=\"{&quot;201341983&quot;:0,&quot;335559739&quot;:160,&quot;335559740&quot;:240}\">\u00a0<\/span><\/p>\n<p><b><i><span data-contrast=\"auto\">08<\/span><\/i><\/b><b><i><span data-contrast=\"auto\">\/<\/span><\/i><\/b><b><i><span data-contrast=\"auto\">0<\/span><\/i><\/b><b><i><span data-contrast=\"auto\">4<\/span><\/i><\/b><b><i><span data-contrast=\"auto\">\/<\/span><\/i><\/b><b><i><span data-contrast=\"auto\">20<\/span><\/i><\/b><b><i><span data-contrast=\"auto\">20<\/span><\/i><\/b><b><i><span data-contrast=\"auto\">, Xalapa, <\/span><\/i><\/b><b><i><span data-contrast=\"auto\">Ver.-<\/span><\/i><\/b> <span data-contrast=\"auto\">Ante<\/span> <span data-contrast=\"auto\">la <\/span><span data-contrast=\"auto\">contingencia<\/span> <span data-contrast=\"auto\">sanitaria por el<\/span><span data-contrast=\"auto\"> Covid-19<\/span><span data-contrast=\"auto\">, el <\/span><a href=\"https:\/\/www.uv.mx\/cendhiu\/\" target=\"_blank\" rel=\"noopener noreferrer\"><span data-contrast=\"auto\">Centro para el Desarrollo Humano e Integral de los <\/span><\/a><span data-contrast=\"auto\">Universitarios <\/span><span data-contrast=\"auto\">(<\/span><i><span data-contrast=\"auto\">Cendhiu<\/span><\/i><span data-contrast=\"auto\">)<\/span> <span data-contrast=\"auto\">de la Universidad Veracruzana (UV)<\/span> <span data-contrast=\"auto\">brinda atenci\u00f3n<\/span><span data-contrast=\"auto\"> virtual en materia psicol\u00f3gica y nutricional a<\/span> <span data-contrast=\"auto\">miembros de la comunidad universitaria<\/span><span data-contrast=\"auto\"> que as\u00ed lo solicite<\/span><span data-contrast=\"auto\">n,<\/span> <span data-contrast=\"auto\">previa cita<\/span><span data-contrast=\"auto\">,<\/span> <span data-contrast=\"auto\">a trav\u00e9s del sitio <\/span><a href=\"https:\/\/www.uv.mx\/cendhiu\/\" target=\"_blank\" rel=\"noopener noreferrer\"><span data-contrast=\"none\">www.<\/span><span data-contrast=\"none\">u<\/span><span data-contrast=\"none\">v.mx\/cendhiu\/<\/span><\/a><span data-contrast=\"auto\"> y del correo <\/span><a href=\"mailto:lizbgarcia@uv.mx\"><span data-contrast=\"none\">lizbgarcia@uv.mx<\/span><\/a><i><span data-contrast=\"auto\">.<\/span><\/i><span data-ccp-props=\"{&quot;201341983&quot;:0,&quot;335559739&quot;:160,&quot;335559740&quot;:240}\">\u00a0<\/span><\/p>\n<p><span data-contrast=\"auto\">Mar\u00eda Jos\u00e9 Garc\u00eda <\/span><span data-contrast=\"auto\">Oramas<\/span><span data-contrast=\"auto\">, coordinadora de<\/span><span data-contrast=\"auto\">l<\/span> <i><span data-contrast=\"auto\">Cendhiu<\/span><\/i><span data-contrast=\"auto\">, dio a conocer que<\/span><span data-contrast=\"auto\"> estos servicios se har\u00e1n extensivos <\/span><span data-contrast=\"auto\">a j\u00f3venes con discapacidad y<\/span><span data-contrast=\"auto\"> usuarios del Programa Universitari<\/span><span data-contrast=\"auto\">o de Educaci\u00f3n Inclusiva (PUEI); a<\/span><span data-contrast=\"auto\">simismo, se dar\u00e1 continuidad a la aplicaci\u00f3n de pruebas r\u00e1pidas para la detecci\u00f3n del <\/span><span data-contrast=\"auto\">Virus de Inmunodeficiencia Humana (VIH)<\/span><span data-contrast=\"auto\">.<\/span><span data-ccp-props=\"{&quot;201341983&quot;:0,&quot;335559731&quot;:708,&quot;335559739&quot;:160,&quot;335559740&quot;:240}\">\u00a0<\/span><\/p>\n<p><span data-contrast=\"auto\">La funcionaria manifest\u00f3 que es muy necesario <\/span><span data-contrast=\"auto\">fomentar la cercan\u00eda emocional y la salud<\/span><span data-contrast=\"auto\">, <\/span><span data-contrast=\"auto\">por ello el <\/span><i><span data-contrast=\"auto\">Cendhiu<\/span><\/i> <span data-contrast=\"auto\">ha implementado esta estrategia<\/span><span data-contrast=\"auto\"> en<\/span><span data-contrast=\"auto\"> beneficio de la comunidad universitaria.<\/span><span data-ccp-props=\"{&quot;201341983&quot;:0,&quot;335559731&quot;:708,&quot;335559739&quot;:160,&quot;335559740&quot;:240}\">\u00a0<\/span><\/p>\n<p><span data-contrast=\"auto\">Coment\u00f3 que las v\u00edas a trav\u00e9s de las cuales se ofrecen estos servicios <\/span><span data-contrast=\"auto\">son <\/span><span data-contrast=\"auto\">poco comunes<\/span><span data-contrast=\"auto\">,<\/span><span data-contrast=\"auto\"> pues las personas no est\u00e1n acostumbradas a que un especialista los escuche de manera virtual.<\/span><span data-ccp-props=\"{&quot;201341983&quot;:0,&quot;335559731&quot;:708,&quot;335559739&quot;:160,&quot;335559740&quot;:240}\">\u00a0<\/span><\/p>\n<p><span data-contrast=\"auto\">En este sentido, exhort\u00f3 <\/span><span data-contrast=\"auto\">a los usuarios a no demeritar la posibilidad de recibir dicha atenci\u00f3n de calidad y con la calidez que se requiere en t\u00e9rminos de salud bajo esta modalidad.<\/span><span data-ccp-props=\"{&quot;201341983&quot;:0,&quot;335559731&quot;:708,&quot;335559739&quot;:160,&quot;335559740&quot;:240}\">\u00a0<\/span><\/p>\n<p><span data-contrast=\"auto\">Subray\u00f3 que en situaciones de contingencia como la que enfrentamos por el <\/span><span data-contrast=\"auto\">Covid<\/span><span data-contrast=\"auto\">-19, los efectos en salud mental normalmente son posteriores, pues en el primer momento las personas se <\/span><span data-contrast=\"auto\">preocupan por salvaguardar su salud f\u00edsica, permanecer en casa y abastecerse de alimentos, es <\/span><span data-contrast=\"auto\">decir<\/span><span data-contrast=\"auto\"> tener lo necesario.<\/span><span data-ccp-props=\"{&quot;201341983&quot;:0,&quot;335559731&quot;:708,&quot;335559739&quot;:160,&quot;335559740&quot;:240}\">\u00a0<\/span><\/p>\n<p><span data-contrast=\"auto\">\u201cPoco a poco se manifestar\u00e1n estos estados emocionales, pueden aparecer m\u00e1s adelante, conforme avance el co<\/span><span data-contrast=\"auto\">nfinamiento ser\u00e1 m\u00e1s necesario.\u201d<\/span><span data-ccp-props=\"{&quot;201341983&quot;:0,&quot;335559731&quot;:708,&quot;335559739&quot;:160,&quot;335559740&quot;:240}\">\u00a0<\/span><\/p>\n<p><span data-contrast=\"auto\">Por ello, <\/span><span data-contrast=\"auto\">quienes ya ten\u00edan citas subsecuentes <\/span><span data-contrast=\"auto\">podr\u00e1n <\/span><span data-contrast=\"auto\">conectarse v\u00eda <\/span><span data-contrast=\"auto\">I<\/span><span data-contrast=\"auto\">nternet con <\/span><span data-contrast=\"auto\">el especialista que los at<\/span><span data-contrast=\"auto\">iende<\/span><span data-contrast=\"auto\">. Asimismo, las personas que requieran un servicio presencial por <\/span><span data-contrast=\"auto\">crisis<\/span> <span data-contrast=\"auto\">deber\u00e1n solicitarlo a trav\u00e9s del sitio <\/span><i><span data-contrast=\"auto\">web<\/span><\/i><span data-contrast=\"auto\"> del <\/span><i><span data-contrast=\"auto\">Cendhiu<\/span><\/i><span data-contrast=\"auto\"> y recibir\u00e1n respuesta en un periodo no mayor a las 72 horas<\/span><span data-contrast=\"auto\">, <\/span><span data-contrast=\"auto\">de <\/span><span data-contrast=\"auto\">9:00 <\/span><span data-contrast=\"auto\">a<\/span><span data-contrast=\"auto\"> 18:00 horas.<\/span><span data-ccp-props=\"{&quot;201341983&quot;:0,&quot;335559731&quot;:708,&quot;335559739&quot;:160,&quot;335559740&quot;:240}\">\u00a0<\/span><\/p>\n<p><span data-contrast=\"auto\">Con respecto a la asesor\u00eda nutricional, Garc\u00eda <\/span><span data-contrast=\"auto\">Oramas<\/span> <span data-contrast=\"auto\">inform\u00f3 <\/span><span data-contrast=\"auto\">que <\/span><span data-contrast=\"auto\">dos nutri\u00f3logos se encuentran al frente de este servicio<\/span><span data-contrast=\"auto\">,<\/span><span data-contrast=\"auto\"> para el cual <\/span><span data-contrast=\"auto\">se<\/span><span data-contrast=\"auto\"> agendar<\/span><span data-contrast=\"auto\">\u00e1<\/span><span data-contrast=\"auto\"> cita v\u00eda <\/span><span data-contrast=\"auto\">I<\/span><span data-contrast=\"auto\">nternet.<\/span><span data-ccp-props=\"{&quot;201341983&quot;:0,&quot;335559739&quot;:160,&quot;335559740&quot;:240}\">\u00a0<\/span><\/p>\n<p><span data-contrast=\"auto\">La funcionar<\/span><span data-contrast=\"auto\">ia coment\u00f3 que estas acciones <\/span><span data-contrast=\"auto\">no <\/span><span data-contrast=\"auto\">se suspender\u00e1n durante las vacaciones de Semana Santa<\/span><span data-contrast=\"auto\">, <\/span><span data-contrast=\"auto\">programadas <\/span><span data-contrast=\"auto\">del 6 al 10 de abril.<\/span><span data-ccp-props=\"{&quot;201341983&quot;:0,&quot;335559731&quot;:708,&quot;335559739&quot;:160,&quot;335559740&quot;:240}\">\u00a0<\/span><\/p>\n","protected":false},"excerpt":{"rendered":"<p>Los servicios podr\u00e1n solicitarse a trav\u00e9s del sitio <a href=\"www.uv.mx\/cendhiu\/\" target=\"_blank\" rel=\"noopener noreferrer\">www.uv.mx\/cendhiu\/<\/a> y al correo <a href=\"mailto:lizbgarcia@uv.mx\" target=\"_blank\" rel=\"noopener noreferrer\">lizbgarcia@uv.mx<\/a><\/p>\n","protected":false},"author":1775,"featured_media":77497,"comment_status":"closed","ping_status":"closed","sticky":false,"template":"","format":"standard","meta":[],"categories":[1],"tags":[],"_links":{"self":[{"href":"https:\/\/www.uv.mx\/prensa\/wp-json\/wp\/v2\/posts\/82393"}],"collection":[{"href":"https:\/\/www.uv.mx\/prensa\/wp-json\/wp\/v2\/posts"}],"about":[{"href":"https:\/\/www.uv.mx\/prensa\/wp-json\/wp\/v2\/types\/post"}],"author":[{"embeddable":true,"href":"https:\/\/www.uv.mx\/prensa\/wp-json\/wp\/v2\/users\/1775"}],"replies":[{"embeddable":true,"href":"https:\/\/www.uv.mx\/prensa\/wp-json\/wp\/v2\/comments?post=82393"}],"version-history":[{"count":0,"href":"https:\/\/www.uv.mx\/prensa\/wp-json\/wp\/v2\/posts\/82393\/revisions"}],"wp:featuredmedia":[{"embeddable":true,"href":"https:\/\/www.uv.mx\/prensa\/wp-json\/wp\/v2\/media\/77497"}],"wp:attachment":[{"href":"https:\/\/www.uv.mx\/prensa\/wp-json\/wp\/v2\/media?parent=82393"}],"wp:term":[{"taxonomy":"category","embeddable":true,"href":"https:\/\/www.uv.mx\/prensa\/wp-json\/wp\/v2\/categories?post=82393"},{"taxonomy":"post_tag","embeddable":true,"href":"https:\/\/www.uv.mx\/prensa\/wp-json\/wp\/v2\/tags?post=82393"}],"curies":[{"name":"wp","href":"https:\/\/api.w.org\/{rel}","templated":true}]}}