{"id":82430,"date":"2020-04-06T08:00:38","date_gmt":"2020-04-06T13:00:38","guid":{"rendered":"https:\/\/www.uv.mx\/prensa\/?p=82430"},"modified":"2020-04-14T09:54:22","modified_gmt":"2020-04-14T14:54:22","slug":"profesores-uv-imparten-clase-en-modalidad-remota","status":"publish","type":"post","link":"https:\/\/www.uv.mx\/prensa\/banner\/profesores-uv-imparten-clase-en-modalidad-remota\/","title":{"rendered":"Profesores UV imparten clase en modalidad remota"},"content":{"rendered":"<ul>\n<li data-leveltext=\"\uf0b7\" data-font=\"Symbol\" data-listid=\"1\" data-aria-posinset=\"1\" data-aria-level=\"1\"><i><span data-contrast=\"auto\">La situaci\u00f3n que actualmente<\/span><\/i><i><span data-contrast=\"auto\"> se vive es<\/span><\/i> <i><span data-contrast=\"auto\">tambi\u00e9n una enorme oportunidad<\/span><\/i><i><span data-contrast=\"auto\">, coincide comunidad acad\u00e9mica<\/span><\/i><span data-ccp-props=\"{&quot;134233279&quot;:true,&quot;201341983&quot;:0,&quot;335559739&quot;:160,&quot;335559740&quot;:240}\">\u00a0<\/span><\/li>\n<li data-leveltext=\"\uf0b7\" data-font=\"Symbol\" data-listid=\"1\" data-aria-posinset=\"2\" data-aria-level=\"1\"><i><span data-contrast=\"auto\">Se han creado y enriquecido los canales y plataformas de comunicaci\u00f3n virtuales, con una excelente respuesta por parte de los alumnos<\/span><\/i><\/li>\n<\/ul>\n<div id='gallery-1' class='gallery galleryid-82430 gallery-columns-2 gallery-size-full'><dl class='gallery-item'>\n\t\t\t<dt class='gallery-icon landscape'>\n\t\t\t\t<a href='https:\/\/www.uv.mx\/prensa\/files\/2018\/04\/130418-CARLOS-El-hombre-que-queria-ver-a-las-mujeres-llorar1.jpg'><img width=\"722\" height=\"481\" src=\"https:\/\/www.uv.mx\/prensa\/files\/2018\/04\/130418-CARLOS-El-hombre-que-queria-ver-a-las-mujeres-llorar1.jpg\" class=\"attachment-full size-full\" alt=\"\" decoding=\"async\" loading=\"lazy\" aria-describedby=\"gallery-1-44947\" srcset=\"https:\/\/www.uv.mx\/prensa\/files\/2018\/04\/130418-CARLOS-El-hombre-que-queria-ver-a-las-mujeres-llorar1.jpg 722w, https:\/\/www.uv.mx\/prensa\/files\/2018\/04\/130418-CARLOS-El-hombre-que-queria-ver-a-las-mujeres-llorar1-300x200.jpg 300w\" sizes=\"(max-width: 722px) 100vw, 722px\" \/><\/a>\n\t\t\t<\/dt>\n\t\t\t\t<dd class='wp-caption-text gallery-caption' id='gallery-1-44947'>\n\t\t\t\tGeorgina Sotelo R\u00edos, de la FCAS\n\t\t\t\t<\/dd><\/dl><dl class='gallery-item'>\n\t\t\t<dt class='gallery-icon landscape'>\n\t\t\t\t<a href='https:\/\/www.uv.mx\/prensa\/files\/2019\/02\/120119-Diplomado-en-Antropologia.jpg'><img width=\"722\" height=\"481\" src=\"https:\/\/www.uv.mx\/prensa\/files\/2019\/02\/120119-Diplomado-en-Antropologia.jpg\" class=\"attachment-full size-full\" alt=\"Virginia Arieta Baizabal\" decoding=\"async\" loading=\"lazy\" aria-describedby=\"gallery-1-62498\" srcset=\"https:\/\/www.uv.mx\/prensa\/files\/2019\/02\/120119-Diplomado-en-Antropologia.jpg 722w, https:\/\/www.uv.mx\/prensa\/files\/2019\/02\/120119-Diplomado-en-Antropologia-300x200.jpg 300w\" sizes=\"(max-width: 722px) 100vw, 722px\" \/><\/a>\n\t\t\t<\/dt>\n\t\t\t\t<dd class='wp-caption-text gallery-caption' id='gallery-1-62498'>\n\t\t\t\tVirginia Arieta Baizabal\n\t\t\t\t<\/dd><\/dl><br style=\"clear: both\" \/>\n\t\t<\/div>\n\n<p><b><i><span data-contrast=\"auto\">Karina de la Paz Reyes D\u00edaz<\/span><\/i><\/b><span data-ccp-props=\"{&quot;201341983&quot;:0,&quot;335559739&quot;:160,&quot;335559740&quot;:240}\">\u00a0<\/span><\/p>\n<p><b><i><span data-contrast=\"auto\">0<\/span><\/i><\/b><b><i><span data-contrast=\"auto\">6<\/span><\/i><\/b><b><i><span data-contrast=\"auto\">\/04\/2020, Xalapa, <\/span><\/i><\/b><b><i><span data-contrast=\"auto\">Ver.-<\/span><\/i><\/b> <b><i><span data-contrast=\"auto\">Miembros de la c<\/span><\/i><\/b><span data-contrast=\"auto\">omunidad acad\u00e9mica <\/span><span data-contrast=\"auto\">de la Universidad Veracruzana<\/span> <span data-contrast=\"auto\">(UV)<\/span><span data-contrast=\"auto\"> consultad<\/span><span data-contrast=\"auto\">os<\/span><span data-contrast=\"auto\"> por <\/span><i><span data-contrast=\"auto\">Universo<\/span><\/i> <span data-contrast=\"auto\">comparti<\/span><span data-contrast=\"auto\">eron<\/span> <span data-contrast=\"auto\">a<\/span><span data-contrast=\"auto\">cerca <\/span><span data-contrast=\"auto\">de<\/span><span data-contrast=\"auto\"> la<\/span><span data-contrast=\"auto\"> continuidad<\/span><span data-contrast=\"auto\"> que dan<\/span><span data-contrast=\"auto\"> al quehacer acad\u00e9mico<\/span> <span data-contrast=\"auto\">en <\/span><span data-contrast=\"auto\">modalidad remota,<\/span><span data-contrast=\"auto\"> en <\/span><span data-contrast=\"auto\">esta contingencia sanitaria<\/span> <span data-contrast=\"auto\">por el <\/span><span data-contrast=\"auto\">Covid<\/span><span data-contrast=\"auto\">-19<\/span><span data-contrast=\"auto\">.<\/span><span data-ccp-props=\"{&quot;201341983&quot;:0,&quot;335559739&quot;:160,&quot;335559740&quot;:240}\">\u00a0<\/span><\/p>\n<p><span data-contrast=\"auto\">Las personas<\/span><span data-contrast=\"auto\"> consultadas<\/span> <span data-contrast=\"auto\">dijeron <\/span><span data-contrast=\"auto\">utiliza<\/span><span data-contrast=\"auto\">r<\/span><span data-contrast=\"auto\"> varias herramientas virtuales de trabajo, como<\/span> <i><span data-contrast=\"auto\">Eminus<\/span><\/i> <span data-contrast=\"auto\">de la propia UV<\/span><span data-contrast=\"auto\">,<\/span> <span data-contrast=\"auto\">que <\/span><span data-contrast=\"auto\">permite la <\/span><span data-contrast=\"auto\">a<\/span><span data-contrast=\"auto\">dministraci\u00f3n de <\/span><span data-contrast=\"auto\">a<\/span><span data-contrast=\"auto\">mbientes <\/span><span data-contrast=\"auto\">f<\/span><span data-contrast=\"auto\">lexibles de <\/span><span data-contrast=\"auto\">a<\/span><span data-contrast=\"auto\">prendizaje, la comunicaci\u00f3n s\u00edncrona y as\u00edncrona utilizando <\/span><span data-contrast=\"auto\">t<\/span><span data-contrast=\"auto\">ecnolog\u00edas de <\/span><span data-contrast=\"auto\">c<\/span><span data-contrast=\"auto\">omunicaci\u00f3n e <\/span><span data-contrast=\"auto\">i<\/span><span data-contrast=\"auto\">nformaci\u00f3n <\/span><span data-contrast=\"auto\">y facilita la distribuci\u00f3n de materiales formativos.<\/span><span data-ccp-props=\"{&quot;201341983&quot;:0,&quot;335559739&quot;:160,&quot;335559740&quot;:240}\">\u00a0<\/span><\/p>\n<p><span data-contrast=\"auto\">Para <\/span><span data-contrast=\"auto\">Georgina Sotelo R\u00edos<\/span><span data-contrast=\"auto\">, acad\u00e9mica<\/span> <span data-contrast=\"auto\">de la Licenciatura en<\/span><span data-contrast=\"auto\"> Publicidad y <\/span><span data-contrast=\"auto\">Relaciones P\u00fablicas<\/span><span data-contrast=\"auto\"> de la <a href=\"https:\/\/www.uv.mx\/fcas\/\" target=\"_blank\" rel=\"noopener noreferrer\">F<\/a><\/span><span data-contrast=\"auto\">acultad de<\/span><span data-contrast=\"auto\"> Ciencias Administrat<\/span><span data-contrast=\"auto\">ivas y Sociales (FCAS<\/span><span data-contrast=\"auto\">)<\/span><span data-contrast=\"auto\">,<\/span><span data-contrast=\"auto\"> esta contingencia <\/span><span data-contrast=\"auto\">representa <\/span><span data-contrast=\"auto\">\u201cuna enorme<\/span><span data-contrast=\"auto\"> oportunidad<\/span><span data-contrast=\"auto\">\u201d <\/span><span data-contrast=\"auto\">para <\/span><span data-contrast=\"auto\">toda <\/span><span data-contrast=\"auto\">la comunidad universitaria.<\/span><span data-ccp-props=\"{&quot;201341983&quot;:0,&quot;335559739&quot;:160,&quot;335559740&quot;:240}\">\u00a0<\/span><\/p>\n<p><span data-contrast=\"auto\">En <\/span><span data-contrast=\"auto\">su opini\u00f3n<\/span><span data-contrast=\"auto\">,<\/span><span data-contrast=\"auto\"> son nuevos retos <\/span><span data-contrast=\"auto\">toda vez que<\/span><span data-contrast=\"auto\"> la<\/span> <span data-contrast=\"auto\">tecnolog\u00eda <\/span><span data-contrast=\"auto\">les<\/span><span data-contrast=\"auto\"> permite si bien no estar f\u00edsicamente en un mismo sitio<\/span><span data-contrast=\"auto\">,<\/span><span data-contrast=\"auto\"> s\u00ed en estrecha comunicaci\u00f3n.<\/span> <span data-contrast=\"auto\">Remarc\u00f3<\/span><span data-contrast=\"auto\"> tambi\u00e9n <\/span><span data-contrast=\"auto\">que la labor docente<\/span> <span data-contrast=\"auto\">\u201c<\/span><span data-contrast=\"auto\">ahora m\u00e1s que nunca es vital<\/span><span data-contrast=\"auto\">\u201d<\/span><span data-contrast=\"auto\">.<\/span><span data-ccp-props=\"{&quot;201341983&quot;:0,&quot;335559731&quot;:708,&quot;335559739&quot;:160,&quot;335559740&quot;:240}\">\u00a0<\/span><\/p>\n<p><span data-contrast=\"auto\">Y va m\u00e1s all\u00e1: \u201c<\/span><span data-contrast=\"auto\">Como tutores<\/span><span data-contrast=\"auto\">,<\/span><span data-contrast=\"auto\"> por ejemplo<\/span><span data-contrast=\"auto\">,<\/span><span data-contrast=\"auto\"> podemos fortalecer nuestros canales de comunicaci\u00f3n para que los chicos no se sientan estresados por no estar en un sal\u00f3n de clase<\/span><span data-contrast=\"auto\">s<\/span><span data-contrast=\"auto\">, sino motivados a plantearse estrategias que les permitan seguir avanzando en los programas de estudio<\/span><span data-contrast=\"auto\">\u201d<\/span><span data-contrast=\"auto\">.<\/span><span data-ccp-props=\"{&quot;201341983&quot;:0,&quot;335559731&quot;:708,&quot;335559739&quot;:160,&quot;335559740&quot;:240}\">\u00a0<\/span><\/p>\n<p><span data-contrast=\"auto\">S<\/span><span data-contrast=\"auto\">eg\u00fan las estad\u00edsticas <\/span><span data-contrast=\"auto\">del<\/span><span data-contrast=\"auto\"> propio portal de <\/span><span data-contrast=\"auto\">A<\/span><span data-contrast=\"auto\">cad\u00e9micos<\/span><span data-contrast=\"auto\"> UV, Georgina Sotelo<\/span><span data-contrast=\"auto\"> ha<\/span><span data-contrast=\"auto\"> tenido un nivel de atenci\u00f3n de m\u00e1s del 90<\/span><span data-contrast=\"auto\"> por ciento en esta contingencia<\/span><span data-contrast=\"auto\">,<\/span><span data-contrast=\"auto\"> cifra<\/span><span data-contrast=\"auto\"> muy similar a la<\/span><span data-contrast=\"auto\"> de las<\/span><span data-contrast=\"auto\"> clases presenciales<\/span><span data-contrast=\"auto\">.<\/span><span data-ccp-props=\"{&quot;201341983&quot;:0,&quot;335559731&quot;:708,&quot;335559739&quot;:160,&quot;335559740&quot;:240}\">\u00a0<\/span><\/p>\n<p><span data-contrast=\"auto\">E<\/span><span data-contrast=\"auto\">n otras palabras<\/span><span data-contrast=\"auto\">,<\/span> <span data-contrast=\"auto\">\u201c<\/span><span data-contrast=\"auto\">esos <\/span><span data-contrast=\"auto\">tres<\/span><span data-contrast=\"auto\"> o <\/span><span data-contrast=\"auto\">cuatro<\/span><span data-contrast=\"auto\"> que en un grupo de 35 alumnos no asisten de manera regular, tampoco lo har\u00e1n v\u00eda virtual. Pero los otros \u2013la gran mayor\u00eda\u2013 est\u00e1n muy atentos a la <\/span><span data-contrast=\"auto\">\u2018<\/span><span data-contrast=\"auto\">clase<\/span><span data-contrast=\"auto\">\u2019<\/span><span data-contrast=\"auto\">.<\/span><span data-ccp-props=\"{&quot;201341983&quot;:0,&quot;335559731&quot;:708,&quot;335559739&quot;:160,&quot;335559740&quot;:240}\">\u00a0<\/span><\/p>\n<p><span data-contrast=\"auto\">\u201dHe<\/span><span data-contrast=\"auto\"> hecho acuerdos y <\/span><span data-contrast=\"auto\">esclar<\/span><span data-contrast=\"auto\">ecido<\/span><span data-contrast=\"auto\"> criterios de evaluaci\u00f3n mediante r\u00fabricas<\/span><span data-contrast=\"auto\">,<\/span><span data-contrast=\"auto\"> as\u00ed como fijar horarios de atenci\u00f3n. Suelo ser muy respetuosa de los tiempos propios y ajenos, as\u00ed que si mi clase <\/span><span data-contrast=\"auto\">\u2013<\/span><span data-contrast=\"auto\">por ejemplo<\/span><span data-contrast=\"auto\">\u2013<\/span><span data-contrast=\"auto\"> es de 9<\/span><span data-contrast=\"auto\">:00 <\/span><span data-contrast=\"auto\">a 12<\/span><span data-contrast=\"auto\">:00<\/span><span data-contrast=\"auto\"> horas<\/span><span data-contrast=\"auto\"> los martes, ese tiempo es <\/span><span data-contrast=\"auto\">en el que solicito a los chicos que se conecten y compartan sus tareas.<\/span><span data-contrast=\"auto\">\u201d<\/span><span data-ccp-props=\"{&quot;201341983&quot;:0,&quot;335559731&quot;:708,&quot;335559739&quot;:160,&quot;335559740&quot;:240}\">\u00a0<\/span><\/p>\n<p><span data-contrast=\"auto\">Las <\/span><span data-contrast=\"auto\">evidencias de desempe\u00f1o que <\/span><span data-contrast=\"auto\">la acad\u00e9mica<\/span><span data-contrast=\"auto\"> tiene<\/span><span data-contrast=\"auto\"> son: <\/span><span data-contrast=\"auto\">f<\/span><span data-contrast=\"auto\">otos de producto, <\/span><i><span data-contrast=\"auto\">podcast<\/span><\/i><span data-contrast=\"auto\">, folletos digitales, infograf\u00edas, diaporamas, guiones, carteles, ensayos visuales<\/span><span data-contrast=\"auto\">,<\/span><span data-contrast=\"auto\"> incluso un <\/span><i><span data-contrast=\"auto\">Art Newspaper<\/span><\/i><span data-contrast=\"auto\">, <\/span><span data-contrast=\"auto\">seg\u00fan sea la experiencia educativa<\/span><span data-contrast=\"auto\">.<\/span><span data-ccp-props=\"{&quot;201341983&quot;:0,&quot;335559731&quot;:708,&quot;335559739&quot;:160,&quot;335559740&quot;:240}\">\u00a0<\/span><\/p>\n<p><span data-contrast=\"auto\">\u201cHemos<\/span><span data-contrast=\"auto\"> hecho recorridos virtuales por museos, escuchado programas de radio de l<\/span><span data-contrast=\"auto\">a d\u00e9cada <\/span><span data-contrast=\"auto\">de 1940<\/span><span data-contrast=\"auto\">, visto y reflexionado sobre videos documentales<\/span><span data-contrast=\"auto\">,<\/span><span data-contrast=\"auto\"> le\u00eddo <\/span><i><span data-contrast=\"auto\">e-books<\/span><\/i><span data-contrast=\"auto\"> en l\u00ednea, le\u00eddo y discutido sobre art\u00edculos diversos en ingl\u00e9s y espa\u00f1ol<\/span><span data-contrast=\"auto\">,<\/span><span data-contrast=\"auto\"> adem\u00e1s de <\/span><i><span data-contrast=\"auto\">p<\/span><\/i><i><span data-contrast=\"auto\">laylist<\/span><\/i><span data-contrast=\"auto\"> colaborativas con sus <\/span><i><span data-contrast=\"auto\">podcast<\/span><\/i><span data-contrast=\"auto\">.<\/span><span data-contrast=\"auto\">\u201d<\/span><span data-ccp-props=\"{&quot;201341983&quot;:0,&quot;335559731&quot;:708,&quot;335559739&quot;:160,&quot;335559740&quot;:240}\">\u00a0<\/span><\/p>\n<p><span data-contrast=\"auto\">Para desarrollar <\/span><span data-contrast=\"auto\">las actividades han<\/span><span data-contrast=\"auto\"> usado<\/span><span data-contrast=\"auto\"> tambi\u00e9n <\/span><span data-contrast=\"auto\">diferentes <\/span><span data-contrast=\"auto\">aplicaciones <\/span><span data-contrast=\"auto\">y redes sociales como <\/span><i><span data-contrast=\"auto\">ISSUU<\/span><\/i><span data-contrast=\"auto\">, <\/span><i><span data-contrast=\"auto\">Canva<\/span><\/i><span data-contrast=\"auto\">, <\/span><i><span data-contrast=\"auto\">Spotify<\/span><\/i><span data-contrast=\"auto\">, <\/span><i><span data-contrast=\"auto\">Outlook<\/span><\/i><span data-contrast=\"auto\">, <\/span><i><span data-contrast=\"auto\">Facebook<\/span><\/i><i><span data-contrast=\"auto\">,<\/span><\/i> <span data-contrast=\"auto\">muchas de ellas <\/span><span data-contrast=\"auto\">de acceso gratuito, <\/span><span data-contrast=\"auto\">considerando la econom\u00eda de la comunidad estudiantil<\/span><span data-contrast=\"auto\">. <\/span><span data-contrast=\"auto\">\u201c<\/span><span data-contrast=\"auto\">Muchos <\/span><span data-contrast=\"auto\">\u2013<\/span><span data-contrast=\"auto\">as\u00ed lo han expresado<\/span><span data-contrast=\"auto\">\u2013<\/span> <span data-contrast=\"auto\">en este momento trabajan desde sus tel\u00e9fonos y con sus datos, por ello es vital que no les genere gastos extras y optimicemos <\/span><span data-contrast=\"auto\">esfuerzos<\/span><span data-contrast=\"auto\">\u201d, a\u00f1adi\u00f3.<\/span><span data-ccp-props=\"{&quot;201341983&quot;:0,&quot;335559731&quot;:708,&quot;335559739&quot;:160,&quot;335559740&quot;:240}\">\u00a0<\/span><\/p>\n<p><span data-contrast=\"auto\">Por su parte <\/span><span data-contrast=\"auto\">Virginia Arieta Baizabal<\/span><span data-contrast=\"auto\">, <\/span><span data-contrast=\"auto\">profesora<\/span><span data-contrast=\"auto\"> de la Facultad de Antropolog\u00eda<\/span> <span data-contrast=\"auto\">e investigadora adscrita al<\/span><span data-contrast=\"auto\"> Instituto de Antropolog\u00eda<\/span><span data-contrast=\"auto\">, <\/span><span data-contrast=\"auto\">destac\u00f3 su <\/span><span data-contrast=\"auto\">sorpresa y satisfacci\u00f3n por la respuesta de los estudiantes<\/span> <span data-contrast=\"auto\">al seguimiento acad\u00e9mico v\u00eda remota en esta contingencia sanitaria<\/span><span data-contrast=\"auto\">, para<\/span> <span data-contrast=\"auto\">lo <\/span><span data-contrast=\"auto\">cual ha implementado una serie de acciones como grupos cerrados de <\/span><i><span data-contrast=\"auto\">Facebook<\/span><\/i><span data-contrast=\"auto\">, foros virtuales, entre otr<\/span><span data-contrast=\"auto\">as<\/span><span data-contrast=\"auto\">.<\/span><span data-ccp-props=\"{&quot;201341983&quot;:0,&quot;335559731&quot;:708,&quot;335559739&quot;:160,&quot;335559740&quot;:240}\">\u00a0<\/span><\/p>\n<p><span data-contrast=\"auto\">En espec\u00edfico, comparti\u00f3 de la <\/span><span data-contrast=\"auto\">experiencia educativa (<\/span><span data-contrast=\"auto\">EE<\/span><span data-contrast=\"auto\">)<\/span><span data-contrast=\"auto\"> Fotointerpretaci\u00f3n y Cartograf\u00eda, un taller <\/span><span data-contrast=\"auto\">que imparte a estudiantes del p<\/span><span data-contrast=\"auto\">rograma <\/span><span data-contrast=\"auto\">educativo <\/span><span data-contrast=\"auto\">de Arqueolog\u00eda<\/span><span data-contrast=\"auto\">:<\/span> <span data-contrast=\"auto\">\u201cLas actividades que dejo trato de que sean din\u00e1micas <\/span><span data-contrast=\"auto\">e incorporen <\/span><span data-contrast=\"auto\">otras herramientas digitales.<\/span><span data-contrast=\"auto\"> Por ejemplo, una de las actividades fue que eligieran el mapa que m\u00e1s les llamara la atenci\u00f3n de <\/span><i><span data-contrast=\"auto\">Pinterest<\/span><\/i><span data-contrast=\"auto\"> o <\/span><i><span data-contrast=\"auto\">Google<\/span><\/i><span data-contrast=\"auto\"> y respondieran unas preguntas que tienen que ver con el tema de percepci\u00f3n espacial<\/span><span data-contrast=\"auto\">\u201d<\/span><span data-contrast=\"auto\">.<\/span><span data-ccp-props=\"{&quot;201341983&quot;:0,&quot;335559739&quot;:160,&quot;335559740&quot;:240}\">\u00a0<\/span><\/p>\n<div id='gallery-2' class='gallery galleryid-82430 gallery-columns-3 gallery-size-full'><dl class='gallery-item'>\n\t\t\t<dt class='gallery-icon landscape'>\n\t\t\t\t<a href='https:\/\/www.uv.mx\/prensa\/files\/2019\/11\/191119-Estela-Casados-1.jpg'><img width=\"722\" height=\"480\" src=\"https:\/\/www.uv.mx\/prensa\/files\/2019\/11\/191119-Estela-Casados-1.jpg\" class=\"attachment-full size-full\" alt=\"Estela Casados Gonz\u00e1lez, de la Facultad de Antropolog\u00eda\" decoding=\"async\" loading=\"lazy\" aria-describedby=\"gallery-2-76841\" srcset=\"https:\/\/www.uv.mx\/prensa\/files\/2019\/11\/191119-Estela-Casados-1.jpg 722w, https:\/\/www.uv.mx\/prensa\/files\/2019\/11\/191119-Estela-Casados-1-300x199.jpg 300w\" sizes=\"(max-width: 722px) 100vw, 722px\" \/><\/a>\n\t\t\t<\/dt>\n\t\t\t\t<dd class='wp-caption-text gallery-caption' id='gallery-2-76841'>\n\t\t\t\tEstela Casados Gonz\u00e1lez, de la Facultad de Antropolog\u00eda \n\t\t\t\t<\/dd><\/dl><dl class='gallery-item'>\n\t\t\t<dt class='gallery-icon landscape'>\n\t\t\t\t<a href='https:\/\/www.uv.mx\/prensa\/files\/2019\/06\/250619-KARINA-Luis-Pacheco-Cobos-2-100k.jpg'><img width=\"722\" height=\"481\" src=\"https:\/\/www.uv.mx\/prensa\/files\/2019\/06\/250619-KARINA-Luis-Pacheco-Cobos-2-100k.jpg\" class=\"attachment-full size-full\" alt=\"Luis Pacheco Cobos, de la Facultad de Biolog\u00eda\" decoding=\"async\" loading=\"lazy\" aria-describedby=\"gallery-2-70172\" srcset=\"https:\/\/www.uv.mx\/prensa\/files\/2019\/06\/250619-KARINA-Luis-Pacheco-Cobos-2-100k.jpg 722w, https:\/\/www.uv.mx\/prensa\/files\/2019\/06\/250619-KARINA-Luis-Pacheco-Cobos-2-100k-300x200.jpg 300w\" sizes=\"(max-width: 722px) 100vw, 722px\" \/><\/a>\n\t\t\t<\/dt>\n\t\t\t\t<dd class='wp-caption-text gallery-caption' id='gallery-2-70172'>\n\t\t\t\tLuis Pacheco Cobos, de la Facultad de Biolog\u00eda \n\t\t\t\t<\/dd><\/dl><dl class='gallery-item'>\n\t\t\t<dt class='gallery-icon landscape'>\n\t\t\t\t<a href='https:\/\/www.uv.mx\/prensa\/files\/2020\/04\/020420-sondeo-5-100k.jpg'><img width=\"722\" height=\"481\" src=\"https:\/\/www.uv.mx\/prensa\/files\/2020\/04\/020420-sondeo-5-100k.jpg\" class=\"attachment-full size-full\" alt=\"Francisco Wilka V\u00e1zquez Su\u00e1rez, del Jazzuv\" decoding=\"async\" loading=\"lazy\" aria-describedby=\"gallery-2-82435\" srcset=\"https:\/\/www.uv.mx\/prensa\/files\/2020\/04\/020420-sondeo-5-100k.jpg 722w, https:\/\/www.uv.mx\/prensa\/files\/2020\/04\/020420-sondeo-5-100k-300x200.jpg 300w\" sizes=\"(max-width: 722px) 100vw, 722px\" \/><\/a>\n\t\t\t<\/dt>\n\t\t\t\t<dd class='wp-caption-text gallery-caption' id='gallery-2-82435'>\n\t\t\t\tFrancisco Wilka V\u00e1zquez Su\u00e1rez, del Jazzuv\n\t\t\t\t<\/dd><\/dl><br style=\"clear: both\" \/>\n\t\t<\/div>\n\n<p><span data-contrast=\"auto\">Para la acad\u00e9mica,<\/span><span data-contrast=\"auto\"> \u201c<\/span><span data-contrast=\"auto\">de aqu\u00ed en adelante <\/span><i><span data-contrast=\"auto\">Eminus<\/span><\/i> <span data-contrast=\"auto\">ser\u00e1 una herramienta mucho m\u00e1s recurrente y parte de las clases presenciales<\/span><span data-contrast=\"auto\">. <\/span><span data-contrast=\"auto\">No<\/span><span data-contrast=\"auto\"> todas las <\/span><span data-contrast=\"auto\">u<\/span><span data-contrast=\"auto\">niversidades tienen este tipo de plataforma y herramientas, y como docentes debemos ser los primeros en aprovecharlas y darlas a conocer<\/span><span data-contrast=\"auto\">\u201d<\/span><span data-contrast=\"auto\">.<\/span><span data-ccp-props=\"{&quot;201341983&quot;:0,&quot;335559739&quot;:160,&quot;335559740&quot;:240}\">\u00a0<\/span><\/p>\n<p><span data-contrast=\"auto\">Remarc\u00f3 que la plataforma est<\/span><span data-contrast=\"auto\">\u00e1<\/span><span data-contrast=\"auto\"> funcionando y la comunidad estudiantil respondiendo; no<\/span><span data-contrast=\"auto\"> obstante, admiti\u00f3 que su<\/span><span data-contrast=\"auto\"> mayor preocupaci\u00f3n es la pr\u00e1ctica que amerita el taller<\/span><span data-contrast=\"auto\">, pues es<\/span><span data-contrast=\"auto\"> indispensable estar presente <\/span><span data-contrast=\"auto\">y desarrollar una serie de <\/span><span data-contrast=\"auto\">din\u00e1m<\/span><span data-contrast=\"auto\">icas<\/span><span data-contrast=\"auto\">,<\/span> <span data-contrast=\"auto\">mismas que posterg\u00f3 para el final, deseando que ya haya pasado la contingencia.<\/span><span data-ccp-props=\"{&quot;201341983&quot;:0,&quot;335559739&quot;:160,&quot;335559740&quot;:240}\">\u00a0<\/span><\/p>\n<p><span data-contrast=\"auto\">De ello tambi\u00e9n habl\u00f3 la acad\u00e9mica Estela Casados Gonz\u00e1lez<\/span><span data-contrast=\"auto\">,<\/span><span data-contrast=\"auto\"> adscrita a la <\/span><span data-contrast=\"auto\">Facultad de Antropolog\u00eda<\/span><span data-contrast=\"auto\"> y quie<\/span><span data-contrast=\"auto\">n<\/span><span data-contrast=\"auto\"> imparte clase en<\/span><span data-contrast=\"auto\"> otras entidades<\/span><span data-contrast=\"auto\">,<\/span><span data-contrast=\"auto\"> como<\/span><span data-contrast=\"auto\"> el Centro de Estudios de G\u00e9nero de la UV. <\/span><span data-contrast=\"auto\">Al igual que sus hom\u00f3logas<\/span><span data-contrast=\"auto\">,<\/span> <span data-contrast=\"auto\">destac\u00f3 <\/span><span data-contrast=\"auto\">la buena <\/span><span data-contrast=\"auto\">participaci\u00f3n del estudiantado e<\/span><span data-contrast=\"auto\">n este periodo de contingencia<\/span><span data-contrast=\"auto\">, as\u00ed como<\/span> <span data-contrast=\"auto\"> la diversidad de recursos virtuales<\/span><span data-contrast=\"auto\"> que utiliza<\/span><span data-contrast=\"auto\"> y la eficiencia de <\/span><i><span data-contrast=\"auto\">Eminus<\/span><\/i><span data-contrast=\"auto\">.<\/span><span data-ccp-props=\"{&quot;201341983&quot;:0,&quot;335559739&quot;:160,&quot;335559740&quot;:240}\">\u00a0<\/span><\/p>\n<p><span data-contrast=\"auto\">A<\/span><span data-contrast=\"auto\">clar\u00f3 que<\/span><span data-contrast=\"auto\"> el<\/span><span data-contrast=\"auto\"> esp\u00edritu de los mapas curriculares <\/span><span data-contrast=\"auto\">es presencial,<\/span><span data-contrast=\"auto\"> por lo que para ella<\/span> <span data-contrast=\"auto\">\u00e9sta<\/span><span data-contrast=\"auto\"> y otras <\/span><span data-contrast=\"auto\">plataformas<\/span> <span data-contrast=\"auto\">son herramientas de apoyo<\/span><span data-contrast=\"auto\">;<\/span><span data-contrast=\"auto\"> \u201cnos ayuda<\/span><span data-contrast=\"auto\">n<\/span><span data-contrast=\"auto\">, pero debido a que nuestras clases est\u00e1n dise\u00f1adas <\/span><span data-contrast=\"auto\">para ser presenciales<\/span><span data-contrast=\"auto\">,<\/span> <span data-contrast=\"auto\">no son todo lo eficiente<\/span><span data-contrast=\"auto\">s<\/span><span data-contrast=\"auto\"> que nos gustar\u00eda que fueran<\/span><span data-contrast=\"auto\">\u201d.<\/span><span data-ccp-props=\"{&quot;201341983&quot;:0,&quot;335559731&quot;:708,&quot;335559739&quot;:160,&quot;335559740&quot;:240}\">\u00a0<\/span><\/p>\n<p><span data-contrast=\"auto\">En tanto, Luis Pachec<\/span><span data-contrast=\"auto\">o C<\/span><span data-contrast=\"auto\">obos, <\/span><span data-contrast=\"auto\">acad\u00e9mico de la Facultad de Biolog\u00eda, <\/span><span data-contrast=\"auto\">cit\u00f3 a <\/span><i><span data-contrast=\"auto\">Eminus<\/span><\/i><span data-contrast=\"auto\">, <\/span><i><span data-contrast=\"auto\">Zoo<\/span><\/i><i><span data-contrast=\"auto\">m<\/span><\/i><span data-contrast=\"auto\"> y<\/span> <i><span data-contrast=\"auto\">YouTube<\/span><\/i> <span data-contrast=\"auto\">(dado el peso de los videos que dise\u00f1a para algunas sesiones) <\/span><span data-contrast=\"auto\">como las plataformas m\u00e1s utilizada<\/span><span data-contrast=\"auto\">s para el desarrollo de sus EE.<\/span><span data-ccp-props=\"{&quot;201341983&quot;:0,&quot;335559739&quot;:160,&quot;335559740&quot;:240}\">\u00a0<\/span><\/p>\n<p><span data-contrast=\"auto\">Concretamente cit\u00f3 la EE Hongos y L\u00edquenes, que <\/span><span data-contrast=\"auto\">cursan 32 estudiantes<\/span><span data-contrast=\"auto\">,<\/span><span data-contrast=\"auto\"> de los cuales el<\/span><span data-contrast=\"auto\"> 95<\/span><span data-contrast=\"auto\"> por ciento<\/span><span data-contrast=\"auto\"> est\u00e1n dando seguimiento a lo que ah\u00ed program<\/span><span data-contrast=\"auto\">\u00f3<\/span><span data-contrast=\"auto\"> y se muestran participativos.<\/span><span data-ccp-props=\"{&quot;201341983&quot;:0,&quot;335559739&quot;:160,&quot;335559740&quot;:240}\">\u00a0<\/span><\/p>\n<p><span data-contrast=\"auto\">\u201c<\/span><span data-contrast=\"auto\">El plan de contingencia fue algo emergente, hubo poco tiempo para programar <\/span><span data-contrast=\"auto\">m\u00e1<\/span><span data-contrast=\"auto\">s actividades en <\/span><i><span data-contrast=\"auto\">Eminus<\/span><\/i><span data-contrast=\"auto\">. Por lo general, agendo actividades en esa plataforma y me funciona bien<\/span><span data-contrast=\"auto\">\u201d.<\/span><span data-ccp-props=\"{&quot;201341983&quot;:0,&quot;335559731&quot;:708,&quot;335559739&quot;:160,&quot;335559740&quot;:240}\">\u00a0<\/span><\/p>\n<p><span data-contrast=\"auto\">Francisco<\/span> <span data-contrast=\"auto\">Wilka<\/span><span data-contrast=\"auto\"> V\u00e1zquez Su\u00e1re<\/span><span data-contrast=\"auto\">z, acad\u00e9mico<\/span> <span data-contrast=\"auto\">del Centro de Estudios de Jaz<\/span><span data-contrast=\"auto\">z<\/span><span data-contrast=\"auto\"> (<\/span><i><span data-contrast=\"auto\">Jazzuv<\/span><\/i><span data-contrast=\"auto\">)<\/span><span data-contrast=\"auto\"> y quien imparte <\/span><span data-contrast=\"auto\">la EE Historia del Jazz I<\/span><span data-contrast=\"auto\">, comparti\u00f3 que<\/span> <span data-contrast=\"auto\">p<\/span><span data-contrast=\"auto\">ara \u00e9l<\/span> <span data-contrast=\"auto\">lo m\u00e1s relevante es que pese a<\/span><span data-contrast=\"auto\"> esta contingencia sanitaria<\/span><span data-contrast=\"auto\"> las sesiones se h<\/span><span data-contrast=\"auto\">an desarrollado en el d\u00eda y tiempo <\/span><span data-contrast=\"auto\">normalmente <\/span><span data-contrast=\"auto\">establecido<\/span><span data-contrast=\"auto\">s<\/span><span data-contrast=\"auto\">,<\/span><span data-contrast=\"auto\"> casi de la misma man<\/span><span data-contrast=\"auto\">era que si fueran presenciales.<\/span><span data-ccp-props=\"{&quot;201341983&quot;:0,&quot;335559739&quot;:160,&quot;335559740&quot;:240}\">\u00a0<\/span><\/p>\n<p><span data-contrast=\"auto\">Algo que ayud\u00f3 es que desde el inicio del curso existe un<\/span><span data-contrast=\"auto\"> intercambio de <\/span><span data-contrast=\"auto\">materiales documentales concernientes a la EE, a trav\u00e9s de la plataforma <\/span><i><span data-contrast=\"auto\">Google Drive, <\/span><\/i><span data-contrast=\"auto\">por lo que el uso de medios de comunicaci\u00f3n electr\u00f3nica era habitual.<\/span><span data-ccp-props=\"{&quot;201341983&quot;:0,&quot;335559739&quot;:160,&quot;335559740&quot;:240}\">\u00a0<\/span><\/p>\n<p><span data-contrast=\"auto\">\u201c<\/span><span data-contrast=\"auto\">El uso de la plataforma <\/span><i><span data-contrast=\"auto\">Zoom<\/span><\/i><span data-contrast=\"auto\"> para video<\/span><span data-contrast=\"auto\">conferencias a distancia <\/span><span data-contrast=\"auto\">ha<\/span><span data-contrast=\"auto\"> sido de significativa importancia<\/span><span data-contrast=\"auto\">,<\/span><span data-contrast=\"auto\"> ya que el trabajo del curso <\/span><span data-contrast=\"auto\">\u2013<\/span><span data-contrast=\"auto\">desde mi perspectiva<\/span><span data-contrast=\"auto\">\u2013<\/span><span data-contrast=\"auto\"> est\u00e1 centrado en el debate<\/span><span data-contrast=\"auto\">, la formaci\u00f3n de criterio personal informado y la identificaci\u00f3n emocional con los sucesos hist\u00f3ricos que dieron origen al jazz<\/span><span data-contrast=\"auto\">.<\/span><span data-ccp-props=\"{&quot;201341983&quot;:0,&quot;335559731&quot;:708,&quot;335559739&quot;:160,&quot;335559740&quot;:240}\">\u00a0<\/span><\/p>\n<p><span data-contrast=\"auto\">\u201d<\/span><span data-contrast=\"auto\">Se<\/span><span data-contrast=\"auto\"> supera el simple proceso informacional de datos hist\u00f3ricos<\/span><span data-contrast=\"auto\">,<\/span><span data-contrast=\"auto\"> que <\/span><span data-contrast=\"auto\">resultar\u00eda<\/span> <span data-contrast=\"auto\">est\u00e9ril <\/span><span data-contrast=\"auto\">a la actividad m<\/span><span data-contrast=\"auto\">usical de los estudiantes<\/span><span data-contrast=\"auto\">, priorizando <\/span><span data-contrast=\"auto\">el proceso de intercambio de ideas y sentires entre los participantes de la clase<\/span><span data-contrast=\"auto\">.\u201d<\/span><span data-ccp-props=\"{&quot;201341983&quot;:0,&quot;335559731&quot;:708,&quot;335559739&quot;:160,&quot;335559740&quot;:240}\">\u00a0<\/span><\/p>\n<p><span data-contrast=\"auto\">E<\/span><span data-contrast=\"auto\">s <\/span><span data-contrast=\"auto\">tal la participaci\u00f3n y seguimiento de las sesiones<\/span><span data-contrast=\"auto\"> acad\u00e9micas<\/span><span data-contrast=\"auto\">, dijo, que <\/span><span data-contrast=\"auto\">llegaron al acuerdo de<\/span><span data-contrast=\"auto\"> continuarla<\/span><span data-contrast=\"auto\">s<\/span><span data-contrast=\"auto\"> a\u00fan en el <\/span><span data-contrast=\"auto\">venidero periodo <\/span><span data-contrast=\"auto\">marcado en el calendario como vacaciones<\/span><span data-contrast=\"auto\">, para no bajar el ritmo que han tomado en la modalidad remota.<\/span><\/p>\n","protected":false},"excerpt":{"rendered":"<p>Se han creado y enriquecido los canales y plataformas de comunicaci\u00f3n virtuales, con una excelente respuesta por parte de los alumnos <\/p>\n","protected":false},"author":1775,"featured_media":82437,"comment_status":"closed","ping_status":"closed","sticky":false,"template":"","format":"standard","meta":[],"categories":[61],"tags":[],"_links":{"self":[{"href":"https:\/\/www.uv.mx\/prensa\/wp-json\/wp\/v2\/posts\/82430"}],"collection":[{"href":"https:\/\/www.uv.mx\/prensa\/wp-json\/wp\/v2\/posts"}],"about":[{"href":"https:\/\/www.uv.mx\/prensa\/wp-json\/wp\/v2\/types\/post"}],"author":[{"embeddable":true,"href":"https:\/\/www.uv.mx\/prensa\/wp-json\/wp\/v2\/users\/1775"}],"replies":[{"embeddable":true,"href":"https:\/\/www.uv.mx\/prensa\/wp-json\/wp\/v2\/comments?post=82430"}],"version-history":[{"count":0,"href":"https:\/\/www.uv.mx\/prensa\/wp-json\/wp\/v2\/posts\/82430\/revisions"}],"wp:featuredmedia":[{"embeddable":true,"href":"https:\/\/www.uv.mx\/prensa\/wp-json\/wp\/v2\/media\/82437"}],"wp:attachment":[{"href":"https:\/\/www.uv.mx\/prensa\/wp-json\/wp\/v2\/media?parent=82430"}],"wp:term":[{"taxonomy":"category","embeddable":true,"href":"https:\/\/www.uv.mx\/prensa\/wp-json\/wp\/v2\/categories?post=82430"},{"taxonomy":"post_tag","embeddable":true,"href":"https:\/\/www.uv.mx\/prensa\/wp-json\/wp\/v2\/tags?post=82430"}],"curies":[{"name":"wp","href":"https:\/\/api.w.org\/{rel}","templated":true}]}}