{"id":82444,"date":"2020-04-11T08:00:48","date_gmt":"2020-04-11T13:00:48","guid":{"rendered":"https:\/\/www.uv.mx\/prensa\/?p=82444"},"modified":"2020-04-13T12:42:15","modified_gmt":"2020-04-13T17:42:15","slug":"sea-presento-libro-la-labor-academica-y-artistica-desde-la-uv","status":"publish","type":"post","link":"https:\/\/www.uv.mx\/prensa\/banner\/sea-presento-libro-la-labor-academica-y-artistica-desde-la-uv\/","title":{"rendered":"SEA present\u00f3 libro <em>La labor acad\u00e9mica y art\u00edstica desde la UV<\/em>\u00a0"},"content":{"rendered":"<ul>\n<li data-leveltext=\"\uf0b7\" data-font=\"Symbol\" data-listid=\"1\" data-aria-posinset=\"1\" data-aria-level=\"1\"><i><span data-contrast=\"auto\">El volumen I de este ejemplar en formato impreso y digital fue dado a conocer por v\u00eda remota<\/span><\/i><i><span data-contrast=\"auto\">,<\/span><\/i><i><span data-contrast=\"auto\"> el mi\u00e9rcoles 1 de abril<\/span><\/i><span data-ccp-props=\"{&quot;134233279&quot;:true,&quot;201341983&quot;:0,&quot;335559739&quot;:160,&quot;335559740&quot;:240}\" data-wac-het=\"1\">\u00a0<\/span><\/li>\n<li data-leveltext=\"\uf0b7\" data-font=\"Symbol\" data-listid=\"1\" data-aria-posinset=\"2\" data-aria-level=\"1\"><i><span data-contrast=\"auto\">Es un producto de 16 cap\u00edtulos conformado por textos<\/span><\/i> <i><span data-contrast=\"auto\">cient\u00edficos y acad\u00e9micos de diversas \u00e1reas de conocimiento<\/span><\/i><span data-ccp-props=\"{&quot;134233279&quot;:true,&quot;201341983&quot;:0,&quot;335559739&quot;:160,&quot;335559740&quot;:240}\" data-wac-het=\"1\"><br \/>\n<\/span><\/li>\n<\/ul>\n<div id=\"attachment_82452\" style=\"width: 491px\" class=\"wp-caption aligncenter\"><a href=\"https:\/\/www.uv.mx\/prensa\/files\/2020\/04\/020420-LIBRO-SEA-1.jpg\"><img aria-describedby=\"caption-attachment-82452\" decoding=\"async\" loading=\"lazy\" class=\"wp-image-82452 size-full\" src=\"https:\/\/www.uv.mx\/prensa\/files\/2020\/04\/020420-LIBRO-SEA-1-e1586546531913.jpg\" alt=\"\" width=\"481\" height=\"481\" \/><\/a><p id=\"caption-attachment-82452\" class=\"wp-caption-text\">La obra consta de 16 cap\u00edtulos con textos acad\u00e9micos y cient\u00edficos<\/p><\/div>\n<p><span data-ccp-props=\"{&quot;201341983&quot;:0,&quot;335559739&quot;:160,&quot;335559740&quot;:240}\" data-wac-het=\"1\">\u00a0<\/span><b><i><span data-contrast=\"auto\">Claudia Peralta V\u00e1zquez<\/span><\/i><\/b><span data-ccp-props=\"{&quot;201341983&quot;:0,&quot;335559739&quot;:160,&quot;335559740&quot;:240}\" data-wac-het=\"1\">\u00a0<\/span><\/p>\n<p><b><i><span data-contrast=\"auto\">11<\/span><\/i><\/b><b><i><span data-contrast=\"auto\">\/<\/span><\/i><\/b><b><i><span data-contrast=\"auto\">04<\/span><\/i><\/b><b><i><span data-contrast=\"auto\">\/<\/span><\/i><\/b><b><i><span data-contrast=\"auto\">20<\/span><\/i><\/b><b><i><span data-contrast=\"auto\">20<\/span><\/i><\/b><b><i><span data-contrast=\"auto\">, Xalapa, <\/span><\/i><\/b><b><i><span data-contrast=\"auto\">Ver.-<\/span><\/i><\/b> <span data-contrast=\"auto\">A iniciativa del <a href=\"https:\/\/www.uv.mx\/sea\/\" target=\"_blank\" rel=\"noopener noreferrer\">Sistema de Ense\u00f1anza Abierta<\/a> (SEA) de la Universidad Veracruzana (UV), el mi\u00e9rc<\/span><span data-contrast=\"auto\">oles 1 de abril fue presentado <\/span><span data-contrast=\"auto\">el <\/span><span data-contrast=\"auto\">volumen I del libro <\/span><i><span data-contrast=\"auto\">La<\/span><\/i><i><span data-contrast=\"auto\"> labor acad\u00e9mica y art\u00edstica desde la Universidad Veracruzana<\/span><\/i><span data-contrast=\"auto\">.<\/span><span data-ccp-props=\"{&quot;201341983&quot;:0,&quot;335559739&quot;:160,&quot;335559740&quot;:240}\" data-wac-het=\"1\">\u00a0<\/span><\/p>\n<p><span data-contrast=\"auto\">Por v\u00eda remota y en atenci\u00f3n a las <\/span><span data-contrast=\"auto\">disposiciones generales emitidas por la m\u00e1xima casa de estudios<\/span><span data-contrast=\"auto\"> de no realizar reuniones presenciales<\/span> <span data-contrast=\"auto\">debido a<\/span><span data-contrast=\"auto\"> la<\/span><span data-contrast=\"auto\"> actual contingencia <\/span><span data-contrast=\"auto\">sanitaria<\/span><span data-contrast=\"auto\">,<\/span><span data-contrast=\"auto\"> autoridades universitarias, acad\u00e9micos y alumnos <\/span><span data-contrast=\"auto\">reconocieron la calidad de este<\/span><span data-contrast=\"auto\"> primer producto acad\u00e9mico-colaborativo y multidisciplinario, gestado desde hace dos a\u00f1os<\/span><span data-contrast=\"auto\"> por un equipo de acad\u00e9micos del SEA.<\/span><span data-ccp-props=\"{&quot;201341983&quot;:0,&quot;335559731&quot;:708,&quot;335559739&quot;:160,&quot;335559740&quot;:240}\" data-wac-het=\"1\">\u00a0<\/span><\/p>\n<p><span data-contrast=\"auto\">Al darles la bienvenida a los asistentes, <\/span><span data-contrast=\"auto\">Sajid<\/span> <span data-contrast=\"auto\">Demian<\/span> <span data-contrast=\"auto\">Lonngi<\/span><span data-contrast=\"auto\"> Reyna, uno de los compiladores del libro<\/span><span data-contrast=\"auto\"> y moderador<\/span><span data-contrast=\"auto\">, dio a conocer que, en este trabajo conformado por 16 cap\u00edtulos, se integraron <\/span><span data-contrast=\"auto\">muchos <\/span><span data-contrast=\"auto\">docentes <\/span><span data-contrast=\"auto\">y ejecutantes art\u00edsticos de la misma Universidad.<\/span><span data-ccp-props=\"{&quot;201341983&quot;:0,&quot;335559731&quot;:708,&quot;335559739&quot;:160,&quot;335559740&quot;:240}\" data-wac-het=\"1\">\u00a0<\/span><\/p>\n<p><span data-contrast=\"auto\">A trav\u00e9s de diversos textos acad\u00e9micos y cient\u00edficos que promueven la <\/span><span data-contrast=\"auto\">transdisciplinariedad,<\/span><span data-contrast=\"auto\"> la inclusi\u00f3n y la sustentabilidad, <\/span><span data-contrast=\"auto\">en <\/span><span data-contrast=\"auto\">este ejemplar se presentan e<\/span><span data-contrast=\"auto\">xperiencias, productos, proyectos e investigaciones de disciplinas acad\u00e9micas y art\u00edsticas en distintas \u00e1reas del conocimiento.<\/span><span data-ccp-props=\"{&quot;201341983&quot;:0,&quot;335559739&quot;:160,&quot;335559740&quot;:240}\" data-wac-het=\"1\">\u00a0<\/span><\/p>\n<p><span data-contrast=\"auto\">Adem\u00e1s<\/span><span data-contrast=\"auto\"> de generar un trabajo colaborativo, el libro busca reflexionar acerca de las pr\u00e1cticas educativas, del funcionamiento con instituciones, la infraestructura y las nuevas pol\u00edtica<\/span><span data-contrast=\"auto\">s<\/span><span data-contrast=\"auto\">, as\u00ed como eliminar o minimizar las barreras que limitan el aprendizaje.<\/span><span data-ccp-props=\"{&quot;201341983&quot;:0,&quot;335559739&quot;:160,&quot;335559740&quot;:240}\" data-wac-het=\"1\">\u00a0<\/span><\/p>\n<p><span data-contrast=\"auto\">Por otra parte, pretende impulsar el desarrollo de la igualdad de g\u00e9nero, la capacitaci\u00f3n y actualizaci\u00f3n docente para favorecer una pr\u00e1ctica educativa inclusiva, m\u00e1s dial\u00f3gica, participativa, ligada a proyectos de innovaci\u00f3n y con una formaci\u00f3n en valores.<\/span><span data-ccp-props=\"{&quot;201341983&quot;:0,&quot;335559739&quot;:160,&quot;335559740&quot;:240}\" data-wac-het=\"1\">\u00a0<\/span><\/p>\n<p><span data-contrast=\"auto\">En el marco del 40 Aniversario del SEA, y en<\/span><span data-contrast=\"auto\"> presencia de los directores <\/span><span data-contrast=\"auto\">generales <\/span><span data-contrast=\"auto\">de las <\/span><span data-contrast=\"auto\">\u00e1<\/span><span data-contrast=\"auto\">reas <\/span><span data-contrast=\"auto\">a<\/span><span data-contrast=\"auto\">cad\u00e9micas de Humanidades <\/span><span data-contrast=\"auto\">y <\/span><span data-contrast=\"auto\">Econ\u00f3mico-Administrativa, Jos\u00e9 Luis Mart\u00ednez Su\u00e1rez y Arturo Bocardo Valle, respectivamente<\/span><span data-contrast=\"auto\">,<\/span> <span data-contrast=\"auto\">la <\/span><span data-contrast=\"auto\">compiladora de la obra, <\/span><span data-contrast=\"auto\">Susana Garc\u00eda Aguilar,<\/span> <span data-contrast=\"auto\">habl\u00f3 sobre<\/span><span data-contrast=\"auto\"> el primer cap\u00edtulo y<\/span><span data-contrast=\"auto\"> su colaboraci\u00f3n relacionad<\/span><span data-contrast=\"auto\">a<\/span><span data-contrast=\"auto\"> con un ensayo acad\u00e9mico que tiene que ver con aportes reflexivos de la escuela nueva y popular<\/span><span data-contrast=\"auto\"> hacia una educaci\u00f3n inclusiva.<\/span><span data-ccp-props=\"{&quot;201341983&quot;:0,&quot;335559739&quot;:160,&quot;335559740&quot;:240}\" data-wac-het=\"1\">\u00a0<\/span><\/p>\n<p><span data-contrast=\"auto\">La explicaci\u00f3n del C<\/span><span data-contrast=\"auto\">ap\u00edtulo II estuvo a cargo de <\/span><span data-contrast=\"auto\">Jeysira<\/span><span data-contrast=\"auto\"> Jacqueline Dorantes Carri\u00f3n<\/span><span data-contrast=\"auto\">, acad\u00e9mica del SEA, quien habl\u00f3 <\/span><span data-contrast=\"auto\">de<\/span><span data-contrast=\"auto\"> las representaciones sociales sobre el <\/span><i><span data-contrast=\"auto\">ciberbully<\/span><\/i><i><span data-contrast=\"auto\">i<\/span><\/i><i><span data-contrast=\"auto\">ng<\/span><\/i><span data-contrast=\"auto\"> e hizo un comparativo de lo que sucede con este fen\u00f3meno en redes sociales.<\/span><span data-ccp-props=\"{&quot;201341983&quot;:0,&quot;335559731&quot;:708,&quot;335559739&quot;:160,&quot;335559740&quot;:240}\" data-wac-het=\"1\">\u00a0<\/span><\/p>\n<p><span data-contrast=\"auto\">El C<\/span><span data-contrast=\"auto\">ap\u00edtulo <\/span><span data-contrast=\"auto\">III<\/span><span data-contrast=\"auto\">, titulado<\/span> <span data-contrast=\"auto\">\u201c<\/span><span data-contrast=\"auto\">Estrategias l\u00fadicas y desarrollo de competencias colaborativas para la resoluci\u00f3n de problemas. El caso de la Facultad de Pedagog\u00eda<\/span><span data-contrast=\"auto\">\u201d<\/span><span data-contrast=\"auto\">, fue compartido por <\/span><span data-contrast=\"auto\">Sajid<\/span> <span data-contrast=\"auto\">Demian<\/span> <span data-contrast=\"auto\">Lonngi<\/span><span data-contrast=\"auto\">.<\/span><\/p>\n<div id=\"attachment_82448\" style=\"width: 732px\" class=\"wp-caption aligncenter\"><a href=\"https:\/\/www.uv.mx\/prensa\/files\/2020\/04\/020420-LIBRO-SEA-2.jpg\"><img aria-describedby=\"caption-attachment-82448\" decoding=\"async\" loading=\"lazy\" class=\"size-full wp-image-82448\" src=\"https:\/\/www.uv.mx\/prensa\/files\/2020\/04\/020420-LIBRO-SEA-2.jpg\" alt=\"\" width=\"722\" height=\"529\" srcset=\"https:\/\/www.uv.mx\/prensa\/files\/2020\/04\/020420-LIBRO-SEA-2.jpg 722w, https:\/\/www.uv.mx\/prensa\/files\/2020\/04\/020420-LIBRO-SEA-2-300x220.jpg 300w\" sizes=\"(max-width: 722px) 100vw, 722px\" \/><\/a><p id=\"caption-attachment-82448\" class=\"wp-caption-text\">Jos\u00e9 Luis Mart\u00ednez Su\u00e1rez, director general del \u00c1rea Acad\u00e9mica de Humanidades, felicit\u00f3 a los realizadores y participantes<\/p><\/div>\n<p><span data-contrast=\"auto\">\u201c<\/span><span data-contrast=\"auto\">Desarrollo de la creatividad en la dimensi\u00f3n did\u00e1ctica de la pr\u00e1ctica docente<\/span><span data-contrast=\"auto\">\u201d<\/span><span data-contrast=\"auto\">, es el tema del siguiente cap\u00edtulo, expuesto por Gabriela <\/span><span data-contrast=\"auto\">Jenifer<\/span><span data-contrast=\"auto\"> Hern\u00e1ndez <\/span><span data-contrast=\"auto\">Hern\u00e1ndez<\/span><span data-contrast=\"auto\">. En \u00e9l<\/span><span data-contrast=\"auto\">, <\/span><span data-contrast=\"auto\">tambi\u00e9n colaboraron Yadira Rivera <\/span><span data-contrast=\"auto\">Ortiz y Rita X\u00f3chitl Roa Cer\u00f3n.<\/span><span data-ccp-props=\"{&quot;201341983&quot;:0,&quot;335559731&quot;:708,&quot;335559739&quot;:160,&quot;335559740&quot;:240}\" data-wac-het=\"1\">\u00a0<\/span><\/p>\n<p><span data-contrast=\"auto\">Posteriormente, Miriam Gonz\u00e1lez Guerrero se refiri\u00f3 al <\/span><span data-contrast=\"auto\">C<\/span><span data-contrast=\"auto\">ap\u00edtulo <\/span><span data-contrast=\"auto\">V<\/span> <span data-contrast=\"auto\">que engloba la tem\u00e1tica <\/span><span data-contrast=\"auto\">\u201c<\/span><span data-contrast=\"auto\">Propuesta de un mecanismo de selecci\u00f3n de personal directivo: Factores psicosociales que dificultan el acceso de las mujeres a puestos de responsabilidad en nivel superior, dentro de las facultades de la UV, zona Xalapa<\/span><span data-contrast=\"auto\">\u201d<\/span><span data-contrast=\"auto\">.<\/span><span data-ccp-props=\"{&quot;201341983&quot;:0,&quot;335559731&quot;:708,&quot;335559739&quot;:160,&quot;335559740&quot;:240}\" data-wac-het=\"1\">\u00a0<\/span><\/p>\n<p><span data-contrast=\"auto\">Anid<\/span> <span data-contrast=\"auto\">Cathy<\/span><span data-contrast=\"auto\"> Hern\u00e1ndez Baruch, acad\u00e9mica del SEA<\/span><span data-contrast=\"auto\"> y compiladora<\/span><span data-contrast=\"auto\">, <\/span><span data-contrast=\"auto\">dio a conocer el contenido del <\/span><span data-contrast=\"auto\">C<\/span><span data-contrast=\"auto\">ap\u00edtulo <\/span><span data-contrast=\"auto\">VI<\/span><span data-contrast=\"auto\">, el cual surgi\u00f3 de un proyecto de investigaci\u00f3n de sus estudios del Doctorado en Educaci\u00f3n, concluido en 2018, y cuyo objetivo fue analizar los principales factores que originan el alto \u00edndice de maternidad en el programa educativo (PE) de Pedagog\u00eda del SEA.<\/span><span data-ccp-props=\"{&quot;201341983&quot;:0,&quot;335559731&quot;:708,&quot;335559739&quot;:160,&quot;335559740&quot;:240}\" data-wac-het=\"1\">\u00a0<\/span><\/p>\n<p><span data-contrast=\"auto\">Enseguida, Iris Ladr\u00f3n de Guevara Hern\u00e1ndez, <\/span><span data-contrast=\"auto\">egresada de la Facultad de Teatro, <\/span><span data-contrast=\"auto\">explic\u00f3 la importancia de su <\/span><span data-contrast=\"auto\">art\u00edculo <\/span><span data-contrast=\"auto\">\u201c<\/span><span data-contrast=\"auto\">La migraci\u00f3n en escena<\/span><span data-contrast=\"auto\">\u201d<\/span><span data-contrast=\"auto\">, que puede leerse dentro del <\/span><span data-contrast=\"auto\">C<\/span><span data-contrast=\"auto\">ap\u00edtulo <\/span><span data-contrast=\"auto\">VII<\/span><span data-contrast=\"auto\">. Trata sobre el proceso creativo de cuatro egresados de esta <\/span><span data-contrast=\"auto\">F<\/span><span data-contrast=\"auto\">acultad para la elaboraci\u00f3n de la obra teatral <\/span><i><span data-contrast=\"auto\">Golondrinas<\/span><\/i><span data-contrast=\"auto\">, de la dramaturga Gabriela Rom\u00e1n Fuentes.<\/span><span data-ccp-props=\"{&quot;201341983&quot;:0,&quot;335559731&quot;:708,&quot;335559739&quot;:160,&quot;335559740&quot;:240}\" data-wac-het=\"1\">\u00a0<\/span><\/p>\n<p><span data-contrast=\"auto\">Al t\u00e9rmino de esta presentaci\u00f3n toc\u00f3 el turno a Juan Pablo Becerra, tambi\u00e9n actor, quien comparti\u00f3 su experiencia dentro de un curso intersemestral en la regi\u00f3n Orizaba<\/span><span data-contrast=\"auto\">&#8211;<\/span><span data-contrast=\"auto\">C\u00f3rdoba<\/span><span data-contrast=\"auto\">, con estudiantes que nunca se hab\u00edan adentrado a la pr\u00e1ctica teatral.<\/span><span data-ccp-props=\"{&quot;201341983&quot;:0,&quot;335559731&quot;:708,&quot;335559739&quot;:160,&quot;335559740&quot;:240}\" data-wac-het=\"1\">\u00a0<\/span><\/p>\n<p><span data-contrast=\"auto\">El C<\/span><span data-contrast=\"auto\">ap\u00edtulo <\/span><span data-contrast=\"auto\">IX <\/span><span data-contrast=\"auto\">tiene que ver con el uso de la plataforma del sistema institucional de tutor\u00edas de la UV, espec\u00edficamente en cuanto al \u00c1rea Acad\u00e9mica Econ\u00f3mico-Administrativo.<\/span><span data-ccp-props=\"{&quot;201341983&quot;:0,&quot;335559731&quot;:708,&quot;335559739&quot;:160,&quot;335559740&quot;:240}\" data-wac-het=\"1\">\u00a0<\/span><\/p>\n<p><span data-contrast=\"auto\">El <\/span><span data-contrast=\"auto\">C<\/span><span data-contrast=\"auto\">ap\u00edtulo <\/span><span data-contrast=\"auto\">X \u201c<\/span><span data-contrast=\"auto\">El Estado y su conceptualizaci\u00f3n<\/span><span data-contrast=\"auto\">\u201d<\/span><span data-contrast=\"auto\">, fue detallado por Ricardo L\u00f3pez <\/span><span data-contrast=\"auto\">Henaine<\/span><span data-contrast=\"auto\">, quien tambi\u00e9n expuso la <\/span><span data-contrast=\"auto\">segunda parte del trabajo anterior, el cual aborda el tema de la sanci\u00f3n administrativa y fiscal, un estudio en el estado de Veracruz donde se han inhabilitado a servidores p\u00fablicos.<\/span><span data-ccp-props=\"{&quot;201341983&quot;:0,&quot;335559731&quot;:708,&quot;335559739&quot;:160,&quot;335559740&quot;:240}\" data-wac-het=\"1\">\u00a0<\/span><\/p>\n<p><span data-contrast=\"auto\">\u00a0Continu\u00f3 \u00c1ngel Francisco V<\/span><span data-contrast=\"auto\">el\u00e1zquez Dom\u00ednguez, con el tema<\/span> <span data-contrast=\"auto\">\u201c<\/span><span data-contrast=\"auto\">Los programas de estudio de Contadur\u00eda y Administraci\u00f3n y el uso de la tecnolog\u00eda actual en <\/span><span data-contrast=\"auto\">el<\/span> <span data-contrast=\"auto\">SEA<\/span><span data-contrast=\"auto\">\u201d<\/span><span data-contrast=\"auto\">, com<\/span><span data-contrast=\"auto\">o parte del C<\/span><span data-contrast=\"auto\">ap\u00edtulo <\/span><span data-contrast=\"auto\">XI<\/span><span data-contrast=\"auto\">; y Sara\u00ed Hern\u00e1ndez Ortiz con <\/span><span data-contrast=\"auto\">\u201c<\/span><span data-contrast=\"auto\">Prevenci\u00f3n de la deserci\u00f3n del estudiante en l\u00ednea<\/span><span data-contrast=\"auto\">: la presencia del facilitador<\/span><span data-contrast=\"auto\">\u201d<\/span><span data-contrast=\"auto\">.<\/span><span data-ccp-props=\"{&quot;201341983&quot;:0,&quot;335559731&quot;:708,&quot;335559739&quot;:160,&quot;335559740&quot;:240}\" data-wac-het=\"1\">\u00a0<\/span><\/p>\n<p><span data-contrast=\"auto\">Sajid<\/span> <span data-contrast=\"auto\">Demian<\/span> <span data-contrast=\"auto\">Lonngi<\/span><span data-contrast=\"auto\"> explic\u00f3 otro de los cap\u00edtulos que habla sobre un modelo relacionado con la integraci\u00f3n de tecnolog\u00edas educativas mediante el aprendizaje flexible.<\/span><span data-ccp-props=\"{&quot;201341983&quot;:0,&quot;335559731&quot;:708,&quot;335559739&quot;:160,&quot;335559740&quot;:240}\" data-wac-het=\"1\">\u00a0<\/span><\/p>\n<p><span data-contrast=\"auto\">La presentaci\u00f3n de cada cap\u00edtulo concluy\u00f3 con el trabajo de <\/span><span data-contrast=\"auto\">Neyra<\/span><span data-contrast=\"auto\"> Rivera Garc\u00eda y Ana Karen Rivera Pantoja, acerca del <\/span><span data-contrast=\"auto\">\u201c<\/span><span data-contrast=\"auto\">Perfil de las competencias digitales de los docentes y alumnos, en el proceso de integraci\u00f3n de las Tecnolog\u00edas de Informaci\u00f3n y Comunicaci\u00f3n (TIC), mediante la TE en la Facultad de Pedagog\u00eda, regi\u00f3n Veracruz<\/span><span data-contrast=\"auto\">\u201d<\/span><span data-contrast=\"auto\">.<\/span><span data-ccp-props=\"{&quot;201341983&quot;:0,&quot;335559731&quot;:708,&quot;335559739&quot;:160,&quot;335559740&quot;:240}\" data-wac-het=\"1\">\u00a0<\/span><\/p>\n<p><span data-contrast=\"auto\">Jos\u00e9 Luis Mart\u00ednez felicit\u00f3 a los realizadores y participantes y dijo que este trabajo recupera en mucho el sentido de transformaci\u00f3n de la UV, sobre todo en el plano humanista.<\/span><span data-ccp-props=\"{&quot;201341983&quot;:0,&quot;335559731&quot;:708,&quot;335559739&quot;:160,&quot;335559740&quot;:240}\" data-wac-het=\"1\">\u00a0<\/span><\/p>\n<p><span data-contrast=\"auto\">En tanto, Arturo Bocardo reconoci\u00f3 la gran variedad de temas plasmados en este <\/span><span data-contrast=\"auto\">volumen<\/span><span data-contrast=\"auto\"> que ata\u00f1en a toda la comunidad universitaria e invita a una lectura \u00e1gil sin que sea mon\u00f3tona.<\/span><span data-ccp-props=\"{&quot;201341983&quot;:0,&quot;335559731&quot;:708,&quot;335559739&quot;:160,&quot;335559740&quot;:240}\" data-wac-het=\"1\">\u00a0<\/span><\/p>\n<p><span data-contrast=\"auto\">Mencion\u00f3 que pese a la contingencia que enfrentamos<\/span><span data-contrast=\"auto\"> y que <\/span><span data-contrast=\"auto\">o<\/span><span data-contrast=\"auto\">bliga a <\/span><span data-contrast=\"auto\">plante<\/span><span data-contrast=\"auto\">ar de forma diferente nuestro escenario, el <\/span><span data-contrast=\"auto\">Covid<\/span><span data-contrast=\"auto\">-19 no podr\u00e1 acabar con el deseo por ense\u00f1ar y transmitir, ni de dar a conocer los proyectos e investigaciones.<\/span><span data-ccp-props=\"{&quot;201341983&quot;:0,&quot;335559731&quot;:708,&quot;335559739&quot;:160,&quot;335559740&quot;:240}\" data-wac-het=\"1\">\u00a0<\/span><\/p>\n<p><span data-contrast=\"auto\">En su oportunidad, Maribel Dom\u00ednguez Basurto, directora de la Facultad de Pedagog\u00eda, regi\u00f3n Xalapa, agradeci\u00f3 al SEA por haber hecho de este libro una producci\u00f3n incluyente en el que colaboran acad\u00e9micas de la entidad <\/span><span data-contrast=\"auto\">universitaria <\/span><span data-contrast=\"auto\">que representa.<\/span><span data-ccp-props=\"{&quot;201341983&quot;:0,&quot;335559731&quot;:708,&quot;335559739&quot;:160,&quot;335559740&quot;:240}\" data-wac-het=\"1\">\u00a0<\/span><\/p>\n<p><span data-contrast=\"auto\">El director del SEA, Miguel Sosa Ruiz<\/span><span data-contrast=\"auto\">,<\/span><span data-contrast=\"auto\"> destac\u00f3 que como parte de este esfuerzo se demuestra una vez m\u00e1s que el libro sigue siendo un medio de comunicaci\u00f3n muy poderoso. \u201cLa difusi\u00f3n y divulgaci\u00f3n del conocimiento no tiene mejor estrategia que este trabajo\u201d.<\/span><span data-ccp-props=\"{&quot;201341983&quot;:0,&quot;335559731&quot;:708,&quot;335559739&quot;:160,&quot;335559740&quot;:240}\" data-wac-het=\"1\">\u00a0<\/span><\/p>\n<p><span data-contrast=\"auto\">Actualmente<\/span><span data-contrast=\"auto\">, <\/span><span data-contrast=\"auto\">la obra<\/span><span data-contrast=\"auto\"> est\u00e1<\/span><span data-contrast=\"auto\"> disponible en <\/span><i><span data-contrast=\"auto\">Amazon<\/span><\/i><span data-contrast=\"auto\"> y en <\/span><i><span data-contrast=\"auto\">Bubok<\/span><\/i><span data-contrast=\"auto\">,<\/span><span data-contrast=\"auto\"> en formato digital e impreso; y en <\/span><i><span data-contrast=\"auto\">Morlis<\/span><\/i> <i><span data-contrast=\"auto\">Books<\/span><\/i><span data-contrast=\"auto\">, s\u00f3<\/span><span data-contrast=\"auto\">lo en digital.<\/span><span data-ccp-props=\"{&quot;201341983&quot;:0,&quot;335559731&quot;:708,&quot;335559739&quot;:160,&quot;335559740&quot;:240}\" data-wac-het=\"1\">\u00a0<\/span><\/p>\n<p><span data-contrast=\"auto\">Esta presentaci\u00f3n tambi\u00e9n fue presenciada por <\/span><span data-contrast=\"auto\">Luis Mario Moncada Gil, director de la Organizaci\u00f3n Teatral de la UV (<\/span><i><span data-contrast=\"auto\">Orteuv<\/span><\/i><span data-contrast=\"auto\">)<\/span><span data-contrast=\"auto\">,<\/span><span data-contrast=\"auto\"> y <\/span><span data-contrast=\"auto\">Gabriela Calles Barradas, secretaria Acad\u00e9mica del SEA<\/span><span data-contrast=\"auto\">.<\/span><span data-ccp-props=\"{&quot;201341983&quot;:0,&quot;335559731&quot;:708,&quot;335559739&quot;:160,&quot;335559740&quot;:240}\" data-wac-het=\"1\">\u00a0<\/span><\/p>\n<div id=\"attachment_82449\" style=\"width: 732px\" class=\"wp-caption aligncenter\"><a href=\"https:\/\/www.uv.mx\/prensa\/files\/2020\/04\/020420-LIBRO-SEA-3.jpg\"><img aria-describedby=\"caption-attachment-82449\" decoding=\"async\" loading=\"lazy\" class=\"size-full wp-image-82449\" src=\"https:\/\/www.uv.mx\/prensa\/files\/2020\/04\/020420-LIBRO-SEA-3.jpg\" alt=\"\" width=\"722\" height=\"530\" srcset=\"https:\/\/www.uv.mx\/prensa\/files\/2020\/04\/020420-LIBRO-SEA-3.jpg 722w, https:\/\/www.uv.mx\/prensa\/files\/2020\/04\/020420-LIBRO-SEA-3-300x220.jpg 300w\" sizes=\"(max-width: 722px) 100vw, 722px\" \/><\/a><p id=\"caption-attachment-82449\" class=\"wp-caption-text\">Sajid Demian Lonngi Reyna moder\u00f3 la presentaci\u00f3n<\/p><\/div>\n","protected":false},"excerpt":{"rendered":"<p>El Covid-19 no podr\u00e1 acabar con el deseo de ense\u00f1ar, transmitir y dar a conocer los proyectos e investigaciones: acad\u00e9micos<\/p>\n","protected":false},"author":1869,"featured_media":82450,"comment_status":"closed","ping_status":"closed","sticky":false,"template":"","format":"standard","meta":[],"categories":[61],"tags":[],"_links":{"self":[{"href":"https:\/\/www.uv.mx\/prensa\/wp-json\/wp\/v2\/posts\/82444"}],"collection":[{"href":"https:\/\/www.uv.mx\/prensa\/wp-json\/wp\/v2\/posts"}],"about":[{"href":"https:\/\/www.uv.mx\/prensa\/wp-json\/wp\/v2\/types\/post"}],"author":[{"embeddable":true,"href":"https:\/\/www.uv.mx\/prensa\/wp-json\/wp\/v2\/users\/1869"}],"replies":[{"embeddable":true,"href":"https:\/\/www.uv.mx\/prensa\/wp-json\/wp\/v2\/comments?post=82444"}],"version-history":[{"count":0,"href":"https:\/\/www.uv.mx\/prensa\/wp-json\/wp\/v2\/posts\/82444\/revisions"}],"wp:featuredmedia":[{"embeddable":true,"href":"https:\/\/www.uv.mx\/prensa\/wp-json\/wp\/v2\/media\/82450"}],"wp:attachment":[{"href":"https:\/\/www.uv.mx\/prensa\/wp-json\/wp\/v2\/media?parent=82444"}],"wp:term":[{"taxonomy":"category","embeddable":true,"href":"https:\/\/www.uv.mx\/prensa\/wp-json\/wp\/v2\/categories?post=82444"},{"taxonomy":"post_tag","embeddable":true,"href":"https:\/\/www.uv.mx\/prensa\/wp-json\/wp\/v2\/tags?post=82444"}],"curies":[{"name":"wp","href":"https:\/\/api.w.org\/{rel}","templated":true}]}}