{"id":82514,"date":"2020-04-07T15:51:04","date_gmt":"2020-04-07T20:51:04","guid":{"rendered":"https:\/\/www.uv.mx\/prensa\/?p=82514"},"modified":"2020-04-08T11:57:24","modified_gmt":"2020-04-08T16:57:24","slug":"uv-elabora-mas-caretas-protectoras-en-coatzacoalcos","status":"publish","type":"post","link":"https:\/\/www.uv.mx\/prensa\/regiones\/coatzacoalcos\/uv-elabora-mas-caretas-protectoras-en-coatzacoalcos\/","title":{"rendered":"UV elabora m\u00e1s caretas protectoras, en Coatzacoalcos"},"content":{"rendered":"<ul>\n<li><em>La Facultad de Ingenier\u00eda ya realiz\u00f3 la primera entrega de caretas protectoras a la Facultad de Medicina, que registra 18 residentes en el IMSS y uno m\u00e1s en el Hospital Civil \u201cValent\u00edn G\u00f3mez Far\u00edas\u201d<\/em><\/li>\n<\/ul>\n<div id=\"attachment_82517\" style=\"width: 732px\" class=\"wp-caption aligncenter\"><a href=\"https:\/\/www.uv.mx\/prensa\/files\/2020\/04\/070420-caretas-Coatza-1.jpg\"><img loading=\"lazy\" decoding=\"async\" aria-describedby=\"caption-attachment-82517\" class=\"size-full wp-image-82517\" src=\"https:\/\/www.uv.mx\/prensa\/files\/2020\/04\/070420-caretas-Coatza-1.jpg\" alt=\"\" width=\"722\" height=\"481\" srcset=\"https:\/\/www.uv.mx\/prensa\/files\/2020\/04\/070420-caretas-Coatza-1.jpg 722w, https:\/\/www.uv.mx\/prensa\/files\/2020\/04\/070420-caretas-Coatza-1-300x200.jpg 300w\" sizes=\"auto, (max-width: 722px) 100vw, 722px\" \/><\/a><p id=\"caption-attachment-82517\" class=\"wp-caption-text\">Autoridades universitarias en la entrega de caretas protectoras<\/p><\/div>\n<p><strong><em>Cecilia Escribano Reyes<\/em><\/strong><\/p>\n<p><strong><em>07\/04\/2020, Coatzacoalcos, Ver.- <\/em><\/strong>La Facultad de Ingenier\u00eda de la Universidad Veracruzana (UV), en la regi\u00f3n Coatzacoalcos-Minatitl\u00e1n, elabora caretas protectoras para los residentes y prestadores de servicio social del \u00c1rea Acad\u00e9mica de Ciencias de la Salud de la regi\u00f3n.<\/p>\n<p>Hugo Noble P\u00e9rez, secretario Acad\u00e9mico Regional, agradeci\u00f3 el compromiso de la Direcci\u00f3n General del \u00c1rea Acad\u00e9mica T\u00e9cnica (DGAAT), a cargo de Eduardo Gasca Herrera, quien impuls\u00f3 la elaboraci\u00f3n de estas caretas protectoras, as\u00ed como a la Facultad de Ingenier\u00eda, <em>campus<\/em> Coatzacoalcos, por el esfuerzo de elaborarlas y ayudar a los estudiantes a protegerse del coronovirus SARS-Cov-2 (Covid-19).<\/p>\n<p>La directora de la Facultad de Ingenier\u00eda, Yanet Antonio Z\u00e1rate, y Hugo Noble P\u00e9rez, realizaron la primera entrega de caretas protectoras a Jos\u00e9 Luis S\u00e1nchez Rom\u00e1n, director de la Facultad de Medicina.<\/p>\n<p>Hasta el momento se han elaborado 37 caretas, se\u00f1al\u00f3 Noble P\u00e9rez, y explic\u00f3 que a la Facultad de Ingenier\u00eda se han sumado dos personas externas para esta actividad: Benjam\u00edn Jim\u00e9nez Gonz\u00e1lez y Carlos Garc\u00eda.<\/p>\n<p>S\u00e1nchez Rom\u00e1n manifest\u00f3 que la Facultad de Medicina tiene 18 residentes en la cl\u00ednica 36 del Instituto Mexicano del Seguro Social (IMSS) quienes est\u00e1n en la sala de urgencias, adem\u00e1s de un residente de medicina interna en el Hospital Civil \u201cValent\u00edn G\u00f3mez Far\u00edas\u201d.<\/p>\n<div id=\"attachment_82516\" style=\"width: 330px\" class=\"wp-caption aligncenter\"><a href=\"https:\/\/www.uv.mx\/prensa\/files\/2020\/04\/070420-caretas-Coatza-2.jpg\"><img loading=\"lazy\" decoding=\"async\" aria-describedby=\"caption-attachment-82516\" class=\"size-full wp-image-82516\" src=\"https:\/\/www.uv.mx\/prensa\/files\/2020\/04\/070420-caretas-Coatza-2.jpg\" alt=\"\" width=\"320\" height=\"480\" srcset=\"https:\/\/www.uv.mx\/prensa\/files\/2020\/04\/070420-caretas-Coatza-2.jpg 320w, https:\/\/www.uv.mx\/prensa\/files\/2020\/04\/070420-caretas-Coatza-2-200x300.jpg 200w\" sizes=\"auto, (max-width: 320px) 100vw, 320px\" \/><\/a><p id=\"caption-attachment-82516\" class=\"wp-caption-text\">Jos\u00e9 Luis S\u00e1nchez Rom\u00e1n, director de la Facultad de Medicina, recibi\u00f3 las caretas protectoras<\/p><\/div>\n<p>El Director de la Facultad de Medicina recalc\u00f3 que la crisis originada por el Covid-19 es un evento extraordinario: \u201cTodos han necesitado capacitarse para el manejo de esta pandemia y, sobre todo, para evitar un contagio y poder dar resultados, as\u00ed que es una fortaleza estar equipados\u201d, dijo.<\/p>\n<p>Explic\u00f3 que para proteger la respiraci\u00f3n hay que usar los cubrebocas; para cara y ojos, las caretas protectoras, mismas que se deben utilizar frente a los pacientes y despu\u00e9s lavarlas.<\/p>\n<p>Fernando Chavarr\u00eda Dom\u00ednguez, acad\u00e9mico de la Facultad de Ingenier\u00eda y responsable de la elaboraci\u00f3n de las caretas protectoras, se\u00f1al\u00f3 que se ha utilizado la tecnolog\u00eda del \u00e1rea de ingenier\u00eda a trav\u00e9s de la impresi\u00f3n 3 D para elaborar los soportes, aunque, explic\u00f3, \u00e9sta \u201cno es una tecnolog\u00eda para fabricar en serie, ya que la duraci\u00f3n de la impresi\u00f3n de cada base es de dos horas\u201d.<\/p>\n<p>Enfatiz\u00f3 que el reto es elaborar 150 caretas, tanto para los residentes de Medicina como para los prestadores de servicio social de las facultades de Enfermer\u00eda, que cuenta con 76 alumnos; de Odontolog\u00eda, con 18, y de la Escuela de Enfermer\u00eda, con 15.<\/p>\n<p>Cabe se\u00f1alar que el lunes 6 de abril se hizo una invitaci\u00f3n al p\u00fablico en general que cuente con impresoras 3 D para que se sume a la elaboraci\u00f3n de las caretas y alcanzar la meta.<\/p>\n<div id=\"attachment_82515\" style=\"width: 584px\" class=\"wp-caption aligncenter\"><a href=\"https:\/\/www.uv.mx\/prensa\/files\/2020\/04\/070420-caretas-Coatza-3.jpg\"><img loading=\"lazy\" decoding=\"async\" aria-describedby=\"caption-attachment-82515\" class=\"size-full wp-image-82515\" src=\"https:\/\/www.uv.mx\/prensa\/files\/2020\/04\/070420-caretas-Coatza-3.jpg\" alt=\"\" width=\"574\" height=\"481\" srcset=\"https:\/\/www.uv.mx\/prensa\/files\/2020\/04\/070420-caretas-Coatza-3.jpg 574w, https:\/\/www.uv.mx\/prensa\/files\/2020\/04\/070420-caretas-Coatza-3-300x251.jpg 300w\" sizes=\"auto, (max-width: 574px) 100vw, 574px\" \/><\/a><p id=\"caption-attachment-82515\" class=\"wp-caption-text\">Se invita a quienes cuenten con impresoras 3D a participar en la elaboraci\u00f3n de las caretas protectoras<\/p><\/div>\n","protected":false},"excerpt":{"rendered":"<p>La Facultad de Ingenier\u00eda ya realiz\u00f3 la primera entrega de caretas protectoras a la Facultad de Medicina, que registra 18 residentes en el IMSS y uno m\u00e1s en el Hospital Civil \u201cValent\u00edn G\u00f3mez Far\u00edas\u201d<\/p>\n","protected":false},"author":1508,"featured_media":82518,"comment_status":"closed","ping_status":"closed","sticky":false,"template":"","format":"standard","meta":{"footnotes":""},"categories":[52,61],"tags":[],"class_list":["post-82514","post","type-post","status-publish","format-standard","has-post-thumbnail","hentry","category-coatzacoalcos","category-banner"],"_links":{"self":[{"href":"https:\/\/www.uv.mx\/prensa\/wp-json\/wp\/v2\/posts\/82514","targetHints":{"allow":["GET"]}}],"collection":[{"href":"https:\/\/www.uv.mx\/prensa\/wp-json\/wp\/v2\/posts"}],"about":[{"href":"https:\/\/www.uv.mx\/prensa\/wp-json\/wp\/v2\/types\/post"}],"author":[{"embeddable":true,"href":"https:\/\/www.uv.mx\/prensa\/wp-json\/wp\/v2\/users\/1508"}],"replies":[{"embeddable":true,"href":"https:\/\/www.uv.mx\/prensa\/wp-json\/wp\/v2\/comments?post=82514"}],"version-history":[{"count":0,"href":"https:\/\/www.uv.mx\/prensa\/wp-json\/wp\/v2\/posts\/82514\/revisions"}],"wp:featuredmedia":[{"embeddable":true,"href":"https:\/\/www.uv.mx\/prensa\/wp-json\/wp\/v2\/media\/82518"}],"wp:attachment":[{"href":"https:\/\/www.uv.mx\/prensa\/wp-json\/wp\/v2\/media?parent=82514"}],"wp:term":[{"taxonomy":"category","embeddable":true,"href":"https:\/\/www.uv.mx\/prensa\/wp-json\/wp\/v2\/categories?post=82514"},{"taxonomy":"post_tag","embeddable":true,"href":"https:\/\/www.uv.mx\/prensa\/wp-json\/wp\/v2\/tags?post=82514"}],"curies":[{"name":"wp","href":"https:\/\/api.w.org\/{rel}","templated":true}]}}