{"id":82740,"date":"2020-04-15T08:00:30","date_gmt":"2020-04-15T13:00:30","guid":{"rendered":"https:\/\/www.uv.mx\/prensa\/?p=82740"},"modified":"2020-04-15T12:38:42","modified_gmt":"2020-04-15T17:38:42","slug":"academico-de-enfermeria-poza-rica-obtiene-el-premio-vanier-cgs","status":"publish","type":"post","link":"https:\/\/www.uv.mx\/prensa\/regiones\/poza-rica\/academico-de-enfermeria-poza-rica-obtiene-el-premio-vanier-cgs\/","title":{"rendered":"Acad\u00e9mico de Enfermer\u00eda UV obtiene el Premio Vanier CGS"},"content":{"rendered":"<ul>\n<li data-leveltext=\"\uf0b7\" data-font=\"Symbol\" data-listid=\"1\" data-aria-posinset=\"1\" data-aria-level=\"1\"><i><span data-contrast=\"none\">Le fue otorgado por la Universidad de Alberta, donde <\/span><\/i><i><span data-contrast=\"none\">Higinio Fern\u00e1ndez S\u00e1nchez<\/span><\/i> <i><span data-contrast=\"none\">cursa el<\/span><\/i> <i><span data-contrast=\"none\">D<\/span><\/i><i><span data-contrast=\"none\">octorado<\/span><\/i><i><span data-contrast=\"none\"> en Enfermer\u00eda<\/span><\/i><span data-ccp-props=\"{&quot;134233117&quot;:true,&quot;134233118&quot;:true,&quot;201341983&quot;:0,&quot;335559740&quot;:240}\">\u00a0<\/span><\/li>\n<li data-leveltext=\"\uf0b7\" data-font=\"Symbol\" data-listid=\"1\" data-aria-posinset=\"2\" data-aria-level=\"1\"><i><span data-contrast=\"none\">Es considerado como uno de los 54 estudiantes m\u00e1s destacados en el pa\u00eds<\/span><\/i><span data-ccp-props=\"{&quot;134233117&quot;:true,&quot;134233118&quot;:true,&quot;201341983&quot;:0,&quot;335559740&quot;:240}\">\u00a0<\/span><\/li>\n<\/ul>\n<div id=\"attachment_82672\" style=\"width: 732px\" class=\"wp-caption aligncenter\"><a href=\"https:\/\/www.uv.mx\/prensa\/files\/2020\/04\/140420-Academico-Poza-Rica-premio.jpg\"><img aria-describedby=\"caption-attachment-82672\" decoding=\"async\" loading=\"lazy\" class=\"size-full wp-image-82672\" src=\"https:\/\/www.uv.mx\/prensa\/files\/2020\/04\/140420-Academico-Poza-Rica-premio.jpg\" alt=\"\" width=\"722\" height=\"481\" srcset=\"https:\/\/www.uv.mx\/prensa\/files\/2020\/04\/140420-Academico-Poza-Rica-premio.jpg 722w, https:\/\/www.uv.mx\/prensa\/files\/2020\/04\/140420-Academico-Poza-Rica-premio-300x200.jpg 300w\" sizes=\"(max-width: 722px) 100vw, 722px\" \/><\/a><p id=\"caption-attachment-82672\" class=\"wp-caption-text\">Higinio Fern\u00e1ndez S\u00e1nchez obtuvo<span data-contrast=\"none\"> el lugar n\u00famero 8 de los 33 estudiantes de todo Canad\u00e1 que participaron en la<\/span><span data-contrast=\"none\"> tercera etapa<\/span><span data-ccp-props=\"{&quot;134233117&quot;:true,&quot;134233118&quot;:true,&quot;201341983&quot;:0,&quot;335559740&quot;:240}\">\u00a0<\/span><\/p><\/div>\n<p><b><i><span data-contrast=\"none\">Alma Celia San Mart\u00edn Cruz<\/span><\/i><\/b><span data-ccp-props=\"{&quot;134233117&quot;:true,&quot;134233118&quot;:true,&quot;201341983&quot;:0,&quot;335559740&quot;:240}\">\u00a0<\/span><\/p>\n<p><b><i><span data-contrast=\"none\">1<\/span><\/i><\/b><b><i><span data-contrast=\"none\">5<\/span><\/i><\/b><b><i><span data-contrast=\"none\">\/04\/20<\/span><\/i><\/b><b><i><span data-contrast=\"none\">20, <\/span><\/i><\/b><b><i><span data-contrast=\"none\">Poza Rica, <\/span><\/i><\/b><b><i><span data-contrast=\"none\">Ver<\/span><\/i><\/b><b><i><span data-contrast=\"none\">.-<\/span><\/i><\/b> <span data-contrast=\"none\">Higinio Fern\u00e1ndez S\u00e1nchez, a<\/span><span data-contrast=\"none\">cad\u00e9mico de la <a href=\"https:\/\/www.uv.mx\/pozarica\/enfermeria\/\" target=\"_blank\" rel=\"noopener noreferrer\">Facultad de Enfermer\u00eda, regi\u00f3n Poza Rica-Tuxpan<\/a>, de la Unive<\/span><span data-contrast=\"none\">rsidad Veracruzana (UV), obtuvo el <\/span><span data-contrast=\"none\">P<\/span><span data-contrast=\"none\">remio <\/span><span data-contrast=\"none\">Vanier<\/span><span data-contrast=\"none\"> CGS otorgado por la Universidad de Alberta,<\/span> <span data-contrast=\"none\">Canad\u00e1<\/span><span data-contrast=\"none\">,<\/span> <span data-contrast=\"none\">gracias a<\/span><span data-contrast=\"none\"> su alto nivel de liderazgo y<\/span> <span data-contrast=\"none\">logro acad\u00e9mico en sus estudios de doctorado.<\/span><span data-ccp-props=\"{&quot;134233117&quot;:true,&quot;134233118&quot;:true,&quot;201341983&quot;:0,&quot;335559740&quot;:240}\">\u00a0<\/span><\/p>\n<p><span data-contrast=\"none\">El programa <\/span><span data-contrast=\"none\">Vanier<\/span> <span data-contrast=\"none\">C<\/span><span data-contrast=\"none\">anada<\/span> <span data-contrast=\"none\">G<\/span><span data-contrast=\"none\">raduate<\/span> <span data-contrast=\"none\">S<\/span><span data-contrast=\"none\">cholarships<\/span><span data-contrast=\"none\"> 2019-2020<\/span><span data-contrast=\"none\"> juega un papel importante en el cumplimiento de la estrategia de <\/span><span data-contrast=\"none\">c<\/span><span data-contrast=\"none\">iencia y <\/span><span data-contrast=\"none\">t<\/span><span data-contrast=\"none\">ecnolog\u00eda de Canad\u00e1<\/span><span data-contrast=\"none\">,<\/span><span data-contrast=\"none\"> que busca promover el desarrollo y aplicaci\u00f3n de conocimiento de vanguardia. <\/span><span data-contrast=\"none\">Vanier<\/span><span data-contrast=\"none\"> CGS tiene como objetivo atraer y retener a los mejores estudiantes del mundo. Cada a\u00f1o, este premio se otorga a estudiantes de doctorado que han demostrado fuertes habilidades de liderazgo y un alto nivel de logro acad\u00e9mico en estudios en ciencias sociales y humanidades, ciencias naturales e ingenier\u00eda, y salud.<\/span><span data-ccp-props=\"{&quot;134233117&quot;:true,&quot;134233118&quot;:true,&quot;201341983&quot;:0,&quot;335559731&quot;:720,&quot;335559740&quot;:240}\">\u00a0<\/span><\/p>\n<p><span data-contrast=\"none\">Este a\u00f1o <\/span><span data-contrast=\"none\">Vanier<\/span><span data-contrast=\"none\"> CGS 2019-2020 recibi\u00f3 179 solicitudes de todas las universi<\/span><span data-contrast=\"none\">dades en Canad\u00e1; sin embargo, s\u00f3<\/span><span data-contrast=\"none\">lo 54 <\/span><span data-contrast=\"none\">obtuvieron <\/span><span data-contrast=\"none\">este prestigioso premio. Para llegar a la competencia nacional cada concursante se someti\u00f3 <\/span><span data-contrast=\"none\">tres veces<\/span> <span data-contrast=\"none\">a evaluaci\u00f3n. En cada una de las fases los concursantes fueron evaluados sobre su trayectoria acad\u00e9mica<\/span><span data-contrast=\"none\">, <\/span><span data-contrast=\"none\">liderazgo en su disciplina y propuesta de investigaci\u00f3n para su doctorado.<\/span><span data-ccp-props=\"{&quot;134233117&quot;:true,&quot;134233118&quot;:true,&quot;201341983&quot;:0,&quot;335559731&quot;:720,&quot;335559740&quot;:240}\">\u00a0<\/span><\/p>\n<p><span data-contrast=\"none\">En la primera fase, la Facultad de Enfermer\u00eda de la Univ<\/span><span data-contrast=\"none\">ersidad de Alberta seleccion\u00f3 a<\/span><span data-contrast=\"none\"> Higinio Fern\u00e1ndezS\u00e1nchez como su mejor candidato.<\/span> <span data-contrast=\"none\">En la segunda fase, Higinio logr\u00f3 ser el n\u00famero ocho de los 33 estudiantes a nivel universidad y fue propuesto para concursar a nivel nacional.<\/span><span data-ccp-props=\"{&quot;134233117&quot;:true,&quot;134233118&quot;:true,&quot;201341983&quot;:0,&quot;335559731&quot;:720,&quot;335559740&quot;:240}\">\u00a0<\/span><\/p>\n","protected":false},"excerpt":{"rendered":"<p>El certamen, organizado por la Universidad de Alberta, Canad\u00e1, recibi\u00f3 179 solicitudes y s\u00f3lo 54 participantes obtuvieron el prestigioso premio, entre ellos Higinio Fern\u00e1ndez S\u00e1nchez<\/p>\n","protected":false},"author":1508,"featured_media":82673,"comment_status":"closed","ping_status":"closed","sticky":false,"template":"","format":"standard","meta":[],"categories":[54,61],"tags":[],"_links":{"self":[{"href":"https:\/\/www.uv.mx\/prensa\/wp-json\/wp\/v2\/posts\/82740"}],"collection":[{"href":"https:\/\/www.uv.mx\/prensa\/wp-json\/wp\/v2\/posts"}],"about":[{"href":"https:\/\/www.uv.mx\/prensa\/wp-json\/wp\/v2\/types\/post"}],"author":[{"embeddable":true,"href":"https:\/\/www.uv.mx\/prensa\/wp-json\/wp\/v2\/users\/1508"}],"replies":[{"embeddable":true,"href":"https:\/\/www.uv.mx\/prensa\/wp-json\/wp\/v2\/comments?post=82740"}],"version-history":[{"count":0,"href":"https:\/\/www.uv.mx\/prensa\/wp-json\/wp\/v2\/posts\/82740\/revisions"}],"wp:featuredmedia":[{"embeddable":true,"href":"https:\/\/www.uv.mx\/prensa\/wp-json\/wp\/v2\/media\/82673"}],"wp:attachment":[{"href":"https:\/\/www.uv.mx\/prensa\/wp-json\/wp\/v2\/media?parent=82740"}],"wp:term":[{"taxonomy":"category","embeddable":true,"href":"https:\/\/www.uv.mx\/prensa\/wp-json\/wp\/v2\/categories?post=82740"},{"taxonomy":"post_tag","embeddable":true,"href":"https:\/\/www.uv.mx\/prensa\/wp-json\/wp\/v2\/tags?post=82740"}],"curies":[{"name":"wp","href":"https:\/\/api.w.org\/{rel}","templated":true}]}}