{"id":82774,"date":"2020-04-17T08:00:37","date_gmt":"2020-04-17T13:00:37","guid":{"rendered":"https:\/\/www.uv.mx\/prensa\/?p=82774"},"modified":"2020-04-16T17:59:02","modified_gmt":"2020-04-16T22:59:02","slug":"pandemia-demostrara-que-la-salud-es-un-privilegio-antonio-lazcano","status":"publish","type":"post","link":"https:\/\/www.uv.mx\/prensa\/entrevista\/pandemia-demostrara-que-la-salud-es-un-privilegio-antonio-lazcano\/","title":{"rendered":"Pandemia demostrar\u00e1 que la salud es un privilegio: Antonio Lazcano\u00a0"},"content":{"rendered":"<ul>\n<li data-leveltext=\"\uf0b7\" data-font=\"Symbol\" data-listid=\"1\" data-aria-posinset=\"1\" data-aria-level=\"1\"><i><span data-contrast=\"auto\">\u201cEstamos entrando a una etapa muy dolorosa de nuestra historia\u201d, expres\u00f3 <\/span><\/i><i><span data-contrast=\"auto\">el <\/span><\/i><i><span data-contrast=\"auto\">reconocido <\/span><\/i><i><span data-contrast=\"auto\">especialista <\/span><\/i><i><span data-contrast=\"auto\">en biolog\u00eda evolutiva<\/span><\/i><span data-ccp-props=\"{&quot;134233279&quot;:true,&quot;201341983&quot;:0,&quot;335559739&quot;:160,&quot;335559740&quot;:240}\">\u00a0<\/span><\/li>\n<li data-leveltext=\"\uf0b7\" data-font=\"Symbol\" data-listid=\"1\" data-aria-posinset=\"2\" data-aria-level=\"1\"><i><span data-contrast=\"auto\">Destac\u00f3 la necesidad de <\/span><\/i><i><span data-contrast=\"auto\">invertir m\u00e1s <\/span><\/i><i><span data-contrast=\"auto\">en e<\/span><\/i><i><span data-contrast=\"auto\">l<\/span><\/i><i><span data-contrast=\"auto\"> sistema de salud y modificar los salarios<\/span><\/i><i><span data-contrast=\"auto\"> del<\/span><\/i><i><span data-contrast=\"auto\"> personal m\u00e9dico, pues no <\/span><\/i><i><span data-contrast=\"auto\">son <\/span><\/i><i><span data-contrast=\"auto\">suficiente<\/span><\/i><i><span data-contrast=\"auto\">s<\/span><\/i><span data-ccp-props=\"{&quot;134233279&quot;:true,&quot;201341983&quot;:0,&quot;335559739&quot;:160,&quot;335559740&quot;:240}\">\u00a0<\/span><\/li>\n<\/ul>\n<p><span data-ccp-props=\"{&quot;201341983&quot;:0,&quot;335559739&quot;:160,&quot;335559740&quot;:240}\">\u00a0<\/span><span data-ccp-props=\"{&quot;201341983&quot;:0,&quot;335559739&quot;:160,&quot;335559740&quot;:240}\">\u00a0<\/span><b><i><\/i><\/b><\/p>\n<div id=\"attachment_82778\" style=\"width: 732px\" class=\"wp-caption aligncenter\"><a href=\"https:\/\/www.uv.mx\/prensa\/files\/2020\/04\/130420-ANTONIO-LAZCANO.jpg\"><img aria-describedby=\"caption-attachment-82778\" decoding=\"async\" loading=\"lazy\" class=\"wp-image-82778 size-full\" src=\"https:\/\/www.uv.mx\/prensa\/files\/2020\/04\/130420-ANTONIO-LAZCANO.jpg\" alt=\"\" width=\"722\" height=\"482\" srcset=\"https:\/\/www.uv.mx\/prensa\/files\/2020\/04\/130420-ANTONIO-LAZCANO.jpg 722w, https:\/\/www.uv.mx\/prensa\/files\/2020\/04\/130420-ANTONIO-LAZCANO-300x200.jpg 300w\" sizes=\"(max-width: 722px) 100vw, 722px\" \/><\/a><p id=\"caption-attachment-82778\" class=\"wp-caption-text\">Antonio Lazcano Araujo, cient\u00edfico y profesor de la UNAM<\/p><\/div>\n<p>&nbsp;<\/p>\n<blockquote><p><span data-contrast=\"auto\">\u201c\u00bfDe d\u00f3nde sali\u00f3 este virus? Cuando se examina la secuencia de su genoma, se comparan sus efectos sobre los humanos y se identifican los modos de transmisi\u00f3n, se vuelve claro que es un virus pariente de una familia mucho mayor: los coronavirus, que pueden \u201cbrincar\u201d de especie en especie\u201d<\/span><span data-ccp-props=\"{&quot;201341983&quot;:0,&quot;335559739&quot;:160,&quot;335559740&quot;:240}\">\u00a0<\/span><\/p><\/blockquote>\n<p><span data-ccp-props=\"{&quot;201341983&quot;:0,&quot;335559739&quot;:160,&quot;335559740&quot;:240}\">\u00a0<\/span><\/p>\n<blockquote><p><span data-contrast=\"auto\">Los virus no pueden crearse como un arma biol\u00f3gica, \u201c<\/span><span data-contrast=\"auto\">es un rumor falso que hace mucho da\u00f1o, porque se traduce en una paranoia que no permite el desarrollo de estrategias de investigaci\u00f3n para controlar la epidemia<\/span><span data-ccp-props=\"{&quot;201341983&quot;:0,&quot;335559739&quot;:160,&quot;335559740&quot;:240}\">\u00a0<\/span><\/p><\/blockquote>\n<p><span data-ccp-props=\"{&quot;201341983&quot;:0,&quot;335559739&quot;:160,&quot;335559740&quot;:240}\">\u00a0<\/span><\/p>\n<p><b><i><span data-contrast=\"auto\">Claudia Peralta V\u00e1zquez<\/span><\/i><\/b><span data-ccp-props=\"{&quot;201341983&quot;:0,&quot;335559739&quot;:160,&quot;335559740&quot;:240}\">\u00a0<\/span><\/p>\n<p><b><i><span data-contrast=\"auto\">1<\/span><\/i><\/b><b><i><span data-contrast=\"auto\">7<\/span><\/i><\/b><b><i><span data-contrast=\"auto\">\/04\/2<\/span><\/i><\/b><b><i><span data-contrast=\"auto\">02<\/span><\/i><\/b><b><i><span data-contrast=\"auto\">0, Xalapa, Ver.- <\/span><\/i><\/b><span data-contrast=\"auto\">Antonio Lazcano Araujo, cient\u00edfico mexicano reconocido por su trabajo en materia de biolog\u00eda evolutiva<\/span><span data-contrast=\"auto\">, pronostic\u00f3 un escenario lamentable para el pa\u00eds a causa de la pandemia por el <\/span><span data-contrast=\"auto\">Covid-19<\/span><span data-contrast=\"auto\">,<\/span><span data-contrast=\"auto\"> pues <\/span><span data-contrast=\"auto\">dif\u00edcilmente<\/span><span data-contrast=\"auto\"> se extinguir\u00e1<\/span><span data-contrast=\"auto\">. Asimismo, dijo que una vez m\u00e1s se demostrar\u00e1 algo absolutamente inaceptable: que la salud es un privilegio de clase.<\/span><span data-ccp-props=\"{&quot;201341983&quot;:0,&quot;335559739&quot;:160,&quot;335559740&quot;:240}\">\u00a0<\/span><\/p>\n<p><span data-contrast=\"auto\">En entrevista para <\/span><i><span data-contrast=\"auto\">Universo<\/span><\/i><span data-contrast=\"auto\">, el especialista de la Universidad Nacional Aut\u00f3noma de M\u00e9xico (UNAM) habl\u00f3 de la ense\u00f1anza que esta contingencia <\/span><span data-contrast=\"auto\">dejar\u00e1<\/span><span data-contrast=\"auto\"> a la naci\u00f3n<\/span><span data-contrast=\"auto\">, as\u00ed como<\/span><span data-contrast=\"auto\"> de la necesidad de una mayor inversi\u00f3n al sistema de salud para promover infraestructura h<\/span><span data-contrast=\"auto\">ospitalaria de primera calidad, personal de salud m\u00e1s entrenado, disponibilidad de vacunas, tratamientos<\/span><span data-contrast=\"auto\">,<\/span><span data-contrast=\"auto\"> medidas preventivas<\/span><span data-contrast=\"auto\"> y<\/span> <span data-contrast=\"auto\">t\u00e9cnicas de vigilancia epidemiol\u00f3gica que funcionen de manera constante.<\/span><span data-ccp-props=\"{&quot;201341983&quot;:0,&quot;335559731&quot;:708,&quot;335559739&quot;:160,&quot;335559740&quot;:240}\">\u00a0<\/span><\/p>\n<p><span data-ccp-props=\"{&quot;201341983&quot;:0,&quot;335559739&quot;:160,&quot;335559740&quot;:240}\">\u00a0<\/span><\/p>\n<p><b><i><span data-contrast=\"auto\">\u00bfCu\u00e1l es su teor\u00eda sobre<\/span><\/i><\/b><b><i><span data-contrast=\"auto\"> la aparici\u00f3n del Covid-19?<\/span><\/i><\/b><span data-ccp-props=\"{&quot;201341983&quot;:0,&quot;335559739&quot;:160,&quot;335559740&quot;:240}\">\u00a0<\/span><\/p>\n<p><span data-contrast=\"auto\">No es que yo <\/span><span data-contrast=\"auto\">tenga una teor\u00eda<\/span><span data-contrast=\"auto\">, pero voy a dividir la respuesta en dos partes. Primero<\/span><span data-contrast=\"auto\">,<\/span> <span data-contrast=\"auto\">\u00bf<\/span><span data-contrast=\"auto\">por<\/span> <span data-contrast=\"auto\">qu\u00e9 <\/span><span data-contrast=\"auto\">h<\/span><span data-contrast=\"auto\">ace pensar que la humanidad se enfrenta y seguir\u00e1 enfrent\u00e1ndose a este tipo de epidemias<\/span><span data-contrast=\"auto\">?<\/span> <span data-contrast=\"auto\">L<\/span><span data-contrast=\"auto\">a respuesta es muy sencilla y<\/span> <span data-contrast=\"auto\">parte de la<\/span><span data-contrast=\"auto\"> historia de la <\/span><span data-contrast=\"auto\">humanidad<\/span><span data-contrast=\"auto\"> misma<\/span><span data-contrast=\"auto\">, en el sentido de que ninguna especie est\u00e1 <\/span><span data-contrast=\"auto\">aislada y<\/span><span data-contrast=\"auto\">,<\/span><span data-contrast=\"auto\"> por lo tanto<\/span><span data-contrast=\"auto\">,<\/span><span data-contrast=\"auto\"> inevitablemente<\/span> <span data-contrast=\"auto\">vamos a tener una relaci\u00f3n con otros grupos biol\u00f3gicos<\/span><span data-contrast=\"auto\">.<\/span><span data-ccp-props=\"{&quot;201341983&quot;:0,&quot;335559739&quot;:160,&quot;335559740&quot;:240}\">\u00a0<\/span><\/p>\n<p><span data-contrast=\"auto\">No hay un solo grupo biol\u00f3gico que no est\u00e9 infectado por virus, la palabra infecci\u00f3n tiene una carga moral incorrecta cuando en realidad las infecciones <\/span><span data-contrast=\"auto\">son<\/span><span data-contrast=\"auto\"> una manera de<\/span><span data-contrast=\"auto\"> persuadirnos simplemente a la interacci\u00f3n en distinto<\/span><span data-contrast=\"auto\">s<\/span><span data-contrast=\"auto\"> grupos.<\/span><span data-ccp-props=\"{&quot;201341983&quot;:0,&quot;335559739&quot;:160,&quot;335559740&quot;:240}\">\u00a0<\/span><\/p>\n<p><span data-contrast=\"auto\">Por ejemplo, si no estuvi\u00e9ramos infectados en el tra<\/span><span data-contrast=\"auto\">c<\/span><span data-contrast=\"auto\">to digestivo al nacer<\/span><span data-contrast=\"auto\">,<\/span><span data-contrast=\"auto\"> no podr\u00edamos digerir alimentos <\/span><span data-contrast=\"auto\">r\u00e1pidamente <\/span><span data-contrast=\"auto\">y tendr\u00edamos una cantidad menor de vitaminas que producen algunos de <\/span><span data-contrast=\"auto\">los componentes del <\/span><span data-contrast=\"auto\">microbioma<\/span><span data-contrast=\"auto\">.<\/span><span data-ccp-props=\"{&quot;201341983&quot;:0,&quot;335559731&quot;:708,&quot;335559739&quot;:160,&quot;335559740&quot;:240}\">\u00a0<\/span><\/p>\n<p><span data-contrast=\"auto\">Esto es inevitable, hay virus con los que hemos coexistido durante mucho tiempo, hay virus que se han metido a nuestro genoma desde hace millones de a\u00f1os y han sido esenciales en la evoluci\u00f3n de los mam\u00edferos placentarios<\/span><span data-contrast=\"auto\">.<\/span><span data-ccp-props=\"{&quot;201341983&quot;:0,&quot;335559731&quot;:708,&quot;335559739&quot;:160,&quot;335559740&quot;:240}\">\u00a0<\/span><\/p>\n<p><span data-contrast=\"auto\">El desarrollo de la <\/span><span data-contrast=\"auto\">placenta est\u00e1 determinado por una red muy compleja de interacci\u00f3n de genes, uno de los cuales es pariente de los genes asociados con la<\/span><span data-contrast=\"auto\">s infecciones de retrovirus como <\/span><span data-contrast=\"auto\">el<\/span><span data-contrast=\"auto\"> S\u00edndrome de Inm<\/span><span data-contrast=\"auto\">unodeficiencia Adquirida (SIDA)<\/span><span data-contrast=\"auto\"> y como los que causan c\u00e1ncer.<\/span><span data-ccp-props=\"{&quot;201341983&quot;:0,&quot;335559731&quot;:708,&quot;335559739&quot;:160,&quot;335559740&quot;:240}\">\u00a0<\/span><\/p>\n<p><span data-contrast=\"auto\">Eso es perfectamente normal, el problema es que de repente nos llegan pat\u00f3genos <\/span><span data-contrast=\"auto\">no necesariamente virales con los que nunca hab\u00edamos estado confrontados y la infecci\u00f3n provocar<\/span><span data-contrast=\"auto\">\u00e1<\/span><span data-contrast=\"auto\"> una perturbaci\u00f3n de las tasas de divisi\u00f3n celular, de metaboli<\/span><span data-contrast=\"auto\">s<\/span><span data-contrast=\"auto\">mo, de uso de las materias primas con las cuales las c\u00e9lulas se est\u00e1n multiplicando.<\/span><span data-ccp-props=\"{&quot;201341983&quot;:0,&quot;335559731&quot;:708,&quot;335559739&quot;:160,&quot;335559740&quot;:240}\">\u00a0<\/span><\/p>\n<p><span data-contrast=\"auto\">Entonces eso se va a traducir en enfermedad, en primer lugar. <\/span><span data-contrast=\"auto\">\u00bf<\/span><span data-contrast=\"auto\">D<\/span><span data-contrast=\"auto\">e <\/span><span data-contrast=\"auto\">d\u00f3nde<\/span><span data-contrast=\"auto\"> sali\u00f3<\/span><span data-contrast=\"auto\"> este virus<\/span><span data-contrast=\"auto\">?<\/span> <span data-contrast=\"auto\">C<\/span><span data-contrast=\"auto\">uando <\/span><span data-contrast=\"auto\">se <\/span><span data-contrast=\"auto\">examina la secuencia de<\/span><span data-contrast=\"auto\"> su<\/span><span data-contrast=\"auto\"> genoma<\/span><span data-contrast=\"auto\">,<\/span> <span data-contrast=\"auto\">se <\/span><span data-contrast=\"auto\">compara<\/span><span data-contrast=\"auto\">n<\/span> <span data-contrast=\"auto\">su<\/span><span data-contrast=\"auto\">s efectos sobre los humanos <\/span><span data-contrast=\"auto\">y se identifican <\/span><span data-contrast=\"auto\">los modos de transmisi\u00f3n, se <\/span><span data-contrast=\"auto\">vuelve claro que es un virus pariente de una familia mucho mayor<\/span><span data-contrast=\"auto\">:<\/span><span data-contrast=\"auto\"> los coronavirus, que pueden <\/span><span data-contrast=\"auto\">\u201c<\/span><span data-contrast=\"auto\">brincar<\/span><span data-contrast=\"auto\">\u201d<\/span><span data-contrast=\"auto\"> de especie en especie.<\/span><span data-ccp-props=\"{&quot;201341983&quot;:0,&quot;335559731&quot;:708,&quot;335559739&quot;:160,&quot;335559740&quot;:240}\">\u00a0<\/span><\/p>\n<p><span data-contrast=\"auto\">Los coronavirus son los virus <\/span><span data-contrast=\"auto\">RNA <\/span><span data-contrast=\"auto\">m\u00e1s grandes <\/span><span data-contrast=\"auto\">que conocemos y tienen una caracter\u00edstica importante<\/span><span data-contrast=\"auto\">:<\/span><span data-contrast=\"auto\"> una enzima que les permite corregir los errores que se dan durante la replicaci\u00f3n, eso les ha permitido desarrollar un tama\u00f1o mayor y<\/span><span data-contrast=\"auto\">,<\/span><span data-contrast=\"auto\"> por lo tanto, codificar m\u00e1s genes.<\/span><span data-ccp-props=\"{&quot;201341983&quot;:0,&quot;335559731&quot;:708,&quot;335559739&quot;:160,&quot;335559740&quot;:240}\">\u00a0<\/span><\/p>\n<p><span data-contrast=\"auto\">Estoy haciendo una descripci\u00f3n muy simplista<\/span><span data-contrast=\"auto\">,<\/span><span data-contrast=\"auto\"> pero v\u00e1lida en buena medida. Mientras m\u00e1s genes se <\/span><span data-contrast=\"auto\">tengan<\/span><span data-contrast=\"auto\"> m\u00e1s compleja ser\u00e1 la biolog\u00eda de un virus o de cualquier entidad biol\u00f3gica.<\/span><span data-ccp-props=\"{&quot;201341983&quot;:0,&quot;335559731&quot;:708,&quot;335559739&quot;:160,&quot;335559740&quot;:240}\">\u00a0<\/span><\/p>\n<p><span data-contrast=\"auto\">Al tener tantos genes, ese virus <\/span><span data-contrast=\"auto\">va a tener un ciclo de replicaci\u00f3n m\u00e1s<\/span><span data-contrast=\"auto\"> complicado<\/span><span data-contrast=\"auto\"> y<\/span><span data-contrast=\"auto\">,<\/span><span data-contrast=\"auto\"> como lo estamos observando, una rapidez de multiplicaci\u00f3n mayor.<\/span><span data-ccp-props=\"{&quot;201341983&quot;:0,&quot;335559731&quot;:708,&quot;335559739&quot;:160,&quot;335559740&quot;:240}\">\u00a0<\/span><\/p>\n<p><span data-ccp-props=\"{&quot;201341983&quot;:0,&quot;335559739&quot;:160,&quot;335559740&quot;:240}\">\u00a0<\/span><\/p>\n<p><b><i><span data-contrast=\"auto\">\u00bfEs por eso que se ha tornado cada vez m\u00e1s agresivo<\/span><\/i><\/b><b><i><span data-contrast=\"auto\">?<\/span><\/i><\/b><span data-ccp-props=\"{&quot;201341983&quot;:0,&quot;335559739&quot;:160,&quot;335559740&quot;:240}\">\u00a0<\/span><\/p>\n<p><span data-contrast=\"auto\">Bueno, la agresividad viene del hecho de que lo estamos confrontando por primera vez<\/span><span data-contrast=\"auto\">. En los<\/span><span data-contrast=\"auto\"> murci\u00e9lagos<\/span><span data-contrast=\"auto\">, que<\/span><span data-contrast=\"auto\"> claramente son parientes muy cercanos de este coronavirus, ha habitado y subsistido durante mucho tiempo, no les produce tantos da\u00f1os porque la selecci\u00f3n natural<\/span><span data-contrast=\"auto\"> y <\/span><span data-contrast=\"auto\">los mecanismos evolutivos<\/span> <span data-contrast=\"auto\">favorecieron <\/span><span data-contrast=\"auto\">una coexistencia en donde el virus no es tan agresivo y los hospederos tienen mecanismos de control.<\/span><span data-ccp-props=\"{&quot;201341983&quot;:0,&quot;335559739&quot;:160,&quot;335559740&quot;:240}\">\u00a0<\/span><\/p>\n<p><span data-contrast=\"auto\">En nuestro caso, llega por primera vez e inevitablemente estamos en el proceso de adaptaci\u00f3n a este nuevo pat\u00f3geno. Ese proceso de adaptaci\u00f3n se ve en la re<\/span><span data-contrast=\"auto\">spuesta de la poblaci\u00f3n humana.<\/span><span data-ccp-props=\"{&quot;201341983&quot;:0,&quot;335559731&quot;:708,&quot;335559739&quot;:160,&quot;335559740&quot;:240}\">\u00a0<\/span><\/p>\n<p><span data-contrast=\"auto\">Hay personas que tienen enfermedades subyacentes, cardiopat\u00edas, que han fumado mucho<\/span><span data-contrast=\"auto\">, inmunodeprimidos, diab\u00e9ticos, y los efectos son devastadores<\/span><span data-contrast=\"auto\">;<\/span><span data-contrast=\"auto\"> mientras que para la gente <\/span><span data-contrast=\"auto\">en <\/span><span data-contrast=\"auto\">promedio<\/span> <span data-contrast=\"auto\">\u2013<\/span><span data-contrast=\"auto\">de menos de 50 a\u00f1os que est\u00e9 sana<\/span><span data-contrast=\"auto\">\u2013<\/span><span data-contrast=\"auto\"> la infecci\u00f3n no les provoca nada.<\/span><span data-ccp-props=\"{&quot;201341983&quot;:0,&quot;335559731&quot;:708,&quot;335559739&quot;:160,&quot;335559740&quot;:240}\">\u00a0<\/span><\/p>\n<p><span data-ccp-props=\"{&quot;201341983&quot;:0,&quot;335559739&quot;:160,&quot;335559740&quot;:240}\">\u00a0<\/span><\/p>\n<p><b><i><span data-contrast=\"auto\">\u00bfEste virus cu\u00e1<\/span><\/i><\/b><b><i><span data-contrast=\"auto\">nto tiempo vivir\u00e1 entre nosotros, lleg\u00f3 para quedarse?<\/span><\/i><\/b><span data-ccp-props=\"{&quot;201341983&quot;:0,&quot;335559739&quot;:160,&quot;335559740&quot;:240}\">\u00a0<\/span><\/p>\n<p><span data-contrast=\"auto\">C<\/span><span data-contrast=\"auto\">reo que se va a quedar para siempre, si uno se da cuenta, salvo el caso de la viruela, los virus siempre se quedan all\u00ed, siguen existiendo los rotavirus, el virus de la polio, cada a\u00f1o confrontamos variantes del virus de la influenza.<\/span><span data-ccp-props=\"{&quot;201341983&quot;:0,&quot;335559739&quot;:160,&quot;335559740&quot;:240}\">\u00a0<\/span><\/p>\n<p><span data-contrast=\"auto\">Los virus RNA no se extinguen, a diferencia de lo que pasa con los trilobites<\/span><span data-contrast=\"auto\"> (artr\u00f3podos extintos)<\/span><span data-contrast=\"auto\"> que ya no vemos, o de los mamuts que dejaron parientes lejanos que son los elefantes, los virus en realidad no se extinguen.<\/span><span data-ccp-props=\"{&quot;201341983&quot;:0,&quot;335559731&quot;:708,&quot;335559739&quot;:160,&quot;335559740&quot;:240}\">\u00a0<\/span><\/p>\n<p><span data-ccp-props=\"{&quot;201341983&quot;:0,&quot;335559739&quot;:160,&quot;335559740&quot;:240}\">\u00a0<\/span><\/p>\n<p><b><i><span data-contrast=\"auto\">\u00bfC<\/span><\/i><\/b><b><i><span data-contrast=\"auto\">u\u00e1les son las medidas para contener una pandemia<\/span><\/i><\/b><b><i><span data-contrast=\"auto\">?<\/span><\/i><\/b><span data-ccp-props=\"{&quot;201341983&quot;:0,&quot;335559739&quot;:160,&quot;335559740&quot;:240}\">\u00a0<\/span><\/p>\n<p><span data-contrast=\"auto\">Una de ellas es desde luego tener vacuna<\/span><span data-contrast=\"auto\">,<\/span><span data-contrast=\"auto\"> pero, por ejemplo, a pesar de que tenemos una contra el sarampi\u00f3n hay gente que no se vacuna por cuestiones ideol\u00f3gicas<\/span><span data-contrast=\"auto\">,<\/span><span data-contrast=\"auto\"> lo cual<\/span><span data-contrast=\"auto\"> representa una amenaza para ellos, para sus hijos y para la poblaci\u00f3n en general.<\/span><span data-ccp-props=\"{&quot;201341983&quot;:0,&quot;335559739&quot;:160,&quot;335559740&quot;:240}\">\u00a0<\/span><\/p>\n<p><span data-contrast=\"auto\">De hecho, para la Organizaci\u00f3n Mundial de la Salud (OMS) esa resistencia a las vacunas es uno de los grandes riesgos para la salud p\u00fablica en estos momentos.<\/span><span data-ccp-props=\"{&quot;201341983&quot;:0,&quot;335559731&quot;:708,&quot;335559739&quot;:160,&quot;335559740&quot;:240}\">\u00a0<\/span><\/p>\n<p><span data-contrast=\"auto\">Luego tenemos las terapias <\/span><span data-contrast=\"auto\">o<\/span><span data-contrast=\"auto\"> mezclas de medicamento<\/span><span data-contrast=\"auto\">s<\/span><span data-contrast=\"auto\"> que pueden <\/span><span data-contrast=\"auto\">ser <\/span><span data-contrast=\"auto\">extraordinariamente efectivos<\/span><span data-contrast=\"auto\">. Hace<\/span><span data-contrast=\"auto\"> 30 a\u00f1os<\/span><span data-contrast=\"auto\">,<\/span><span data-contrast=\"auto\"> una persona <\/span><span data-contrast=\"auto\">con <\/span><span data-contrast=\"auto\">SIDA ten\u00eda una vida cargada de enfermedades, mor\u00eda en poco tiempo, todos vimos la tragedia que signific\u00f3 el perder conocidos, <\/span><span data-contrast=\"auto\">amigos, gente de la que se sab\u00eda que no resist\u00eda la infecci\u00f3n por el Virus de Inmunodeficiencia Humana (VIH).<\/span><span data-ccp-props=\"{&quot;201341983&quot;:0,&quot;335559731&quot;:708,&quot;335559739&quot;:160,&quot;335559740&quot;:240}\">\u00a0<\/span><\/p>\n<p><span data-contrast=\"auto\">Asimismo, <\/span><span data-contrast=\"auto\">est\u00e1 la prevenci\u00f3n<\/span><span data-contrast=\"auto\"> y ya nadie <\/span><span data-contrast=\"auto\">tiene por qu\u00e9 infectarse de SIDA<\/span><span data-contrast=\"auto\">, sabemos c\u00f3mo se transmite y <\/span><span data-contrast=\"auto\">c\u00f3mo <\/span><span data-contrast=\"auto\">evitarl<\/span><span data-contrast=\"auto\">o. De igual forma, <\/span><span data-contrast=\"auto\">la<\/span><span data-contrast=\"auto\">s personas no<\/span><span data-contrast=\"auto\"> tendr\u00eda<\/span><span data-contrast=\"auto\">n<\/span><span data-contrast=\"auto\"> por qu\u00e9 <\/span><span data-contrast=\"auto\">infectarse de <\/span><span data-contrast=\"auto\">coronavirus, sabemos <\/span><span data-contrast=\"auto\">c\u00f3mo<\/span><span data-contrast=\"auto\"> evitar la infecci\u00f3n a trav\u00e9s de<\/span><span data-contrast=\"auto\">l distanciamiento<\/span><span data-contrast=\"auto\"> social, la limpieza extrema y de esa manera vamos aislando al virus, no se trata de aislar a las personas, sino de aislar al virus.<\/span><span data-ccp-props=\"{&quot;201341983&quot;:0,&quot;335559731&quot;:708,&quot;335559739&quot;:160,&quot;335559740&quot;:240}\">\u00a0<\/span><\/p>\n<p><span data-ccp-props=\"{&quot;201341983&quot;:0,&quot;335559739&quot;:160,&quot;335559740&quot;:240}\">\u00a0<\/span><\/p>\n<p><b><i><span data-contrast=\"auto\">\u00bfLos virus pueden crearse como un arma biol\u00f3gica?<\/span><\/i><\/b><span data-ccp-props=\"{&quot;201341983&quot;:0,&quot;335559739&quot;:160,&quot;335559740&quot;:240}\">\u00a0<\/span><\/p>\n<p><span data-contrast=\"auto\">No, eso es un<\/span><span data-contrast=\"auto\">a tonter\u00eda, eso no es posible, \u00e9<\/span><span data-contrast=\"auto\">se es un rumor falso que<\/span><span data-contrast=\"auto\"> ha sido<\/span><span data-contrast=\"auto\"> promo<\/span><span data-contrast=\"auto\">vido y hace mucho da\u00f1o<\/span><span data-contrast=\"auto\">,<\/span><span data-contrast=\"auto\"> porque se traduce en una paranoia que no permite el desarrollo de estrategias de investigaci\u00f3n para controlar la epidemia.<\/span><span data-ccp-props=\"{&quot;201341983&quot;:0,&quot;335559739&quot;:160,&quot;335559740&quot;:240}\">\u00a0<\/span><\/p>\n<p><span data-ccp-props=\"{&quot;201341983&quot;:0,&quot;335559739&quot;:160,&quot;335559740&quot;:240}\">\u00a0<\/span><\/p>\n<p><b><i><span data-contrast=\"auto\">\u00bfQu\u00e9 ense\u00f1anza <\/span><\/i><\/b><b><i><span data-contrast=\"auto\">deja este virus a la humanidad?<\/span><\/i><\/b><span data-ccp-props=\"{&quot;201341983&quot;:0,&quot;335559739&quot;:160,&quot;335559740&quot;:240}\">\u00a0<\/span><\/p>\n<p><span data-contrast=\"auto\">Q<\/span><span data-contrast=\"auto\">ue es necesaria una inversi\u00f3n en salud p\u00fablica para que todos los sectores de <\/span><span data-contrast=\"auto\">l<\/span><span data-contrast=\"auto\">a sociedad est\u00e9n protegidos. Salud p\u00fablica quiere decir hospitales de primera calidad, personal de salud m\u00e1s entrenado, disponibilidad de vacunas<\/span><span data-contrast=\"auto\">, <\/span><span data-contrast=\"auto\">tratamiento y medidas preventivas.<\/span><span data-ccp-props=\"{&quot;201341983&quot;:0,&quot;335559739&quot;:160,&quot;335559740&quot;:240}\">\u00a0<\/span><\/p>\n<p><span data-contrast=\"auto\">Otra de las grandes<\/span><span data-contrast=\"auto\"> lecciones es desarrollar t\u00e9cnicas de vigilancia epidemiol\u00f3gica que funcio<\/span><span data-contrast=\"auto\">nen<\/span><span data-contrast=\"auto\"> de manera constante. Esto es una idea que mucho<\/span><span data-contrast=\"auto\">s<\/span> <span data-contrast=\"auto\">infect\u00f3logos<\/span><span data-contrast=\"auto\"> y vir\u00f3logos han propuesto desde hace mucho tiempo<\/span><span data-contrast=\"auto\">, se<\/span><span data-contrast=\"auto\"> refiere a estar atentos a todos los brotes y de inmediato caracterizarlos.<\/span><span data-ccp-props=\"{&quot;201341983&quot;:0,&quot;335559739&quot;:160,&quot;335559740&quot;:240}\">\u00a0<\/span><\/p>\n<p><span data-contrast=\"auto\">Por otra parte, debemos darnos cuenta <\/span><span data-contrast=\"auto\">que los gobiernos<\/span><span data-contrast=\"auto\"> y<\/span><span data-contrast=\"auto\"> las fundaciones privadas <\/span><span data-contrast=\"auto\">est\u00e1<\/span><span data-contrast=\"auto\">n obligados<\/span><span data-contrast=\"auto\"> a trabajar en conjunto<\/span><span data-contrast=\"auto\">.<\/span><span data-ccp-props=\"{&quot;201341983&quot;:0,&quot;335559739&quot;:160,&quot;335559740&quot;:240}\">\u00a0<\/span><\/p>\n<p><span data-contrast=\"auto\">Una lecci\u00f3n m\u00e1s es la reacci\u00f3n<\/span><span data-contrast=\"auto\"> extraordinaria <\/span><span data-contrast=\"auto\">por parte de la <\/span><span data-contrast=\"auto\">comunidad cient\u00edfica ante la pandemia<\/span><span data-contrast=\"auto\">, al compartir de<\/span><span data-contrast=\"auto\"> una manera generosa, abierta y directa la informaci\u00f3n disponible para buscar curas, mejorar los mecanismos de prevenci\u00f3n.<\/span><span data-ccp-props=\"{&quot;201341983&quot;:0,&quot;335559739&quot;:160,&quot;335559740&quot;:240}\">\u00a0<\/span><\/p>\n<p><span data-contrast=\"auto\">A eso habr\u00eda que agregar la necesidad de que la clase pol\u00edtica piense en t\u00e9rminos de bienestar p\u00fablico y no nada m\u00e1s en t\u00e9rminos de votos y en los niveles de aceptaci\u00f3n en las encuestas p\u00fablicas.<\/span><span data-ccp-props=\"{&quot;201341983&quot;:0,&quot;335559739&quot;:160,&quot;335559740&quot;:240}\">\u00a0<\/span><\/p>\n<p><span data-ccp-props=\"{&quot;201341983&quot;:0,&quot;335559739&quot;:160,&quot;335559740&quot;:240}\">\u00a0<\/span><\/p>\n<p><b><i><span data-contrast=\"auto\">\u00bf<\/span><\/i><\/b><b><i><span data-contrast=\"auto\">Son efectivas las medidas impuestas por el gobierno federal y c\u00f3mo ha impactado la reducci\u00f3n al presupuesto <\/span><\/i><\/b><b><i><span data-contrast=\"auto\">de <\/span><\/i><\/b><b><i><span data-contrast=\"auto\">ciencia y tecnolog\u00eda?<\/span><\/i><\/b><span data-ccp-props=\"{&quot;201341983&quot;:0,&quot;335559739&quot;:160,&quot;335559740&quot;:240}\">\u00a0<\/span><\/p>\n<p><span data-contrast=\"auto\">Esto es precisamente un reflejo de los errores de los gobiernos que hemos tenido, el aparato de salud p\u00fablica fue profundamente <\/span><span data-contrast=\"auto\">lastimado en las \u00faltimas d\u00e9cadas por la falta de inversi\u00f3n.<\/span><span data-contrast=\"auto\"> Ahora,<\/span><span data-contrast=\"auto\"> con la llegada de Andr\u00e9s Manuel L\u00f3pez Obrador<\/span><span data-contrast=\"auto\">,<\/span><span data-contrast=\"auto\"> hubo centenares y miles de especialistas que perdieron su empleo en el aparato de salud p\u00fablica.<\/span><span data-ccp-props=\"{&quot;201341983&quot;:0,&quot;335559739&quot;:160,&quot;335559740&quot;:240}\">\u00a0<\/span><\/p>\n<p><span data-contrast=\"auto\">Tambi\u00e9n est\u00e1 el problema de la falta de apoyo que hubo por parte del Consejo Nacional de Ciencia y Tecnolog\u00eda (<\/span><i><span data-contrast=\"auto\">Conacyt<\/span><\/i><span data-contrast=\"auto\">)<\/span><span data-contrast=\"auto\">,<\/span><span data-contrast=\"auto\"> que ha demostrado <\/span><span data-contrast=\"auto\">una insensibilidad al <\/span><span data-contrast=\"auto\">restarle<\/span><span data-contrast=\"auto\"> dinero <\/span><span data-contrast=\"auto\">para investigaci\u00f3n<\/span> <span data-contrast=\"auto\">a la Red Mexicana de Virolog\u00eda<\/span><span data-contrast=\"auto\">,<\/span><span data-contrast=\"auto\"> y luego manteni\u00e9ndose <\/span><span data-contrast=\"auto\">a <\/span><span data-contrast=\"auto\">una distancia <\/span><span data-contrast=\"auto\">\u2013<\/span><span data-contrast=\"auto\">yo <\/span><span data-contrast=\"auto\">dir\u00eda <\/span><span data-contrast=\"auto\">absolutamente irresponsable<\/span><span data-contrast=\"auto\">\u2013<\/span><span data-contrast=\"auto\"> de la pandemia<\/span><span data-contrast=\"auto\">.<\/span><span data-ccp-props=\"{&quot;201341983&quot;:0,&quot;335559739&quot;:160,&quot;335559740&quot;:240}\">\u00a0<\/span><\/p>\n<p><span data-contrast=\"auto\">Hasta que los cient\u00edficos empezamos a protestar, entonces t\u00edmidamente <\/span><span data-contrast=\"auto\">hubo intentos de justificaci\u00f3n <\/span><span data-contrast=\"auto\">acerca de <\/span><span data-contrast=\"auto\">la conducta mostra<\/span><span data-contrast=\"auto\">da por algunas <\/span><span data-contrast=\"auto\">autoridades del <\/span><i><span data-contrast=\"auto\">Conacyt<\/span><\/i><span data-contrast=\"auto\">.<\/span><span data-ccp-props=\"{&quot;201341983&quot;:0,&quot;335559731&quot;:708,&quot;335559739&quot;:160,&quot;335559740&quot;:240}\">\u00a0<\/span><\/p>\n<p><span data-ccp-props=\"{&quot;201341983&quot;:0,&quot;335559739&quot;:160,&quot;335559740&quot;:240}\">\u00a0<\/span><\/p>\n<p><b><i><span data-contrast=\"auto\">\u00bfC\u00f3mo cree que le vaya a<\/span><\/i><\/b><b><i><span data-contrast=\"auto\"> ir a<\/span><\/i><\/b><b><i><span data-contrast=\"auto\"> M\u00e9xico con esta pandemia?<\/span><\/i><\/b><span data-ccp-props=\"{&quot;201341983&quot;:0,&quot;335559739&quot;:160,&quot;335559740&quot;:240}\">\u00a0<\/span><\/p>\n<p><span data-contrast=\"auto\">Mal, creo que estamos entrando a una etapa muy dolorosa de nuestra historia, creo que las perspectivas son malas<\/span><span data-contrast=\"auto\"> y<\/span><span data-contrast=\"auto\"> que el n\u00famero de personas que van a requerir atenci\u00f3n m\u00e9dica en hospitales es enorme.<\/span><span data-ccp-props=\"{&quot;201341983&quot;:0,&quot;335559739&quot;:160,&quot;335559740&quot;:240}\">\u00a0<\/span><\/p>\n<p><span data-contrast=\"auto\">Los sueldos y apoyo que tiene el personal de salud como enfermeras<\/span><span data-contrast=\"auto\"> y<\/span><span data-contrast=\"auto\"> m\u00e9dicos no <\/span><span data-contrast=\"auto\">son<\/span><span data-contrast=\"auto\"> suficiente<\/span><span data-contrast=\"auto\">s<\/span><span data-contrast=\"auto\">, los recursos est\u00e1n concentrados en las grandes ciudades y e<\/span><span data-contrast=\"auto\">l campo va a sufrir enormemente.<\/span> <span data-contrast=\"auto\">C<\/span><span data-contrast=\"auto\">reo que una vez m\u00e1s se va a demostrar lo que sabemos y que es absolutamente inaceptable<\/span><span data-contrast=\"auto\">:<\/span><span data-contrast=\"auto\"> que la salud es un privilegio de clase.<\/span><span data-ccp-props=\"{&quot;201341983&quot;:0,&quot;335559739&quot;:160,&quot;335559740&quot;:240}\">\u00a0<\/span><\/p>\n","protected":false},"excerpt":{"rendered":"<p>\u201cEstamos entrando a una etapa muy dolorosa de nuestra historia\u201d, expres\u00f3 el reconocido especialista en biolog\u00eda evolutiva\u00a0<\/p>\n","protected":false},"author":1869,"featured_media":82779,"comment_status":"closed","ping_status":"closed","sticky":false,"template":"","format":"standard","meta":[],"categories":[13,61],"tags":[],"_links":{"self":[{"href":"https:\/\/www.uv.mx\/prensa\/wp-json\/wp\/v2\/posts\/82774"}],"collection":[{"href":"https:\/\/www.uv.mx\/prensa\/wp-json\/wp\/v2\/posts"}],"about":[{"href":"https:\/\/www.uv.mx\/prensa\/wp-json\/wp\/v2\/types\/post"}],"author":[{"embeddable":true,"href":"https:\/\/www.uv.mx\/prensa\/wp-json\/wp\/v2\/users\/1869"}],"replies":[{"embeddable":true,"href":"https:\/\/www.uv.mx\/prensa\/wp-json\/wp\/v2\/comments?post=82774"}],"version-history":[{"count":0,"href":"https:\/\/www.uv.mx\/prensa\/wp-json\/wp\/v2\/posts\/82774\/revisions"}],"wp:featuredmedia":[{"embeddable":true,"href":"https:\/\/www.uv.mx\/prensa\/wp-json\/wp\/v2\/media\/82779"}],"wp:attachment":[{"href":"https:\/\/www.uv.mx\/prensa\/wp-json\/wp\/v2\/media?parent=82774"}],"wp:term":[{"taxonomy":"category","embeddable":true,"href":"https:\/\/www.uv.mx\/prensa\/wp-json\/wp\/v2\/categories?post=82774"},{"taxonomy":"post_tag","embeddable":true,"href":"https:\/\/www.uv.mx\/prensa\/wp-json\/wp\/v2\/tags?post=82774"}],"curies":[{"name":"wp","href":"https:\/\/api.w.org\/{rel}","templated":true}]}}