{"id":82792,"date":"2020-04-18T07:59:18","date_gmt":"2020-04-18T12:59:18","guid":{"rendered":"https:\/\/www.uv.mx\/prensa\/?p=82792"},"modified":"2020-04-21T14:20:02","modified_gmt":"2020-04-21T19:20:02","slug":"sea-refuerza-la-modalidad-virtual-como-metodo-de-ensenanza","status":"publish","type":"post","link":"https:\/\/www.uv.mx\/prensa\/banner\/sea-refuerza-la-modalidad-virtual-como-metodo-de-ensenanza\/","title":{"rendered":"SEA refuerza la modalidad virtual como m\u00e9todo de ense\u00f1anza"},"content":{"rendered":"<ul>\n<li data-leveltext=\"\uf0b7\" data-font=\"Symbol\" data-listid=\"2\" data-aria-posinset=\"1\" data-aria-level=\"1\"><i><span data-contrast=\"auto\">P<\/span><\/i><i><span data-contrast=\"auto\">rofesores de la Facultad de Pedagog\u00eda hacen uso diario de la tecnolog\u00eda remota<\/span><\/i><i><span data-contrast=\"auto\">, principalmente durante esta contingencia<\/span><\/i><span data-ccp-props=\"{&quot;134233279&quot;:true,&quot;201341983&quot;:0,&quot;335559739&quot;:160,&quot;335559740&quot;:240}\">\u00a0<\/span><\/li>\n<li data-leveltext=\"\uf0b7\" data-font=\"Symbol\" data-listid=\"2\" data-aria-posinset=\"2\" data-aria-level=\"1\"><i><span data-contrast=\"auto\">Los estudiantes <\/span><\/i><i><span data-contrast=\"auto\">ya <\/span><\/i><i><span data-contrast=\"auto\">est\u00e1n formados y capacitados <\/span><\/i><i><span data-contrast=\"auto\">bajo esta modalidad y han respondido favorablemente<\/span><\/i><span data-ccp-props=\"{&quot;134233279&quot;:true,&quot;201341983&quot;:0,&quot;335559739&quot;:160,&quot;335559740&quot;:240}\">\u00a0<\/span><\/li>\n<li data-leveltext=\"\uf0b7\" data-font=\"Symbol\" data-listid=\"2\" data-aria-posinset=\"3\" data-aria-level=\"1\"><i><span data-contrast=\"auto\">Aunado a esto se les debe brindar acompa\u00f1amiento, motivarlos y sensibilizarlos<\/span><\/i><span data-ccp-props=\"{&quot;134233279&quot;:true,&quot;201341983&quot;:0,&quot;335559739&quot;:160,&quot;335559740&quot;:240}\">\u00a0<\/span><\/li>\n<\/ul>\n<div id=\"attachment_82791\" style=\"width: 732px\" class=\"wp-caption aligncenter\"><a href=\"https:\/\/www.uv.mx\/prensa\/files\/2020\/04\/150420-SEA-1.jpg\"><img aria-describedby=\"caption-attachment-82791\" decoding=\"async\" loading=\"lazy\" class=\"size-full wp-image-82791\" src=\"https:\/\/www.uv.mx\/prensa\/files\/2020\/04\/150420-SEA-1.jpg\" alt=\"\" width=\"722\" height=\"481\" srcset=\"https:\/\/www.uv.mx\/prensa\/files\/2020\/04\/150420-SEA-1.jpg 722w, https:\/\/www.uv.mx\/prensa\/files\/2020\/04\/150420-SEA-1-300x200.jpg 300w\" sizes=\"(max-width: 722px) 100vw, 722px\" \/><\/a><p id=\"caption-attachment-82791\" class=\"wp-caption-text\">Anid Hern\u00e1ndez y Susana Garc\u00eda, acad\u00e9micas del SEA<\/p><\/div>\n<p><b><i><span data-contrast=\"auto\">Claudia Peralta V\u00e1zquez<\/span><\/i><\/b><span data-ccp-props=\"{&quot;201341983&quot;:0,&quot;335559739&quot;:160,&quot;335559740&quot;:240}\">\u00a0<\/span><\/p>\n<p><b><i><span data-contrast=\"auto\">18\/04\/20<\/span><\/i><\/b><b><i><span data-contrast=\"auto\">20<\/span><\/i><\/b><b><i><span data-contrast=\"auto\">, Xalapa, Ver.- <\/span><\/i><\/b><span data-contrast=\"auto\">Acad\u00e9micos de la <a href=\"https:\/\/www.uv.mx\/pedagogia\/\" target=\"_blank\" rel=\"noopener noreferrer\">Facultad de Pedagog\u00eda<\/a> del Sistema de Ense\u00f1anza Abiert<\/span><span data-contrast=\"auto\">a (SEA) de la Universidad Veracruzana (UV)<\/span> <span data-contrast=\"auto\">han reforzado sus m\u00e9todos de ense\u00f1anza para garantizar la conclusi\u00f3n del curso en tiempo y forma pese a la cancelaci\u00f3n de clases presenciales por el Covid-19, lo cual implica el uso de tecnolog\u00edas remotas e institucionales como <\/span><i><span data-contrast=\"auto\">Eminus<\/span><\/i><span data-contrast=\"auto\">.<\/span><span data-ccp-props=\"{&quot;201341983&quot;:0,&quot;335559739&quot;:160,&quot;335559740&quot;:240}\">\u00a0<\/span><\/p>\n<p><span data-contrast=\"auto\">Anid<\/span> <span data-contrast=\"auto\">Cathy<\/span><span data-contrast=\"auto\"> Hern\u00e1ndez Baruch<\/span><span data-contrast=\"auto\">, acad\u00e9mica de esta entidad, coment\u00f3 que esta contingencia <\/span><span data-contrast=\"auto\">los <\/span><span data-contrast=\"auto\">oblig\u00f3 a ejercer de forma virtual la propuesta <\/span><span data-contrast=\"auto\">de intervenci\u00f3n educativa que debi\u00f3 haber sido presencial.<\/span><span data-ccp-props=\"{&quot;201341983&quot;:0,&quot;335559731&quot;:708,&quot;335559739&quot;:160,&quot;335559740&quot;:240}\">\u00a0<\/span><\/p>\n<p><span data-contrast=\"auto\">La profesora de experiencias educativas (EE) relacionadas con la <\/span><span data-contrast=\"auto\">investigaci\u00f3n, experiencia <\/span><span data-contrast=\"auto\">recepcional<\/span><span data-contrast=\"auto\">, desarrollo de investigaciones, proyecto de servicios educativos<\/span><span data-contrast=\"auto\">, entre otras, expuso que en <\/span><span data-contrast=\"auto\">el<\/span><span data-contrast=\"auto\"> SEA trabajan por bloques y cada uno se desarrolla a lo largo de cinco s\u00e1bados.<\/span><span data-ccp-props=\"{&quot;201341983&quot;:0,&quot;335559731&quot;:708,&quot;335559739&quot;:160,&quot;335559740&quot;:240}\">\u00a0<\/span><\/p>\n<p><span data-contrast=\"auto\">Afortunadamente, antes de hacerse oficial la cuarentena, les dio tiempo de establecer determinados acuerdos con los estudiantes. <\/span><span data-contrast=\"auto\">En este caso<\/span><span data-contrast=\"auto\">,<\/span> <i><span data-contrast=\"auto\">Eminus<\/span><\/i><span data-contrast=\"auto\"> representa una plataforma<\/span><span data-contrast=\"auto\"> intuitiva, f\u00e1cil de navegar y explorar<\/span><span data-contrast=\"auto\">.<\/span><span data-ccp-props=\"{&quot;201341983&quot;:0,&quot;335559731&quot;:708,&quot;335559739&quot;:160,&quot;335559740&quot;:240}\">\u00a0<\/span><\/p>\n<p><span data-contrast=\"auto\">No obstante, debe considerarse que <\/span><span data-contrast=\"auto\">no todos los estudiantes <\/span><span data-contrast=\"auto\">y<\/span><span data-contrast=\"auto\"> acad\u00e9micos <\/span><span data-contrast=\"auto\">tienen el mismo nivel de competencias y habilidades tecnol\u00f3gicas.<\/span><span data-ccp-props=\"{&quot;201341983&quot;:0,&quot;335559731&quot;:708,&quot;335559739&quot;:160,&quot;335559740&quot;:240}\">\u00a0<\/span><\/p>\n<p><span data-contrast=\"auto\">Por <\/span><span data-contrast=\"auto\">esta raz\u00f3n, la plataforma de <\/span><i><span data-contrast=\"auto\">Eminus<\/span><\/i><span data-contrast=\"auto\"> trata de emplearse con un lenguaje sencillo<\/span><span data-contrast=\"auto\">,<\/span><span data-contrast=\"auto\"> para lo cual se ha hecho uso de la <\/span><span data-contrast=\"auto\">\u201cG<\/span><span data-contrast=\"auto\">u\u00eda <\/span><span data-contrast=\"auto\">r<\/span><span data-contrast=\"auto\">\u00e1pida<\/span><span data-contrast=\"auto\"> para la <\/span><span data-contrast=\"auto\">v<\/span><span data-contrast=\"auto\">irtualizaci\u00f3n de <\/span><span data-contrast=\"auto\">e<\/span><span data-contrast=\"auto\">xperiencias <\/span><span data-contrast=\"auto\">e<\/span><span data-contrast=\"auto\">ducativas<\/span><span data-contrast=\"auto\">\u201d<\/span><span data-contrast=\"auto\"> de<\/span><span data-contrast=\"auto\"> Alberto Ram\u00edrez <\/span><span data-contrast=\"auto\">Martinell<\/span><span data-contrast=\"auto\">, <\/span><span data-contrast=\"auto\">investigador del Centro de Investigaci\u00f3n e Innovaci\u00f3n en Educaci\u00f3n Superior (CIIES), <\/span><span data-contrast=\"auto\">que muestra de forma sencilla c\u00f3mo habilitar los cursos<\/span><span data-contrast=\"auto\"> y<\/span><span data-contrast=\"auto\"> subir contenidos<\/span><span data-contrast=\"auto\">.<\/span><span data-ccp-props=\"{&quot;201341983&quot;:0,&quot;335559731&quot;:708,&quot;335559739&quot;:160,&quot;335559740&quot;:240}\">\u00a0<\/span><\/p>\n<p><span data-contrast=\"auto\">Hern\u00e1ndez Baruch<\/span><span data-contrast=\"auto\"> destac\u00f3 la gran disponibilidad de los estudiantes a trav\u00e9s de <\/span><span data-contrast=\"auto\">redes sociales, <\/span><i><span data-contrast=\"auto\">WhatsApp<\/span><\/i><span data-contrast=\"auto\">, <\/span><span data-contrast=\"auto\">correo personal<\/span><span data-contrast=\"auto\">,<\/span><span data-contrast=\"auto\"> institucional<\/span><span data-contrast=\"auto\"> y <\/span><span data-contrast=\"auto\">videoclases<\/span><span data-contrast=\"auto\">. <\/span><span data-contrast=\"auto\">\u201cEstoy convencida de que los j\u00f3venes que tienen el inter\u00e9s de estudiar<\/span><span data-contrast=\"auto\"> y aprender<\/span><span data-contrast=\"auto\"> van a cumplir con sus tareas<\/span><span data-contrast=\"auto\">\u201d.<\/span><span data-ccp-props=\"{&quot;201341983&quot;:0,&quot;335559739&quot;:160,&quot;335559740&quot;:240}\">\u00a0<\/span><\/p>\n<p><span data-contrast=\"auto\">Tambi\u00e9n, resalt\u00f3 que durante este proceso de ense\u00f1anza en l\u00ednea, el profesor o facilitador juega un papel importante en la parte motivacional<\/span><span data-contrast=\"auto\">, pues debe brindarle <\/span><span data-contrast=\"auto\">acompa\u00f1amiento <\/span><span data-contrast=\"auto\">al alumno<\/span><span data-contrast=\"auto\">,<\/span><span data-contrast=\"auto\"> sensibilizarlo y estar pendiente <\/span><span data-contrast=\"auto\">de sus dudas e <\/span><span data-contrast=\"auto\">inquietudes<\/span><span data-contrast=\"auto\">, <\/span><span data-contrast=\"auto\">as\u00ed<\/span><span data-contrast=\"auto\"> como <\/span><span data-contrast=\"auto\">procurar que no se sienta abandonado.<\/span><span data-ccp-props=\"{&quot;201341983&quot;:0,&quot;335559731&quot;:708,&quot;335559739&quot;:160,&quot;335559740&quot;:240}\">\u00a0<\/span><\/p>\n<p><span data-contrast=\"auto\">Por su parte, <\/span><span data-contrast=\"auto\">Sajid<\/span> <span data-contrast=\"auto\">Demian<\/span> <span data-contrast=\"auto\">Lonngi<\/span><span data-contrast=\"auto\"> Reyna<\/span><span data-contrast=\"auto\"> dio a conocer que desde hace varios a\u00f1os implement\u00f3 un modelo flexible que permite a los estudiantes de este sistema presencial abiert<\/span><span data-contrast=\"auto\">o<\/span><span data-contrast=\"auto\"> seguir sus clases desde cualquier lugar por medio de plataformas tecnol\u00f3gicas como celulares y computadoras.<\/span><span data-ccp-props=\"{&quot;201341983&quot;:0,&quot;335559731&quot;:708,&quot;335559739&quot;:160,&quot;335559740&quot;:240}\">\u00a0<\/span><\/p>\n<p><span data-contrast=\"auto\">\u201cDoy mis clases, algunos las toman en ese momento, desde cualquier lugar o en el sal\u00f3n de clases, y otros la consultan en <\/span><i><span data-contrast=\"auto\">Yo<\/span><\/i><i><span data-contrast=\"auto\">uTube<\/span><\/i><span data-contrast=\"auto\"> en el momento que deseen.\u201d<\/span><span data-ccp-props=\"{&quot;201341983&quot;:0,&quot;335559739&quot;:160,&quot;335559740&quot;:240}\">\u00a0<\/span><\/p>\n<p><span data-contrast=\"auto\">Asimismo, d<\/span><span data-contrast=\"auto\">urante la semana<\/span><span data-contrast=\"auto\"> otorga <\/span><span data-contrast=\"auto\">atenci\u00f3n y asesor\u00eda en donde utilizan otro tipo de herramientas como<\/span><span data-contrast=\"auto\">:<\/span><span data-contrast=\"auto\"> videoconferencias, <\/span><i><span data-contrast=\"auto\">WhatsApp<\/span><\/i><span data-contrast=\"auto\"> o <\/span><i><span data-contrast=\"auto\">Telegram<\/span><\/i><span data-contrast=\"auto\">, lo cual ha aplicado durante esta contingencia.<\/span><span data-ccp-props=\"{&quot;201341983&quot;:0,&quot;335559739&quot;:160,&quot;335559740&quot;:240}\">\u00a0<\/span><\/p>\n<p><span data-contrast=\"auto\">\u201cMis estudiantes est\u00e1n formados y capacitados<\/span><span data-contrast=\"auto\">, por lo tanto<\/span><span data-contrast=\"auto\">,<\/span> <span data-contrast=\"auto\">han podido dar continuidad a las clases f\u00e1cilmente<\/span><span data-contrast=\"auto\">.\u201d<\/span><span data-ccp-props=\"{&quot;201341983&quot;:0,&quot;335559739&quot;:160,&quot;335559740&quot;:240}\">\u00a0<\/span><\/p>\n<div id=\"attachment_82793\" style=\"width: 488px\" class=\"wp-caption aligncenter\"><a href=\"https:\/\/www.uv.mx\/prensa\/files\/2020\/04\/150420-SEA-2.jpg\"><img aria-describedby=\"caption-attachment-82793\" decoding=\"async\" loading=\"lazy\" class=\"size-full wp-image-82793\" src=\"https:\/\/www.uv.mx\/prensa\/files\/2020\/04\/150420-SEA-2.jpg\" alt=\"\" width=\"478\" height=\"481\" srcset=\"https:\/\/www.uv.mx\/prensa\/files\/2020\/04\/150420-SEA-2.jpg 478w, https:\/\/www.uv.mx\/prensa\/files\/2020\/04\/150420-SEA-2-298x300.jpg 298w, https:\/\/www.uv.mx\/prensa\/files\/2020\/04\/150420-SEA-2-150x150.jpg 150w, https:\/\/www.uv.mx\/prensa\/files\/2020\/04\/150420-SEA-2-120x120.jpg 120w\" sizes=\"(max-width: 478px) 100vw, 478px\" \/><\/a><p id=\"caption-attachment-82793\" class=\"wp-caption-text\">Sajid Demian Lonngi Reyna<\/p><\/div>\n<p><span data-contrast=\"auto\">El acad\u00e9mico<\/span><span data-contrast=\"auto\">,<\/span><span data-contrast=\"auto\"> quien imparte diversas EE tales como: <\/span><span data-contrast=\"auto\">Tecnolog\u00edas de la Informaci\u00f3n y Comunicaci\u00f3n (TIC), Psicolog\u00eda, <\/span><span data-contrast=\"auto\">e <\/span><span data-contrast=\"auto\">Investigaci\u00f3n, <\/span><span data-contrast=\"auto\">y tiene a su cargo alrededor de 40 estudiantes, confi\u00f3 en la conclusi\u00f3n del curso en tiempo y forma <\/span><span data-contrast=\"auto\">una vez que se retomen las clases.<\/span><span data-ccp-props=\"{&quot;201341983&quot;:0,&quot;335559739&quot;:160,&quot;335559740&quot;:240}\">\u00a0<\/span><\/p>\n<p><span data-contrast=\"auto\">Lonngi<\/span><span data-contrast=\"auto\"> Reyna record\u00f3 que una situaci\u00f3n similar a \u00e9sta le toc\u00f3 enfrentar con la <\/span><span data-contrast=\"auto\">pandemia de la influenza (<\/span><span data-contrast=\"auto\">A-<\/span><span data-contrast=\"auto\">H1N1) en 2009, <\/span><span data-contrast=\"auto\">pues<\/span> <span data-contrast=\"auto\">tambi\u00e9n tuvo que <\/span><span data-contrast=\"auto\">implementar<\/span><span data-contrast=\"auto\"> determinadas<\/span> <span data-contrast=\"auto\">medidas. Lo mismo ha hecho ante <\/span><span data-contrast=\"auto\">la <\/span><span data-contrast=\"auto\">suspensi\u00f3n de clases por <\/span><span data-contrast=\"auto\">cuestiones climatol\u00f3gicas<\/span><span data-contrast=\"auto\">;<\/span><span data-contrast=\"auto\"> es decir, se ha adaptado a estas alternativas, las ha aplicado, investigado y mejorado con el paso del tiempo.<\/span><span data-ccp-props=\"{&quot;201341983&quot;:0,&quot;335559739&quot;:160,&quot;335559740&quot;:240}\">\u00a0<\/span><\/p>\n<p><span data-contrast=\"auto\">En tanto, <\/span><span data-contrast=\"auto\">Susana Garc\u00eda Aguilar<\/span><span data-contrast=\"auto\">,<\/span><span data-contrast=\"auto\"> quien imparte las EE <\/span><span data-contrast=\"auto\">T\u00e9cnicas de <\/span><span data-contrast=\"auto\">A<\/span><span data-contrast=\"auto\">n\u00e1lisis <\/span><span data-contrast=\"auto\">I<\/span><span data-contrast=\"auto\">nterpretativo<\/span><span data-contrast=\"auto\"> y<\/span><span data-contrast=\"auto\"> Proyecto de <\/span><span data-contrast=\"auto\">O<\/span><span data-contrast=\"auto\">rientaci\u00f3n <\/span><span data-contrast=\"auto\">E<\/span><span data-contrast=\"auto\">ducativa <\/span><span data-contrast=\"auto\">V<\/span><span data-contrast=\"auto\">inculada a la <\/span><span data-contrast=\"auto\">C<\/span><span data-contrast=\"auto\">omunidad<\/span><span data-contrast=\"auto\">, comparti\u00f3 que ha<\/span><span data-contrast=\"auto\"> utilizado <\/span><i><span data-contrast=\"auto\">Eminus<\/span><\/i><span data-contrast=\"auto\"> como un apoyo <\/span><span data-contrast=\"auto\">para<\/span><span data-contrast=\"auto\"> el aprendizaje, <\/span><span data-contrast=\"auto\">ya que a trav\u00e9s de esta plataforma hace <\/span><span data-contrast=\"auto\">evaluaciones, actividades, foros con videos de <\/span><i><span data-contrast=\"auto\">YouTube<\/span><\/i><span data-contrast=\"auto\"> relacionados con la tem\u00e1tica que abordar\u00e1 durante la semana.<\/span><span data-ccp-props=\"{&quot;201341983&quot;:0,&quot;335559739&quot;:160,&quot;335559740&quot;:240}\">\u00a0<\/span><\/p>\n<p><span data-contrast=\"auto\">\u201c<\/span><span data-contrast=\"auto\">Ellos participan en los foros, comentan los videos<\/span><span data-contrast=\"auto\">,<\/span><span data-contrast=\"auto\"> hacen preguntas detonadoras y entre todos los integrantes responde<\/span><span data-contrast=\"auto\">n,<\/span><span data-contrast=\"auto\"> se enriquecen;<\/span><span data-contrast=\"auto\"> esto se refuerza con <\/span><span data-contrast=\"auto\">art\u00edculos<\/span><span data-contrast=\"auto\">, investigaciones<\/span><span data-contrast=\"auto\"> y libros disponibles en la <\/span><i><span data-contrast=\"auto\">web<\/span><\/i><span data-contrast=\"auto\">.<\/span><span data-contrast=\"auto\">\u201d<\/span><span data-ccp-props=\"{&quot;201341983&quot;:0,&quot;335559731&quot;:708,&quot;335559739&quot;:160,&quot;335559740&quot;:240}\">\u00a0<\/span><\/p>\n<p><span data-contrast=\"auto\">Recalc\u00f3 que los alumnos est\u00e1n muy familiarizados con esta modalidad, no se les dificulta transitar, pues <\/span><span data-contrast=\"auto\">el<\/span><span data-contrast=\"auto\"> SEA es una entidad que se <\/span><span data-contrast=\"auto\">caracteriza porque sus estudiantes tienen otras actividades<\/span><span data-contrast=\"auto\"> entre semana, <\/span><span data-contrast=\"auto\">la mayor\u00eda traba<\/span><span data-contrast=\"auto\">ja o cursa otra licenciatura.<\/span><span data-ccp-props=\"{&quot;201341983&quot;:0,&quot;335559731&quot;:708,&quot;335559739&quot;:160,&quot;335559740&quot;:240}\">\u00a0<\/span><\/p>\n<p><span data-contrast=\"auto\">Jeysira<\/span><span data-contrast=\"auto\"> Jacqueline Dorantes<\/span> <span data-contrast=\"auto\">Carri\u00f3n<\/span><span data-contrast=\"auto\">, <\/span><span data-contrast=\"auto\">quien es <\/span><span data-contrast=\"auto\">d<\/span><span data-contrast=\"auto\">octora en Pedagog\u00eda por la Universidad Nacional Aut\u00f3noma de M\u00e9xico (UNAM)<\/span><span data-contrast=\"auto\"> y <\/span><span data-contrast=\"auto\">cuyos temas de investigaci\u00f3n <\/span><span data-contrast=\"auto\">son<\/span><span data-contrast=\"auto\">:<\/span><span data-contrast=\"auto\"> el estudio de las representaciones sociales en educaci\u00f3n, violencia escolar y <\/span><i><span data-contrast=\"auto\">cyberbullying<\/span><\/i><span data-contrast=\"auto\">, tambi\u00e9n comparti\u00f3 sus experiencias con las TIC, mismas que aportan un beneficio generalizado.<\/span><span data-ccp-props=\"{&quot;201341983&quot;:0,&quot;335559731&quot;:708,&quot;335559739&quot;:160,&quot;335559740&quot;:240}\">\u00a0<\/span><\/p>\n<p><span data-contrast=\"auto\">\u201c<\/span><span data-contrast=\"auto\">Es una gran ventaja que tiene la<\/span><span data-contrast=\"auto\"> UV<\/span><span data-contrast=\"auto\"> a nivel nacional en comparaci\u00f3n de otras universidades p\u00fablicas en contar con la plataforma <\/span><i><span data-contrast=\"auto\">Eminus<\/span><\/i><i><span data-contrast=\"auto\"> 3<\/span><\/i><span data-contrast=\"auto\">, herramienta tecnol\u00f3gica que permite generar procesos de ense\u00f1anza-aprendizaje de manera virtual a los estudiantes universitarios de las diferentes facultades, \u00e1reas de conocimientos y regiones de la UV.<\/span><span data-contrast=\"auto\">\u201d<\/span><span data-ccp-props=\"{&quot;201341983&quot;:0,&quot;335559731&quot;:708,&quot;335559739&quot;:160,&quot;335559740&quot;:240}\">\u00a0<\/span><\/p>\n<p><span data-contrast=\"auto\">La acad\u00e9mica e investigadora resalt\u00f3 que ha recibido <\/span><span data-contrast=\"auto\">cursos de capacitaci\u00f3n y actualizaci\u00f3n para el uso y manejo de <\/span><span data-contrast=\"auto\">dicha<\/span><span data-contrast=\"auto\"> plataforma<\/span><span data-contrast=\"auto\"> de acceso gratuito, y plante\u00f3 que ser\u00eda ideal que durante esta pandemia <\/span><span data-contrast=\"auto\">todos los <\/span><span data-contrast=\"auto\">universitarios avancen en sus EE por medio de \u00e9sta, as\u00ed como <\/span><span data-contrast=\"auto\">invitar a los acad\u00e9micos a subir sus contenidos<\/span><span data-contrast=\"auto\">.<\/span><span data-ccp-props=\"{&quot;201341983&quot;:0,&quot;335559731&quot;:708,&quot;335559739&quot;:160,&quot;335559740&quot;:240}\">\u00a0<\/span><\/p>\n<p><span data-contrast=\"auto\">\u201c<\/span><span data-contrast=\"auto\">Debemos solidarizarnos, avanza<\/span><span data-contrast=\"auto\">r con los procesos de ense\u00f1anza-<\/span><span data-contrast=\"auto\">aprendizaje de los estudiantes de la UV para que no se atrasen a lo largo del semestre<\/span><span data-contrast=\"auto\">.<\/span><span data-contrast=\"auto\">\u201d<\/span><span data-ccp-props=\"{&quot;201341983&quot;:0,&quot;335559731&quot;:708,&quot;335559739&quot;:160,&quot;335559740&quot;:240}\">\u00a0<\/span><\/p>\n<p><span data-contrast=\"auto\">Actualmente<\/span><span data-contrast=\"auto\">,<\/span><span data-contrast=\"auto\"> la <\/span><span data-contrast=\"auto\">UV<\/span><span data-contrast=\"auto\"> cuenta con otra fortaleza<\/span><span data-contrast=\"auto\">:<\/span> <i><span data-contrast=\"auto\">Eminus<\/span><\/i><i><span data-contrast=\"auto\"> 4<\/span><\/i><span data-contrast=\"auto\">, en donde se ofrecen cursos de car\u00e1cter internacional a sus acad\u00e9micos e investigadores<\/span><span data-contrast=\"auto\">. Uno de ellos fue el de <\/span><span data-contrast=\"auto\">\u201cColaboraciones internacionales <\/span><span data-contrast=\"auto\">v<\/span><span data-contrast=\"auto\">irtuales (Virtual International <\/span><span data-contrast=\"auto\">Collaborations<\/span><span data-contrast=\"auto\">-VIC) Remedial<\/span><span data-contrast=\"auto\">.<\/span><span data-ccp-props=\"{&quot;201341983&quot;:0,&quot;335559731&quot;:708,&quot;335559739&quot;:160,&quot;335559740&quot;:240}\">\u00a0<\/span><\/p>\n<p><span data-contrast=\"auto\">Agreg\u00f3 que para no frenar la actividad acad\u00e9mica, un grupo de profesores se <\/span><span data-contrast=\"auto\">han<\/span><span data-contrast=\"auto\"> reunido<\/span><span data-contrast=\"auto\"> para trabajar desde casa a trav\u00e9s de <\/span><i><span data-contrast=\"auto\">Zoom<\/span><\/i><span data-contrast=\"auto\">, plataforma que permite hacer videoconferencia<\/span><span data-contrast=\"auto\">s aplicadas a asesor\u00edas y <\/span><span data-contrast=\"auto\">video<\/span><span data-contrast=\"auto\">clases<\/span><span data-contrast=\"auto\"> en tiempo real<\/span><span data-contrast=\"auto\">.<\/span><span data-ccp-props=\"{&quot;201341983&quot;:0,&quot;335559731&quot;:708,&quot;335559739&quot;:160,&quot;335559740&quot;:240}\">\u00a0<\/span><\/p>\n<p><span data-contrast=\"auto\">Adem\u00e1s, se pronunci\u00f3 por <\/span><span data-contrast=\"auto\">aprovechar las ventajas de <\/span><span data-contrast=\"auto\">plataformas y <\/span><span data-contrast=\"auto\">de la conectividad a <\/span><span data-contrast=\"auto\">I<\/span><span data-contrast=\"auto\">nternet<\/span><span data-contrast=\"auto\">. \u201cHo<\/span><span data-contrast=\"auto\">y podemos trabajar y estudiar desde cualquier parte del mundo, con personas de diferentes universidades nacionales e internacionales, y compartir el <\/span><span data-contrast=\"auto\">conocimiento, experiencias acad\u00e9micas exitosas, materiales<\/span><span data-contrast=\"auto\"> y<\/span><span data-contrast=\"auto\"> contenidos<\/span><span data-contrast=\"auto\">\u201d.<\/span><span data-ccp-props=\"{&quot;201341983&quot;:0,&quot;335559731&quot;:708,&quot;335559739&quot;:160,&quot;335559740&quot;:240}\">\u00a0<\/span><\/p>\n<div id=\"attachment_82376\" style=\"width: 732px\" class=\"wp-caption aligncenter\"><a href=\"https:\/\/www.uv.mx\/prensa\/files\/2020\/04\/010420-KARINA-Academica-del-CEGUV-100k.jpg\"><img aria-describedby=\"caption-attachment-82376\" decoding=\"async\" loading=\"lazy\" class=\"size-full wp-image-82376\" src=\"https:\/\/www.uv.mx\/prensa\/files\/2020\/04\/010420-KARINA-Academica-del-CEGUV-100k.jpg\" alt=\"\" width=\"722\" height=\"481\" srcset=\"https:\/\/www.uv.mx\/prensa\/files\/2020\/04\/010420-KARINA-Academica-del-CEGUV-100k.jpg 722w, https:\/\/www.uv.mx\/prensa\/files\/2020\/04\/010420-KARINA-Academica-del-CEGUV-100k-300x200.jpg 300w\" sizes=\"(max-width: 722px) 100vw, 722px\" \/><\/a><p id=\"caption-attachment-82376\" class=\"wp-caption-text\">Jeysira Jacqueline Dorantes Carri\u00f3n <span data-contrast=\"auto\"> habl\u00f3 de las ventajas de la plataforma <\/span><i><span data-contrast=\"auto\">Eminus<\/span><\/i><i><span data-contrast=\"auto\"> 3<\/span><\/i><span data-ccp-props=\"{&quot;201341983&quot;:0,&quot;335559739&quot;:160,&quot;335559740&quot;:240}\">\u00a0<\/span><\/p><\/div>\n","protected":false},"excerpt":{"rendered":"<p>Profesores de la Facultad de Pedagog\u00eda hacen uso diario de la tecnolog\u00eda remota, principalmente durante esta contingencia <\/p>\n","protected":false},"author":1508,"featured_media":82790,"comment_status":"closed","ping_status":"closed","sticky":false,"template":"","format":"standard","meta":[],"categories":[61],"tags":[],"_links":{"self":[{"href":"https:\/\/www.uv.mx\/prensa\/wp-json\/wp\/v2\/posts\/82792"}],"collection":[{"href":"https:\/\/www.uv.mx\/prensa\/wp-json\/wp\/v2\/posts"}],"about":[{"href":"https:\/\/www.uv.mx\/prensa\/wp-json\/wp\/v2\/types\/post"}],"author":[{"embeddable":true,"href":"https:\/\/www.uv.mx\/prensa\/wp-json\/wp\/v2\/users\/1508"}],"replies":[{"embeddable":true,"href":"https:\/\/www.uv.mx\/prensa\/wp-json\/wp\/v2\/comments?post=82792"}],"version-history":[{"count":0,"href":"https:\/\/www.uv.mx\/prensa\/wp-json\/wp\/v2\/posts\/82792\/revisions"}],"wp:featuredmedia":[{"embeddable":true,"href":"https:\/\/www.uv.mx\/prensa\/wp-json\/wp\/v2\/media\/82790"}],"wp:attachment":[{"href":"https:\/\/www.uv.mx\/prensa\/wp-json\/wp\/v2\/media?parent=82792"}],"wp:term":[{"taxonomy":"category","embeddable":true,"href":"https:\/\/www.uv.mx\/prensa\/wp-json\/wp\/v2\/categories?post=82792"},{"taxonomy":"post_tag","embeddable":true,"href":"https:\/\/www.uv.mx\/prensa\/wp-json\/wp\/v2\/tags?post=82792"}],"curies":[{"name":"wp","href":"https:\/\/api.w.org\/{rel}","templated":true}]}}