{"id":82796,"date":"2020-04-18T07:58:52","date_gmt":"2020-04-18T12:58:52","guid":{"rendered":"https:\/\/www.uv.mx\/prensa\/?p=82796"},"modified":"2020-04-21T14:21:25","modified_gmt":"2020-04-21T19:21:25","slug":"mexico-tiene-un-retraso-de-50-anos-en-arquitectura-hospitalaria","status":"publish","type":"post","link":"https:\/\/www.uv.mx\/prensa\/general\/mexico-tiene-un-retraso-de-50-anos-en-arquitectura-hospitalaria\/","title":{"rendered":"M\u00e9xico tiene un retraso de 50 a\u00f1os en arquitectura hospitalaria"},"content":{"rendered":"<ul>\n<li data-leveltext=\"\uf0b7\" data-font=\"Symbol\" data-listid=\"5\" data-aria-posinset=\"1\" data-aria-level=\"1\"><i><span data-contrast=\"auto\">El sistema de salud nacional se encuentra saturado y no est\u00e1 preparado para afrontar una pandemia<\/span><\/i><span data-ccp-props=\"{}\">\u00a0<\/span><\/li>\n<li data-leveltext=\"\uf0b7\" data-font=\"Symbol\" data-listid=\"5\" data-aria-posinset=\"2\" data-aria-level=\"1\"><i><span data-contrast=\"auto\">Autoridades pueden hacer uso de espacios alternativos como aeropuertos, y habilitarlos como hospitales temporales<\/span><\/i><i><span data-contrast=\"auto\"> para atender a infectados por Covid-19<\/span><\/i><span data-ccp-props=\"{}\">\u00a0<\/span><\/li>\n<\/ul>\n<div id=\"attachment_82797\" style=\"width: 732px\" class=\"wp-caption aligncenter\"><a href=\"https:\/\/www.uv.mx\/prensa\/files\/2020\/04\/140420-Arquitectura-hospitalaria-1.jpg\"><img aria-describedby=\"caption-attachment-82797\" decoding=\"async\" loading=\"lazy\" class=\"size-full wp-image-82797\" src=\"https:\/\/www.uv.mx\/prensa\/files\/2020\/04\/140420-Arquitectura-hospitalaria-1.jpg\" alt=\"\" width=\"722\" height=\"481\" srcset=\"https:\/\/www.uv.mx\/prensa\/files\/2020\/04\/140420-Arquitectura-hospitalaria-1.jpg 722w, https:\/\/www.uv.mx\/prensa\/files\/2020\/04\/140420-Arquitectura-hospitalaria-1-300x200.jpg 300w\" sizes=\"(max-width: 722px) 100vw, 722px\" \/><\/a><p id=\"caption-attachment-82797\" class=\"wp-caption-text\">La mayor\u00eda de unidades m\u00e9dicas carecen de remanentes de terreno para instalar hospitales temporales<\/p><\/div>\n<p><b><i><span data-contrast=\"auto\">Carlos Hugo Hermida Rosales<\/span><\/i><\/b><span data-ccp-props=\"{}\">\u00a0<\/span><\/p>\n<p><b><i><span data-contrast=\"auto\">1<\/span><\/i><\/b><b><i><span data-contrast=\"auto\">8<\/span><\/i><\/b><b><i><span data-contrast=\"auto\">\/04\/<\/span><\/i><\/b><b><i><span data-contrast=\"auto\">2020<\/span><\/i><\/b><b><i><span data-contrast=\"auto\">,<\/span><\/i><\/b> <b><i><span data-contrast=\"auto\">Xalapa, <\/span><\/i><\/b><b><i><span data-contrast=\"auto\">Ver.<\/span><\/i><\/b><b><i><span data-contrast=\"auto\">&#8211;<\/span><\/i><\/b> <span data-contrast=\"auto\">Para G<\/span><span data-contrast=\"auto\">loria <\/span><span data-contrast=\"auto\">Luz S\u00e1nchez Pulido, acad\u00e9mica de la <a href=\"https:\/\/www.uv.mx\/arquitectura\/\" target=\"_blank\" rel=\"noopener noreferrer\">Facultad de Arquitectura<\/a> de l<\/span><span data-contrast=\"auto\">a Universidad Veracruzana (UV), <\/span><span data-contrast=\"auto\">M\u00e9xico posee un retraso de medio siglo en el \u00e1mbito de la <\/span><span data-contrast=\"auto\">a<\/span><span data-contrast=\"auto\">rquitectura <\/span><span data-contrast=\"auto\">h<\/span><span data-contrast=\"auto\">ospitalaria, <\/span><span data-contrast=\"auto\">ante lo cual<\/span> <span data-contrast=\"auto\">futuros proyectos de construcci\u00f3n de unidades m\u00e9dicas en el pa\u00eds<\/span><span data-contrast=\"auto\"> deben contemplar superficies<\/span> <span data-contrast=\"auto\">con <\/span><span data-contrast=\"auto\">una <\/span><span data-contrast=\"auto\">extensi\u00f3n suficiente que permita su expansi\u00f3n en el corto, mediano y largo plazo.\u00a0<\/span><span data-ccp-props=\"{}\">\u00a0<\/span><\/p>\n<p><span data-contrast=\"auto\">Gloria S\u00e1nchez <\/span><span data-contrast=\"auto\">mencion\u00f3<\/span><span data-contrast=\"auto\"> que la <\/span><span data-contrast=\"auto\">a<\/span><span data-contrast=\"auto\">rquitectura <\/span><span data-contrast=\"auto\">h<\/span><span data-contrast=\"auto\">ospitalaria <\/span><span data-contrast=\"auto\">responde a cubrir las necesidades del<\/span><span data-contrast=\"auto\"> espacio <\/span><span data-contrast=\"auto\">den<\/span><span data-contrast=\"auto\">tro del sistema de salud,<\/span> <span data-contrast=\"auto\">donde se pueden <\/span><span data-contrast=\"auto\">llevar a cabo<\/span><span data-contrast=\"auto\"> las actividades biom\u00e9dicas que atiendan los requerimientos de la sociedad.<\/span><span data-ccp-props=\"{&quot;335559731&quot;:708}\">\u00a0<\/span><\/p>\n<p><span data-contrast=\"auto\">Comparti\u00f3<\/span><span data-contrast=\"auto\"> que este sistema cuenta con tres niveles de atenci\u00f3n<\/span><span data-contrast=\"auto\">.<\/span> <span data-contrast=\"auto\">E<\/span><span data-contrast=\"auto\">l primero se enfoca en la prevenci\u00f3n, protecci\u00f3n y det<\/span><span data-contrast=\"auto\">ecci\u00f3n temprana de enfermedades;<\/span><span data-contrast=\"auto\"> el segundo<\/span><span data-contrast=\"auto\">,<\/span><span data-contrast=\"auto\"> al diagn\u00f3stico y la hospitalizaci\u00f3n, y es en el que surge la cama <\/span><span data-contrast=\"auto\">hospitalaria; el tercero es el \u00e1rea de especialidad, que corresponde a<\/span> <span data-contrast=\"auto\">patolog\u00edas espec\u00edficas que requieren una infraestructura determinada.<\/span><span data-ccp-props=\"{&quot;335559731&quot;:708}\">\u00a0<\/span><\/p>\n<p><span data-contrast=\"auto\">\u201cEl concepto de hospital se encuentra englobado en el segundo nivel de atenci\u00f3n\u201d, puntualiz\u00f3.<\/span><span data-ccp-props=\"{&quot;335559731&quot;:708}\">\u00a0<\/span><\/p>\n<p><span data-contrast=\"auto\">La acad\u00e9mica <\/span><span data-contrast=\"auto\">coment\u00f3<\/span><span data-contrast=\"auto\"> que la a<\/span><span data-contrast=\"auto\">rquitectura <\/span><span data-contrast=\"auto\">h<\/span><span data-contrast=\"auto\">ospitalaria en <\/span><span data-contrast=\"auto\">el pa\u00eds<\/span><span data-contrast=\"auto\"> responde a un sistema de salud nacional que se encuentra fragmentado en diversas instituciones p\u00fablicas que brindan este servicio como el IMSS, <\/span><span data-contrast=\"auto\">el <\/span><span data-contrast=\"auto\">ISSSTE, <\/span><span data-contrast=\"auto\">la <\/span><i><span data-contrast=\"auto\">Sedena<\/span><\/i><span data-contrast=\"auto\">, <\/span><i><span data-contrast=\"auto\">Pemex<\/span><\/i><span data-contrast=\"auto\"> y la <\/span><i><span data-contrast=\"auto\">Semar<\/span><\/i><span data-contrast=\"auto\">.\u00a0<\/span><span data-ccp-props=\"{&quot;335559731&quot;:708}\">\u00a0<\/span><\/p>\n<p><span data-contrast=\"auto\">Declar\u00f3 que ante la pandemia de Covid-19 que azota a <\/span><span data-contrast=\"auto\">M\u00e9xico<\/span><span data-contrast=\"auto\"> y al mundo,<\/span> <span data-contrast=\"auto\">esta rama de la a<\/span><span data-contrast=\"auto\">rquitectura toma importancia y nos confronta con una situaci\u00f3n: el pa\u00eds <\/span><span data-contrast=\"auto\">tiene<\/span><span data-contrast=\"auto\"> un sistema de salud que ya se encuentra colapsado.\u00a0<\/span><span data-ccp-props=\"{&quot;335559731&quot;:708}\">\u00a0<\/span><\/p>\n<p><span data-contrast=\"auto\">Puntualiz\u00f3 que en la naci\u00f3n t<\/span><span data-contrast=\"auto\">enemos un atraso de m\u00e1s de<\/span><span data-contrast=\"auto\"> 50 a\u00f1os en a<\/span><span data-contrast=\"auto\">rquitectura <\/span><span data-contrast=\"auto\">h<\/span><span data-contrast=\"auto\">ospitalaria<\/span><span data-contrast=\"auto\">,<\/span> <span data-contrast=\"auto\">que<\/span><span data-contrast=\"auto\"> la actual administraci\u00f3n <\/span><span data-contrast=\"auto\">no tiene<\/span> <span data-contrast=\"auto\">planeada <\/span><span data-contrast=\"auto\">ninguna obra nueva <\/span><span data-contrast=\"auto\">en este rubro, y por el momento<\/span><span data-contrast=\"auto\"> s<\/span><span data-contrast=\"auto\">\u00f3<\/span><span data-contrast=\"auto\">lo se actualizan proyectos inconclusos de <\/span><span data-contrast=\"auto\">gobiernos anteriores.\u00a0<\/span><span data-ccp-props=\"{&quot;335559731&quot;:708}\">\u00a0<\/span><\/p>\n<p><span data-contrast=\"auto\">\u201cLa <\/span><span data-contrast=\"auto\">a<\/span><span data-contrast=\"auto\">rquitectura <\/span><span data-contrast=\"auto\">h<\/span><span data-contrast=\"auto\">ospitalaria en M\u00e9xico pareciera ser de autor ya que no responde a muchas necesidades, y mucho menos se encuentra preparada para afrontar una pandemia\u201d,<\/span> <span data-contrast=\"auto\">enfatiz\u00f3.\u00a0<\/span><span data-ccp-props=\"{&quot;335559731&quot;:708}\">\u00a0<\/span><\/p>\n<p><span data-contrast=\"auto\">Gloria S\u00e1nchez mencion\u00f3 que ante <\/span><span data-contrast=\"auto\">la problem\u00e1tica generada por el<\/span><span data-contrast=\"auto\"> Covid-19<\/span><span data-contrast=\"auto\">, algunos pa\u00edses han construido <\/span><span data-contrast=\"auto\">hospitales temporales o<\/span><span data-contrast=\"auto\"> han<\/span><span data-contrast=\"auto\"> adecuado<\/span><span data-contrast=\"auto\"> espacios p\u00fablicos para que sirvan como tales, pero <\/span><span data-contrast=\"auto\">objet\u00f3<\/span><span data-contrast=\"auto\"> que en M\u00e9xico ser\u00e1 complicado llevar a cabo estas acciones.\u00a0<\/span><span data-ccp-props=\"{&quot;335559731&quot;:708}\">\u00a0<\/span><\/p>\n<div id=\"attachment_82798\" style=\"width: 732px\" class=\"wp-caption aligncenter\"><a href=\"https:\/\/www.uv.mx\/prensa\/files\/2020\/04\/140420-Arquitectura-hospitalaria-2.jpg\"><img aria-describedby=\"caption-attachment-82798\" decoding=\"async\" loading=\"lazy\" class=\"size-full wp-image-82798\" src=\"https:\/\/www.uv.mx\/prensa\/files\/2020\/04\/140420-Arquitectura-hospitalaria-2.jpg\" alt=\"\" width=\"722\" height=\"481\" srcset=\"https:\/\/www.uv.mx\/prensa\/files\/2020\/04\/140420-Arquitectura-hospitalaria-2.jpg 722w, https:\/\/www.uv.mx\/prensa\/files\/2020\/04\/140420-Arquitectura-hospitalaria-2-300x200.jpg 300w\" sizes=\"(max-width: 722px) 100vw, 722px\" \/><\/a><p id=\"caption-attachment-82798\" class=\"wp-caption-text\">Los edificios p\u00fablicos deben estar al lado de centros de salud para ser adecuados como hospitales<\/p><\/div>\n<p><span data-contrast=\"auto\">Explic\u00f3 que los hospitales <\/span><span data-contrast=\"auto\">temporales <\/span><span data-contrast=\"auto\">deben estar al lado de unidades de salud bien equipadas, debido a todos los suministros<\/span><span data-contrast=\"auto\"> e infraestructura que requieren<\/span> <span data-contrast=\"auto\">como gases medicinales y generadores el\u00e9ctricos de emergencia.\u00a0<\/span><span data-ccp-props=\"{&quot;335559731&quot;:708}\">\u00a0<\/span><\/p>\n<p><span data-contrast=\"auto\">\u201cA nivel nacional son pocas las unidades m\u00e9dicas que cuentan con un remanente en terreno donde se pueda instalar un hospital <\/span><span data-contrast=\"auto\">temporal<\/span><span data-contrast=\"auto\">, y que puedan brindar<\/span><span data-contrast=\"auto\">le<\/span><span data-contrast=\"auto\"> los suministros necesarios\u201d, asever\u00f3.\u00a0<\/span><span data-ccp-props=\"{&quot;335559731&quot;:708}\">\u00a0<\/span><\/p>\n<p><span data-contrast=\"auto\">Enunci\u00f3 que <\/span><span data-contrast=\"auto\">para afrontar esta <\/span><span data-contrast=\"auto\">pandemia, las autoridades de salud pueden hacer uso de espacios alternativos como aeropuertos, y habilitarlos como hospitales temporales.<\/span><span data-ccp-props=\"{&quot;335559731&quot;:708}\">\u00a0<\/span><\/p>\n<p><span data-contrast=\"auto\">\u201cLos aeropuertos cuentan con dimensiones adecuadas y un sistema complejo de suministros que casi se equipara en complejidad con una unidad m\u00e9dica\u201d, asegur\u00f3.\u00a0<\/span><span data-ccp-props=\"{&quot;335559731&quot;:708}\">\u00a0<\/span><\/p>\n<p><span data-contrast=\"auto\">La catedr\u00e1tica declar\u00f3 que los futuros proyectos de construcci\u00f3n de hospitales en el pa\u00eds requieren de una planeaci\u00f3n urbana adecuada, que asigne a este lugar un terreno con <\/span><span data-contrast=\"auto\">dimensiones suficientes que permitan el crecimiento de la infraestructura en un lapso de tiempo que permita absorber transiciones epidemiol\u00f3gicas, as\u00ed como el cambio demogr\u00e1fico de la poblaci\u00f3n.<\/span><span data-ccp-props=\"{&quot;335559731&quot;:708}\">\u00a0<\/span><\/p>\n<p><span data-contrast=\"auto\">Declar\u00f3 <\/span><span data-contrast=\"auto\">que la pir\u00e1mide de edad en M\u00e9xico ha sufrido cambios significativos y que actualmente existen m\u00e1s adultos mayores y se registran menos nacimientos que hace algunas d\u00e9cadas.\u00a0<\/span><span data-ccp-props=\"{&quot;335559731&quot;:708}\">\u00a0<\/span><\/p>\n<p><span data-contrast=\"auto\">Comparti\u00f3 que al terminar la S<\/span><span data-contrast=\"auto\">egunda <\/span><span data-contrast=\"auto\">G<\/span><span data-contrast=\"auto\">uerra <\/span><span data-contrast=\"auto\">M<\/span><span data-contrast=\"auto\">undial Alemania debi\u00f3 prepararse mucho en el <\/span><span data-contrast=\"auto\">\u00e1mbito de la a<\/span><span data-contrast=\"auto\">rquitectura <\/span><span data-contrast=\"auto\">h<\/span><span data-contrast=\"auto\">ospitalaria, por lo que este pa\u00eds cuenta con mucha teor\u00eda y ejemplos en este rubro que vale la pena voltear a ver.<\/span><span data-ccp-props=\"{&quot;335559731&quot;:708}\">\u00a0<\/span><\/p>\n<p><span data-contrast=\"auto\">La <\/span><span data-contrast=\"auto\">docente<\/span><span data-contrast=\"auto\"> destac\u00f3 que <\/span><span data-contrast=\"auto\">la Facultad de Arquitectura desde la d\u00e9cada de 1980 se<\/span><span data-contrast=\"auto\"> ha preocupado por<\/span><span data-contrast=\"auto\"> instr<\/span><span data-contrast=\"auto\">uir a sus <\/span><span data-contrast=\"auto\">estudiantes en la planeaci\u00f3n de unidades m\u00e9dicas, y que incluso <\/span><span data-contrast=\"auto\">esta<\/span><span data-contrast=\"auto\"> entidad <\/span><span data-contrast=\"auto\">acad\u00e9mica cuenta con una l\u00ednea de generaci\u00f3n y aplicaci\u00f3n del <\/span><span data-contrast=\"auto\">conocimiento<\/span><span data-contrast=\"auto\"> en <\/span><span data-contrast=\"auto\">el<\/span><span data-contrast=\"auto\"> \u00e1mbito.<\/span><span data-contrast=\"auto\">\u00a0<\/span><span data-ccp-props=\"{&quot;335559731&quot;:708}\">\u00a0<\/span><\/p>\n<p><span data-contrast=\"auto\">\u201cLa pandemia de Covid-19 <\/span><span data-contrast=\"auto\">nos confronta en una nueva forma de ver la salud, <\/span><span data-contrast=\"auto\">y nos muestra la necesidad de trabajar<\/span><span data-contrast=\"auto\"> en<\/span> <span data-contrast=\"auto\">\u00e1reas<\/span><span data-contrast=\"auto\"> de <\/span><span data-contrast=\"auto\">la <\/span><span data-contrast=\"auto\">a<\/span><span data-contrast=\"auto\">rquitectura que a\u00fan no est\u00e1n conceptualizadas en el pa\u00eds\u201d, concluy\u00f3.\u00a0<\/span><span data-ccp-props=\"{&quot;335559731&quot;:708}\">\u00a0<\/span><\/p>\n","protected":false},"excerpt":{"rendered":"<p>No responde a muchas necesidades y mucho menos se encuentra preparada para afrontar una pandemia: Gloria Luz S\u00e1nchez, acad\u00e9mica de Arquitectura<\/p>\n","protected":false},"author":1508,"featured_media":82797,"comment_status":"closed","ping_status":"closed","sticky":false,"template":"","format":"standard","meta":[],"categories":[1],"tags":[],"_links":{"self":[{"href":"https:\/\/www.uv.mx\/prensa\/wp-json\/wp\/v2\/posts\/82796"}],"collection":[{"href":"https:\/\/www.uv.mx\/prensa\/wp-json\/wp\/v2\/posts"}],"about":[{"href":"https:\/\/www.uv.mx\/prensa\/wp-json\/wp\/v2\/types\/post"}],"author":[{"embeddable":true,"href":"https:\/\/www.uv.mx\/prensa\/wp-json\/wp\/v2\/users\/1508"}],"replies":[{"embeddable":true,"href":"https:\/\/www.uv.mx\/prensa\/wp-json\/wp\/v2\/comments?post=82796"}],"version-history":[{"count":0,"href":"https:\/\/www.uv.mx\/prensa\/wp-json\/wp\/v2\/posts\/82796\/revisions"}],"wp:featuredmedia":[{"embeddable":true,"href":"https:\/\/www.uv.mx\/prensa\/wp-json\/wp\/v2\/media\/82797"}],"wp:attachment":[{"href":"https:\/\/www.uv.mx\/prensa\/wp-json\/wp\/v2\/media?parent=82796"}],"wp:term":[{"taxonomy":"category","embeddable":true,"href":"https:\/\/www.uv.mx\/prensa\/wp-json\/wp\/v2\/categories?post=82796"},{"taxonomy":"post_tag","embeddable":true,"href":"https:\/\/www.uv.mx\/prensa\/wp-json\/wp\/v2\/tags?post=82796"}],"curies":[{"name":"wp","href":"https:\/\/api.w.org\/{rel}","templated":true}]}}