{"id":82816,"date":"2020-04-19T08:00:13","date_gmt":"2020-04-19T13:00:13","guid":{"rendered":"https:\/\/www.uv.mx\/prensa\/?p=82816"},"modified":"2020-04-21T14:17:31","modified_gmt":"2020-04-21T19:17:31","slug":"crisis-por-covid-19-oportunidad-temporal-para-exportar-productos-agricolas","status":"publish","type":"post","link":"https:\/\/www.uv.mx\/prensa\/general\/crisis-por-covid-19-oportunidad-temporal-para-exportar-productos-agricolas\/","title":{"rendered":"Crisis por Covid-19, oportunidad temporal para exportar productos agr\u00edcolas"},"content":{"rendered":"<ul>\n<li data-leveltext=\"\uf0b7\" data-font=\"Symbol\" data-listid=\"5\" data-aria-posinset=\"1\" data-aria-level=\"1\"><i><span data-contrast=\"auto\">Pa\u00edses que resultaron muy afectados por la pandemia de este virus<\/span><\/i> <i><span data-contrast=\"auto\">demandar\u00e1n una gran cantidad de alimentos para satisfacer la<\/span><\/i><i><span data-contrast=\"auto\">s<\/span><\/i><i><span data-contrast=\"auto\"> necesidad<\/span><\/i><i><span data-contrast=\"auto\">es<\/span><\/i><i><span data-contrast=\"auto\"> de sus pobladores<\/span><\/i><\/li>\n<\/ul>\n<div id=\"attachment_82815\" style=\"width: 732px\" class=\"wp-caption aligncenter\"><a href=\"https:\/\/www.uv.mx\/prensa\/files\/2020\/04\/150420-Comercio-exterior-y-covid.jpg\"><img aria-describedby=\"caption-attachment-82815\" decoding=\"async\" loading=\"lazy\" class=\"size-full wp-image-82815\" src=\"https:\/\/www.uv.mx\/prensa\/files\/2020\/04\/150420-Comercio-exterior-y-covid.jpg\" alt=\"M\u00e9xico posee un estatus de exportaci\u00f3n importante a nivel mundial \" width=\"722\" height=\"481\" srcset=\"https:\/\/www.uv.mx\/prensa\/files\/2020\/04\/150420-Comercio-exterior-y-covid.jpg 722w, https:\/\/www.uv.mx\/prensa\/files\/2020\/04\/150420-Comercio-exterior-y-covid-300x200.jpg 300w\" sizes=\"(max-width: 722px) 100vw, 722px\" \/><\/a><p id=\"caption-attachment-82815\" class=\"wp-caption-text\">M\u00e9xico posee un estatus de exportaci\u00f3n importante a nivel mundial<\/p><\/div>\n<p><b><i><span data-contrast=\"auto\">Carlos Hugo Hermida Rosales<\/span><\/i><\/b><span data-ccp-props=\"{}\">\u00a0<\/span><\/p>\n<p><b><i><span data-contrast=\"auto\">1<\/span><\/i><\/b><b><i><span data-contrast=\"auto\">9<\/span><\/i><\/b><b><i><span data-contrast=\"auto\">\/04\/<\/span><\/i><\/b><b><i><span data-contrast=\"auto\">2020<\/span><\/i><\/b><b><i><span data-contrast=\"auto\">,<\/span><\/i><\/b> <b><i><span data-contrast=\"auto\">Xalapa, <\/span><\/i><\/b><b><i><span data-contrast=\"auto\">Ver.<\/span><\/i><\/b><b><i><span data-contrast=\"auto\">&#8211;<\/span><\/i><\/b> <span data-contrast=\"auto\">Nereida Rodr\u00edguez Orozco, <\/span><span data-contrast=\"auto\">catedr\u00e1tica <\/span><span data-contrast=\"auto\">de la <a href=\"https:\/\/www.uv.mx\/agronomia\/\" target=\"_blank\" rel=\"noopener noreferrer\">Facultad de Ciencias Agr\u00edcolas<\/a> de la Universidad Veracruzana (UV),<\/span><span data-contrast=\"auto\"> mencion\u00f3 que la contingencia <\/span><span data-contrast=\"auto\">global <\/span><span data-contrast=\"auto\">actual <\/span><span data-contrast=\"auto\">ocasionada por<\/span><span data-contrast=\"auto\"> la pandemia de Covid-19<\/span> <span data-contrast=\"auto\">puede abrir oportunidades de mercado para productores agr<\/span><span data-contrast=\"auto\">\u00edcolas<\/span><span data-contrast=\"auto\"> nacionales<\/span><span data-contrast=\"auto\">,<\/span><span data-contrast=\"auto\"> aunque <\/span><span data-contrast=\"auto\">\u00e9<\/span><span data-contrast=\"auto\">stas s<\/span><span data-contrast=\"auto\">\u00f3<\/span><span data-contrast=\"auto\">lo ser\u00edan temporales.\u00a0<\/span><span data-ccp-props=\"{}\">\u00a0<\/span><\/p>\n<p><span data-contrast=\"auto\">La docente afirm\u00f3 <\/span><span data-contrast=\"auto\">que en el panorama mundial, M\u00e9xico tiene un estatus de exportaci\u00f3n importante <\/span><span data-contrast=\"auto\">principalmente <\/span><span data-contrast=\"auto\">de hortalizas y cereales, que son producidos <\/span><span data-contrast=\"auto\">en su mayor\u00eda<\/span><span data-contrast=\"auto\"> en los estados del centro y norte del pa\u00eds.\u00a0<\/span><span data-ccp-props=\"{&quot;335559731&quot;:708}\">\u00a0<\/span><\/p>\n<p><span data-contrast=\"auto\">Explic\u00f3 que en<\/span><span data-contrast=\"auto\"> medio de la situaci\u00f3n <\/span><span data-contrast=\"auto\">mundial pa\u00edses como Estados Unidos \u2013principal socio comercial de M\u00e9xico<\/span><span data-contrast=\"auto\">\u2013<\/span><span data-contrast=\"auto\"> pueden llegar a demandar una gran cantidad de <\/span><span data-contrast=\"auto\">productos agr\u00edcolas<\/span><span data-contrast=\"auto\"> para satisfacer la<\/span><span data-contrast=\"auto\">s<\/span><span data-contrast=\"auto\"> necesidades de su poblaci\u00f3n.\u00a0<\/span><span data-ccp-props=\"{&quot;335559731&quot;:708}\">\u00a0<\/span><\/p>\n<p><span data-contrast=\"auto\">Coment\u00f3 que esta situaci\u00f3n ya se vivi\u00f3 en la d\u00e9cada de 1940, cuand<\/span><span data-contrast=\"auto\">o Estados Unidos ingres\u00f3 en la S<\/span><span data-contrast=\"auto\">egunda <\/span><span data-contrast=\"auto\">G<\/span><span data-contrast=\"auto\">uerra <\/span><span data-contrast=\"auto\">M<\/span><span data-contrast=\"auto\">undial,<\/span><span data-contrast=\"auto\"> hecho que abri\u00f3 a M\u00e9xico una oportunidad de mercado importante que se prolong\u00f3 <\/span><span data-contrast=\"auto\">por varios a\u00f1os en los que el pa\u00eds vecino del norte demand\u00f3 una gran cantidad de productos.\u00a0<\/span><span data-ccp-props=\"{&quot;335559731&quot;:708}\">\u00a0<\/span><\/p>\n<p><span data-contrast=\"auto\">Nereida Rodr\u00edguez puntualiz\u00f3 que en esta ocasi\u00f3n la situaci\u00f3n es distinta, ya<\/span><span data-contrast=\"auto\"> que de producirse la demanda s\u00f3<\/span><span data-contrast=\"auto\">lo ocurrir\u00e1 por algunos meses, que ser\u00e1 el tiempo que dure la contingencia.<\/span><span data-ccp-props=\"{&quot;335559731&quot;:708}\">\u00a0<\/span><\/p>\n<p><span data-contrast=\"auto\">Asegur\u00f3<\/span><span data-contrast=\"auto\"> que los principales beneficiados ser\u00e1n los grandes productores consolidados, que son quienes tienen la capacida<\/span><span data-contrast=\"auto\">d de proveer de productos agr\u00edcolas<\/span> <span data-contrast=\"auto\">a pa\u00edses que resultaron muy afectados por la crisis sanitaria y que ello les impidi\u00f3 continuar con su<\/span><span data-contrast=\"auto\"> producci\u00f3n local.\u00a0<\/span><span data-ccp-props=\"{&quot;335559731&quot;:708}\">\u00a0<\/span><\/p>\n<p><span data-contrast=\"auto\">Explic\u00f3 que los peque\u00f1os productores dif\u00edcilmente alcanzan los est\u00e1ndares de calidad y volumen requeridos para<\/span><span data-contrast=\"auto\"> exportar<\/span><span data-contrast=\"auto\">, <\/span><span data-contrast=\"auto\">para <\/span><span data-contrast=\"auto\">ellos <\/span><span data-contrast=\"auto\">en este momento <\/span><span data-contrast=\"auto\">es muy complicado acceder a insumos indispensables en el sector como abonos y fertilizantes.<\/span><span data-ccp-props=\"{&quot;335559731&quot;:708}\">\u00a0<\/span><\/p>\n<p><span data-contrast=\"auto\">\u201cEn la econom\u00eda globalizad<\/span><span data-contrast=\"auto\">a <\/span><span data-contrast=\"auto\">de hoy <\/span><span data-contrast=\"auto\">el mercado agr\u00edcola<\/span><span data-contrast=\"auto\"> mexicano obtiene muchos de los insumos necesarios para producir con distribuidores internacionales, y la pandemia que azota al mundo ha afectado a las redes de comercializaci\u00f3n, por lo que acceder a ellos es <\/span><span data-contrast=\"auto\">m\u00e1s<\/span><span data-contrast=\"auto\"> complicado\u201d, declar\u00f3.\u00a0<\/span><span data-ccp-props=\"{&quot;335559731&quot;:708}\">\u00a0<\/span><\/p>\n<p><span data-contrast=\"auto\">La acad\u00e9mica mencion\u00f3 que <\/span><span data-contrast=\"auto\">los productores agr\u00edcolas<\/span><span data-contrast=\"auto\"> mexicanos <\/span><span data-contrast=\"auto\">tambi\u00e9n <\/span><span data-contrast=\"auto\">tienen la capacidad para abastecer de alimentos a la poblaci\u00f3n local<\/span> <span data-contrast=\"auto\">y que<\/span> <span data-contrast=\"auto\">lo \u00fanico que se necesita para ello es organizar y fortalecer adecuadamente <\/span><span data-contrast=\"auto\">los organismos<\/span><span data-contrast=\"auto\"> de distribuci\u00f3n de los mismos, para evitar un desequilibr<\/span><span data-contrast=\"auto\">i<\/span><span data-contrast=\"auto\">o en el mercado.\u00a0<\/span><span data-ccp-props=\"{&quot;335559731&quot;:708}\">\u00a0<\/span><\/p>\n","protected":false},"excerpt":{"rendered":"<p>La acad\u00e9mica Nereida Rodr\u00edguez se\u00f1al\u00f3 que los productores mexicanos tambi\u00e9n tienen la capacidad para abastecer a la poblaci\u00f3n<\/p>\n","protected":false},"author":1775,"featured_media":82815,"comment_status":"closed","ping_status":"closed","sticky":false,"template":"","format":"standard","meta":[],"categories":[1],"tags":[],"_links":{"self":[{"href":"https:\/\/www.uv.mx\/prensa\/wp-json\/wp\/v2\/posts\/82816"}],"collection":[{"href":"https:\/\/www.uv.mx\/prensa\/wp-json\/wp\/v2\/posts"}],"about":[{"href":"https:\/\/www.uv.mx\/prensa\/wp-json\/wp\/v2\/types\/post"}],"author":[{"embeddable":true,"href":"https:\/\/www.uv.mx\/prensa\/wp-json\/wp\/v2\/users\/1775"}],"replies":[{"embeddable":true,"href":"https:\/\/www.uv.mx\/prensa\/wp-json\/wp\/v2\/comments?post=82816"}],"version-history":[{"count":0,"href":"https:\/\/www.uv.mx\/prensa\/wp-json\/wp\/v2\/posts\/82816\/revisions"}],"wp:featuredmedia":[{"embeddable":true,"href":"https:\/\/www.uv.mx\/prensa\/wp-json\/wp\/v2\/media\/82815"}],"wp:attachment":[{"href":"https:\/\/www.uv.mx\/prensa\/wp-json\/wp\/v2\/media?parent=82816"}],"wp:term":[{"taxonomy":"category","embeddable":true,"href":"https:\/\/www.uv.mx\/prensa\/wp-json\/wp\/v2\/categories?post=82816"},{"taxonomy":"post_tag","embeddable":true,"href":"https:\/\/www.uv.mx\/prensa\/wp-json\/wp\/v2\/tags?post=82816"}],"curies":[{"name":"wp","href":"https:\/\/api.w.org\/{rel}","templated":true}]}}