{"id":82820,"date":"2020-04-20T08:00:36","date_gmt":"2020-04-20T13:00:36","guid":{"rendered":"https:\/\/www.uv.mx\/prensa\/?p=82820"},"modified":"2020-04-21T14:10:25","modified_gmt":"2020-04-21T19:10:25","slug":"covid-19-ya-afecta-la-economia-de-norteamerica-academico-del-pean","status":"publish","type":"post","link":"https:\/\/www.uv.mx\/prensa\/general\/covid-19-ya-afecta-la-economia-de-norteamerica-academico-del-pean\/","title":{"rendered":"Covid-19 ya afecta la econom\u00eda de Norteam\u00e9rica: acad\u00e9mico del PEAN"},"content":{"rendered":"<ul>\n<li data-leveltext=\"\uf0b7\" data-font=\"Symbol\" data-listid=\"1\" data-aria-posinset=\"1\" data-aria-level=\"1\"><i><span data-contrast=\"none\">Comenzando con E<\/span><\/i><i><span data-contrast=\"none\">stados Unidos<\/span><\/i><i><span data-contrast=\"none\">, e<\/span><\/i><i><span data-contrast=\"none\">l da\u00f1o colateral para las econom\u00edas de M\u00e9xico y Canad\u00e1 se<\/span><\/i><i><span data-contrast=\"none\">r\u00e1 devastador<\/span><\/i><span data-ccp-props=\"{&quot;134233279&quot;:true,&quot;201341983&quot;:0,&quot;335559739&quot;:200,&quot;335559740&quot;:240}\">\u00a0<\/span><\/li>\n<li data-leveltext=\"\uf0b7\" data-font=\"Symbol\" data-listid=\"1\" data-aria-posinset=\"2\" data-aria-level=\"1\"><i><span data-contrast=\"none\">Necesaria una amplia capacitaci\u00f3n en educaci\u00f3n virtual para profesores, alumnos y directivos<\/span><\/i><i><span data-contrast=\"none\">, asever\u00f3 Mauricio Lascurain<\/span><\/i><\/li>\n<\/ul>\n<div id=\"attachment_63508\" style=\"width: 732px\" class=\"wp-caption aligncenter\"><a href=\"https:\/\/www.uv.mx\/prensa\/files\/2019\/02\/280219-PAOLA-Conferencia-EEE-1.jpg\"><img aria-describedby=\"caption-attachment-63508\" decoding=\"async\" loading=\"lazy\" class=\"size-full wp-image-63508\" src=\"https:\/\/www.uv.mx\/prensa\/files\/2019\/02\/280219-PAOLA-Conferencia-EEE-1.jpg\" alt=\"Mauricio Lascurain, acad\u00e9mico del PEAN, refiri\u00f3 el impacto que tendr\u00e1 en la econom\u00eda de Norteam\u00e9rica el Covid-19 \" width=\"722\" height=\"481\" srcset=\"https:\/\/www.uv.mx\/prensa\/files\/2019\/02\/280219-PAOLA-Conferencia-EEE-1.jpg 722w, https:\/\/www.uv.mx\/prensa\/files\/2019\/02\/280219-PAOLA-Conferencia-EEE-1-300x200.jpg 300w\" sizes=\"(max-width: 722px) 100vw, 722px\" \/><\/a><p id=\"caption-attachment-63508\" class=\"wp-caption-text\">Mauricio Lascurain, acad\u00e9mico del PEAN, refiri\u00f3 el impacto que tendr\u00e1 en la econom\u00eda de Norteam\u00e9rica el Covid-19<\/p><\/div>\n<p><b><i><span data-contrast=\"none\">David Sandoval Rodr\u00edguez<\/span><\/i><\/b><span data-ccp-props=\"{&quot;201341983&quot;:0,&quot;335559739&quot;:200,&quot;335559740&quot;:240}\">\u00a0<\/span><\/p>\n<p><b><i><span data-contrast=\"none\">20<\/span><\/i><\/b><b><i><span data-contrast=\"none\">\/04\/20<\/span><\/i><\/b><b><i><span data-contrast=\"none\">20,<\/span><\/i><\/b><b><i><span data-contrast=\"none\"> Xalapa, <\/span><\/i><\/b><b><i><span data-contrast=\"none\">Ver.-<\/span><\/i><\/b> <span data-contrast=\"none\">Al d\u00eda de hoy Estados Unidos <\/span><span data-contrast=\"none\">(EEUU)<\/span> <span data-contrast=\"none\">es el pa\u00eds que registra el mayor n\u00famero de <\/span><span data-contrast=\"none\">contagios <\/span><span data-contrast=\"none\">por <\/span><span data-contrast=\"none\">Covid-<\/span><span data-contrast=\"none\">19 a nivel mundial, hecho que impactar\u00e1 no s\u00f3lo en su econom\u00eda sino de manera devastadora en las respectivas de M\u00e9xico y Canad\u00e1, expuso <\/span><span data-contrast=\"none\">Mauricio <\/span><span data-contrast=\"none\">Lascurain<\/span><span data-contrast=\"none\"> Fern\u00e1ndez, acad\u00e9mico<\/span> <span data-contrast=\"none\">del <\/span><span data-contrast=\"none\">Programa de Estudios sobre Am\u00e9rica del Norte (PEAN) de la <a href=\"https:\/\/www.uv.mx\/\" target=\"_blank\" rel=\"noopener noreferrer\">Universidad Veracruzana <\/a>(UV)<\/span><span data-contrast=\"none\">.<\/span><span data-ccp-props=\"{&quot;201341983&quot;:0,&quot;335559739&quot;:200,&quot;335559740&quot;:240}\">\u00a0<\/span><\/p>\n<p><span data-contrast=\"none\">El integrante <\/span><span data-contrast=\"none\">del Instituto de Investiga<\/span><span data-contrast=\"none\">ciones<\/span><span data-contrast=\"none\"> Jur\u00eddicas <\/span><span data-contrast=\"none\">imparte <\/span><span data-contrast=\"none\">el curso <\/span><span data-contrast=\"none\">Integraci\u00f3n <\/span><span data-contrast=\"none\">Econ\u00f3mica<\/span><span data-contrast=\"none\"> M\u00e9xico-Estados Unidos <\/span><span data-contrast=\"none\">y se\u00f1al\u00f3 que c<\/span><span data-contrast=\"none\">on <\/span><span data-contrast=\"none\">623 mil 724<\/span> <span data-contrast=\"none\">personas<\/span> <span data-contrast=\"none\">contagiad<\/span><span data-contrast=\"none\">a<\/span><span data-contrast=\"none\">s por <\/span><span data-contrast=\"none\">Covid-19<\/span><span data-contrast=\"none\">,<\/span> <span data-contrast=\"none\">EEUU <\/span><span data-contrast=\"none\">es el pa\u00eds que registra el mayor<\/span><span data-contrast=\"none\"> n\u00famero en la materia<\/span><span data-contrast=\"none\">, <\/span><span data-contrast=\"none\">por lo que se prev\u00e9 <\/span><span data-contrast=\"none\">una desacel<\/span><span data-contrast=\"none\">eraci\u00f3n econ\u00f3mica de la regi\u00f3n.<\/span><span data-ccp-props=\"{&quot;201341983&quot;:0,&quot;335559739&quot;:200,&quot;335559740&quot;:240}\">\u00a0<\/span><\/p>\n<p><span data-contrast=\"none\">\u201c<\/span><span data-contrast=\"none\">Al ser los EEUU<\/span><span data-contrast=\"none\"> la econom\u00eda m\u00e1s poderosa de <\/span><span data-contrast=\"none\">los tres pa\u00edses de Am\u00e9rica del N<\/span><span data-contrast=\"none\">orte y tener cerca de 16 millones de desempleados por la contingencia, el da\u00f1o colateral que tendr\u00e1 sobre Can<\/span><span data-contrast=\"none\">ad\u00e1 y M\u00e9xico ser\u00e1 devastador, a\u00fan<\/span><span data-contrast=\"none\"> m\u00e1s para la econom\u00eda mexicana\u201d, precis\u00f3.<\/span><span data-ccp-props=\"{&quot;201341983&quot;:0,&quot;335559731&quot;:708,&quot;335559739&quot;:200,&quot;335559740&quot;:240}\">\u00a0<\/span><\/p>\n<p><span data-contrast=\"none\">A la fecha y<\/span><span data-contrast=\"none\">a se est\u00e1n <\/span><span data-contrast=\"none\">manifestando<\/span><span data-contrast=\"none\"> los efectos en <\/span><span data-contrast=\"none\">el \u00e1mbito comercial, migratorio y pol\u00edtico, explic\u00f3.<\/span><span data-ccp-props=\"{&quot;201341983&quot;:0,&quot;335559731&quot;:708,&quot;335559739&quot;:200,&quot;335559740&quot;:240}\">\u00a0<\/span><\/p>\n<p><span data-contrast=\"none\">\u201c<\/span><span data-contrast=\"none\">En el <\/span><span data-contrast=\"none\">\u00e1mbito <\/span><span data-contrast=\"none\">come<\/span><span data-contrast=\"none\">rcial, el intercambio de bienes<\/span> <span data-contrast=\"none\">\u2013<\/span><span data-contrast=\"none\">principalmente del sector automotriz<\/span><span data-contrast=\"none\">\u2013<\/span><span data-contrast=\"none\"> ha disminu<\/span><span data-contrast=\"none\">ido de manera <\/span><span data-contrast=\"none\">considerable, y seguramente otros sectores en donde existen cadenas productivas muy con<\/span><span data-contrast=\"none\">solidadas entre los tres pa\u00edses<\/span><span data-contrast=\"none\"> seguir\u00e1n el mismo camino<\/span><span data-contrast=\"none\">.<\/span><span data-contrast=\"none\">\u201d<\/span><span data-ccp-props=\"{&quot;201341983&quot;:0,&quot;335559731&quot;:708,&quot;335559739&quot;:200,&quot;335559740&quot;:240}\">\u00a0<\/span><\/p>\n<p><span data-contrast=\"none\">En el aspecto migratorio, <\/span><span data-contrast=\"none\">agreg\u00f3, \u201c<\/span><span data-contrast=\"none\">M\u00e9xico no ha bajado la guardia con la vigilancia de migrantes en la frontera sur, a fin de que no lleguen a la frontera norte. Es<\/span><span data-contrast=\"none\">te compromiso<\/span><span data-contrast=\"none\"> qued\u00f3 a\u00fan m\u00e1<\/span><span data-contrast=\"none\">s confirmado despu\u00e9s de que EEUU<\/span><span data-contrast=\"none\"> decidiera apoyar a M\u00e9xico con la reducci\u00f3n en la producci\u00f3n de <\/span><span data-contrast=\"none\">barriles de petr\u00f3leo\u201d.<\/span><span data-ccp-props=\"{&quot;201341983&quot;:0,&quot;335559731&quot;:708,&quot;335559739&quot;:200,&quot;335559740&quot;:240}\">\u00a0<\/span><\/p>\n<p><span data-contrast=\"none\">En<\/span><span data-contrast=\"none\"> cuanto al<\/span> <span data-contrast=\"none\">\u00e1mbito<\/span><span data-contrast=\"none\"> pol\u00edtico, <\/span><span data-contrast=\"none\">pese a la<\/span><span data-contrast=\"none\"> anta\u00f1a relaci\u00f3n migratoria<\/span> <span data-contrast=\"none\">entre EEUU <\/span><span data-contrast=\"none\">y Canad\u00e1, <\/span><span data-contrast=\"none\">el gobierno de <\/span><span data-contrast=\"none\">Washington ha decidido reforzar las medidas de seguridad sanitarias con su vecino del norte, generando un<\/span><span data-contrast=\"none\">a fricci\u00f3n entre ambas naciones, apunt\u00f3.<\/span><span data-ccp-props=\"{&quot;201341983&quot;:0,&quot;335559731&quot;:708,&quot;335559739&quot;:200,&quot;335559740&quot;:240}\">\u00a0<\/span><\/p>\n<p><span data-contrast=\"none\">Por otro lado<\/span><span data-contrast=\"none\">,<\/span><span data-contrast=\"none\"> consider\u00f3 que el mayor impacto con nuestro pa\u00eds est\u00e1 ligado al reciente compromiso adquirido con los EEUU y la negociaci\u00f3n sobre la producci\u00f3n de petr\u00f3leo.<\/span><span data-ccp-props=\"{&quot;201341983&quot;:0,&quot;335559731&quot;:708,&quot;335559739&quot;:200,&quot;335559740&quot;:240}\">\u00a0<\/span><\/p>\n<p><span data-contrast=\"none\">\u201c<\/span><span data-contrast=\"none\">Pr\u00e1cticamente M\u00e9xico qued\u00f3 con las manos a<\/span><span data-contrast=\"none\">tadas despu\u00e9s del apoyo de EEUU <\/span><span data-contrast=\"none\">en la <\/span><span data-contrast=\"none\">reuni\u00f3n que sostuvo con la <\/span><span data-contrast=\"none\">Organizaci\u00f3n de Pa\u00edses Exportadores de Petr\u00f3leo<\/span><span data-contrast=\"none\"> (<\/span><span data-contrast=\"none\">OPEP<\/span><span data-contrast=\"none\">)<\/span><span data-contrast=\"none\">, por lo que parece que seguir\u00e1 las indicaciones que <\/span><span data-contrast=\"none\">se <\/span><span data-contrast=\"none\">dicte<\/span><span data-contrast=\"none\">n desde<\/span><span data-contrast=\"none\"> Washington<\/span><span data-contrast=\"none\">\u201d, observ\u00f3 el acad\u00e9mico<\/span><span data-contrast=\"none\">.<\/span><span data-ccp-props=\"{&quot;201341983&quot;:0,&quot;335559731&quot;:708,&quot;335559739&quot;:200,&quot;335559740&quot;:240}\">\u00a0<\/span><\/p>\n<p><span data-contrast=\"none\">Respecto a las medidas<\/span><span data-contrast=\"none\"> sanitarias tomadas por cada una<\/span><span data-contrast=\"none\"> de l<\/span><span data-contrast=\"none\">a<\/span><span data-contrast=\"none\">s <\/span><span data-contrast=\"none\">tres naciones<\/span><span data-contrast=\"none\">, <\/span><span data-contrast=\"none\">Lascurain<\/span><span data-contrast=\"none\"> Fern\u00e1ndez opin\u00f3 que <\/span><span data-contrast=\"none\">el pa\u00eds que mejores pol\u00edticas ha implementado es Canad\u00e1, <\/span><span data-contrast=\"none\">\u201c<\/span><span data-contrast=\"none\">pese a que se encuentra en el <\/span><i><span data-contrast=\"none\">top ten<\/span><\/i><span data-contrast=\"none\"> mundial de mayores contagios<\/span><span data-contrast=\"none\">\u201d<\/span><span data-contrast=\"none\">; <\/span><span data-contrast=\"none\">a\u00f1adi\u00f3 que \u201csin duda, EEUU <\/span><span data-contrast=\"none\">y M\u00e9xico han tenido una pol\u00edtica menos clara, basada principalmente en mitigar el impacto econ\u00f3mico en vez del impacto en la salud p\u00fablica<\/span><span data-contrast=\"none\">\u201d<\/span><span data-contrast=\"none\">.\u00a0<\/span><span data-ccp-props=\"{&quot;201341983&quot;:0,&quot;335559739&quot;:200,&quot;335559740&quot;:240}\">\u00a0<\/span><\/p>\n<p><span data-contrast=\"none\">Con relaci\u00f3n al impacto que tendr\u00e1 la pandemia por <\/span><span data-contrast=\"none\">Covid-19 <\/span><span data-contrast=\"none\">en la educaci\u00f3n superior, el catedr\u00e1tico detall\u00f3<\/span><span data-contrast=\"none\">: <\/span><span data-contrast=\"none\">\u201c<\/span><span data-contrast=\"none\">S<\/span><span data-contrast=\"none\">e ha visto<\/span><span data-contrast=\"none\"> claramente<\/span><span data-contrast=\"none\"> que las instituciones de educaci\u00f3n superior y el sector educativo en general en M\u00e9xico, necesita<\/span><span data-contrast=\"none\">n<\/span><span data-contrast=\"none\"> enfocarse de manera cotidiana en la educaci\u00f3n virtual. La poca experiencia de los profesores, alumnos y administrativos, revelan que usan de manera limitada las <\/span><span data-contrast=\"none\">t<\/span><span data-contrast=\"none\">ecnolog\u00edas de <\/span><span data-contrast=\"none\">la i<\/span><span data-contrast=\"none\">nformaci\u00f3n y <\/span><span data-contrast=\"none\">la c<\/span><span data-contrast=\"none\">omunicaci\u00f3n <\/span><span data-contrast=\"none\">aplicadas a la educaci\u00f3n<\/span><span data-contrast=\"none\">\u201d<\/span><span data-contrast=\"none\">.<\/span><span data-ccp-props=\"{&quot;201341983&quot;:0,&quot;335559739&quot;:200,&quot;335559740&quot;:240}\">\u00a0<\/span><\/p>\n<p><span data-contrast=\"none\">Por tal raz\u00f3n<\/span><span data-contrast=\"none\">,<\/span><span data-contrast=\"none\"> consider\u00f3 que \u201ce<\/span><span data-contrast=\"none\">s momento de reflexionar y adaptar los planes de estudio, a fin de que \u00e9stos contengan de manera obligatoria experiencias educativas virtuales. P<\/span><span data-contrast=\"none\">ero tambi\u00e9n se requiere<\/span><span data-contrast=\"none\"> un amplio sistema de capacitaci\u00f3n a profesores, alumnos y administrativos<\/span> <span data-contrast=\"none\">sobre el uso de estas tecnolog\u00edas<\/span><span data-contrast=\"none\">\u201d<\/span><span data-contrast=\"none\">.<\/span><span data-ccp-props=\"{&quot;201341983&quot;:0,&quot;335559739&quot;:200,&quot;335559740&quot;:240}\">\u00a0<\/span><\/p>\n","protected":false},"excerpt":{"rendered":"<p>\u201cEstados Unidos y M\u00e9xico han tenido una pol\u00edtica menos clara, basada principalmente en mitigar el impacto econ\u00f3mico en vez del impacto en la salud p\u00fablica\u201d: Mauricio Lascurain <\/p>\n","protected":false},"author":1775,"featured_media":63508,"comment_status":"closed","ping_status":"closed","sticky":false,"template":"","format":"standard","meta":[],"categories":[1],"tags":[],"_links":{"self":[{"href":"https:\/\/www.uv.mx\/prensa\/wp-json\/wp\/v2\/posts\/82820"}],"collection":[{"href":"https:\/\/www.uv.mx\/prensa\/wp-json\/wp\/v2\/posts"}],"about":[{"href":"https:\/\/www.uv.mx\/prensa\/wp-json\/wp\/v2\/types\/post"}],"author":[{"embeddable":true,"href":"https:\/\/www.uv.mx\/prensa\/wp-json\/wp\/v2\/users\/1775"}],"replies":[{"embeddable":true,"href":"https:\/\/www.uv.mx\/prensa\/wp-json\/wp\/v2\/comments?post=82820"}],"version-history":[{"count":0,"href":"https:\/\/www.uv.mx\/prensa\/wp-json\/wp\/v2\/posts\/82820\/revisions"}],"wp:featuredmedia":[{"embeddable":true,"href":"https:\/\/www.uv.mx\/prensa\/wp-json\/wp\/v2\/media\/63508"}],"wp:attachment":[{"href":"https:\/\/www.uv.mx\/prensa\/wp-json\/wp\/v2\/media?parent=82820"}],"wp:term":[{"taxonomy":"category","embeddable":true,"href":"https:\/\/www.uv.mx\/prensa\/wp-json\/wp\/v2\/categories?post=82820"},{"taxonomy":"post_tag","embeddable":true,"href":"https:\/\/www.uv.mx\/prensa\/wp-json\/wp\/v2\/tags?post=82820"}],"curies":[{"name":"wp","href":"https:\/\/api.w.org\/{rel}","templated":true}]}}