{"id":82826,"date":"2020-04-20T08:00:32","date_gmt":"2020-04-20T13:00:32","guid":{"rendered":"https:\/\/www.uv.mx\/prensa\/?p=82826"},"modified":"2020-04-21T14:13:20","modified_gmt":"2020-04-21T19:13:20","slug":"investigadora-del-citro-publico-en-journal-of-mammalogy","status":"publish","type":"post","link":"https:\/\/www.uv.mx\/prensa\/ciencia\/investigadora-del-citro-publico-en-journal-of-mammalogy\/","title":{"rendered":"Investigadora del <em>Citro<\/em> public\u00f3 en <em>Journal of Mammalogy<\/em>"},"content":{"rendered":"<ul>\n<li data-leveltext=\"\uf0b7\" data-font=\"Symbol\" data-listid=\"1\" data-aria-posinset=\"1\" data-aria-level=\"1\"><i><span data-contrast=\"auto\">Mar\u00eda Cristina Mac <\/span><\/i><i><span data-contrast=\"auto\">Swiney<\/span><\/i> <i><span data-contrast=\"auto\">colabor<\/span><\/i><i><span data-contrast=\"auto\">\u00f3<\/span><\/i><i><span data-contrast=\"auto\"> con investigadores de diversas instituciones<\/span><\/i><span data-ccp-props=\"{&quot;134233279&quot;:true}\">\u00a0<\/span><\/li>\n<li data-leveltext=\"\uf0b7\" data-font=\"Symbol\" data-listid=\"1\" data-aria-posinset=\"2\" data-aria-level=\"1\"><i><span data-contrast=\"auto\">El art\u00edculo est\u00e1 enfocado en la especie de murci\u00e9lago <\/span><\/i><span data-contrast=\"auto\">Anoura<\/span> <span data-contrast=\"auto\">geoffroyi<\/span><i><span data-contrast=\"auto\">, el cual habita en los bosques mes\u00f3filos del pa\u00eds<\/span><\/i><span data-ccp-props=\"{&quot;134233279&quot;:true}\">\u00a0<\/span><\/li>\n<\/ul>\n<div id=\"attachment_82828\" style=\"width: 732px\" class=\"wp-caption aligncenter\"><a href=\"https:\/\/www.uv.mx\/prensa\/files\/2020\/04\/140420-Murcielago-1-100k.jpg\"><img aria-describedby=\"caption-attachment-82828\" decoding=\"async\" loading=\"lazy\" class=\"size-full wp-image-82828\" src=\"https:\/\/www.uv.mx\/prensa\/files\/2020\/04\/140420-Murcielago-1-100k.jpg\" alt=\"Cristina Mac Swiney, investigadora del Citro \" width=\"722\" height=\"482\" srcset=\"https:\/\/www.uv.mx\/prensa\/files\/2020\/04\/140420-Murcielago-1-100k.jpg 722w, https:\/\/www.uv.mx\/prensa\/files\/2020\/04\/140420-Murcielago-1-100k-300x200.jpg 300w\" sizes=\"(max-width: 722px) 100vw, 722px\" \/><\/a><p id=\"caption-attachment-82828\" class=\"wp-caption-text\">Cristina Mac Swiney, investigadora del Citro<\/p><\/div>\n<p><b><i><span data-contrast=\"auto\">Paola Cort\u00e9s P\u00e9rez<\/span><\/i><\/b><span data-ccp-props=\"{}\">\u00a0<\/span><\/p>\n<p><b><i><span data-contrast=\"auto\">20<\/span><\/i><\/b><b><i><span data-contrast=\"auto\">\/04<\/span><\/i><\/b><b><i><span data-contrast=\"auto\">\/2020, Xalapa, Ver.-<\/span><\/i><\/b> <span data-contrast=\"auto\">I<\/span><span data-contrast=\"auto\">nvestigadores de diversas instituciones co<\/span><span data-contrast=\"auto\">njuntaron esfuerzos, estudios<\/span><span data-contrast=\"auto\"> y<\/span> <span data-contrast=\"auto\">datos<\/span><span data-contrast=\"auto\"> para hacer un <\/span><span data-contrast=\"auto\">an\u00e1lisis<\/span><span data-contrast=\"auto\"> sobre <\/span><span data-contrast=\"auto\">la especie<\/span> <i><span data-contrast=\"auto\">Anoura<\/span><\/i> <i><span data-contrast=\"auto\">geoffroyi<\/span><\/i><span data-contrast=\"auto\">, murci\u00e9lago nectar\u00edvoro<\/span><span data-contrast=\"auto\">, el cual fue publicado <\/span><span data-contrast=\"auto\">como art\u00edculo <\/span><span data-contrast=\"auto\">en<\/span><span data-contrast=\"auto\"> el<\/span> <i><span data-contrast=\"auto\">Journal<\/span><\/i> <i><span data-contrast=\"auto\">of<\/span><\/i> <i><span data-contrast=\"auto\">Mammalogy<\/span><\/i><i><span data-contrast=\"auto\">, <\/span><\/i><span data-contrast=\"auto\">revista<\/span> <span data-contrast=\"auto\">editada <\/span><span data-contrast=\"auto\">por la Asociaci\u00f3n Americana de Mastozoolog\u00eda<\/span><span data-contrast=\"auto\"> y<\/span> <span data-contrast=\"auto\">considerada la m\u00e1s importante a nivel mundial en <\/span><span data-contrast=\"auto\">la <\/span><span data-contrast=\"auto\">materia<\/span><span data-contrast=\"auto\">.<\/span><span data-ccp-props=\"{}\">\u00a0<\/span><\/p>\n<p><span data-contrast=\"auto\">Mar\u00eda Cristina Mac<\/span> <span data-contrast=\"auto\">Swiney<\/span><span data-contrast=\"auto\"> Gonz\u00e1lez, investigadora adscrita al <a href=\"https:\/\/www.uv.mx\/citro\/\" target=\"_blank\" rel=\"noopener noreferrer\">Centro de Investigaciones Tropicales<\/a> (<\/span><i><span data-contrast=\"auto\">Citro<\/span><\/i><span data-contrast=\"auto\">) de la Universidad Veracruzana (UV),<\/span><span data-contrast=\"auto\"> espera que este art\u00edculo sea el inicio de m\u00e1s colaboraciones entre los <\/span><span data-contrast=\"auto\">especialistas en murci\u00e9lagos.<\/span><span data-ccp-props=\"{&quot;335559731&quot;:708}\">\u00a0<\/span><\/p>\n<p><span data-contrast=\"auto\">Explic\u00f3 que se trata de un an\u00e1lisis <\/span><span data-contrast=\"auto\">de <\/span><span data-contrast=\"auto\">datos colectados en tesis e investigaciones<\/span><span data-contrast=\"auto\"> sobre este murci\u00e9lago nectar\u00edvoro<\/span><span data-contrast=\"auto\">;<\/span> <span data-contrast=\"auto\">al <\/span><span data-contrast=\"auto\">revisar los resultados de las indagaciones encontraron <\/span><span data-contrast=\"auto\">que <\/span><span data-contrast=\"auto\">en las \u00e9pocas de secas <\/span><span data-contrast=\"auto\">\u2013<\/span><span data-contrast=\"auto\">cuando las<\/span><span data-contrast=\"auto\"> condiciones son m\u00e1s favorables\u2013<\/span> <span data-contrast=\"auto\">hay<\/span><span data-contrast=\"auto\"> m\u00e1s hembras y en los meses m\u00e1s fr\u00edos hay <\/span><span data-contrast=\"auto\">una mayor proporci\u00f3n de machos.<\/span><span data-ccp-props=\"{&quot;335559731&quot;:708}\">\u00a0<\/span><\/p>\n<p><span data-contrast=\"auto\">\u201c<\/span><span data-contrast=\"auto\">P<\/span><span data-contrast=\"auto\">ara enfrentar <\/span><span data-contrast=\"auto\">los<\/span><span data-contrast=\"auto\"> procesos de reproducci\u00f3n y que <\/span><span data-contrast=\"auto\">\u00e9<\/span><span data-contrast=\"auto\">stos sean<\/span><span data-contrast=\"auto\"> menos costosos energ\u00e9ticamente<\/span><span data-contrast=\"auto\"> para <\/span><span data-contrast=\"auto\">e<\/span><span data-contrast=\"auto\">sta especie<\/span><span data-contrast=\"auto\">, <\/span><span data-contrast=\"auto\">al parecer <\/span><span data-contrast=\"auto\">realizan peque\u00f1as migraciones locales<\/span><span data-contrast=\"auto\">.<\/span><span data-contrast=\"auto\">\u201d<\/span><span data-ccp-props=\"{&quot;335559731&quot;:708}\">\u00a0<\/span><\/p>\n<p><span data-contrast=\"auto\">Mencion\u00f3 que la especie <\/span><i><span data-contrast=\"auto\">Anoura<\/span><\/i> <i><span data-contrast=\"auto\">geoffroyi<\/span><\/i><span data-contrast=\"auto\"> se distribuye en diferentes partes del pa\u00eds, princip<\/span><span data-contrast=\"auto\">almente en el bosque mes\u00f3filo (E<\/span><span data-contrast=\"auto\">stado de M\u00e9xico, Michoac\u00e1n, Jalisco, Veracruz y Morelos)<\/span><span data-contrast=\"auto\">.<\/span><span data-ccp-props=\"{&quot;335559731&quot;:708}\">\u00a0<\/span><\/p>\n<p><span data-contrast=\"auto\">\u201cEn este tipo de ambientes, las hembras (particularmente las embarazadas) son abundantes en los meses c\u00e1lidos y hay menos en los meses fr\u00edos, esto sugiere que se mueven a otros ambientes para enfrentar menos demanda energ\u00e9tica que los conlleva a estar en ambientes fr\u00edos (menos de <\/span><span data-contrast=\"auto\">ocho grad<\/span><span data-contrast=\"auto\">os cent\u00edgrados<\/span><span data-contrast=\"auto\">).\u201d<\/span><span data-ccp-props=\"{&quot;335559731&quot;:708}\">\u00a0<\/span><\/p>\n<p><span data-contrast=\"auto\">Mencion\u00f3 que este art\u00edculo es el pre\u00e1mbulo para armar un proyecto m\u00e1s grande: la dispersi\u00f3n de polen que hace esta misma <\/span><span data-contrast=\"auto\">especie y c\u00f3mo la variaci\u00f3n de la dieta est\u00e1 relacionada con las variables ambientales que enfrenta.<\/span><span data-ccp-props=\"{&quot;335559731&quot;:708}\">\u00a0<\/span><\/p>\n<p><span data-contrast=\"auto\">En este trabajo participaron tambi\u00e9n Romeo Salda\u00f1a-V\u00e1zquez<\/span><span data-contrast=\"auto\">,<\/span><span data-contrast=\"auto\"> de la Universidad Ibero en Puebla<\/span><span data-contrast=\"auto\">; <\/span><span data-contrast=\"auto\">Jorge Ortega<\/span><span data-contrast=\"auto\">,<\/span><span data-contrast=\"auto\"> de<\/span><span data-contrast=\"auto\"> la Escuela<\/span> <span data-contrast=\"auto\">Nacional de Ciencias Biol\u00f3gicas<\/span><span data-contrast=\"auto\"> del<\/span><span data-contrast=\"auto\"> Instituto Polit\u00e9cnico Nacional<\/span><span data-contrast=\"auto\">; <\/span><span data-contrast=\"auto\">Antonio Guerrero e Isabel Ariza-Reynoso<\/span><span data-contrast=\"auto\">,<\/span><span data-contrast=\"auto\"> de la Universidad Aut\u00f3noma del Estado de Morelos<\/span><span data-contrast=\"auto\">; <\/span><span data-contrast=\"auto\">Pedro Aguilar-Rodr\u00edguez y Jorge Ayala-<\/span><span data-contrast=\"auto\">Berd\u00f3n<\/span><span data-contrast=\"auto\">,<\/span><span data-contrast=\"auto\"> de la Universidad Aut\u00f3noma <\/span><span data-contrast=\"auto\">de Tlaxcala<\/span><span data-contrast=\"auto\">, <\/span><span data-contrast=\"auto\">y<\/span><span data-contrast=\"auto\"> Ver\u00f3nica Zamora-Guti\u00e9rrez, catedr\u00e1tica <\/span><i><span data-contrast=\"auto\">Conacyt<\/span><\/i> <span data-contrast=\"auto\">del Centro Interdisciplinario de Investigaci\u00f3n para el Desarrollo Integral Regional Unidad Durango<\/span><span data-contrast=\"auto\"> del<\/span><span data-contrast=\"auto\"> Institut<\/span><span data-contrast=\"auto\">o <\/span><span data-contrast=\"auto\">Polit\u00e9cnico Nacional<\/span><span data-ccp-props=\"{&quot;335559731&quot;:708}\">\u00a0<\/span><\/p>\n<p><span data-ccp-props=\"{}\">\u00a0<\/span><b><span data-contrast=\"auto\">Aumento de temperatura<\/span><\/b><span data-ccp-props=\"{}\"><br \/>\n<\/span><span data-contrast=\"auto\">Ante la tendencia del aumento de la tempe<\/span><span data-contrast=\"auto\">ratura en los bosques mes\u00f3filos, <\/span><span data-contrast=\"auto\">en los \u00faltimos a\u00f1os se ha observado<\/span><span data-contrast=\"auto\"> que hay menos d\u00edas de nubosidad<\/span><span data-contrast=\"auto\">, lo que<\/span><span data-contrast=\"auto\"> provoca cambios en la fenolog\u00eda de las plantas propias de este ecosistema, destac\u00f3 <\/span><span data-contrast=\"auto\">Mar\u00eda Cristina Mac<\/span> <span data-contrast=\"auto\">Swiney<\/span><span data-contrast=\"auto\">.<\/span><span data-ccp-props=\"{}\">\u00a0<\/span><\/p>\n<p><span data-contrast=\"auto\">\u201cLas plantas que no <\/span><span data-contrast=\"auto\">reciben <\/span><span data-contrast=\"auto\">el <\/span><span data-contrast=\"auto\">agua que t\u00edpicamente <\/span><span data-contrast=\"auto\">requieren<\/span> <span data-contrast=\"auto\">presentan<\/span><span data-contrast=\"auto\"> a\u00f1os con muy baja floraci\u00f3n, esto se debe a que las plantas \u2013ante la falta de recursos\u2013 privilegian el mantenerse que reproducirse; esto puede tener un impacto o llegar a tenerlo en especi<\/span><span data-contrast=\"auto\">es que dependen de este recurso<\/span><span data-contrast=\"auto\"> floral para llenar todos sus requerimientos energ\u00e9ticos.\u201d<\/span><span data-ccp-props=\"{&quot;335559731&quot;:708}\">\u00a0<\/span><\/p>\n<p><span data-contrast=\"auto\">Los murci\u00e9lagos de la especie <\/span><i><span data-contrast=\"auto\">Anoura<\/span><\/i> <i><span data-contrast=\"auto\">geoffroyi<\/span><\/i><span data-contrast=\"auto\"> necesita<\/span><span data-contrast=\"auto\">n<\/span><span data-contrast=\"auto\"> consumir muchas flores cada noche para cubrir su demanda energ\u00e9tica, ya que tiene un vuelo constante <\/span><span data-contrast=\"auto\">y en suspensi\u00f3n, para ello requiere<\/span><span data-contrast=\"auto\">n<\/span><span data-contrast=\"auto\"> visitar cientos de flores por <\/span><span data-contrast=\"auto\">la <\/span><span data-contrast=\"auto\">noche.<\/span><span data-ccp-props=\"{&quot;335559731&quot;:708}\">\u00a0<\/span><\/p>\n<p><span data-contrast=\"auto\">\u201cImagina que a estos bosques no les llega suficiente agua, esto tiene una repercusi\u00f3n en los procesos de floraci\u00f3n de las plantas y si persisten tendr\u00e1n un efecto en los recursos que necesita <\/span><span data-contrast=\"auto\">esta especie para llenar sus requerimientos energ\u00e9ticos<\/span><span data-contrast=\"auto\">.<\/span><span data-ccp-props=\"{&quot;335559731&quot;:708}\">\u00a0<\/span><\/p>\n<p><span data-contrast=\"auto\">\u201dEntonces, un animal que tiene poca comida disponible llegar\u00e1 a tener menos cr\u00edas o pocas hembras se embarazar\u00e1n, <\/span><span data-contrast=\"auto\">lo cual<\/span><span data-contrast=\"auto\"> t<\/span><span data-contrast=\"auto\">iene<\/span><span data-contrast=\"auto\"> un efecto importante en la especie, que s\u00f3lo tiene una cr\u00eda al a\u00f1o.\u201d<\/span><span data-ccp-props=\"{&quot;335559731&quot;:708}\">\u00a0<\/span><\/p>\n","protected":false},"excerpt":{"rendered":"<p>Mar\u00eda Cristina Mac Swiney colabor\u00f3 en un art\u00edculo sobre el murci\u00e9lago <em>Anoura geoffroyi<\/em>, que se distribuye en diferentes partes del pa\u00eds <\/p>\n","protected":false},"author":1775,"featured_media":82830,"comment_status":"closed","ping_status":"closed","sticky":false,"template":"","format":"standard","meta":[],"categories":[45,61],"tags":[],"_links":{"self":[{"href":"https:\/\/www.uv.mx\/prensa\/wp-json\/wp\/v2\/posts\/82826"}],"collection":[{"href":"https:\/\/www.uv.mx\/prensa\/wp-json\/wp\/v2\/posts"}],"about":[{"href":"https:\/\/www.uv.mx\/prensa\/wp-json\/wp\/v2\/types\/post"}],"author":[{"embeddable":true,"href":"https:\/\/www.uv.mx\/prensa\/wp-json\/wp\/v2\/users\/1775"}],"replies":[{"embeddable":true,"href":"https:\/\/www.uv.mx\/prensa\/wp-json\/wp\/v2\/comments?post=82826"}],"version-history":[{"count":0,"href":"https:\/\/www.uv.mx\/prensa\/wp-json\/wp\/v2\/posts\/82826\/revisions"}],"wp:featuredmedia":[{"embeddable":true,"href":"https:\/\/www.uv.mx\/prensa\/wp-json\/wp\/v2\/media\/82830"}],"wp:attachment":[{"href":"https:\/\/www.uv.mx\/prensa\/wp-json\/wp\/v2\/media?parent=82826"}],"wp:term":[{"taxonomy":"category","embeddable":true,"href":"https:\/\/www.uv.mx\/prensa\/wp-json\/wp\/v2\/categories?post=82826"},{"taxonomy":"post_tag","embeddable":true,"href":"https:\/\/www.uv.mx\/prensa\/wp-json\/wp\/v2\/tags?post=82826"}],"curies":[{"name":"wp","href":"https:\/\/api.w.org\/{rel}","templated":true}]}}