{"id":82910,"date":"2020-04-22T08:00:46","date_gmt":"2020-04-22T13:00:46","guid":{"rendered":"https:\/\/www.uv.mx\/prensa\/?p=82910"},"modified":"2020-04-22T09:57:53","modified_gmt":"2020-04-22T14:57:53","slug":"mas-de-25-mil-alumnos-de-la-uv-ingresan-diariamente-a-eminus","status":"publish","type":"post","link":"https:\/\/www.uv.mx\/prensa\/banner\/mas-de-25-mil-alumnos-de-la-uv-ingresan-diariamente-a-eminus\/","title":{"rendered":"M\u00e1s de 25 mil alumnos de la UV ingresan diariamente a <em>Eminus<\/em>\u00a0"},"content":{"rendered":"<ul>\n<li data-leveltext=\"\uf0b7\" data-font=\"Symbol\" data-listid=\"1\" data-aria-posinset=\"1\" data-aria-level=\"1\"><i><span data-contrast=\"auto\">Los cursos <\/span><\/i><i><span data-contrast=\"auto\">impartidos <\/span><\/i><i><span data-contrast=\"auto\">a docentes a <\/span><\/i><i><span data-contrast=\"auto\">partir del Plan de Contingencia <\/span><\/i><i><span data-contrast=\"auto\">Covid-19<\/span><\/i> <i><span data-contrast=\"auto\">registran cupo completo<\/span><\/i><span data-ccp-props=\"{&quot;134233279&quot;:true}\">\u00a0<\/span><\/li>\n<li data-leveltext=\"\uf0b7\" data-font=\"Symbol\" data-listid=\"1\" data-aria-posinset=\"2\" data-aria-level=\"1\"><i><span data-contrast=\"auto\">Al 17 de abril, seis mil 500 usuarios toman clases en modalidad as\u00edncrona dentro de la plataforma<\/span><\/i><span data-ccp-props=\"{&quot;134233279&quot;:true}\">\u00a0<\/span><\/li>\n<\/ul>\n<p><span data-ccp-props=\"{}\">\u00a0<\/span><b><i><\/i><\/b><\/p>\n<div id=\"attachment_82912\" style=\"width: 732px\" class=\"wp-caption aligncenter\"><a href=\"https:\/\/www.uv.mx\/prensa\/files\/2020\/04\/210420-Nota-Eminus-3a-semana-abril-1.jpg\"><img aria-describedby=\"caption-attachment-82912\" decoding=\"async\" loading=\"lazy\" class=\"size-full wp-image-82912\" src=\"https:\/\/www.uv.mx\/prensa\/files\/2020\/04\/210420-Nota-Eminus-3a-semana-abril-1.jpg\" alt=\"\" width=\"722\" height=\"433\" srcset=\"https:\/\/www.uv.mx\/prensa\/files\/2020\/04\/210420-Nota-Eminus-3a-semana-abril-1.jpg 722w, https:\/\/www.uv.mx\/prensa\/files\/2020\/04\/210420-Nota-Eminus-3a-semana-abril-1-300x180.jpg 300w\" sizes=\"(max-width: 722px) 100vw, 722px\" \/><\/a><p id=\"caption-attachment-82912\" class=\"wp-caption-text\">Por la contingencia de Covid-19, la comunidad UV ha incrementado la interacci\u00f3n con el sistema Eminus<\/p><\/div>\n<p><span data-ccp-props=\"{}\">\u00a0<\/span><\/p>\n<p>&nbsp;<\/p>\n<blockquote><p><span data-contrast=\"auto\">En <\/span><a href=\"https:\/\/eminus.uv.mx\/eminus\/\"><span data-contrast=\"none\">https:\/\/eminus.uv.mx\/eminus\/<\/span><\/a><span data-contrast=\"auto\"> se encuentran manuales para el estudiante y el facilitador que describen la plataforma, c\u00f3mo est\u00e1 construida y cu\u00e1les son las funciones de los distintos apartados<\/span><span data-ccp-props=\"{}\">\u00a0<\/span><\/p><\/blockquote>\n<p><span data-ccp-props=\"{}\">\u00a0<\/span><\/p>\n<p><b><i><span data-contrast=\"auto\">David Sandoval Rodr\u00edguez<\/span><\/i><\/b><span data-ccp-props=\"{}\">\u00a0<\/span><\/p>\n<p><b><i><span data-contrast=\"auto\">2<\/span><\/i><\/b><b><i><span data-contrast=\"auto\">2<\/span><\/i><\/b><b><i><span data-contrast=\"auto\">\/04\/20<\/span><\/i><\/b><b><i><span data-contrast=\"auto\">20,<\/span><\/i><\/b><b><i><span data-contrast=\"auto\"> Xalapa, Ver.-<\/span><\/i><\/b><span data-contrast=\"auto\"> La comunidad de la <a href=\"https:\/\/www.uv.mx\/\" target=\"_blank\" rel=\"noopener noreferrer\">Universidad Veracruzana<\/a> (UV) ha respondido a la contingencia sanitaria ocasionada por el coronavirus (<\/span><span data-contrast=\"auto\">Covid-<\/span><span data-contrast=\"auto\">19) trasladando su actividad acad\u00e9mica a diversas plataformas, privilegiando el uso de <\/span><i><span data-contrast=\"auto\">Eminus<\/span><\/i><span data-contrast=\"auto\">, S<\/span><span data-contrast=\"auto\">istema de Educaci\u00f3n Distribuida de la <\/span><span data-contrast=\"auto\">UV, que al 17 de abril registraba m\u00e1s de 25 mil accesos de estudiantes al d\u00eda.<\/span><span data-ccp-props=\"{}\">\u00a0<\/span><\/p>\n<p><span data-contrast=\"auto\">En el mismo sentido, los cursos del periodo de contingencia, integrado<\/span><span data-contrast=\"auto\">s por la \u201cSegunda Oferta <\/span><span data-contrast=\"auto\">ProFA<\/span><span data-contrast=\"auto\">\u201d<\/span><span data-contrast=\"auto\"> registran cupo completo de acad\u00e9micos cursando alguna de las experiencias educativas.<\/span><span data-ccp-props=\"{}\">\u00a0<\/span><\/p>\n<p><span data-contrast=\"auto\">Se han registrado m<\/span><span data-contrast=\"auto\">\u00e1s de 19 mil accesos diarios en promedio a<\/span><span data-contrast=\"auto\">l sitio<\/span> <span data-contrast=\"auto\">\u201c<\/span><span data-contrast=\"auto\">MiUV<\/span><span data-contrast=\"auto\">\u201d,<\/span><span data-contrast=\"auto\"> contando a estudiantes, acad\u00e9micos y trabajadores administrativos<\/span><span data-contrast=\"auto\">.<\/span><span data-ccp-props=\"{&quot;335559731&quot;:708}\">\u00a0<\/span><\/p>\n<p><span data-contrast=\"auto\">De igual forma, e<\/span><span data-contrast=\"auto\">n la plataforma <\/span><i><span data-contrast=\"auto\">Eminus<\/span><\/i><span data-contrast=\"auto\"> hay<\/span><span data-contrast=\"auto\"> m\u00e1s de 25 mil accesos diarios de estudiantes, m\u00e1s de mil 600 <\/span><span data-contrast=\"auto\">accesos <\/span><span data-contrast=\"auto\">acad\u00e9micos y un total de seis mil 500 usuarios to<\/span><span data-contrast=\"auto\">mando clases as\u00edncronas en dicho<\/span> <span data-contrast=\"auto\">sistema<\/span><span data-contrast=\"auto\">.<\/span><span data-ccp-props=\"{&quot;335559731&quot;:708}\">\u00a0<\/span><\/p>\n<p><span data-contrast=\"auto\">Por otra parte<\/span><span data-contrast=\"auto\">,<\/span><span data-contrast=\"auto\"> s<\/span><span data-contrast=\"auto\">e han generado m\u00e1s de dos mil 9<\/span><span data-contrast=\"auto\">00 eventos de videoconferencia; ello con base en las <\/span><span data-contrast=\"auto\">cifras <\/span><span data-contrast=\"auto\">de la Direcci\u00f3n General de Tecnolog\u00eda de Informaci\u00f3n (DGTI) <\/span><span data-contrast=\"auto\">que abarcan del 23 de marzo al 17 de abril.<\/span><span data-ccp-props=\"{&quot;335559731&quot;:708}\">\u00a0<\/span><\/p>\n<p><span data-contrast=\"auto\">Todos los cursos que actualmente se <\/span><span data-contrast=\"auto\">imparten <\/span><span data-contrast=\"auto\">por el periodo de <\/span><span data-contrast=\"auto\">contingencia<\/span><span data-contrast=\"auto\"> registran cupo completo y abarcar\u00e1n del 3 de abril al 9<\/span><span data-contrast=\"auto\"> de m<\/span><span data-contrast=\"auto\">ayo.<\/span><span data-ccp-props=\"{&quot;335559731&quot;:708}\">\u00a0<\/span><\/p>\n<p><span data-contrast=\"auto\">Dichos cursos, orientados para docentes son: \u201c<\/span><span data-contrast=\"auto\">Sabere<\/span><span data-contrast=\"auto\">s digitales: <\/span><span data-contrast=\"auto\">c<\/span><span data-contrast=\"auto\">ontenido digital\u201d, \u201c<\/span><span data-contrast=\"auto\">Saberes digita<\/span><span data-contrast=\"auto\">les: <\/span><span data-contrast=\"auto\">i<\/span><span data-contrast=\"auto\">nformaci\u00f3n y comunicaci\u00f3n\u201d,<\/span> <span data-contrast=\"auto\">\u201c<\/span><span data-contrast=\"auto\">Saberes digitales: <\/span><span data-contrast=\"auto\">s<\/span><span data-contrast=\"auto\">istemas<\/span><span data-contrast=\"auto\"> de c\u00f3mputo y profesi\u00f3n docente\u201d, \u201c<\/span><span data-contrast=\"auto\">Evaluaci\u00f3n formadora <\/span><span data-contrast=\"auto\">en la intencionalidad formativa\u201d,<\/span> <span data-contrast=\"auto\">\u201c<\/span><span data-contrast=\"auto\">Las redes sociales aplicadas a la ense\u00f1anza<\/span><span data-contrast=\"auto\">\u201d,<\/span> <span data-contrast=\"auto\">\u201c<\/span><span data-contrast=\"auto\">Dise\u00f1o de actividades de <\/span><span data-contrast=\"auto\">aprendizaje situado<\/span><span data-contrast=\"auto\">\u201d<\/span><span data-contrast=\"auto\">, <\/span><span data-contrast=\"auto\">\u201c<\/span><span data-contrast=\"auto\">Herramientas TIC para docentes<\/span><span data-contrast=\"auto\">\u201d e \u201c<\/span><span data-contrast=\"auto\">Introducci\u00f3n a la facilitaci\u00f3n en l\u00ednea<\/span><span data-contrast=\"auto\">\u201d.<\/span><span data-ccp-props=\"{&quot;335559731&quot;:708}\">\u00a0<\/span><\/p>\n<p><span data-contrast=\"auto\">En el sitio <\/span><span data-contrast=\"auto\">oficial de <\/span><i><span data-contrast=\"auto\">Eminus<\/span><\/i><span data-contrast=\"auto\"> (<\/span><a href=\"https:\/\/eminus.uv.mx\/eminus\/\"><span data-contrast=\"none\">https:\/\/eminus.uv.mx\/e<\/span><span data-contrast=\"none\">m<\/span><span data-contrast=\"none\">inus\/<\/span><\/a><span data-contrast=\"auto\">) <\/span><span data-contrast=\"auto\">se encuentran manuales para el estudiante y el facilitador que describen la plataforma, <\/span><span data-contrast=\"auto\">c\u00f3mo est\u00e1 construida y cu\u00e1les son las funciones de los distintos apartados que tienen disponibles.<\/span><span data-ccp-props=\"{&quot;335559731&quot;:708}\">\u00a0<\/span><\/p>\n<p><span data-contrast=\"auto\">En ambos manuales se enumeran los requisitos m\u00ednimos para ingresar y tr<\/span><span data-contrast=\"auto\">abajar desde la plataforma, <\/span><span data-contrast=\"auto\">que <\/span><span data-contrast=\"auto\">son<\/span><span data-contrast=\"auto\"> los siguientes<\/span><span data-contrast=\"auto\">: <\/span><span data-contrast=\"auto\">c<\/span><span data-contrast=\"auto\">uenta de acceso institucional; conexi\u00f3n a <\/span><span data-contrast=\"auto\">I<\/span><span data-contrast=\"auto\">nterne<\/span><span data-contrast=\"auto\">t <\/span><span data-contrast=\"auto\">m\u00ednima de 512 Kbps o superior; <\/span><span data-contrast=\"auto\">puede trabajarse desde<\/span><span data-contrast=\"auto\"> los navegadores:<\/span> <span data-contrast=\"auto\">Internet Explorer 8 o superior, Firefox v.15 o superior, Chrome<\/span><span data-contrast=\"auto\"> v.<\/span><span data-contrast=\"auto\">20 o superior y Safari 6.0\u00a0 <\/span><span data-contrast=\"auto\">o<\/span><span data-contrast=\"auto\"> superior; se requiere de una p<\/span><span data-contrast=\"auto\">a<\/span><span data-contrast=\"auto\">ntalla con resoluci\u00f3n 1024<\/span> <span data-contrast=\"auto\">x<\/span> <span data-contrast=\"auto\">768 o superior, <\/span><span data-contrast=\"auto\">as\u00ed como <\/span><span data-contrast=\"auto\">teclado y \u201cr<\/span><span data-contrast=\"auto\">at\u00f3n<\/span><span data-contrast=\"auto\">\u201d<\/span><span data-contrast=\"auto\">.<\/span><span data-ccp-props=\"{&quot;335559731&quot;:708}\">\u00a0<\/span><\/p>\n<p><span data-contrast=\"auto\">Se recomienda tener a disposici\u00f3n una t<\/span><span data-contrast=\"auto\">arjeta de sonido y b<\/span><span data-contrast=\"auto\">ocinas, c\u00e1mara <\/span><i><span data-contrast=\"auto\">web<\/span><\/i><span data-contrast=\"auto\"> y m<\/span><span data-contrast=\"auto\">icr\u00f3fono<\/span><span data-contrast=\"auto\"> para cumplir con determinadas actividades.<\/span><span data-ccp-props=\"{&quot;335559731&quot;:708}\">\u00a0<\/span><\/p>\n<p><span data-contrast=\"auto\">Por otro lado, dentro del apartado \u201cGu\u00edas\u201d se encuentran las indicaciones para estudiantes y facilitadores relativas a las diversas acciones que puedan ejercer.<\/span><span data-ccp-props=\"{&quot;335559731&quot;:708}\">\u00a0<\/span><\/p>\n<p><span data-contrast=\"auto\">Por ejemplo, en el caso de los estudiantes, <\/span><span data-contrast=\"auto\">se muestran rubros como \u201cEntregar actividad\u201d, \u201cCentro de evaluaci\u00f3n\u201d, \u201cCentro de actividades\u201d, \u201cEventos\u201d, \u201cForos\u201d, entre otros.<\/span><span data-ccp-props=\"{&quot;335559731&quot;:708}\">\u00a0<\/span><\/p>\n<p><span data-contrast=\"auto\">Para el caso de los facilitadores, se explican rubros como \u201cCrear un nuevo curso\u201d, \u201cEditar curso\u201d, \u201cLista de integrantes\u201d, \u201cCrear contenido\u201d, \u201cPase de lista\u201d, \u201cCrear una r\u00fabrica\u201d, \u201cPase de lista\u201d, por mencionar algunos.<\/span><span data-ccp-props=\"{&quot;335559731&quot;:708}\">\u00a0<\/span><\/p>\n<p><span data-contrast=\"auto\">Asimismo, para facilitar la comprensi\u00f3n del uso de la plataforma existe una secci\u00f3n de \u201cVideos\u201d<\/span><span data-contrast=\"auto\">, dentro de la cual se explican, mediante contenido multimedia, la operaci\u00f3n de los diversos espacios que integran <\/span><i><span data-contrast=\"auto\">Eminus<\/span><\/i><span data-contrast=\"auto\">.<\/span><span data-ccp-props=\"{&quot;335559731&quot;:708}\">\u00a0<\/span><\/p>\n<p><span data-contrast=\"auto\">Como se\u00f1alan en su <\/span><span data-contrast=\"auto\">apartado de \u201cNoticias\u201d, en la p\u00e1gina de inicio<\/span><span data-contrast=\"auto\">, \u201cs<\/span><span data-contrast=\"auto\">e implement\u00f3 una nueva funcionalidad en el sistema. Ahora al navegar por su contenido, podr\u00e1s visualizar en l\u00ednea los documentos establecidos por el facilitador, tales como: documentos de texto, hojas de c\u00e1lculo, <\/span><span data-contrast=\"auto\">presentaciones y documentos PDF\u201d.<\/span><span data-ccp-props=\"{&quot;335559731&quot;:708}\">\u00a0<\/span><\/p>\n<p><span data-contrast=\"auto\">Asimismo<\/span><span data-contrast=\"auto\">,<\/span><span data-contrast=\"auto\"> ponen a disposici\u00f3n de la comunidad universitaria un apartado de ayuda y <\/span><i><span data-contrast=\"auto\">chat<\/span><\/i><span data-contrast=\"auto\"> en l\u00ednea, as\u00ed como los enlaces a las cuentas de <\/span><i><span data-contrast=\"auto\">Twitter<\/span><\/i><span data-contrast=\"auto\"> y <\/span><i><span data-contrast=\"auto\">Facebook<\/span><\/i><span data-contrast=\"auto\"> para mayor informaci\u00f3n.<\/span><span data-ccp-props=\"{&quot;335559731&quot;:708}\">\u00a0<\/span><\/p>\n<p><span data-contrast=\"auto\">Para aquellos integrantes de la UV que ya est\u00e1n usando la versi\u00f3n <\/span><i><span data-contrast=\"auto\">Eminus<\/span><\/i><i><span data-contrast=\"auto\"> 4<\/span><\/i><span data-contrast=\"auto\">, se <\/span><span data-contrast=\"auto\">han puesto a disposici\u00f3n un conjunto de videos <\/span><span data-contrast=\"auto\">instruccionales de est<\/span><span data-contrast=\"auto\">a<\/span><span data-contrast=\"auto\"> nueva versi\u00f3n, disponibles en el sitio: <\/span><a href=\"https:\/\/sway.office.com\/3h44hCG0BvAYLe07\"><span data-contrast=\"none\">https:\/\/sway.office.com\/3h44hCG0<\/span><span data-contrast=\"none\">B<\/span><span data-contrast=\"none\">vAYLe07<\/span><\/a><span data-contrast=\"auto\">.<\/span><span data-ccp-props=\"{&quot;335559731&quot;:708}\">\u00a0<\/span><\/p>\n<p><span data-ccp-props=\"{}\">\u00a0<\/span><\/p>\n<div id=\"attachment_82911\" style=\"width: 732px\" class=\"wp-caption aligncenter\"><a href=\"https:\/\/www.uv.mx\/prensa\/files\/2020\/04\/210420-Nota-Eminus-3a-semana-abril-2.jpg\"><img aria-describedby=\"caption-attachment-82911\" decoding=\"async\" loading=\"lazy\" class=\"size-full wp-image-82911\" src=\"https:\/\/www.uv.mx\/prensa\/files\/2020\/04\/210420-Nota-Eminus-3a-semana-abril-2.jpg\" alt=\"\" width=\"722\" height=\"367\" srcset=\"https:\/\/www.uv.mx\/prensa\/files\/2020\/04\/210420-Nota-Eminus-3a-semana-abril-2.jpg 722w, https:\/\/www.uv.mx\/prensa\/files\/2020\/04\/210420-Nota-Eminus-3a-semana-abril-2-300x152.jpg 300w\" sizes=\"(max-width: 722px) 100vw, 722px\" \/><\/a><p id=\"caption-attachment-82911\" class=\"wp-caption-text\">En la p\u00e1gina de inicio de la plataforma se pueden consultar gu\u00edas para estudiantes y facilitadores<\/p><\/div>\n","protected":false},"excerpt":{"rendered":"<p>En el mismo sentido, los cursos del periodo de contingencia, integrados por la \u201cSegunda Oferta ProFA\u201d registran cupo completo de acad\u00e9micos cursando alguna de las experiencias educativas.\u00a0<\/p>\n","protected":false},"author":1869,"featured_media":81925,"comment_status":"closed","ping_status":"closed","sticky":false,"template":"","format":"standard","meta":[],"categories":[61],"tags":[],"_links":{"self":[{"href":"https:\/\/www.uv.mx\/prensa\/wp-json\/wp\/v2\/posts\/82910"}],"collection":[{"href":"https:\/\/www.uv.mx\/prensa\/wp-json\/wp\/v2\/posts"}],"about":[{"href":"https:\/\/www.uv.mx\/prensa\/wp-json\/wp\/v2\/types\/post"}],"author":[{"embeddable":true,"href":"https:\/\/www.uv.mx\/prensa\/wp-json\/wp\/v2\/users\/1869"}],"replies":[{"embeddable":true,"href":"https:\/\/www.uv.mx\/prensa\/wp-json\/wp\/v2\/comments?post=82910"}],"version-history":[{"count":0,"href":"https:\/\/www.uv.mx\/prensa\/wp-json\/wp\/v2\/posts\/82910\/revisions"}],"wp:featuredmedia":[{"embeddable":true,"href":"https:\/\/www.uv.mx\/prensa\/wp-json\/wp\/v2\/media\/81925"}],"wp:attachment":[{"href":"https:\/\/www.uv.mx\/prensa\/wp-json\/wp\/v2\/media?parent=82910"}],"wp:term":[{"taxonomy":"category","embeddable":true,"href":"https:\/\/www.uv.mx\/prensa\/wp-json\/wp\/v2\/categories?post=82910"},{"taxonomy":"post_tag","embeddable":true,"href":"https:\/\/www.uv.mx\/prensa\/wp-json\/wp\/v2\/tags?post=82910"}],"curies":[{"name":"wp","href":"https:\/\/api.w.org\/{rel}","templated":true}]}}