{"id":82915,"date":"2020-04-23T08:00:13","date_gmt":"2020-04-23T13:00:13","guid":{"rendered":"https:\/\/www.uv.mx\/prensa\/?p=82915"},"modified":"2020-04-23T17:33:32","modified_gmt":"2020-04-23T22:33:32","slug":"egresada-uv-comparte-experiencia-en-el-extranjero-durante-pandemia","status":"publish","type":"post","link":"https:\/\/www.uv.mx\/prensa\/entrevista\/egresada-uv-comparte-experiencia-en-el-extranjero-durante-pandemia\/","title":{"rendered":"Egresada UV comparte experiencia en el extranjero durante pandemia\u00a0"},"content":{"rendered":"<ul>\n<li data-leveltext=\"\uf0b7\" data-font=\"Symbol\" data-listid=\"3\" data-aria-posinset=\"1\" data-aria-level=\"1\"><i><span data-contrast=\"auto\">La mezzosoprano Gabriela Flores coment\u00f3 sobre fechas pospuestas y cancelaci<\/span><\/i><i><span data-contrast=\"auto\">ones en L<\/span><\/i><i><span data-contrast=\"auto\">a \u00d3pera de Los \u00c1ngeles<\/span><\/i><span data-ccp-props=\"{&quot;134233279&quot;:true}\"><br \/>\n<\/span><\/li>\n<\/ul>\n<div id=\"attachment_82917\" style=\"width: 732px\" class=\"wp-caption aligncenter\"><a href=\"https:\/\/www.uv.mx\/prensa\/files\/2020\/04\/220420-Gabriela-Flores.jpg\"><img aria-describedby=\"caption-attachment-82917\" decoding=\"async\" loading=\"lazy\" class=\"size-full wp-image-82917\" src=\"https:\/\/www.uv.mx\/prensa\/files\/2020\/04\/220420-Gabriela-Flores.jpg\" alt=\"\" width=\"722\" height=\"481\" srcset=\"https:\/\/www.uv.mx\/prensa\/files\/2020\/04\/220420-Gabriela-Flores.jpg 722w, https:\/\/www.uv.mx\/prensa\/files\/2020\/04\/220420-Gabriela-Flores-300x200.jpg 300w\" sizes=\"(max-width: 722px) 100vw, 722px\" \/><\/a><p id=\"caption-attachment-82917\" class=\"wp-caption-text\">Gabriela Flores como la gitana Carmen, en la \u00f3pera de Georges Bizet<\/p><\/div>\n<p><span data-ccp-props=\"{&quot;134233279&quot;:true,&quot;335559685&quot;:720}\">\u00a0<\/span><b><i><span data-contrast=\"auto\">Jorge V\u00e1zquez Pacheco<\/span><\/i><\/b><span data-ccp-props=\"{&quot;134233279&quot;:true,&quot;335559685&quot;:720}\">\u00a0<\/span><\/p>\n<p><b><i><span data-contrast=\"auto\">2<\/span><\/i><\/b><b><i><span data-contrast=\"auto\">3<\/span><\/i><\/b><b><i><span data-contrast=\"auto\">\/<\/span><\/i><\/b><b><i><span data-contrast=\"auto\">04<\/span><\/i><\/b><b><i><span data-contrast=\"auto\">\/2020<\/span><\/i><\/b><b><i><span data-contrast=\"auto\">,<\/span><\/i><\/b> <b><i><span data-contrast=\"auto\">Xalapa, <\/span><\/i><\/b><b><i><span data-contrast=\"auto\">Ver<\/span><\/i><\/b><b><i><span data-contrast=\"auto\">.<\/span><\/i><\/b><b><i><span data-contrast=\"auto\">&#8211;<\/span><\/i><\/b> <span data-contrast=\"auto\">Gabriela Flores, <\/span><span data-contrast=\"auto\">cantante de tesitura <\/span><span data-contrast=\"auto\">mezzosoprano egresada de la <a href=\"https:\/\/www.uv.mx\/musica\/\" target=\"_blank\" rel=\"noopener noreferrer\">Facultad de M\u00fasica<\/a> de la Un<\/span><span data-contrast=\"auto\">iversidad Veracruzana<\/span><span data-contrast=\"auto\"> (UV), con<\/span><span data-contrast=\"auto\">cedi\u00f3 <\/span><span data-contrast=\"auto\">a <\/span><i><span data-contrast=\"auto\">Universo<\/span><\/i> <span data-contrast=\"auto\">una <\/span><span data-contrast=\"auto\">entrevista telef\u00f3nica desde Los <\/span><span data-contrast=\"auto\">Angeles<\/span><span data-contrast=\"auto\">, California, <\/span><span data-contrast=\"auto\">el s\u00e1bado 18 de abril, <\/span><span data-contrast=\"auto\">y<\/span><span data-contrast=\"auto\"> coment<\/span><span data-contrast=\"auto\">\u00f3 <\/span><span data-contrast=\"auto\">en torno de su percepci\u00f3n sobre las restricciones hacia la labor de los artistas y, particularmente, los cantantes de \u00f3pera que se desenvuelven en el extranjero.<\/span><span data-ccp-props=\"{}\">\u00a0<\/span><\/p>\n<p><span data-contrast=\"auto\">La <\/span><span data-contrast=\"auto\">preparaci\u00f3n art\u00edstica <\/span><span data-contrast=\"auto\">de <\/span><span data-contrast=\"auto\">Gabriela Flores<\/span> <span data-contrast=\"auto\">estuvo <\/span><span data-contrast=\"auto\">bajo la gu\u00eda de <\/span><span data-contrast=\"auto\">la tambi\u00e9n mezzo<\/span><span data-contrast=\"auto\">soprano<\/span> <span data-contrast=\"auto\">Socorro Perfecto y curs<\/span><span data-contrast=\"auto\">os adicionales con Armando Mora.<\/span> <span data-contrast=\"auto\">A<\/span><span data-contrast=\"auto\">lcanz\u00f3 notoriedad cuando lleg\u00f3 a la <\/span><span data-contrast=\"auto\">final en el Concurso Nacional \u201cCarlo Morelli\u201d <\/span><span data-contrast=\"auto\">de <\/span><span data-contrast=\"auto\">2012. Posteriormente se incorpor\u00f3 al Estudio de \u00d3pera de Bellas Artes, en el que permaneci\u00f3 dos a\u00f1os<\/span><span data-contrast=\"auto\">;<\/span> <span data-contrast=\"auto\">actualmente <\/span><span data-contrast=\"auto\">es parte de<\/span> <span data-contrast=\"auto\">la compa\u00f1\u00eda <\/span><span data-contrast=\"auto\">La<\/span><span data-contrast=\"auto\"> Opera <\/span><span data-contrast=\"auto\">(\u00d3pera de Los \u00c1ngeles).<\/span><span data-ccp-props=\"{&quot;335559731&quot;:708}\">\u00a0<\/span><\/p>\n<p><span data-ccp-props=\"{}\">\u00a0<\/span><\/p>\n<p><b><i><span data-contrast=\"auto\">\u00bfC\u00f3mo se vio afectada por las limitantes impuestas ante la emergencia sanitaria?<\/span><\/i><\/b><span data-ccp-props=\"{}\">\u00a0<\/span><\/p>\n<p><span data-contrast=\"auto\">Lo primero que se cancel\u00f3 fueron los eventos p\u00fablicos con asistencia de mucha gente: espect\u00e1culos deportivos, conciertos y funciones de \u00f3pera. <\/span><span data-contrast=\"auto\">Tengo la fortuna de pertenecer al Domingo-Colburn-Stein <\/span><span data-contrast=\"auto\">Young <\/span><span data-contrast=\"auto\">Artist<\/span> <span data-contrast=\"auto\">Program<\/span> <span data-contrast=\"auto\">de <\/span><span data-contrast=\"auto\">L<\/span><span data-contrast=\"auto\">a \u00d3pera de Los \u00c1ngeles<\/span><span data-contrast=\"auto\">, q<\/span><span data-contrast=\"auto\">ue no me ha suspendido la aportaci\u00f3n monetaria <\/span><span data-contrast=\"auto\">y <\/span><span data-contrast=\"auto\">me permite solventar mis gastos<\/span><span data-contrast=\"auto\">,<\/span> <span data-contrast=\"auto\">aunque varios proyectos se <\/span><span data-contrast=\"auto\">hayan pospuesto o cancelado.<\/span><span data-ccp-props=\"{}\">\u00a0<\/span><\/p>\n<p><span data-contrast=\"auto\">Pero quienes se desempe\u00f1an como <\/span><i><span data-contrast=\"auto\">freelancer<\/span><\/i><span data-contrast=\"auto\">, de manera totalmente aut\u00f3noma, s\u00ed <\/span><span data-contrast=\"auto\">se <\/span><span data-contrast=\"auto\">han <\/span><span data-contrast=\"auto\">visto <\/span><span data-contrast=\"auto\">severamente afectados. Algunos teatros y compa\u00f1\u00edas de \u00f3pera <\/span><span data-contrast=\"auto\">\u2013<\/span><span data-contrast=\"auto\">no todos<\/span><span data-contrast=\"auto\">\u2013<\/span><span data-contrast=\"auto\"> otorgan una compensaci\u00f3n que ya es una valiosa ayuda. En mi caso, en dos de las tres cancelaciones me enviaron un apoyo como compensaci\u00f3n<\/span><span data-contrast=\"auto\">, lo que me hace sentir extremadamente afortunada<\/span><span data-contrast=\"auto\">.<\/span><span data-ccp-props=\"{}\">\u00a0<\/span><\/p>\n<p><span data-ccp-props=\"{}\">\u00a0<\/span><\/p>\n<p><b><i><span data-contrast=\"auto\">\u00bfPor cu\u00e1nto tiempo se extiende su compromiso con L<\/span><\/i><\/b><b><i><span data-contrast=\"auto\">a<\/span><\/i><\/b><b><i><span data-contrast=\"auto\"> Opera?<\/span><\/i><\/b><span data-ccp-props=\"{}\">\u00a0<\/span><\/p>\n<p><span data-contrast=\"auto\">Mi contrato se vence en junio pr\u00f3ximo, con la expectativa de renovaci\u00f3n por ser apenas mi primer a\u00f1o. <\/span><span data-contrast=\"auto\">Ahora <\/span><span data-contrast=\"auto\">soy <\/span><span data-contrast=\"auto\">la \u00fanica latinoamericana en este programa<\/span><span data-contrast=\"auto\">,<\/span><span data-contrast=\"auto\"> aunque a<\/span><span data-contrast=\"auto\">nteriormente s\u00ed hubo cantantes mexicanos como Juan Carlos Heredia, de Chihuahua<\/span><span data-contrast=\"auto\">, apenas en 2019. En a\u00f1os anteriores estuvieron Mar\u00eda Katzarava<\/span><span data-contrast=\"auto\">, Cassandra Zoe, Diego Torre y David Lomel\u00ed<\/span><span data-contrast=\"auto\">.<\/span><span data-ccp-props=\"{}\">\u00a0<\/span><\/p>\n<p><span data-ccp-props=\"{}\">\u00a0<\/span><\/p>\n<p><b><i><span data-contrast=\"auto\">Hace poco, <\/span><\/i><\/b><b><i><span data-contrast=\"auto\">a trav\u00e9s de Radio M\u00e1s<\/span><\/i><\/b> <b><i><span data-contrast=\"auto\">se difundi<\/span><\/i><\/b><b><i><span data-contrast=\"auto\">\u00f3 <\/span><\/i><\/b><b><i><span data-contrast=\"auto\">el registro discogr\u00e1fico de la <\/span><\/i><\/b><b><span data-contrast=\"auto\">Misa de seis<\/span><\/b><b><i><span data-contrast=\"auto\">, \u00f3pera del mexicano <\/span><\/i><\/b><b><i><span data-contrast=\"auto\">Carlos Jim\u00e9nez Mabarak<\/span><\/i><\/b><b><i><span data-contrast=\"auto\"> en que usted particip<\/span><\/i><\/b><b><i><span data-contrast=\"auto\">\u00f3. Es m\u00fasica totalmente atonal y suponemos <\/span><\/i><\/b><b><i><span data-contrast=\"auto\">que <\/span><\/i><\/b><b><i><span data-contrast=\"auto\">bastante compl<\/span><\/i><\/b><b><i><span data-contrast=\"auto\">eja<\/span><\/i><\/b><b><i><span data-contrast=\"auto\">.<\/span><\/i><\/b><span data-ccp-props=\"{}\">\u00a0<\/span><\/p>\n<p><span data-contrast=\"auto\">Es cierto, se trata de m\u00fasica \u201cnueva\u201d aunque hay creaciones a\u00fan con mayor grado de complejidad y en las que el cantante no encuentra en los acordes algo que le a<\/span><span data-contrast=\"auto\">yude a ubicarse de mejor forma.<\/span><span data-ccp-props=\"{}\">\u00a0<\/span><\/p>\n<p><span data-contrast=\"auto\">Recientemente he vuelto a escuchar el disco <\/span><span data-contrast=\"auto\">de <\/span><i><span data-contrast=\"auto\">Misa de seis <\/span><\/i><span data-contrast=\"auto\">y me sorprende lo bien realizado que est\u00e1<\/span><span data-contrast=\"auto\">,<\/span><span data-contrast=\"auto\"> pese a los problemas que enfrentamos<\/span><span data-contrast=\"auto\"> para la grabaci\u00f3n. En 2016<\/span><span data-contrast=\"auto\"> se dio el lamentable caso de unos asesinatos en Oaxaca y a todos nos regresaron a nuestras casas. Tuvimos qu<\/span><span data-contrast=\"auto\">e<\/span> <span data-contrast=\"auto\">volver <\/span><span data-contrast=\"auto\">semanas despu\u00e9s a completar <\/span><span data-contrast=\"auto\">el <\/span><span data-contrast=\"auto\">trabajo <\/span><span data-contrast=\"auto\">mediante <\/span><span data-contrast=\"auto\">tres largos d\u00edas de <\/span><span data-contrast=\"auto\">actividad intensa<\/span><span data-contrast=\"auto\">. Fue <\/span><span data-contrast=\"auto\">un equipo <\/span><span data-contrast=\"auto\">extraordinariamente bello <\/span><span data-contrast=\"auto\">en que se incluy\u00f3 <\/span><span data-contrast=\"auto\">a<\/span><span data-contrast=\"auto\">l experimentado bar\u00edt<\/span><span data-contrast=\"auto\">ono del Coro de la UV, <\/span><span data-contrast=\"auto\">Benito Navarro<\/span><span data-contrast=\"auto\"> Piedra<\/span><span data-contrast=\"auto\">. Una serie de <\/span><span data-contrast=\"auto\">lindas experiencias<\/span><span data-contrast=\"auto\"> que fue, adem\u00e1s, <\/span><span data-contrast=\"auto\">mi primera grabaci\u00f3n en CD.<\/span><span data-ccp-props=\"{}\">\u00a0<\/span><\/p>\n<p><span data-ccp-props=\"{}\">\u00a0<\/span><\/p>\n<p><b><i><span data-contrast=\"auto\">\u00bfQu\u00e9 compromisos <\/span><\/i><\/b><b><i><span data-contrast=\"auto\">suyos <\/span><\/i><\/b><b><i><span data-contrast=\"auto\">se posp<\/span><\/i><\/b><b><i><span data-contrast=\"auto\">usi<\/span><\/i><\/b><b><i><span data-contrast=\"auto\">eron en Estados Unidos<\/span><\/i><\/b><b><i><span data-contrast=\"auto\">?<\/span><\/i><\/b><span data-ccp-props=\"{}\">\u00a0<\/span><\/p>\n<p><span data-contrast=\"auto\">Un <\/span><i><span data-contrast=\"auto\">El\u00edas<\/span><\/i><span data-contrast=\"auto\">, oratorio de <\/span><span data-contrast=\"auto\">Mendelssoh<\/span><span data-contrast=\"auto\">n<\/span><span data-contrast=\"auto\"> con la orquesta de la Irvine <\/span><span data-contrast=\"auto\">University<\/span><span data-contrast=\"auto\">;<\/span> <span data-contrast=\"auto\">un concierto de zarzuela barroca <\/span><span data-contrast=\"auto\">y el proyecto de una <\/span><span data-contrast=\"auto\">obra nueva, <\/span><i><span data-contrast=\"auto\">The Falling and <\/span><\/i><i><span data-contrast=\"auto\">the<\/span><\/i> <i><span data-contrast=\"auto\">Rising<\/span><\/i> <span data-contrast=\"auto\">(<\/span><i><span data-contrast=\"auto\">Los ca\u00eddos y los levantados<\/span><\/i><span data-contrast=\"auto\">) <\/span><span data-contrast=\"auto\">de Zach Redler, que estaba anunciada para cerrar la temporada <\/span><span data-contrast=\"auto\">2019-<\/span><span data-contrast=\"auto\">20<\/span><span data-contrast=\"auto\">20<\/span><span data-contrast=\"auto\"> en <\/span><span data-contrast=\"auto\">mayo <\/span><span data-contrast=\"auto\">con la San Diego Opera. <\/span><span data-contrast=\"auto\">De e<\/span><span data-contrast=\"auto\">sta \u00faltima e<\/span><span data-contrast=\"auto\">st<\/span><span data-contrast=\"auto\">amos a <\/span><span data-contrast=\"auto\">la espera de que se <\/span><span data-contrast=\"auto\">logren <\/span><span data-contrast=\"auto\">reacomodar las fechas<\/span><span data-contrast=\"auto\">.<\/span> <span data-contrast=\"auto\">Lo de <\/span><span data-contrast=\"auto\">zarzuela barroca<\/span><span data-contrast=\"auto\"> es un rengl\u00f3n interesante, ya que <\/span><span data-contrast=\"auto\">a nadie <\/span><span data-contrast=\"auto\">le<\/span> <span data-contrast=\"auto\">queda <\/span><span data-contrast=\"auto\">claro<\/span> <span data-contrast=\"auto\">qu\u00e9 significa realmente <\/span><span data-contrast=\"auto\">esa<\/span> <span data-contrast=\"auto\">denominaci\u00f3n.<\/span><span data-ccp-props=\"{}\">\u00a0<\/span><\/p>\n<p><span data-ccp-props=\"{}\">\u00a0<\/span><\/p>\n<p><b><i><span data-contrast=\"auto\">\u00bfExiste la <\/span><\/i><\/b><b><i><span data-contrast=\"auto\">zarzuela barroca?<\/span><\/i><\/b><span data-ccp-props=\"{}\">\u00a0<\/span><\/p>\n<p><span data-contrast=\"auto\">Es posible que se trate de una <\/span><span data-contrast=\"auto\">designaci\u00f3n<\/span><span data-contrast=\"auto\"> muy personal aplicada por el maestro Stephens Stubbs, que es un laudista especializado en m\u00fasica antigua. <\/span><span data-contrast=\"auto\">Con <\/span><span data-contrast=\"auto\">\u00e9l cant\u00e9 <\/span><span data-contrast=\"auto\">una \u00f3pera del italiano Stef<\/span><span data-contrast=\"auto\">an Landi llamada <\/span><i><span data-contrast=\"auto\">La muerte de Orfeo<\/span><\/i><span data-contrast=\"auto\">,<\/span><span data-contrast=\"auto\"> y de la misma surgi\u00f3 la idea de <\/span><span data-contrast=\"auto\">hacer m\u00e1s <\/span><span data-contrast=\"auto\">m\u00fasica <\/span><span data-contrast=\"auto\">vocal barroca<\/span><span data-contrast=\"auto\">.<\/span><span data-ccp-props=\"{}\">\u00a0<\/span><\/p>\n<p><span data-ccp-props=\"{}\">\u00a0<\/span><\/p>\n<p><b><i><span data-contrast=\"auto\">Ante la paralizaci\u00f3n de actividades, <\/span><\/i><\/b><b><i><span data-contrast=\"auto\">el trabajo en l\u00ednea <\/span><\/i><\/b><b><i><span data-contrast=\"auto\">parece <\/span><\/i><\/b><b><i><span data-contrast=\"auto\">un <\/span><\/i><\/b><b><i><span data-contrast=\"auto\">excelente recurso.<\/span><\/i><\/b><span data-ccp-props=\"{}\">\u00a0<\/span><\/p>\n<p><span data-contrast=\"auto\">De <\/span><span data-contrast=\"auto\">momento <\/span><span data-contrast=\"auto\">L<\/span><span data-contrast=\"auto\">a<\/span><span data-contrast=\"auto\"> Opera ha cancelado <\/span><span data-contrast=\"auto\">o pospuesto <\/span><span data-contrast=\"auto\">sus<\/span><span data-contrast=\"auto\"> actividades<\/span><span data-contrast=\"auto\">, <\/span><span data-contrast=\"auto\">como lo hicieron todas<\/span> <span data-contrast=\"auto\">las casas de \u00f3pera del mundo<\/span><span data-contrast=\"auto\">,<\/span> <span data-contrast=\"auto\">p<\/span><span data-contrast=\"auto\">ero el <\/span><span data-contrast=\"auto\">Young <\/span><span data-contrast=\"auto\">Artist<\/span> <span data-contrast=\"auto\">Program<\/span><span data-contrast=\"auto\"> sigue <\/span><span data-contrast=\"auto\">en funciones<\/span><span data-contrast=\"auto\">; tengo <\/span><i><span data-contrast=\"auto\">coaching<\/span><\/i><span data-contrast=\"auto\"> en l\u00ednea<\/span><span data-contrast=\"auto\">, clases de idiomas y <\/span><span data-contrast=\"auto\">he<\/span><span data-contrast=\"auto\">mos<\/span><span data-contrast=\"auto\"> grabado recitales para su<\/span><span data-contrast=\"auto\"> difusi\u00f3n v\u00eda <\/span><span data-contrast=\"auto\">I<\/span><span data-contrast=\"auto\">nternet<\/span><span data-contrast=\"auto\">. <\/span><span data-contrast=\"auto\">A trav\u00e9s de <\/span><span data-contrast=\"auto\">la iniciativa llamada <\/span><span data-contrast=\"auto\">\u201c<\/span><span data-contrast=\"auto\">Opera at Home<\/span><span data-contrast=\"auto\">\u201d<\/span> <span data-contrast=\"auto\">(\u00f3pera en C<\/span><span data-contrast=\"auto\">asa)<\/span> <span data-contrast=\"auto\">efectuamos <\/span><span data-contrast=\"auto\">actividades diversas<\/span> <span data-contrast=\"auto\">con la intenci\u00f3n de que <\/span><span data-contrast=\"auto\">la cultura no se detenga <\/span><span data-contrast=\"auto\">ante <\/span><span data-contrast=\"auto\">esta lamentable situaci\u00f3n<\/span><span data-contrast=\"auto\">. M<\/span><span data-contrast=\"auto\">uchos<\/span> <span data-contrast=\"auto\">cantantes <\/span><span data-contrast=\"auto\">famosos <\/span><span data-contrast=\"auto\">realizan transmisiones en vivo y es interesante <\/span><span data-contrast=\"auto\">observar <\/span><span data-contrast=\"auto\">que<\/span> <span data-contrast=\"auto\">el arte musical <\/span><span data-contrast=\"auto\">guarda <\/span><span data-contrast=\"auto\">poderosa <\/span><span data-contrast=\"auto\">vigencia<\/span><span data-contrast=\"auto\"> en las redes <\/span><span data-contrast=\"auto\">sociales.<\/span><span data-ccp-props=\"{}\">\u00a0<\/span><\/p>\n<p><span data-ccp-props=\"{}\">\u00a0<\/span><\/p>\n<p><b><i><span data-contrast=\"auto\">\u00bf<\/span><\/i><\/b><b><i><span data-contrast=\"auto\">Tiene p<\/span><\/i><\/b><b><i><span data-contrast=\"auto\">lanes para regresar a Xalapa?<\/span><\/i><\/b><span data-ccp-props=\"{}\">\u00a0<\/span><\/p>\n<p><span data-contrast=\"auto\">Lo m\u00e1s responsable de mi parte es quedarme donde estoy. L<\/span><span data-contrast=\"auto\">a recomendaci\u00f3n de <\/span><span data-contrast=\"auto\">\u201c<\/span><span data-contrast=\"auto\">Q<\/span><span data-contrast=\"auto\">u\u00e9<\/span><span data-contrast=\"auto\">date <\/span><span data-contrast=\"auto\">en casa\u201d es eso<\/span><span data-contrast=\"auto\"> precisamente<\/span><span data-contrast=\"auto\">, no met<\/span><span data-contrast=\"auto\">erme en un avi\u00f3n, viajar hasta<\/span><span data-contrast=\"auto\"> Xalapa<\/span><span data-contrast=\"auto\"> y recluirme<\/span><span data-contrast=\"auto\">. <\/span><span data-contrast=\"auto\">Todo <\/span><span data-contrast=\"auto\">debe ser en una justa medida<\/span><span data-contrast=\"auto\">, <\/span><span data-contrast=\"auto\">pero <\/span><span data-contrast=\"auto\">no caigamos en p\u00e1nico. Si tenemos necesidad de salir, que sea con todas las medidas de prevenci\u00f3n para evitar <\/span><span data-contrast=\"auto\">el <\/span><span data-contrast=\"auto\">contagio.<\/span><span data-ccp-props=\"{}\">\u00a0<\/span><\/p>\n<p><span data-contrast=\"auto\">Son tiempos dif\u00edciles y una forma de ayudarnos es compartir los videos; el arte es vida y nos aporta esperanza. Desde luego que muchos no tienen el privilegio de quedarse en casa con <\/span><span data-contrast=\"auto\">computadora conectada a <\/span><span data-contrast=\"auto\">Internet, <\/span><span data-contrast=\"auto\">alimentos <\/span><span data-contrast=\"auto\">y recursos<\/span><span data-contrast=\"auto\"> a la mano<\/span><span data-contrast=\"auto\">. Hay mucha gente que la pasa bastante mal. Debemos ser agradecidos y aunque nos l<\/span><span data-contrast=\"auto\">a <\/span><span data-contrast=\"auto\">vemos negra, tengamos confianza en que las cosas habr\u00e1n de mejorar.<\/span><span data-contrast=\"auto\"> A tod<\/span><span data-contrast=\"auto\">a <\/span><span data-contrast=\"auto\">nuestra <\/span><span data-contrast=\"auto\">gente y a todos <\/span><span data-contrast=\"auto\">los artistas<\/span> <span data-contrast=\"auto\">\u00a1\u00e1nimo!<\/span><span data-ccp-props=\"{&quot;335559731&quot;:708}\">\u00a0<\/span><\/p>\n","protected":false},"excerpt":{"rendered":"<p>La mezzosoprano Gabriela Flores coment\u00f3 sobre fechas pospuestas y cancelaciones en La \u00d3pera de Los \u00c1ngeles, California, donde radica\u00a0<\/p>\n","protected":false},"author":1869,"featured_media":82916,"comment_status":"closed","ping_status":"closed","sticky":false,"template":"","format":"standard","meta":[],"categories":[13,61],"tags":[],"_links":{"self":[{"href":"https:\/\/www.uv.mx\/prensa\/wp-json\/wp\/v2\/posts\/82915"}],"collection":[{"href":"https:\/\/www.uv.mx\/prensa\/wp-json\/wp\/v2\/posts"}],"about":[{"href":"https:\/\/www.uv.mx\/prensa\/wp-json\/wp\/v2\/types\/post"}],"author":[{"embeddable":true,"href":"https:\/\/www.uv.mx\/prensa\/wp-json\/wp\/v2\/users\/1869"}],"replies":[{"embeddable":true,"href":"https:\/\/www.uv.mx\/prensa\/wp-json\/wp\/v2\/comments?post=82915"}],"version-history":[{"count":0,"href":"https:\/\/www.uv.mx\/prensa\/wp-json\/wp\/v2\/posts\/82915\/revisions"}],"wp:featuredmedia":[{"embeddable":true,"href":"https:\/\/www.uv.mx\/prensa\/wp-json\/wp\/v2\/media\/82916"}],"wp:attachment":[{"href":"https:\/\/www.uv.mx\/prensa\/wp-json\/wp\/v2\/media?parent=82915"}],"wp:term":[{"taxonomy":"category","embeddable":true,"href":"https:\/\/www.uv.mx\/prensa\/wp-json\/wp\/v2\/categories?post=82915"},{"taxonomy":"post_tag","embeddable":true,"href":"https:\/\/www.uv.mx\/prensa\/wp-json\/wp\/v2\/tags?post=82915"}],"curies":[{"name":"wp","href":"https:\/\/api.w.org\/{rel}","templated":true}]}}