{"id":82919,"date":"2020-04-22T08:00:58","date_gmt":"2020-04-22T13:00:58","guid":{"rendered":"https:\/\/www.uv.mx\/prensa\/?p=82919"},"modified":"2020-04-22T09:56:06","modified_gmt":"2020-04-22T14:56:06","slug":"contaminacion-del-aire-modula-presencia-de-virus-carlos-welsh","status":"publish","type":"post","link":"https:\/\/www.uv.mx\/prensa\/banner\/contaminacion-del-aire-modula-presencia-de-virus-carlos-welsh\/","title":{"rendered":"Contaminaci\u00f3n del aire modula presencia de virus: Carlos Welsh\u00a0"},"content":{"rendered":"<ul>\n<li data-leveltext=\"\uf0b7\" data-font=\"Symbol\" data-listid=\"2\" data-aria-posinset=\"1\" data-aria-level=\"1\"><i><span data-contrast=\"auto\">El investigador del Centro de Ciencias de la Tierra<\/span><\/i> <i><span data-contrast=\"auto\">de la UV <\/span><\/i><i><span data-contrast=\"auto\">imparti\u00f3 la ponencia <\/span><\/i><i><span data-contrast=\"auto\">\u201c<\/span><\/i><i><span data-contrast=\"auto\">Covid-19, clima y aire\u201d<\/span><\/i><span data-ccp-props=\"{&quot;134233279&quot;:true,&quot;201341983&quot;:0,&quot;335559739&quot;:160,&quot;335559740&quot;:240}\">\u00a0<\/span><\/li>\n<li data-leveltext=\"\uf0b7\" data-font=\"Symbol\" data-listid=\"2\" data-aria-posinset=\"2\" data-aria-level=\"1\"><i><span data-contrast=\"auto\">Destac\u00f3 que la contaminaci\u00f3n de<\/span><\/i><i><span data-contrast=\"auto\">l<\/span><\/i><i><span data-contrast=\"auto\"> aire representa un importante riesgo medioambiental para la salud<\/span><\/i><span data-ccp-props=\"{&quot;134233279&quot;:true,&quot;201341983&quot;:0,&quot;335559739&quot;:160,&quot;335559740&quot;:240}\">\u00a0<\/span><\/li>\n<\/ul>\n<p>&nbsp;<\/p>\n<div id=\"attachment_82920\" style=\"width: 732px\" class=\"wp-caption aligncenter\"><a href=\"https:\/\/www.uv.mx\/prensa\/files\/2020\/04\/210420-COVID-CLIMA-Y-AIRE-1.jpg\"><img aria-describedby=\"caption-attachment-82920\" decoding=\"async\" loading=\"lazy\" class=\"size-full wp-image-82920\" src=\"https:\/\/www.uv.mx\/prensa\/files\/2020\/04\/210420-COVID-CLIMA-Y-AIRE-1.jpg\" alt=\"\" width=\"722\" height=\"542\" srcset=\"https:\/\/www.uv.mx\/prensa\/files\/2020\/04\/210420-COVID-CLIMA-Y-AIRE-1.jpg 722w, https:\/\/www.uv.mx\/prensa\/files\/2020\/04\/210420-COVID-CLIMA-Y-AIRE-1-300x225.jpg 300w\" sizes=\"(max-width: 722px) 100vw, 722px\" \/><\/a><p id=\"caption-attachment-82920\" class=\"wp-caption-text\">Carlos Welsh Rodr\u00edguez, investigador del CCT-UV, imparti\u00f3 la videoconferencia \u201cCovid-19, clima y aire\u201d<\/p><\/div>\n<p><span data-ccp-props=\"{&quot;201341983&quot;:0,&quot;335559739&quot;:160,&quot;335559740&quot;:240}\" data-contrast=\"auto\">\u00a0<\/span><\/p>\n<p><b><i><span data-contrast=\"auto\">Claudia Peralta V\u00e1zquez<\/span><\/i><\/b><span data-ccp-props=\"{&quot;201341983&quot;:0,&quot;335559739&quot;:160,&quot;335559740&quot;:240}\">\u00a0<\/span><\/p>\n<p><b><i><span data-contrast=\"auto\">2<\/span><\/i><\/b><b><i><span data-contrast=\"auto\">2<\/span><\/i><\/b><b><i><span data-contrast=\"auto\">\/<\/span><\/i><\/b><b><i><span data-contrast=\"auto\">04<\/span><\/i><\/b><b><i><span data-contrast=\"auto\">\/<\/span><\/i><\/b><b><i><span data-contrast=\"auto\">20<\/span><\/i><\/b><b><i><span data-contrast=\"auto\">20<\/span><\/i><\/b><b><i><span data-contrast=\"auto\">, Xalapa, <\/span><\/i><\/b><b><i><span data-contrast=\"auto\">Ver.-<\/span><\/i><\/b> <span data-contrast=\"auto\">Con o sin cambio clim\u00e1tico, con o sin Covid-19, la contaminaci\u00f3n del aire es un factor que modula y exacerba la presencia de virus<\/span><span data-contrast=\"auto\">,<\/span><span data-contrast=\"auto\"> expres\u00f3 <\/span><span data-contrast=\"auto\">Carlos <\/span><span data-contrast=\"auto\">Welsh<\/span><span data-contrast=\"auto\"> Rodr\u00edguez, investigador del <a href=\"https:\/\/www.uv.mx\/cienti\/\" target=\"_blank\" rel=\"noopener noreferrer\">Centro de Ciencias de la Tierra<\/a> (CCT) de la Universidad Veracruzana (UV)<\/span><span data-contrast=\"auto\">, al impartir la videoconferencia \u201cCovid-19, clima y aire\u201d.<\/span><span data-ccp-props=\"{&quot;201341983&quot;:0,&quot;335559739&quot;:160,&quot;335559740&quot;:240}\">\u00a0<\/span><\/p>\n<p><span data-contrast=\"auto\">El lunes 20 de abril, el especialista en asuntos en cambio clim\u00e1tico e impulsor de proyectos sobre cambio clim\u00e1tico y salud,<\/span><span data-contrast=\"auto\"> particip\u00f3 en <\/span><span data-contrast=\"auto\">el Seminario Internacional <\/span><span data-contrast=\"auto\">\u201cIntegraci\u00f3n de lo ambiental en las pol\u00edticas de recuperaci\u00f3n tras el Covid-19\u201d<\/span><span data-contrast=\"auto\">, organizado por el <\/span><span data-contrast=\"auto\">c<\/span><span data-contrast=\"auto\">uerpo <\/span><span data-contrast=\"auto\">a<\/span><span data-contrast=\"auto\">cad\u00e9mico (CA) Gesti\u00f3n y<\/span><span data-contrast=\"auto\"> Pol\u00edticas P\u00fablicas Ambientales<\/span><span data-contrast=\"auto\">, <\/span><span data-contrast=\"auto\">del cual es integrante.<\/span><span data-ccp-props=\"{&quot;201341983&quot;:0,&quot;335559739&quot;:160,&quot;335559740&quot;:240}\">\u00a0<\/span><\/p>\n<p><span data-contrast=\"auto\">Welsh<\/span><span data-contrast=\"auto\"> Rodr\u00edguez se\u00f1al\u00f3 que la contaminaci\u00f3n del aire representa un importante riesgo medioambiental para la salud<\/span><span data-contrast=\"auto\">,<\/span> <span data-contrast=\"auto\">d<\/span><span data-contrast=\"auto\">e ah\u00ed la necesidad de empezar a monitorearlo para as\u00ed disminuir esta afectaci\u00f3n relacionada con la a<\/span><span data-contrast=\"auto\">lta morbilidad de padecimientos<\/span><span data-contrast=\"auto\"> como: accidentes cerebrovasculares<\/span><span data-contrast=\"auto\">,<\/span><span data-contrast=\"auto\"> c\u00e1ncer de pulm\u00f3n<\/span><span data-contrast=\"auto\">,<\/span> <span data-contrast=\"auto\">neumopat\u00edas<\/span><span data-contrast=\"auto\"> cr\u00f3nicas y agudas, entre ellas el asma.<\/span><span data-ccp-props=\"{&quot;201341983&quot;:0,&quot;335559739&quot;:160,&quot;335559740&quot;:240}\">\u00a0<\/span><\/p>\n<p><span data-contrast=\"auto\">Dicha contaminaci\u00f3n es generada por la presencia de <\/span><span data-contrast=\"auto\">part\u00edculas suspendidas o del ozono ubicado al nivel del suelo que hay en las grandes ciudades.<\/span><span data-ccp-props=\"{&quot;201341983&quot;:0,&quot;335559731&quot;:708,&quot;335559739&quot;:160,&quot;335559740&quot;:240}\">\u00a0<\/span><\/p>\n<p><span data-contrast=\"auto\">\u201cM<\/span><span data-contrast=\"auto\">ediante la disminuci\u00f3n de los niveles de contaminaci\u00f3n del aire, los pa\u00edses pueden reducir <\/span><span data-contrast=\"auto\">esta<\/span><span data-contrast=\"auto\"> carga de morbilidad<\/span><span data-contrast=\"auto\">.\u201d<\/span><span data-ccp-props=\"{&quot;201341983&quot;:0,&quot;335559731&quot;:708,&quot;335559739&quot;:160,&quot;335559740&quot;:240}\">\u00a0<\/span><\/p>\n<p><span data-contrast=\"auto\">E<\/span><span data-contrast=\"auto\">n este sentido, el<\/span><span data-contrast=\"auto\"> representante ante el <\/span><span data-contrast=\"auto\">Consejo Nacional de Ciencia y Tecnolog\u00eda <\/span><span data-contrast=\"auto\">(<\/span><i><span data-contrast=\"auto\">Conacyt<\/span><\/i><span data-contrast=\"auto\">) <\/span><span data-contrast=\"auto\">de la <\/span><span data-contrast=\"auto\">r<\/span><span data-contrast=\"auto\">ed <\/span><span data-contrast=\"auto\">t<\/span><span data-contrast=\"auto\">em\u00e1tica <\/span><span data-contrast=\"auto\">\u201c<\/span><span data-contrast=\"auto\">Desastres <\/span><span data-contrast=\"auto\">a<\/span><span data-contrast=\"auto\">sociados a fen\u00f3menos <\/span><span data-contrast=\"auto\">hidrometeorol\u00f3gicos<\/span><span data-contrast=\"auto\"> y clim\u00e1ticos<\/span><span data-contrast=\"auto\">\u201d<\/span><span data-contrast=\"auto\">, plante\u00f3 la interrogante de hasta qu\u00e9 punto lograr\u00e1n las po<\/span><span data-contrast=\"auto\">l\u00edticas p\u00fablicas o las personas<\/span><span data-contrast=\"auto\"> imponer un cambio en los modelos de consumo energ\u00e9tico y de crecimiento.<\/span><span data-ccp-props=\"{&quot;201341983&quot;:0,&quot;335559731&quot;:708,&quot;335559739&quot;:160,&quot;335559740&quot;:240}\">\u00a0<\/span><\/p>\n<p><span data-contrast=\"auto\">Con base en datos <\/span><span data-contrast=\"auto\">satelitales, redes oficiales<\/span><span data-contrast=\"auto\"> e investigaciones publicadas, detall\u00f3 <\/span><span data-contrast=\"auto\">c\u00f3mo la<\/span><span data-contrast=\"auto\"> alta tasa de mortalidad por Covid-19 se relaciona con la contaminaci\u00f3n del aire de grandes ciudades, tanto de China, Europa y Estados Unidos.<\/span><span data-ccp-props=\"{&quot;201341983&quot;:0,&quot;335559731&quot;:708,&quot;335559739&quot;:160,&quot;335559740&quot;:240}\">\u00a0<\/span><\/p>\n<p><span data-contrast=\"auto\">Destac\u00f3 que hace<\/span> <span data-contrast=\"auto\">20<\/span><span data-contrast=\"auto\"> a\u00f1os<\/span><span data-contrast=\"auto\">, cuando se emiti\u00f3 el <\/span><span data-contrast=\"auto\">primer informe sobre cambio clim\u00e1tico y salud humana, se ten\u00eda claro que hab\u00eda una relaci\u00f3n directa entre la salud p\u00fablica y algunas variables meteorol\u00f3gicas y climatol\u00f3gicas<\/span><span data-contrast=\"auto\">,<\/span><span data-contrast=\"auto\"> y que esto deb<\/span><span data-contrast=\"auto\">\u00eda<\/span><span data-contrast=\"auto\"> ser la base de gestaci\u00f3n de nuevas pol\u00edticas p\u00fablicas y normas <\/span><span data-contrast=\"auto\">con<\/span><span data-contrast=\"auto\"> relaci\u00f3n al aire que respiramos.<\/span><span data-ccp-props=\"{&quot;201341983&quot;:0,&quot;335559731&quot;:708,&quot;335559739&quot;:160,&quot;335559740&quot;:240}\">\u00a0<\/span><\/p>\n<p><span data-contrast=\"auto\">As\u00ed, iniciaron <\/span><span data-contrast=\"auto\">algunos estudios para evidenciar los efectos de algunos contaminantes sobre la salud humana, <\/span><span data-contrast=\"auto\">en especial <\/span><span data-contrast=\"auto\">las part\u00edculas, el ozono y su desencadenante<\/span><span data-contrast=\"auto\">:<\/span><span data-contrast=\"auto\"> los \u00f3xidos de nitr<\/span><span data-contrast=\"auto\">\u00f3<\/span><span data-contrast=\"auto\">geno.<\/span><span data-ccp-props=\"{&quot;201341983&quot;:0,&quot;335559739&quot;:160,&quot;335559740&quot;:240}\">\u00a0<\/span><\/p>\n<p><span data-contrast=\"auto\">Posteriormente, <\/span><span data-contrast=\"auto\">empez<\/span><span data-contrast=\"auto\">aron a estudiarse algunas variables y tambi\u00e9n se determin\u00f3 que las t<\/span><span data-contrast=\"auto\">emperaturas extremas ten\u00edan una relaci\u00f3n directa con las enfermedades virales<\/span><span data-contrast=\"auto\">, <\/span><span data-contrast=\"auto\">y que la contaminaci\u00f3n atmosf\u00e9rica local era un factor modulador en la presencia de es<\/span><span data-contrast=\"auto\">tos padecimientos.<\/span><span data-ccp-props=\"{&quot;201341983&quot;:0,&quot;335559731&quot;:708,&quot;335559739&quot;:160,&quot;335559740&quot;:240}\">\u00a0<\/span><\/p>\n<p><span data-contrast=\"auto\">Es decir, cuando hab\u00eda una alta contaminaci\u00f3n se multiplicaban los casos y la carga de morbilidad aumentaba. <\/span><span data-contrast=\"auto\">Adem\u00e1s,<\/span> <span data-contrast=\"auto\">notaron el incremento exponencial de <\/span><span data-contrast=\"auto\">enfermedades transmitidas por vector<\/span><span data-contrast=\"auto\">.<\/span><span data-ccp-props=\"{&quot;201341983&quot;:0,&quot;335559731&quot;:708,&quot;335559739&quot;:160,&quot;335559740&quot;:240}\">\u00a0<\/span><\/p>\n<p><span data-contrast=\"auto\">En 2003<\/span> <span data-contrast=\"auto\">se <\/span><span data-contrast=\"auto\">trat\u00f3 de estudiar o de relacionar <\/span><span data-contrast=\"auto\">de manera directa una posible causa<\/span><span data-contrast=\"auto\">&#8211;<\/span><span data-contrast=\"auto\">efecto del cambio clim\u00e1tico con l<\/span><span data-contrast=\"auto\">a salud.<\/span> <span data-contrast=\"auto\">\u201c<\/span><span data-contrast=\"auto\">Tiene 17 a\u00f1os que <\/span><span data-contrast=\"auto\">lo <\/span><span data-contrast=\"auto\">hab\u00edamos detectado y se hab\u00eda dicho que<\/span> <span data-contrast=\"auto\">deb\u00eda<\/span><span data-contrast=\"auto\">n<\/span><span data-contrast=\"auto\"> monitorear<\/span><span data-contrast=\"auto\">se<\/span><span data-contrast=\"auto\"> las variables meteorol\u00f3gicas porque era un efecto modulador<\/span><span data-contrast=\"auto\">\u201d<\/span><span data-contrast=\"auto\">.<\/span><span data-ccp-props=\"{&quot;201341983&quot;:0,&quot;335559731&quot;:708,&quot;335559739&quot;:160,&quot;335559740&quot;:240}\">\u00a0<\/span><\/p>\n<p><span data-contrast=\"auto\">Carlos <\/span><span data-contrast=\"auto\">Welsh<\/span><span data-contrast=\"auto\"> dio a conocer que<\/span><span data-contrast=\"auto\">,<\/span> <span data-contrast=\"auto\">dentro <\/span><span data-contrast=\"auto\">de la Convenci\u00f3n Marco de las Naciones Unidas sobre el <\/span><span data-contrast=\"auto\">C<\/span><span data-contrast=\"auto\">ambio <\/span><span data-contrast=\"auto\">C<\/span><span data-contrast=\"auto\">lim\u00e1tico<\/span><span data-contrast=\"auto\">, se especificaron los temas a considerar que influyen en la salud tales como: <\/span><span data-contrast=\"auto\">densidad poblacional, urbanizaci\u00f3n,<\/span> <span data-contrast=\"auto\">infraestructura para la salud p\u00fablica, desarrollo econ\u00f3mico y tecnol\u00f3gico, condiciones ambientales<\/span><span data-contrast=\"auto\">.<\/span><span data-ccp-props=\"{&quot;201341983&quot;:0,&quot;335559739&quot;:160,&quot;335559740&quot;:240}\">\u00a0<\/span><\/p>\n<p><span data-contrast=\"auto\">Menciona t<\/span><span data-contrast=\"auto\">ambi\u00e9n<\/span><span data-contrast=\"auto\"> la<\/span><span data-contrast=\"auto\"> poblaci\u00f3n de riesgo donde se incluyen <\/span><span data-contrast=\"auto\">a <\/span><span data-contrast=\"auto\">ni\u00f1os, <\/span><span data-contrast=\"auto\">residentes ancianos e inmunocomprometidos.<\/span> <span data-contrast=\"auto\">En este caso, los dos \u00faltimos grupos <\/span><span data-contrast=\"auto\">citados <\/span><span data-contrast=\"auto\">son los<\/span><span data-contrast=\"auto\"> m\u00e1s vulnerables ante esta pandemia.<\/span><span data-ccp-props=\"{&quot;201341983&quot;:0,&quot;335559731&quot;:708,&quot;335559739&quot;:160,&quot;335559740&quot;:240}\">\u00a0<\/span><\/p>\n<p><span data-contrast=\"auto\">Durante la ponencia, hizo visible la participaci\u00f3n de la UV en la reuni\u00f3n de los <\/span><span data-contrast=\"auto\">Objetivos de Desarrollo Sostenible, donde algunas instituciones de educaci\u00f3n superior presentaron sus planes de cumplimiento de objetivos.<\/span><span data-ccp-props=\"{&quot;201341983&quot;:0,&quot;335559731&quot;:708,&quot;335559739&quot;:160,&quot;335559740&quot;:240}\">\u00a0<\/span><\/p>\n<p><span data-contrast=\"auto\">Ah\u00ed, se dijo que el<\/span><span data-contrast=\"auto\"> 55 por ciento de la humanidad vive hoy en d\u00eda en ciudades y se prev\u00e9 que esta cifra aumentar\u00e1 a 70 por ciento para 2030<\/span><span data-contrast=\"auto\">; <\/span><span data-contrast=\"auto\">asimismo,<\/span> <span data-contrast=\"auto\">que la<\/span><span data-contrast=\"auto\"> r\u00e1pida urbanizaci\u00f3n ejerce<\/span> <span data-contrast=\"auto\">presi\u00f3n sobre los suministros de <\/span><span data-contrast=\"auto\">agua dulce<\/span><span data-contrast=\"auto\"> y<\/span><span data-contrast=\"auto\"> residuales<\/span><span data-contrast=\"auto\">, el entorno de vida y la salud p\u00fablica.<\/span><span data-ccp-props=\"{&quot;201341983&quot;:0,&quot;335559731&quot;:708,&quot;335559739&quot;:160,&quot;335559740&quot;:240}\">\u00a0<\/span><\/p>\n<p><span data-contrast=\"auto\">Con <\/span><span data-contrast=\"auto\">diapositivas, dio a conocer que desde 2016,<\/span><span data-contrast=\"auto\"> el 90 por ciento de los habitantes de las ciudades respiraba aire que no cumpl\u00eda con las normas de seguridad establecidas por la Organizaci\u00f3n Mundial de la Salud<\/span><span data-contrast=\"auto\"> (OMS)<\/span><span data-contrast=\"auto\">, lo que provoc\u00f3 un total de 4.2 millones de muertes debido a la contaminaci\u00f3n atmosf\u00e9rica.<\/span><span data-ccp-props=\"{&quot;201341983&quot;:0,&quot;335559739&quot;:160,&quot;335559740&quot;:240}\">\u00a0<\/span><\/p>\n<p><span data-contrast=\"auto\">Asimismo, m\u00e1s de la <\/span><span data-contrast=\"auto\">mitad de la poblaci\u00f3n urbana mundial estuvo expuesta a niveles de contaminaci\u00f3n del aire<\/span><span data-contrast=\"auto\">,<\/span><span data-contrast=\"auto\"> al menos 2.5 veces m\u00e1s altos que el est\u00e1ndar de seguridad<\/span><span data-contrast=\"auto\">.<\/span><span data-ccp-props=\"{&quot;201341983&quot;:0,&quot;335559739&quot;:160,&quot;335559740&quot;:240}\">\u00a0<\/span><\/p>\n<p><span data-contrast=\"auto\">Por lo anterior, Carlos <\/span><span data-contrast=\"auto\">Welsh<\/span><span data-contrast=\"auto\"> lament\u00f3 que en el mundo existan pocas redes de monitoreo de calidad del aire con la eficiencia y calidad para obtener datos certeros.<\/span><span data-ccp-props=\"{&quot;201341983&quot;:0,&quot;335559731&quot;:708,&quot;335559739&quot;:160,&quot;335559740&quot;:240}\">\u00a0<\/span><\/p>\n<p><span data-contrast=\"auto\">En<\/span><span data-contrast=\"auto\"> el caso de<\/span><span data-contrast=\"auto\"> M\u00e9xico, funciona la Red de Monitoreo de Calidad de Aire de Monterrey, Guadalajara, Ciudad de M\u00e9xico, y quiz\u00e1s haya algunas estaciones m\u00e1s<\/span><span data-contrast=\"auto\">,<\/span><span data-contrast=\"auto\"> pero no<\/span><span data-contrast=\"auto\"> hay suficiente informaci\u00f3n <\/span><span data-contrast=\"auto\">sobre la calidad del aire que respiramos.<\/span><span data-ccp-props=\"{&quot;201341983&quot;:0,&quot;335559739&quot;:160,&quot;335559740&quot;:240}\">\u00a0<\/span><\/p>\n<p><span data-contrast=\"auto\">\u201c<\/span><span data-contrast=\"auto\">Hay una necesidad fundamental de empezar a monitorear<\/span><span data-contrast=\"auto\">lo, <\/span><span data-contrast=\"auto\">la<\/span> <span data-contrast=\"auto\">contaminaci\u00f3n de<\/span><span data-contrast=\"auto\">l<\/span><span data-contrast=\"auto\"> aire representa un importante riesgo med<\/span><span data-contrast=\"auto\">ioambiental para la salud.\u201d<\/span><span data-ccp-props=\"{&quot;201341983&quot;:0,&quot;335559739&quot;:160,&quot;335559740&quot;:240}\">\u00a0<\/span><\/p>\n<p><span data-contrast=\"auto\">Cuanto m\u00e1s bajos<\/span><span data-contrast=\"auto\"> sean los niveles de contaminaci\u00f3n del aire, mejor ser\u00e1 la salud cardiovascular y respiratoria de la poblaci\u00f3n, tanto a largo como a corto plazo<\/span><span data-contrast=\"auto\">, puntualiz\u00f3.<\/span><span data-ccp-props=\"{&quot;201341983&quot;:0,&quot;335559739&quot;:160,&quot;335559740&quot;:240}\">\u00a0<\/span><\/p>\n<p><span data-contrast=\"auto\">Durante la ponencia, destac\u00f3 la participaci\u00f3n de Ana Cecilia Travieso Bello y T<\/span><span data-contrast=\"auto\">ania Garc\u00eda L\u00f3pez,<\/span><span data-contrast=\"auto\"> investigadoras de la UV e integrantes del CA.<\/span><span data-ccp-props=\"{&quot;201341983&quot;:0,&quot;335559739&quot;:160,&quot;335559740&quot;:240}\">\u00a0<\/span><\/p>\n<p><span data-ccp-props=\"{&quot;201341983&quot;:0,&quot;335559739&quot;:160,&quot;335559740&quot;:240}\">\u00a0<\/span><\/p>\n<div id=\"attachment_82921\" style=\"width: 732px\" class=\"wp-caption aligncenter\"><a href=\"https:\/\/www.uv.mx\/prensa\/files\/2020\/04\/210420-COVID-CLIMA-Y-AIRE-2.jpg\"><img aria-describedby=\"caption-attachment-82921\" decoding=\"async\" loading=\"lazy\" class=\"size-full wp-image-82921\" src=\"https:\/\/www.uv.mx\/prensa\/files\/2020\/04\/210420-COVID-CLIMA-Y-AIRE-2.jpg\" alt=\"\" width=\"722\" height=\"542\" srcset=\"https:\/\/www.uv.mx\/prensa\/files\/2020\/04\/210420-COVID-CLIMA-Y-AIRE-2.jpg 722w, https:\/\/www.uv.mx\/prensa\/files\/2020\/04\/210420-COVID-CLIMA-Y-AIRE-2-300x225.jpg 300w\" sizes=\"(max-width: 722px) 100vw, 722px\" \/><\/a><p id=\"caption-attachment-82921\" class=\"wp-caption-text\">El ponente estuvo acompa\u00f1ado de Ana Cecilia Travieso y Tania Garc\u00eda, investigadoras de la UV<\/p><\/div>\n","protected":false},"excerpt":{"rendered":"<p>Cuanto m\u00e1s bajos sean los niveles de contaminaci\u00f3n, mejor ser\u00e1 la salud cardiovascular y respiratoria de la poblaci\u00f3n, tanto a largo como a corto plazo, puntualiz\u00f3 el cient\u00edfico\u00a0<\/p>\n","protected":false},"author":1869,"featured_media":82760,"comment_status":"closed","ping_status":"closed","sticky":false,"template":"","format":"standard","meta":[],"categories":[61],"tags":[],"_links":{"self":[{"href":"https:\/\/www.uv.mx\/prensa\/wp-json\/wp\/v2\/posts\/82919"}],"collection":[{"href":"https:\/\/www.uv.mx\/prensa\/wp-json\/wp\/v2\/posts"}],"about":[{"href":"https:\/\/www.uv.mx\/prensa\/wp-json\/wp\/v2\/types\/post"}],"author":[{"embeddable":true,"href":"https:\/\/www.uv.mx\/prensa\/wp-json\/wp\/v2\/users\/1869"}],"replies":[{"embeddable":true,"href":"https:\/\/www.uv.mx\/prensa\/wp-json\/wp\/v2\/comments?post=82919"}],"version-history":[{"count":0,"href":"https:\/\/www.uv.mx\/prensa\/wp-json\/wp\/v2\/posts\/82919\/revisions"}],"wp:featuredmedia":[{"embeddable":true,"href":"https:\/\/www.uv.mx\/prensa\/wp-json\/wp\/v2\/media\/82760"}],"wp:attachment":[{"href":"https:\/\/www.uv.mx\/prensa\/wp-json\/wp\/v2\/media?parent=82919"}],"wp:term":[{"taxonomy":"category","embeddable":true,"href":"https:\/\/www.uv.mx\/prensa\/wp-json\/wp\/v2\/categories?post=82919"},{"taxonomy":"post_tag","embeddable":true,"href":"https:\/\/www.uv.mx\/prensa\/wp-json\/wp\/v2\/tags?post=82919"}],"curies":[{"name":"wp","href":"https:\/\/api.w.org\/{rel}","templated":true}]}}