{"id":83224,"date":"2020-05-01T08:00:23","date_gmt":"2020-05-01T13:00:23","guid":{"rendered":"https:\/\/www.uv.mx\/prensa\/?p=83224"},"modified":"2020-05-04T12:29:47","modified_gmt":"2020-05-04T17:29:47","slug":"uv-invita-a-consultar-su-sitio-de-revistas","status":"publish","type":"post","link":"https:\/\/www.uv.mx\/prensa\/general\/uv-invita-a-consultar-su-sitio-de-revistas\/","title":{"rendered":"UV invita a consultar su sitio de revistas\u00a0"},"content":{"rendered":"<ul>\n<li data-leveltext=\"\uf0b7\" data-font=\"Symbol\" data-listid=\"2\" data-aria-posinset=\"1\" data-aria-level=\"1\"><i><span data-contrast=\"auto\">Todas <\/span><\/i><i><span data-contrast=\"auto\">son <\/span><\/i><i><span data-contrast=\"auto\">de acceso libre<\/span><\/i><i><span data-contrast=\"auto\"> y est\u00e1n disponibles en <\/span><\/i><a href=\"http:\/\/revistas.uv.mx\/\"><i><span data-contrast=\"none\">http:\/\/revistas.uv.mx\/<\/span><\/i><\/a><span data-ccp-props=\"{&quot;134233279&quot;:true,&quot;201341983&quot;:0,&quot;335559739&quot;:160,&quot;335559740&quot;:240}\">\u00a0<\/span><span data-ccp-props=\"{&quot;201341983&quot;:0,&quot;335559739&quot;:160,&quot;335559740&quot;:240}\"><br \/>\n<\/span><\/li>\n<\/ul>\n<div id=\"attachment_83223\" style=\"width: 732px\" class=\"wp-caption aligncenter\"><a href=\"https:\/\/www.uv.mx\/prensa\/files\/2020\/04\/010520-Revistas.jpg\"><img aria-describedby=\"caption-attachment-83223\" decoding=\"async\" loading=\"lazy\" class=\"wp-image-83223 size-full\" src=\"https:\/\/www.uv.mx\/prensa\/files\/2020\/04\/010520-Revistas.jpg\" alt=\"\" width=\"722\" height=\"481\" srcset=\"https:\/\/www.uv.mx\/prensa\/files\/2020\/04\/010520-Revistas.jpg 722w, https:\/\/www.uv.mx\/prensa\/files\/2020\/04\/010520-Revistas-300x200.jpg 300w\" sizes=\"(max-width: 722px) 100vw, 722px\" \/><\/a><p id=\"caption-attachment-83223\" class=\"wp-caption-text\">\u201cLos lectores puedan tener la certeza de que los contenidos ofrecidos por estas revistas tienen una excelente calidad\u201d<\/p><\/div>\n<p><span data-ccp-props=\"{&quot;201341983&quot;:0,&quot;335559739&quot;:160,&quot;335559740&quot;:240}\">\u00a0<\/span><b><i><span data-contrast=\"auto\">Karina de la <\/span><\/i><\/b><b><i><span data-contrast=\"auto\">Paz Reyes D\u00edaz<\/span><\/i><\/b><span data-ccp-props=\"{&quot;201341983&quot;:0,&quot;335559739&quot;:160,&quot;335559740&quot;:240}\">\u00a0<\/span><\/p>\n<p><b><i><span data-contrast=\"auto\">01<\/span><\/i><\/b><b><i><span data-contrast=\"auto\">\/0<\/span><\/i><\/b><b><i><span data-contrast=\"auto\">5<\/span><\/i><\/b><b><i><span data-contrast=\"auto\">\/2020, Xalapa, <\/span><\/i><\/b><b><i><span data-contrast=\"auto\">Ver.-<\/span><\/i><\/b> <span data-contrast=\"auto\">La <a href=\"https:\/\/www.uv.mx\/editorial\/\" target=\"_blank\" rel=\"noopener noreferrer\">Editorial de la Universidad Veracruzana<\/a> (UV) <\/span><span data-contrast=\"auto\">pone a disposici\u00f3n del p\u00fablico en general su portal de revistas<\/span> <a href=\"http:\/\/revistas.uv.mx\/\"><span data-contrast=\"none\">http:\/\/revistas.uv.mx\/<\/span><\/a><span data-contrast=\"auto\">, d<\/span><span data-contrast=\"auto\">onde <\/span><span data-contrast=\"auto\">se <\/span><span data-contrast=\"auto\">puede<\/span><span data-contrast=\"auto\">n<\/span><span data-contrast=\"auto\"> consultar 13 publicaci<\/span><span data-contrast=\"auto\">ones <\/span><span data-contrast=\"auto\">con una vasta variedad de temas.<\/span><span data-ccp-props=\"{&quot;201341983&quot;:0,&quot;335559739&quot;:160,&quot;335559740&quot;:240}\">\u00a0<\/span><\/p>\n<p><span data-contrast=\"auto\">H\u00e9ctor Merino, <\/span><span data-contrast=\"auto\">coordinador <\/span><span data-contrast=\"auto\">del portal de revistas de la <\/span><span data-contrast=\"auto\">UV<\/span><span data-contrast=\"auto\">,<\/span><span data-contrast=\"auto\"> coment\u00f3 que hasta el momento<\/span> <span data-contrast=\"auto\">las publicaciones disponibles<\/span><span data-contrast=\"auto\"> son: <\/span><i><span data-contrast=\"auto\">CPU-e<\/span><\/i><i><span data-contrast=\"auto\">. Revista de Investigaci\u00f3n Educativa<\/span><\/i><span data-contrast=\"auto\">;<\/span> <i><span data-contrast=\"auto\">Cli<\/span><\/i><i><span data-contrast=\"auto\">v<\/span><\/i><i><span data-contrast=\"auto\">a<\/span><\/i><i><span data-contrast=\"auto\">jes. Revista de Ciencias Sociales<\/span><\/i><span data-contrast=\"auto\">; <\/span><i><span data-contrast=\"auto\">Orientando. Temas de Asia Oriental. Sociedad, Cultura y Econom\u00eda<\/span><\/i><span data-contrast=\"auto\">; <\/span><i><span data-contrast=\"auto\">La Palabra y el Hombre<\/span><\/i><span data-contrast=\"auto\">; <\/span><i><span data-contrast=\"auto\">Balaj\u00fa. <\/span><\/i><i><span data-contrast=\"auto\">Revista de cultura y comunicaci\u00f3n<\/span><\/i><span data-contrast=\"auto\">, por citar alguna<\/span><span data-contrast=\"auto\">s<\/span><span data-contrast=\"auto\">.<\/span><span data-ccp-props=\"{&quot;201341983&quot;:0,&quot;335559731&quot;:708,&quot;335559739&quot;:160,&quot;335559740&quot;:240}\">\u00a0<\/span><\/p>\n<p><span data-contrast=\"auto\">E<\/span><span data-contrast=\"auto\">nfatiz\u00f3 que las<\/span><span data-contrast=\"auto\"> revistas est\u00e1n disponibles para todo el p\u00fablico. <\/span><span data-contrast=\"auto\">\u201c<\/span><span data-contrast=\"auto\">En mayor o menor medida, todas son consultadas tanto por lectores nacionales como extranjeros<\/span><span data-contrast=\"auto\">\u201d<\/span><span data-contrast=\"auto\">.<\/span> <span data-contrast=\"auto\">Asimismo,<\/span><span data-contrast=\"auto\"> dijo,<\/span><span data-contrast=\"auto\"> la<\/span><span data-contrast=\"auto\"> Direcci\u00f3n Editorial tiene una pol\u00edtica de acceso abierto respecto a las revistas acad\u00e9micas, por lo que promueve entre ellas que no exista ning\u00fan tipo de restricci\u00f3n para tener acceso a su contenido.<\/span><span data-ccp-props=\"{&quot;201341983&quot;:0,&quot;335559731&quot;:708,&quot;335559739&quot;:160,&quot;335559740&quot;:240}\">\u00a0<\/span><\/p>\n<p><span data-contrast=\"auto\">\u201c<\/span><span data-contrast=\"auto\">Las revistas acad\u00e9micas de la UV tienen una larga tradici\u00f3n. En a\u00f1os recientes varias de ellas comenzaron a generar sus versiones electr\u00f3nicas y algunas, de hecho, nacieron como proyectos <\/span><span data-contrast=\"auto\">100<\/span><span data-contrast=\"auto\"> por ciento digitales. Desafortunadamente, en ese momento no se contaba con un proyecto que les diera el apoyo necesario en aspectos t\u00e9cnicos y editoriales.<\/span><span data-ccp-props=\"{&quot;201341983&quot;:0,&quot;335559731&quot;:708,&quot;335559739&quot;:160,&quot;335559740&quot;:240}\">\u00a0<\/span><\/p>\n<p><span data-contrast=\"auto\">\u201d<\/span><span data-contrast=\"auto\">En 2016, la Direcci\u00f3n Editorial <\/span><span data-contrast=\"auto\">inici\u00f3<\/span><span data-contrast=\"auto\"> este proyecto para aglutinar a las revistas de la UV y proporcionarles la asesor\u00eda en dichos aspectos<\/span><span data-contrast=\"auto\">\u201d, relat\u00f3 a manera de compartir de los antecedentes de esta propuesta.<\/span><span data-ccp-props=\"{&quot;201341983&quot;:0,&quot;335559731&quot;:708,&quot;335559739&quot;:160,&quot;335559740&quot;:240}\">\u00a0<\/span><\/p>\n<p><span data-contrast=\"auto\">Si bien a <\/span><span data-contrast=\"auto\">la fecha son 13 las disponibles, <\/span><span data-contrast=\"auto\">hay m\u00e1s revistas que est\u00e1n a la espera de integrase al portal<\/span><span data-contrast=\"auto\">:<\/span> <span data-contrast=\"auto\">s<\/span><span data-contrast=\"auto\">eis de ellas est\u00e1n pr\u00e1cticamente listas y seis m\u00e1s est\u00e1n en etapa de conformaci\u00f3n.<\/span><span data-ccp-props=\"{&quot;201341983&quot;:0,&quot;335559731&quot;:708,&quot;335559739&quot;:160,&quot;335559740&quot;:240}\">\u00a0<\/span><\/p>\n<p><span data-contrast=\"auto\">El entrevistado detall\u00f3 que las<\/span><span data-contrast=\"auto\"> revistas acad\u00e9micas, con el fin de garantizar un nivel de calidad aceptable, deben someterse a un proceso de normalizaci\u00f3n; es decir, deben cumplir con una serie de criterios estandarizados (propuestos por entidades como la<\/span> <span data-contrast=\"auto\">Organizaci\u00f3n de las Naciones Unidas para la Educaci\u00f3n, la Ciencia y la Cultura,<\/span> <span data-contrast=\"auto\">o los sistemas de indizaci\u00f3n)<\/span><span data-contrast=\"auto\">.<\/span><span data-ccp-props=\"{&quot;201341983&quot;:0,&quot;335559731&quot;:708,&quot;335559739&quot;:160,&quot;335559740&quot;:240}\">\u00a0<\/span><\/p>\n<p><span data-contrast=\"auto\">En ese contexto, subray\u00f3, \u201c<\/span><span data-contrast=\"auto\">los lectores puedan tener la certeza de que los contenidos ofrecidos por estas revistas tienen una excelente calidad<\/span><span data-contrast=\"auto\">\u201d<\/span><span data-contrast=\"auto\">.<\/span><span data-ccp-props=\"{&quot;201341983&quot;:0,&quot;335559731&quot;:708,&quot;335559739&quot;:160,&quot;335559740&quot;:240}\">\u00a0<\/span><\/p>\n<p><span data-contrast=\"auto\">Los criterios que se est\u00e1n aplicando en las revistas de la UV<\/span><span data-contrast=\"auto\">, contin<\/span><span data-contrast=\"auto\">u\u00f3<\/span><span data-contrast=\"auto\">, <\/span><span data-contrast=\"auto\">son los propuestos por <\/span><span data-contrast=\"auto\">Latindex<\/span><span data-contrast=\"auto\"> y abarcan aspectos b\u00e1sicos (como contar con un equipo editorial, que haya generaci\u00f3n continua de contenidos, que se cuente con instrucciones para los autores, que se detalle el proceso de evaluaci\u00f3n de los art\u00edculos)<\/span><span data-contrast=\"auto\">; <\/span><span data-contrast=\"auto\">de presentaci\u00f3n (que la p\u00e1gina sea f\u00e1cilmente navegable, que se ofrezca informaci\u00f3n sobre la entidad editora, los cuerpos editoriales, los autores)<\/span><span data-contrast=\"auto\">.<\/span><span data-ccp-props=\"{&quot;201341983&quot;:0,&quot;335559731&quot;:708,&quot;335559739&quot;:160,&quot;335559740&quot;:240}\">\u00a0<\/span><\/p>\n<p><span data-contrast=\"auto\">Tambi\u00e9n <\/span><span data-contrast=\"auto\">de gesti\u00f3n y pol\u00edticas editoriales (que se defina el perfil editorial de la revista, que exista apertura editorial, que se cumpla con la periodicidad)<\/span><span data-contrast=\"auto\">;<\/span><span data-contrast=\"auto\"> de contenido (que sea original, que los art\u00edculos cuenten con resumen y palabras clave en dos idiomas, con bibliograf\u00eda adecuada)<\/span><span data-contrast=\"auto\">;<\/span><span data-contrast=\"auto\"> as\u00ed como aspectos relativos a las revistas en l\u00ednea (protocolos de interoperatividad, varios formatos de edici\u00f3n, como PDF y HTML, interactividad con el lector, uso de DOI, de buscadores).<\/span><span data-ccp-props=\"{&quot;201341983&quot;:0,&quot;335559731&quot;:708,&quot;335559739&quot;:160,&quot;335559740&quot;:240}\">\u00a0<\/span><\/p>\n<p><span data-contrast=\"auto\">\u201c<\/span><span data-contrast=\"auto\">Las revistas que aloja el portal cubren un rango muy amplio de disciplinas acad\u00e9micas y poseen un alto nivel de calidad, por lo que representan una excelente oportunidad, tanto para estudiantes como profesores e investigadores, de sumergirse en la vastedad del conocimiento que resguardan estas publicaciones.<\/span><span data-contrast=\"auto\">\u201d<\/span><span data-ccp-props=\"{&quot;201341983&quot;:0,&quot;335559731&quot;:708,&quot;335559739&quot;:160,&quot;335559740&quot;:240}\">\u00a0<\/span><\/p>\n<p><span data-contrast=\"auto\">H\u00e9ctor Merino<\/span><span data-contrast=\"auto\"> tambi\u00e9n <\/span><span data-contrast=\"auto\">reiter<\/span><span data-contrast=\"auto\">\u00f3<\/span><span data-contrast=\"auto\"> la invitaci\u00f3n a la comunidad<\/span><span data-contrast=\"auto\"> acad\u00e9mica de <\/span><span data-contrast=\"auto\">la UV para que aprovechen los recursos que les ofrece <\/span><span data-contrast=\"auto\">est<\/span><span data-contrast=\"auto\">a<\/span><span data-contrast=\"auto\"> casa de estudios; que los estudiantes exploren las <\/span><span data-contrast=\"auto\">distintas revistas, no s\u00f3lo aqu\u00e9<\/span><span data-contrast=\"auto\">llas relacionadas con su campo de estudios, pues son una ventana abierta a m\u00faltiples \u00e1reas del conocimiento y est\u00e1n ah\u00ed, a un clic de distancia.<\/span><\/p>\n","protected":false},"excerpt":{"rendered":"<p>El portal http:\/\/revistas.uv.mx\/ cubre un rango muy amplio de disciplinas acad\u00e9micas, con publicaciones de alta calidad\u00a0<\/p>\n","protected":false},"author":1869,"featured_media":83223,"comment_status":"closed","ping_status":"closed","sticky":false,"template":"","format":"standard","meta":[],"categories":[1],"tags":[],"_links":{"self":[{"href":"https:\/\/www.uv.mx\/prensa\/wp-json\/wp\/v2\/posts\/83224"}],"collection":[{"href":"https:\/\/www.uv.mx\/prensa\/wp-json\/wp\/v2\/posts"}],"about":[{"href":"https:\/\/www.uv.mx\/prensa\/wp-json\/wp\/v2\/types\/post"}],"author":[{"embeddable":true,"href":"https:\/\/www.uv.mx\/prensa\/wp-json\/wp\/v2\/users\/1869"}],"replies":[{"embeddable":true,"href":"https:\/\/www.uv.mx\/prensa\/wp-json\/wp\/v2\/comments?post=83224"}],"version-history":[{"count":0,"href":"https:\/\/www.uv.mx\/prensa\/wp-json\/wp\/v2\/posts\/83224\/revisions"}],"wp:featuredmedia":[{"embeddable":true,"href":"https:\/\/www.uv.mx\/prensa\/wp-json\/wp\/v2\/media\/83223"}],"wp:attachment":[{"href":"https:\/\/www.uv.mx\/prensa\/wp-json\/wp\/v2\/media?parent=83224"}],"wp:term":[{"taxonomy":"category","embeddable":true,"href":"https:\/\/www.uv.mx\/prensa\/wp-json\/wp\/v2\/categories?post=83224"},{"taxonomy":"post_tag","embeddable":true,"href":"https:\/\/www.uv.mx\/prensa\/wp-json\/wp\/v2\/tags?post=83224"}],"curies":[{"name":"wp","href":"https:\/\/api.w.org\/{rel}","templated":true}]}}