{"id":83342,"date":"2020-05-04T15:17:48","date_gmt":"2020-05-04T20:17:48","guid":{"rendered":"https:\/\/www.uv.mx\/prensa\/?p=83342"},"modified":"2020-05-04T16:07:17","modified_gmt":"2020-05-04T21:07:17","slug":"universidades-deben-transitar-a-modelos-hibridos-de-educacion","status":"publish","type":"post","link":"https:\/\/www.uv.mx\/prensa\/general\/universidades-deben-transitar-a-modelos-hibridos-de-educacion\/","title":{"rendered":"Universidades deben transitar a modelos h\u00edbridos de educaci\u00f3n"},"content":{"rendered":"<ul>\n<li data-leveltext=\"\uf0b7\" data-font=\"Symbol\" data-listid=\"1\" data-aria-posinset=\"1\" data-aria-level=\"1\"><i><span data-contrast=\"auto\">E<\/span><\/i><i><span data-contrast=\"auto\">l 82 por c<\/span><\/i><i><span data-contrast=\"auto\">iento de los mexicanos usan I<\/span><\/i><i><span data-contrast=\"auto\">nternet para acceder a las redes sociales<\/span><\/i><i><span data-contrast=\"auto\">, y el celular es el dispositivo m\u00f3vil m\u00e1s utilizado por los usuarios<\/span><\/i><span data-ccp-props=\"{&quot;134233279&quot;:true}\">\u00a0<\/span><\/li>\n<\/ul>\n<div id=\"attachment_83346\" style=\"width: 732px\" class=\"wp-caption aligncenter\"><a href=\"https:\/\/www.uv.mx\/prensa\/files\/2020\/05\/290420-PAOLA-Conferencia-internet-1.jpg\"><img aria-describedby=\"caption-attachment-83346\" decoding=\"async\" loading=\"lazy\" class=\"size-full wp-image-83346\" src=\"https:\/\/www.uv.mx\/prensa\/files\/2020\/05\/290420-PAOLA-Conferencia-internet-1.jpg\" alt=\"\" width=\"722\" height=\"481\" srcset=\"https:\/\/www.uv.mx\/prensa\/files\/2020\/05\/290420-PAOLA-Conferencia-internet-1.jpg 722w, https:\/\/www.uv.mx\/prensa\/files\/2020\/05\/290420-PAOLA-Conferencia-internet-1-300x200.jpg 300w\" sizes=\"(max-width: 722px) 100vw, 722px\" \/><\/a><p id=\"caption-attachment-83346\" class=\"wp-caption-text\">Rub\u00e9n Edel Navarro habl\u00f3 de la importancia de formar a los profesores en competencias digitales<\/p><\/div>\n<blockquote><p><span data-contrast=\"auto\">\u201cAfortunadamente la U<\/span><span data-contrast=\"auto\">V <\/span><span data-contrast=\"auto\">tiene el capital humano suficiente para implementar los modelos h\u00edbridos de aprendizaje<\/span><span data-contrast=\"auto\"> sin mayor dificultad\u201d<\/span><span data-ccp-props=\"{&quot;335559731&quot;:708}\">\u00a0<\/span><\/p><\/blockquote>\n<p><b><i><span data-contrast=\"auto\">Paola Cort\u00e9s P\u00e9rez<\/span><\/i><\/b><span data-ccp-props=\"{&quot;335559731&quot;:709}\">\u00a0<\/span><\/p>\n<p><b><i><span data-contrast=\"auto\">04<\/span><\/i><\/b><b><i><span data-contrast=\"auto\">\/05\/2020, Xalapa, Ver.-<\/span><\/i><\/b> <span data-contrast=\"auto\">Rub\u00e9n <\/span><span data-contrast=\"auto\">Edel<\/span><span data-contrast=\"auto\"> Navarro, <\/span><span data-contrast=\"auto\">coordinador del Laboratorio para la Innovaci\u00f3n y Desarrollo Regional<\/span><span data-contrast=\"auto\"> de la Universidad Veracruzana (UV), dijo que <\/span><span data-contrast=\"auto\">la<\/span><span data-contrast=\"auto\"> contingencia<\/span> <span data-contrast=\"auto\">sanitaria<\/span><span data-contrast=\"auto\"> por el Covid-19<\/span> <span data-contrast=\"auto\">debe ser aprovechada<\/span><span data-contrast=\"auto\"> por las universidades <\/span><span data-contrast=\"auto\">para plantearse <\/span><span data-contrast=\"auto\">aplicar <\/span><span data-contrast=\"auto\">un modelo de aprendizaje h\u00edbrido<\/span><span data-contrast=\"auto\">.<\/span><span data-ccp-props=\"{&quot;335559731&quot;:709}\">\u00a0<\/span><\/p>\n<p><span data-contrast=\"auto\">La tarde del martes 28 de abril, <\/span><span data-contrast=\"auto\">Edel<\/span><span data-contrast=\"auto\"> Navarro particip\u00f3 en el programa de la Direcci\u00f3n General de Investigaciones (DGI) \u201cTardes de ciencia\u201d, con l<\/span><span data-contrast=\"auto\">a charla \u201cEl efecto I<\/span><span data-contrast=\"auto\">nternet: usos y costumbres\u201d, transmitida a trav\u00e9s de la aplicaci\u00f3n <\/span><i><span data-contrast=\"auto\">Cisco <\/span><\/i><i><span data-contrast=\"auto\">Webex<\/span><\/i><i><span data-contrast=\"auto\"> Meetings<\/span><\/i><span data-contrast=\"auto\">.<\/span><span data-ccp-props=\"{&quot;335559731&quot;:708}\">\u00a0<\/span><\/p>\n<p><span data-contrast=\"auto\">\u201cNo volveremos a la normalidad, regresaremos a una realidad distinta y de manera particular si no contemplamos <\/span><span data-contrast=\"auto\">este nuevo <\/span><span data-contrast=\"auto\">esquema de aprendizaje en l\u00ednea.<\/span> <span data-contrast=\"auto\">S<\/span><span data-contrast=\"auto\">er\u00eda pr\u00e1cticamente suicida no aprender de esta experiencia.\u201d<\/span><span data-ccp-props=\"{&quot;335559731&quot;:708}\">\u00a0<\/span><\/p>\n<p><span data-contrast=\"auto\">Lament\u00f3 que en este momento se piense que <\/span><i><span data-contrast=\"auto\">online<\/span><\/i><span data-contrast=\"auto\"> sea la alternativa para hacer t<\/span><span data-contrast=\"auto\">odas las actividades educativas;<\/span><span data-contrast=\"auto\"> por el <\/span><span data-contrast=\"auto\">contrario,<\/span><span data-contrast=\"auto\"> las universidades tienen que moverse a esquemas h\u00edbridos de educaci\u00f3n<\/span><span data-contrast=\"auto\">, para ello deben <\/span><span data-contrast=\"auto\">determinar la gradiente (nivel d<\/span><span data-contrast=\"auto\">e<\/span><span data-contrast=\"auto\"> clasificaci\u00f3n de virtualidad d<\/span><span data-contrast=\"auto\">e las experiencias educativas <\/span><span data-contrast=\"auto\">(EE) <\/span><span data-contrast=\"auto\">o materias) y preguntarse \u00bfqu\u00e9 porcentaje de virtualidad incorporar\u00e9 en cada una de las EE?<\/span><span data-ccp-props=\"{&quot;335559731&quot;:708}\">\u00a0<\/span><\/p>\n<div id=\"attachment_83345\" style=\"width: 732px\" class=\"wp-caption aligncenter\"><a href=\"https:\/\/www.uv.mx\/prensa\/files\/2020\/05\/290420-PAOLA-Conferencia-internet-2.jpg\"><img aria-describedby=\"caption-attachment-83345\" decoding=\"async\" loading=\"lazy\" class=\"size-full wp-image-83345\" src=\"https:\/\/www.uv.mx\/prensa\/files\/2020\/05\/290420-PAOLA-Conferencia-internet-2.jpg\" alt=\"\" width=\"722\" height=\"481\" srcset=\"https:\/\/www.uv.mx\/prensa\/files\/2020\/05\/290420-PAOLA-Conferencia-internet-2.jpg 722w, https:\/\/www.uv.mx\/prensa\/files\/2020\/05\/290420-PAOLA-Conferencia-internet-2-300x200.jpg 300w\" sizes=\"(max-width: 722px) 100vw, 722px\" \/><\/a><p id=\"caption-attachment-83345\" class=\"wp-caption-text\">Datos sobre el perfil del internauta mexicano<\/p><\/div>\n<p><span data-contrast=\"auto\">\u201cAfortunadamente la U<\/span><span data-contrast=\"auto\">V <\/span><span data-contrast=\"auto\">tiene el capital humano suficiente para implementar los modelos h\u00edbridos de aprendizaje<\/span><span data-contrast=\"auto\"> sin mayor dificultad.\u201d<\/span><span data-ccp-props=\"{&quot;335559731&quot;:708}\">\u00a0<\/span><\/p>\n<p><span data-contrast=\"auto\">R<\/span><span data-contrast=\"auto\">especto a la educaci\u00f3n en l\u00ednea<\/span><span data-contrast=\"auto\">, mencion\u00f3 que ha sido vista como <\/span><span data-contrast=\"auto\">una educaci\u00f3n <\/span><span data-contrast=\"auto\">de segunda y ha sido desde\u00f1ada<\/span><span data-contrast=\"auto\">;<\/span><span data-contrast=\"auto\"> esta <\/span><span data-contrast=\"auto\">situaci\u00f3n tiene que ser superada<\/span><span data-contrast=\"auto\">, <\/span><span data-contrast=\"auto\">pues ofrece <\/span><span data-contrast=\"auto\">buenos resultados y es una salida importante para el sistema educativo del pa\u00eds.<\/span><span data-ccp-props=\"{&quot;335559731&quot;:708}\">\u00a0<\/span><\/p>\n<p><span data-contrast=\"auto\">\u201cLa educaci\u00f3n en l\u00ednea ha representado una oportunidad espectacular para las instituciones privadas <\/span><span data-contrast=\"auto\">a fin de<\/span><span data-contrast=\"auto\"> hacer negocios, <\/span><span data-contrast=\"auto\">todos sus programas que ponen en l\u00ednea han <\/span><span data-contrast=\"auto\">tenido<\/span><span data-contrast=\"auto\"> ganancias econ\u00f3micas espectaculares y han sido desde\u00f1adas por la educaci\u00f3n p\u00fablica.\u201d<\/span><span data-ccp-props=\"{&quot;335559731&quot;:708}\">\u00a0<\/span><\/p>\n<p><span data-contrast=\"auto\">Asimismo, dijo que se <\/span><span data-contrast=\"auto\">deben<\/span><span data-contrast=\"auto\"> replantear los planes educativos de las instituciones formadoras de docentes, para atender espec\u00edficamente el apartado de c<\/span><span data-contrast=\"auto\">ompetencias digitales<\/span><span data-contrast=\"auto\">, de no hacerlo de nada servir\u00e1 tener conectividad e infraestructura digital.<\/span><span data-ccp-props=\"{&quot;335559731&quot;:708}\">\u00a0<\/span><\/p>\n<p><span data-contrast=\"auto\">De igual manera, indic\u00f3 que es momento <\/span><span data-contrast=\"auto\">d<\/span><span data-contrast=\"auto\">e pensar en nuevas posibilidades, emplear la innovaci\u00f3n y la creatividad en materia de educaci\u00f3n.<\/span><span data-ccp-props=\"{&quot;335559731&quot;:708}\">\u00a0<\/span><\/p>\n<div id=\"attachment_83344\" style=\"width: 732px\" class=\"wp-caption aligncenter\"><a href=\"https:\/\/www.uv.mx\/prensa\/files\/2020\/05\/290420-PAOLA-Conferencia-internet-3.jpg\"><img aria-describedby=\"caption-attachment-83344\" decoding=\"async\" loading=\"lazy\" class=\"size-full wp-image-83344\" src=\"https:\/\/www.uv.mx\/prensa\/files\/2020\/05\/290420-PAOLA-Conferencia-internet-3.jpg\" alt=\"\" width=\"722\" height=\"481\" srcset=\"https:\/\/www.uv.mx\/prensa\/files\/2020\/05\/290420-PAOLA-Conferencia-internet-3.jpg 722w, https:\/\/www.uv.mx\/prensa\/files\/2020\/05\/290420-PAOLA-Conferencia-internet-3-300x200.jpg 300w\" sizes=\"(max-width: 722px) 100vw, 722px\" \/><\/a><p id=\"caption-attachment-83344\" class=\"wp-caption-text\">Principales problemas que tienen los usuarios al navegar por Internet<\/p><\/div>\n<p><span data-contrast=\"auto\">Conforme al estudio de la Asociaci\u00f3n de Internet<\/span><span data-contrast=\"auto\">,<\/span><span data-contrast=\"auto\"> A.C., el 82 por c<\/span><span data-contrast=\"auto\">iento de los mexicanos usan I<\/span><span data-contrast=\"auto\">nternet para acceder a las redes sociales; el 78 por ciento para enviar mensajes instant\u00e1neos; el 77 por ciento para enviar\/recibir <\/span><i><span data-contrast=\"auto\">mails<\/span><\/i><span data-contrast=\"auto\">; el 76 por ciento para la b\u00fasqueda de informaci\u00f3n<\/span><span data-contrast=\"auto\">; <\/span><span data-contrast=\"auto\">el 68 por ciento para utilizar mapas<\/span><span data-contrast=\"auto\">, y el 19 por<\/span> <span data-contrast=\"auto\">ciento visita<\/span><span data-contrast=\"auto\">r<\/span><span data-contrast=\"auto\"> sitios para adultos.<\/span><span data-ccp-props=\"{&quot;335559731&quot;:708}\">\u00a0<\/span><\/p>\n<p><span data-contrast=\"auto\">\u201cComo lo muestra el estudi<\/span><span data-contrast=\"auto\">o, le damos diferentes usos al I<\/span><span data-contrast=\"auto\">nternet y no necesariamente<\/span><span data-contrast=\"auto\"> se relaciona con la educaci\u00f3n.\u201d<\/span><span data-ccp-props=\"{&quot;335559731&quot;:708}\">\u00a0<\/span><\/p>\n<p><span data-contrast=\"auto\">E<\/span><span data-contrast=\"auto\">n promedio,<\/span> <span data-contrast=\"auto\">el usuario<\/span> <span data-contrast=\"auto\">pasa <\/span><span data-contrast=\"auto\">conectado a <\/span><span data-contrast=\"auto\">I<\/span><span data-contrast=\"auto\">nt<\/span><span data-contrast=\"auto\">ernet<\/span><span data-contrast=\"auto\"> ocho horas <\/span><span data-contrast=\"auto\">con <\/span><span data-contrast=\"auto\">20 minutos<\/span><span data-contrast=\"auto\">;<\/span> <span data-contrast=\"auto\">siendo <\/span><span data-contrast=\"auto\">el <\/span><span data-contrast=\"auto\">celular el dispositivo m\u00f3vil m\u00e1s usado, seguido de la <\/span><i><span data-contrast=\"auto\">laptop<\/span><\/i><span data-contrast=\"auto\"> y la PC.<\/span><span data-ccp-props=\"{&quot;335559731&quot;:708}\">\u00a0<\/span><\/p>\n<p><span data-contrast=\"auto\">Con respecto a l<\/span><span data-contrast=\"auto\">as plataformas <\/span><span data-contrast=\"auto\">m\u00e1s usad<\/span><span data-contrast=\"auto\">a<\/span><span data-contrast=\"auto\">s, se\u00f1al\u00f3 que es <\/span><i><span data-contrast=\"auto\">YouT<\/span><\/i><i><span data-contrast=\"auto\">ube<\/span><\/i><span data-contrast=\"auto\"> con el 96 por ciento; <\/span><i><span data-contrast=\"auto\">Facebook<\/span><\/i><span data-contrast=\"auto\">, 94 por ciento; <\/span><i><span data-contrast=\"auto\">WhatsApp<\/span><\/i><span data-contrast=\"auto\">, con el 89 por ciento; <\/span><i><span data-contrast=\"auto\">FB Messenger<\/span><\/i><span data-contrast=\"auto\">, con el 78 por ciento; <\/span><i><span data-contrast=\"auto\">Instagram<\/span><\/i><span data-contrast=\"auto\">, 71 por ciento; <\/span><i><span data-contrast=\"auto\">Twitter<\/span><\/i><span data-contrast=\"auto\">, con el 61 por ciento; entre otros. En promedio<\/span><span data-contrast=\"auto\">,<\/span><span data-contrast=\"auto\"> por usuario tienen 10 cuentas en medios sociales y el 50 por ciento de ellos los <\/span><span data-contrast=\"auto\">utilizan con prop\u00f3sito laboral.<\/span><span data-ccp-props=\"{&quot;335559731&quot;:708}\">\u00a0<\/span><\/p>\n<p><span data-contrast=\"auto\">\u201c<\/span><span data-contrast=\"auto\">Si a m\u00ed me hubieran dicho que una pandemia como la que ahora vivimos<\/span><span data-contrast=\"auto\"> cimbrar\u00eda<\/span><span data-contrast=\"auto\"> y <\/span><span data-contrast=\"auto\">llevar\u00eda <\/span><span data-contrast=\"auto\">a concien<\/span><span data-contrast=\"auto\">c<\/span><span data-contrast=\"auto\">iar a la gente de lo qu\u00e9 es la educaci\u00f3n en l\u00ednea, no lo hubiera cre\u00eddo.<\/span><span data-contrast=\"auto\">\u201d<\/span><span data-ccp-props=\"{&quot;335559731&quot;:708}\">\u00a0<\/span><\/p>\n<div id=\"attachment_83343\" style=\"width: 732px\" class=\"wp-caption aligncenter\"><a href=\"https:\/\/www.uv.mx\/prensa\/files\/2020\/05\/290420-PAOLA-Conferencia-internet-4.jpg\"><img aria-describedby=\"caption-attachment-83343\" decoding=\"async\" loading=\"lazy\" class=\"size-full wp-image-83343\" src=\"https:\/\/www.uv.mx\/prensa\/files\/2020\/05\/290420-PAOLA-Conferencia-internet-4.jpg\" alt=\"\" width=\"722\" height=\"481\" srcset=\"https:\/\/www.uv.mx\/prensa\/files\/2020\/05\/290420-PAOLA-Conferencia-internet-4.jpg 722w, https:\/\/www.uv.mx\/prensa\/files\/2020\/05\/290420-PAOLA-Conferencia-internet-4-300x200.jpg 300w\" sizes=\"(max-width: 722px) 100vw, 722px\" \/><\/a><p id=\"caption-attachment-83343\" class=\"wp-caption-text\">Mostr\u00f3 algunas ventajas y desventajas de Internet<\/p><\/div>\n","protected":false},"excerpt":{"rendered":"<p>\u201cNo volveremos a la normalidad, regresaremos a una realidad distinta y de manera particular si no contemplamos este nuevo esquema de aprendizaje en l\u00ednea\u201d: Edel Navarro, coordinador del Laboratorio para la Innovaci\u00f3n y Desarrollo Regional<\/p>\n","protected":false},"author":1508,"featured_media":83346,"comment_status":"closed","ping_status":"closed","sticky":false,"template":"","format":"standard","meta":[],"categories":[1],"tags":[],"_links":{"self":[{"href":"https:\/\/www.uv.mx\/prensa\/wp-json\/wp\/v2\/posts\/83342"}],"collection":[{"href":"https:\/\/www.uv.mx\/prensa\/wp-json\/wp\/v2\/posts"}],"about":[{"href":"https:\/\/www.uv.mx\/prensa\/wp-json\/wp\/v2\/types\/post"}],"author":[{"embeddable":true,"href":"https:\/\/www.uv.mx\/prensa\/wp-json\/wp\/v2\/users\/1508"}],"replies":[{"embeddable":true,"href":"https:\/\/www.uv.mx\/prensa\/wp-json\/wp\/v2\/comments?post=83342"}],"version-history":[{"count":0,"href":"https:\/\/www.uv.mx\/prensa\/wp-json\/wp\/v2\/posts\/83342\/revisions"}],"wp:featuredmedia":[{"embeddable":true,"href":"https:\/\/www.uv.mx\/prensa\/wp-json\/wp\/v2\/media\/83346"}],"wp:attachment":[{"href":"https:\/\/www.uv.mx\/prensa\/wp-json\/wp\/v2\/media?parent=83342"}],"wp:term":[{"taxonomy":"category","embeddable":true,"href":"https:\/\/www.uv.mx\/prensa\/wp-json\/wp\/v2\/categories?post=83342"},{"taxonomy":"post_tag","embeddable":true,"href":"https:\/\/www.uv.mx\/prensa\/wp-json\/wp\/v2\/tags?post=83342"}],"curies":[{"name":"wp","href":"https:\/\/api.w.org\/{rel}","templated":true}]}}