{"id":83361,"date":"2020-05-05T08:56:57","date_gmt":"2020-05-05T13:56:57","guid":{"rendered":"https:\/\/www.uv.mx\/prensa\/?p=83361"},"modified":"2020-05-07T12:56:27","modified_gmt":"2020-05-07T17:56:27","slug":"cientificos-del-cice-publican-articulo-sobre-compuesto-para-mitigar-efectos-de-covid-19","status":"publish","type":"post","link":"https:\/\/www.uv.mx\/prensa\/ciencia\/cientificos-del-cice-publican-articulo-sobre-compuesto-para-mitigar-efectos-de-covid-19\/","title":{"rendered":"Cient\u00edficos del <em>Cice<\/em> publican art\u00edculo sobre compuesto para mitigar efectos de Covid-19"},"content":{"rendered":"<ul>\n<li data-leveltext=\"\uf0b7\" data-font=\"Symbol\" data-listid=\"1\" data-aria-posinset=\"1\" data-aria-level=\"1\"><i><span data-contrast=\"auto\">El art\u00edculo <\/span><\/i><i><span data-contrast=\"auto\">\u201c<\/span><\/i><i><span data-contrast=\"auto\">Amantadine<\/span><\/i><i><span data-contrast=\"auto\"> as a <\/span><\/i><i><span data-contrast=\"auto\">drug<\/span><\/i><i><span data-contrast=\"auto\"> to <\/span><\/i><i><span data-contrast=\"auto\">mitigate<\/span><\/i> <i><span data-contrast=\"auto\">the<\/span><\/i> <i><span data-contrast=\"auto\">effects<\/span><\/i><i><span data-contrast=\"auto\"> of <\/span><\/i><i><span data-contrast=\"auto\">Covid<\/span><\/i><i><span data-contrast=\"auto\">-19\u201d fue publicado en la revista <\/span><\/i><span data-contrast=\"auto\">Medical <\/span><span data-contrast=\"auto\">Hypotheses<\/span><span data-ccp-props=\"{&quot;134233279&quot;:true}\">\u00a0<\/span><\/li>\n<li data-leveltext=\"\uf0b7\" data-font=\"Symbol\" data-listid=\"1\" data-aria-posinset=\"2\" data-aria-level=\"1\"><i><span data-contrast=\"auto\">\u201cSer\u00eda muy importante para nosotros que los m\u00e9dicos lo tomaran en cuenta y llevaran a cabo ensayos cl\u00ednicos\u201d, afirm\u00f3 Gonzalo Aranda, uno de los autores<\/span><\/i><span data-ccp-props=\"{&quot;134233279&quot;:true}\">\u00a0<\/span><\/li>\n<\/ul>\n<div id=\"attachment_83386\" style=\"width: 732px\" class=\"wp-caption aligncenter\"><a href=\"https:\/\/www.uv.mx\/prensa\/files\/2020\/05\/050520-academico-CICE.jpg\"><img aria-describedby=\"caption-attachment-83386\" decoding=\"async\" loading=\"lazy\" class=\"size-full wp-image-83386\" src=\"https:\/\/www.uv.mx\/prensa\/files\/2020\/05\/050520-academico-CICE.jpg\" alt=\"\" width=\"722\" height=\"481\" srcset=\"https:\/\/www.uv.mx\/prensa\/files\/2020\/05\/050520-academico-CICE.jpg 722w, https:\/\/www.uv.mx\/prensa\/files\/2020\/05\/050520-academico-CICE-300x200.jpg 300w\" sizes=\"(max-width: 722px) 100vw, 722px\" \/><\/a><p id=\"caption-attachment-83386\" class=\"wp-caption-text\">Gonzalo Aranda, investigador del <em>Cice<\/em>, es uno de los autores del art\u00edculo sobre amantadina y su uso en la enfermedad de Covid-19<\/p><\/div>\n<blockquote><p>Alrededor del mundo hay 90 grupos cient\u00edficos trabajando en el desarrollo de una vacuna \u201cy en la UV estamos comprometidos a difundir este conocimiento a la comunidad\u201d<\/p><\/blockquote>\n<p><b><i><span data-contrast=\"auto\">David Sandoval Rodr\u00edguez<\/span><\/i><\/b><span data-ccp-props=\"{}\">\u00a0<\/span><\/p>\n<p><b><i><span data-contrast=\"auto\">0<\/span><\/i><\/b><b><i><span data-contrast=\"auto\">5<\/span><\/i><\/b><b><i><span data-contrast=\"auto\">\/05<\/span><\/i><\/b><b><i><span data-contrast=\"auto\">\/20<\/span><\/i><\/b><b><i><span data-contrast=\"auto\">20,<\/span><\/i><\/b><b><i><span data-contrast=\"auto\"> Xalapa, <\/span><\/i><\/b><b><i><span data-contrast=\"auto\">Ver.-<\/span><\/i><\/b><span data-contrast=\"auto\"> Cient\u00edficos adscritos al <\/span><span data-contrast=\"auto\"><a href=\"https:\/\/www.uv.mx\/cice\/\" target=\"_blank\" rel=\"noopener noreferrer\">Centro de Investigaciones Cerebrales<\/a> (<\/span><i><span data-contrast=\"auto\">Cice<\/span><\/i><span data-contrast=\"auto\">) de la Universidad Veracruzana (UV)<\/span><span data-contrast=\"auto\"> publicaron <a href=\"https:\/\/www.sciencedirect.com\/science\/article\/pii\/S030698772030654X?via%3Dihub\" target=\"_blank\" rel=\"noopener noreferrer\">un art\u00edculo en la revista <em>Medical Hypotheses<\/em><\/a><\/span><span data-contrast=\"auto\">, <\/span><span data-contrast=\"auto\">en el que proponen el uso de un compuesto econ\u00f3mico y disponible en M\u00e9xico para atender los s\u00edntomas de la enfermedad ocasionada por el coronavirus <\/span><span data-contrast=\"auto\">SARS-CoV-2<\/span><span data-contrast=\"auto\">, el <\/span><span data-contrast=\"auto\">Covid-<\/span><span data-contrast=\"auto\">19.<\/span><span data-ccp-props=\"{}\">\u00a0<\/span><\/p>\n<p><span data-contrast=\"auto\">Gonzalo Emiliano Aranda Abreu, <\/span><span data-contrast=\"auto\">uno de los autores, expres\u00f3 en entrevista para <\/span><i><span data-contrast=\"auto\">Universo<\/span><\/i><span data-contrast=\"auto\"> que \u201c<\/span><span data-contrast=\"auto\">el <\/span><span data-contrast=\"auto\">Covid-19<\/span> <span data-contrast=\"auto\">es un virus que lleg\u00f3 para quedarse, no se va a eliminar y el ser humano, como especie, tiene que aprender a convivir con \u00e9l; tenemos que aprender a conviv<\/span><span data-contrast=\"auto\">ir, a protegernos y a evitarlo. E<\/span><span data-contrast=\"auto\">speramos que en un futuro<\/span><span data-contrast=\"auto\"> exista una vacuna<\/span><span data-contrast=\"auto\">,<\/span><span data-contrast=\"auto\"> pero el <\/span><span data-contrast=\"auto\">Covid-19<\/span> <span data-contrast=\"auto\">y los coronavirus no desaparecer\u00e1n, menos este tipo de virus porque son de f\u00e1cil mutaci\u00f3n<\/span><span data-contrast=\"auto\">\u201d<\/span><span data-contrast=\"auto\">.<\/span><span data-ccp-props=\"{&quot;335559731&quot;:708}\">\u00a0<\/span><\/p>\n<p><span data-contrast=\"auto\">Es por ello que, dejando por un momento su principal l\u00ednea de investigaci\u00f3n: la expresi\u00f3n del ARN y prote\u00ednas involucradas en la enfermedad de Alzheimer<\/span><span data-contrast=\"auto\">, se dedic\u00f3 con otros miembros del <\/span><i><span data-contrast=\"auto\">Cice<\/span><\/i> <span data-contrast=\"auto\">a canalizar esfuerzos <\/span><span data-contrast=\"auto\">para contribuir a reducir los efectos de la pandemia.<\/span><span data-ccp-props=\"{}\">\u00a0<\/span><\/p>\n<p><span data-contrast=\"auto\">Su colaboraci\u00f3n con los investigadores <\/span><span data-contrast=\"auto\">Mar\u00eda Elena Hern\u00e1ndez Aguilar<\/span><span data-contrast=\"auto\">, <\/span><span data-contrast=\"auto\">Deissy<\/span><span data-contrast=\"auto\"> Herrera Covarrubias<\/span><span data-contrast=\"auto\"> y Fausto Rojas Dur\u00e1n, dio como resultado el art\u00edculo mencionado, que desarrollaron <\/span><span data-contrast=\"auto\">por medio de plata<\/span><span data-contrast=\"auto\">formas virtuales<\/span><span data-contrast=\"auto\">.<\/span><span data-ccp-props=\"{}\">\u00a0<\/span><\/p>\n<p><span data-contrast=\"auto\">\u201c<\/span><span data-contrast=\"auto\">Todo este trabajo se origina por la necesidad surgida a partir de la pandemia ocasionada por el <\/span><span data-contrast=\"auto\">nuevo coronavirus S<\/span><span data-contrast=\"auto\">ARS-CoV-2 y su enfermedad, <\/span><span data-contrast=\"auto\">pues no existe un medicamento o vacuna que pueda ayudar a prevenirla ni evitar su padecimiento<\/span><span data-contrast=\"auto\">\u201d, advirti\u00f3 el acad\u00e9mico<\/span><span data-contrast=\"auto\">.<\/span><span data-ccp-props=\"{&quot;335559731&quot;:708}\">\u00a0<\/span><\/p>\n<p><span data-contrast=\"auto\">\u201c<\/span><span data-contrast=\"auto\">La <\/span><span data-contrast=\"auto\">amantadina<\/span> <span data-contrast=\"auto\">es un medicamento que se ha <\/span><span data-contrast=\"auto\">utiliza<\/span><span data-contrast=\"auto\">do para atenuar los efectos de la influenza tipo A, pero la hip\u00f3tesis que <\/span><span data-contrast=\"auto\">planteamos en el art\u00edculo es que podr\u00eda ayudar a prevenir el efecto sobre el coronavirus<\/span><span data-contrast=\"auto\">, evitan<\/span><span data-contrast=\"auto\">do que \u00e9<\/span><span data-contrast=\"auto\">ste pueda entregar todo su contenido molecular hacia el interior de la c\u00e9lula, bloqueando un canal expl\u00edcito, que est\u00e1 en el art\u00edculo y se conoce como canal i\u00f3nico de estructura E<\/span><span data-contrast=\"auto\">, una prote\u00edna de membrana\u201d, explic\u00f3.<\/span><span data-ccp-props=\"{&quot;335559731&quot;:708}\">\u00a0<\/span><\/p>\n<p><span data-contrast=\"auto\">Con base en el an\u00e1lisis realizado, observaron que la <\/span><span data-contrast=\"auto\">amantadina<\/span> <span data-contrast=\"auto\">podr\u00eda entrar a este canal y evitar que todo el contenido del virus ingrese a la c\u00e9lula con el prop\u00f3sito de replicarse<\/span><span data-contrast=\"auto\">;<\/span><span data-contrast=\"auto\"> es decir<\/span><span data-contrast=\"auto\">,<\/span><span data-contrast=\"auto\"> que podr\u00eda atenuar estos efectos, tal como lo hace con la influenza.<\/span><span data-ccp-props=\"{&quot;335559731&quot;:708}\">\u00a0<\/span><\/p>\n<p><span data-contrast=\"auto\">Adem\u00e1<\/span><span data-contrast=\"auto\">s de los beneficios potenciales, la <\/span><span data-contrast=\"auto\">amantadina<\/span> <span data-contrast=\"auto\">es un <\/span><span data-contrast=\"auto\">f\u00e1rmaco antiviral<\/span><span data-contrast=\"auto\"> muy econ\u00f3mico, subray\u00f3 el cient\u00edfico, <\/span><span data-contrast=\"auto\">\u201c<\/span><span data-contrast=\"auto\">porque se ha hablado de los medicamentos que se est\u00e1n ocupando como la <\/span><span data-contrast=\"auto\">cloroquina<\/span><span data-contrast=\"auto\">,<\/span><span data-contrast=\"auto\"> que al parecer en Francia tuv<\/span><span data-contrast=\"auto\">o <\/span><span data-contrast=\"auto\">\u00e9xito; la <\/span><span data-contrast=\"auto\">cloroquina<\/span><span data-contrast=\"auto\"> tambi\u00e9n se puede unir a este canal de estructura E<\/span><span data-contrast=\"auto\">,<\/span><span data-contrast=\"auto\"> es decir que tanto la <\/span><span data-contrast=\"auto\">amantadina<\/span> <span data-contrast=\"auto\">como la <\/span><span data-contrast=\"auto\">cloroquina<\/span><span data-contrast=\"auto\"> podr\u00edan atenuar los efectos de la enfermedad del <\/span><span data-contrast=\"auto\">Covid-19<\/span><span data-contrast=\"auto\">\u201d<\/span><span data-contrast=\"auto\">.<\/span><span data-ccp-props=\"{&quot;335559731&quot;:708}\">\u00a0<\/span><\/p>\n<p><span data-contrast=\"auto\">De <\/span><span data-contrast=\"auto\">la <\/span><span data-contrast=\"auto\">amantadina<\/span> <span data-contrast=\"auto\">destaca su potencial para <\/span><span data-contrast=\"auto\">bloquear este canal <\/span><span data-contrast=\"auto\">i\u00f3nico <\/span><span data-contrast=\"auto\">de acceso<\/span><span data-contrast=\"auto\">,<\/span><span data-contrast=\"auto\"> lo que dificulta el traslado de la informaci\u00f3n gen\u00e9tica del virus hacia las c\u00e9lulas<\/span><span data-contrast=\"auto\">.<\/span><span data-ccp-props=\"{&quot;335559731&quot;:708}\">\u00a0<\/span><\/p>\n<p><span data-contrast=\"auto\">\u201c<\/span><span data-contrast=\"auto\">El gran problema que enfrentamos con el <\/span><span data-contrast=\"auto\">coronavirus SARS-CoV-2<\/span><span data-contrast=\"auto\"> es que no s\u00f3<\/span><span data-contrast=\"auto\">lo es r\u00e1pida su propagaci\u00f3n<\/span><span data-contrast=\"auto\">,<\/span><span data-contrast=\"auto\"> sino que tiene la capacidad de mutar, esto lo hace muy dif\u00ed<\/span><span data-contrast=\"auto\">cil de tratar\u201d, recalc\u00f3 el entrevistado.<\/span><span data-ccp-props=\"{&quot;335559731&quot;:708}\">\u00a0<\/span><\/p>\n<p><span data-contrast=\"auto\">Su alcance de contagio a nivel mundial y la emergencia de s\u00edntomas de forma continua muestran que es m\u00e1s poderoso que otros virus como el de la influenza H1N1, el <\/span><span data-contrast=\"auto\">s\u00ed<\/span><span data-contrast=\"auto\">ndrome <\/span><span data-contrast=\"auto\">r<\/span><span data-contrast=\"auto\">espirator<\/span><span data-contrast=\"auto\">io de<\/span> <span data-contrast=\"auto\">M<\/span><span data-contrast=\"auto\">edio Oriente <\/span><span data-contrast=\"auto\">(MERS<\/span><span data-contrast=\"auto\">, por sus siglas en ingl\u00e9s<\/span><span data-contrast=\"auto\">)<\/span><span data-contrast=\"auto\"> y el s<\/span><span data-contrast=\"auto\">\u00edndrome respiratorio agudo grave (SARS, por sus siglas en ingl\u00e9s)<\/span><span data-contrast=\"auto\">.<\/span><span data-ccp-props=\"{&quot;335559731&quot;:708}\">\u00a0<\/span><\/p>\n<div id=\"attachment_83385\" style=\"width: 732px\" class=\"wp-caption aligncenter\"><a href=\"https:\/\/www.sciencedirect.com\/science\/article\/pii\/S030698772030654X?via%3Dihub\" target=\"_blank\" rel=\"noopener noreferrer\"><img aria-describedby=\"caption-attachment-83385\" decoding=\"async\" loading=\"lazy\" class=\"wp-image-83385 size-full\" src=\"https:\/\/www.uv.mx\/prensa\/files\/2020\/05\/050520-Articulo-CICE.jpg\" alt=\"\" width=\"722\" height=\"481\" srcset=\"https:\/\/www.uv.mx\/prensa\/files\/2020\/05\/050520-Articulo-CICE.jpg 722w, https:\/\/www.uv.mx\/prensa\/files\/2020\/05\/050520-Articulo-CICE-300x200.jpg 300w\" sizes=\"(max-width: 722px) 100vw, 722px\" \/><\/a><p id=\"caption-attachment-83385\" class=\"wp-caption-text\"><a href=\"https:\/\/www.sciencedirect.com\/science\/article\/pii\/S030698772030654X?via%3Dihub\" target=\"_blank\" rel=\"noopener noreferrer\">El art\u00edculo fue incluido en el volumen 140 de <i><span data-contrast=\"auto\">Medical <\/span><\/i><i><span data-contrast=\"auto\">Hypotheses<\/span><\/i><\/a><\/p><\/div>\n<p><span data-contrast=\"auto\">Aranda Abreu <\/span><span data-contrast=\"auto\">explic\u00f3<\/span><span data-contrast=\"auto\">:<\/span> <span data-contrast=\"auto\">\u201cN<\/span><span data-contrast=\"auto\">osotros planteamos la hip\u00f3tesis y se requiere que la comunidad m\u00e9dica realice ensayos cl\u00ednicos para c<\/span><span data-contrast=\"auto\">onfirmar si la <\/span><span data-contrast=\"auto\">amantadina<\/span> <span data-contrast=\"auto\">aten\u00faa los efectos en las personas con coronavirus; esto requiere que los m\u00e9dicos tomen la iniciativa para probarla dado que nosotros no somos m\u00e9dicos, podemos hacer cultivos celulares, podemos hacerlo en animales pero tenemos una gran ventaja: como es un medicamento que est\u00e1 aprobado se pueden <\/span><span data-contrast=\"auto\">hacer<\/span><span data-contrast=\"auto\"> directamente los ensayos cl\u00ednicos\u201d.<\/span><span data-ccp-props=\"{&quot;335559731&quot;:708}\">\u00a0<\/span><\/p>\n<p><span data-contrast=\"auto\">Al ser un <\/span><span data-contrast=\"auto\">f\u00e1rmaco<\/span><span data-contrast=\"auto\"> aprobado para consumo humano hay un considerable ahorro en el proceso que llevar\u00eda su utilizaci\u00f3n, \u201cb\u00e1sicamente lo que se tiene que hacer ahora es ganarle al tiempo y a la velocidad de propagaci\u00f3n del virus<\/span><span data-contrast=\"auto\">\u201d, remarc\u00f3 Aranda Abreu.<\/span><span data-ccp-props=\"{&quot;335559731&quot;:708}\">\u00a0<\/span><\/p>\n<p><span data-contrast=\"auto\">Precis\u00f3 que una vacuna tarda en desarrollarse y probarse entre 12 y 18 meses<\/span><span data-contrast=\"auto\">,<\/span><span data-contrast=\"auto\"> a lo que se suma el tiempo que llevar\u00e1 distribuirse a nivel global.<\/span><span data-ccp-props=\"{&quot;335559731&quot;:708}\">\u00a0<\/span><\/p>\n<p><span data-contrast=\"auto\">\u201c<\/span><span data-contrast=\"auto\">P<\/span><span data-contrast=\"auto\">artimos de la necesidad de aportar al conocimiento para ayudar a todos los afectados y porque en alg\u00fan momento estaremos expuestos al virus, buscamos atenuar los efectos d<\/span><span data-contrast=\"auto\">e la enfermedad en las personas\u201d, dijo.<\/span><span data-ccp-props=\"{&quot;335559731&quot;:708}\">\u00a0<\/span><\/p>\n<p><span data-contrast=\"auto\">\u201cEn alg\u00fan momento vamos a estar en contacto con el coronavirus y tenemos que estar preparados para <\/span><span data-contrast=\"auto\">ello<\/span><span data-contrast=\"auto\">, qu\u00e9 mejor que tener diferentes tipos <\/span><span data-contrast=\"auto\">de armas para combatirlo\u201d, puntualiz\u00f3 <\/span><span data-contrast=\"auto\">Aranda Abreu, quien pertenece al <\/span><span data-contrast=\"auto\">c<\/span><span data-contrast=\"auto\">uerpo <\/span><span data-contrast=\"auto\">a<\/span><span data-contrast=\"auto\">cad\u00e9mico <\/span><span data-contrast=\"auto\">(CA) <\/span><span data-contrast=\"auto\">Neuroqu\u00edmica<\/span><span data-contrast=\"auto\"> del <\/span><i><span data-contrast=\"auto\">Cice<\/span><\/i><span data-contrast=\"auto\">.<\/span><span data-ccp-props=\"{&quot;335559731&quot;:708}\">\u00a0<\/span><\/p>\n<p><span data-contrast=\"auto\">Record\u00f3 que enfocaron sus esfuerzos en <\/span><span data-contrast=\"auto\">trabajar sobre la <\/span><span data-contrast=\"auto\">amantadina<\/span> <span data-contrast=\"auto\">y hacer los estudios moleculares te\u00f3ricos, dado que hay revistas que aceptan art\u00edculos te\u00f3ricos como la publicaci\u00f3n <\/span><i><span data-contrast=\"auto\">Medical <\/span><\/i><i><span data-contrast=\"auto\">Hypotheses<\/span><\/i><span data-contrast=\"auto\">, <\/span><span data-contrast=\"auto\">ya que <\/span><span data-contrast=\"auto\">su<\/span><span data-contrast=\"auto\"> caracter\u00edstica es que <\/span><span data-contrast=\"auto\">da a conocer <\/span><span data-contrast=\"auto\">estudios hipot<\/span><span data-contrast=\"auto\">\u00e9ticos que pueden ser aplicados.<\/span><span data-ccp-props=\"{&quot;335559731&quot;:708}\">\u00a0<\/span><\/p>\n<p><span data-contrast=\"auto\">El trabajo consisti\u00f3 en el uso de <\/span><i><span data-contrast=\"auto\">software<\/span><\/i><span data-contrast=\"auto\"> para obser<\/span><span data-contrast=\"auto\">var la interacci\u00f3n molecular, \u201ccon<\/span><span data-contrast=\"auto\"> plataformas como <\/span><i><span data-contrast=\"auto\">CLC<\/span><\/i> <i><span data-contrast=\"auto\">bio<\/span><\/i><span data-contrast=\"auto\"> y <\/span><i><span data-contrast=\"auto\">PyM<\/span><\/i><i><span data-contrast=\"auto\">OL<\/span><\/i><span data-contrast=\"auto\">, que sirven para modelar c\u00f3mo la <\/span><span data-contrast=\"auto\">amantadina<\/span> <span data-contrast=\"auto\">puede interactuar con la prote<\/span><span data-contrast=\"auto\">\u00edn<\/span><span data-contrast=\"auto\">a del canal i\u00f3<\/span><span data-contrast=\"auto\">nico, esto nos ayuda a determinar c\u00f3mo est\u00e1n interactuando las mol\u00e9culas y posiblemente c\u00f3mo podr\u00eda ser su acci\u00f3n<\/span><span data-contrast=\"auto\">\u201d<\/span><span data-contrast=\"auto\">.<\/span><span data-ccp-props=\"{&quot;335559731&quot;:708}\">\u00a0<\/span><\/p>\n<p><span data-contrast=\"auto\">Los modelos que surgen mediante el uso de tales plataformas provienen de estudios llevados a cabo con resonancia magn\u00e9tica nuclear y sirven como base para la elaboraci\u00f3n de las hip\u00f3tesis.<\/span><span data-ccp-props=\"{&quot;335559731&quot;:708}\">\u00a0<\/span><\/p>\n<p><span data-contrast=\"auto\">\u201c<\/span><span data-contrast=\"auto\">Como investigadores tenemos el compromiso de informar a la comunidad cient\u00edfica y a la poblaci\u00f3n, debemos contribuir a que la pandemia no se propague r\u00e1pidamente y brindar alternativas a los m\u00e9dicos para que se puedan hacer ensayos, que se pueda ayudar a la comunidad cient\u00ed<\/span><span data-contrast=\"auto\">fica para que se <\/span><span data-contrast=\"auto\">ayude a<\/span><span data-contrast=\"auto\"> mitigar los efectos de la enfermedad, como se establece des<\/span><span data-contrast=\"auto\">de el t\u00edtulo mismo del art\u00edculo<\/span><span data-contrast=\"auto\">.<\/span><span data-contrast=\"auto\">\u201d<\/span><span data-ccp-props=\"{&quot;335559731&quot;:708}\">\u00a0<\/span><\/p>\n<p><span data-contrast=\"auto\">D<\/span><span data-contrast=\"auto\">etall\u00f3<\/span> <span data-contrast=\"auto\">que a<\/span><span data-contrast=\"auto\">l d\u00eda de hoy 90 grupos de cient\u00edficos alrededor del mundo <\/span><span data-contrast=\"auto\">est\u00e1n <\/span><span data-contrast=\"auto\">trabajando en el desarrollo de una vacuna <\/span><span data-contrast=\"auto\">\u201c<\/span><span data-contrast=\"auto\">y en la U<\/span><span data-contrast=\"auto\">V <\/span><span data-contrast=\"auto\">estamos comprometidos <\/span><span data-contrast=\"auto\">a difundir este conocimiento a la comunidad<\/span><span data-contrast=\"auto\">,<\/span> <span data-contrast=\"auto\">como integrantes del <\/span><span data-contrast=\"auto\">Centro de Investigaciones Cerebrales<\/span><span data-contrast=\"auto\">\u201d<\/span><span data-contrast=\"auto\">.<\/span><span data-ccp-props=\"{&quot;335559731&quot;:708}\">\u00a0<\/span><\/p>\n<p><span data-contrast=\"auto\">Esta <\/span><span data-contrast=\"auto\">colaboraci\u00f3n con investigadores de diversas partes del mundo se realiza a trav\u00e9s de plataformas digitales<\/span><span data-contrast=\"auto\"> de manera habitual<\/span><span data-contrast=\"auto\">, lo curioso, observ\u00f3 el acad\u00e9mico, es que ahora tambi\u00e9n se est\u00e1 haciendo a nivel local para evitar los contagios.<\/span><span data-ccp-props=\"{&quot;335559731&quot;:708}\">\u00a0<\/span><\/p>\n<p><span data-contrast=\"auto\">Respecto al art\u00edculo, Aranda Abreu consider\u00f3 que \u201cs<\/span><span data-contrast=\"auto\">er\u00eda muy importante para nosotros que los m\u00e9dicos lo tomaran en cuenta y llevaran a cabo ensayos cl\u00ednicos para confirmar si realmente la <\/span><span data-contrast=\"auto\">amantadina<\/span> <span data-contrast=\"auto\">ayuda a<\/span><span data-contrast=\"auto\"> las personas enfermas con <\/span><span data-contrast=\"auto\">Covid-19<\/span> <span data-contrast=\"auto\">a manifestar menos s\u00edntomas o atenuarlos\u201d<\/span><span data-contrast=\"auto\">.<\/span><span data-ccp-props=\"{&quot;335559731&quot;:708}\">\u00a0<\/span><\/p>\n<p><span data-contrast=\"auto\">El acad\u00e9mico refiri\u00f3 que el personal m\u00e9dico interesado en el art\u00edculo lo puede contactar a su correo institucional<\/span><span data-contrast=\"auto\">: garanda@uv.mx<\/span><span data-contrast=\"auto\">.<\/span><span data-ccp-props=\"{&quot;335559731&quot;:708}\">\u00a0<\/span><\/p>\n","protected":false},"excerpt":{"rendered":"<p>\u201cEsperamos que en un futuro exista una vacuna, pero el Covid-19 y los coronavirus no desaparecer\u00e1n, porque son de f\u00e1cil mutaci\u00f3n\u201d: Gonzalo Aranda, miembro del Centro de Investigaciones Cerebrales de la UV<\/p>\n","protected":false},"author":1508,"featured_media":83387,"comment_status":"closed","ping_status":"closed","sticky":false,"template":"","format":"standard","meta":[],"categories":[45,61],"tags":[],"_links":{"self":[{"href":"https:\/\/www.uv.mx\/prensa\/wp-json\/wp\/v2\/posts\/83361"}],"collection":[{"href":"https:\/\/www.uv.mx\/prensa\/wp-json\/wp\/v2\/posts"}],"about":[{"href":"https:\/\/www.uv.mx\/prensa\/wp-json\/wp\/v2\/types\/post"}],"author":[{"embeddable":true,"href":"https:\/\/www.uv.mx\/prensa\/wp-json\/wp\/v2\/users\/1508"}],"replies":[{"embeddable":true,"href":"https:\/\/www.uv.mx\/prensa\/wp-json\/wp\/v2\/comments?post=83361"}],"version-history":[{"count":0,"href":"https:\/\/www.uv.mx\/prensa\/wp-json\/wp\/v2\/posts\/83361\/revisions"}],"wp:featuredmedia":[{"embeddable":true,"href":"https:\/\/www.uv.mx\/prensa\/wp-json\/wp\/v2\/media\/83387"}],"wp:attachment":[{"href":"https:\/\/www.uv.mx\/prensa\/wp-json\/wp\/v2\/media?parent=83361"}],"wp:term":[{"taxonomy":"category","embeddable":true,"href":"https:\/\/www.uv.mx\/prensa\/wp-json\/wp\/v2\/categories?post=83361"},{"taxonomy":"post_tag","embeddable":true,"href":"https:\/\/www.uv.mx\/prensa\/wp-json\/wp\/v2\/tags?post=83361"}],"curies":[{"name":"wp","href":"https:\/\/api.w.org\/{rel}","templated":true}]}}