{"id":83432,"date":"2020-05-06T14:29:46","date_gmt":"2020-05-06T19:29:46","guid":{"rendered":"https:\/\/www.uv.mx\/prensa\/?p=83432"},"modified":"2020-05-07T12:38:57","modified_gmt":"2020-05-07T17:38:57","slug":"pandemia-una-toma-de-conciencia-para-las-universidades-a-nivel-mundial","status":"publish","type":"post","link":"https:\/\/www.uv.mx\/prensa\/general\/pandemia-una-toma-de-conciencia-para-las-universidades-a-nivel-mundial\/","title":{"rendered":"Pandemia, una toma de conciencia para las universidades a nivel mundial"},"content":{"rendered":"<ul>\n<li data-leveltext=\"\uf0b7\" data-font=\"Symbol\" data-listid=\"2\" data-aria-posinset=\"1\" data-aria-level=\"1\"><i><span data-contrast=\"auto\">Las instituciones de educaci\u00f3n superior tienen <\/span><\/i><i><span data-contrast=\"auto\">la oportunidad de reorganizarse frente al impacto mundial del Covid-<\/span><\/i><i><span data-contrast=\"auto\">19<\/span><\/i><span data-ccp-props=\"{&quot;134233117&quot;:true,&quot;134233118&quot;:true,&quot;201341983&quot;:0,&quot;335559740&quot;:240}\">\u00a0<\/span><\/li>\n<li data-leveltext=\"\uf0b7\" data-font=\"Symbol\" data-listid=\"2\" data-aria-posinset=\"2\" data-aria-level=\"1\"><i><span data-contrast=\"auto\">\u201c<\/span><\/i><i><span data-contrast=\"auto\">La pandemia ha generado la conciencia de que la academia y la c<\/span><\/i><i><span data-contrast=\"auto\">iencia se desarrollan tambi\u00e9n a <\/span><\/i><i><span data-contrast=\"auto\">esc<\/span><\/i><i><span data-contrast=\"auto\">ala global<\/span><\/i><i><span data-contrast=\"auto\">\u201d: <\/span><\/i><i><span data-contrast=\"auto\">Sara Ladr\u00f3n de Guevara, rectora de la UV<\/span><\/i><span data-ccp-props=\"{&quot;134233117&quot;:true,&quot;134233118&quot;:true,&quot;201341983&quot;:0,&quot;335559740&quot;:240}\">\u00a0<\/span><\/li>\n<\/ul>\n<div id=\"attachment_83436\" style=\"width: 732px\" class=\"wp-caption aligncenter\"><a href=\"https:\/\/www.uv.mx\/prensa\/files\/2020\/05\/Captura-de-Pantalla-2020-05-06-a-las-9.07.12.jpg\"><img aria-describedby=\"caption-attachment-83436\" decoding=\"async\" loading=\"lazy\" class=\"size-full wp-image-83436\" src=\"https:\/\/www.uv.mx\/prensa\/files\/2020\/05\/Captura-de-Pantalla-2020-05-06-a-las-9.07.12.jpg\" alt=\"\" width=\"722\" height=\"406\" srcset=\"https:\/\/www.uv.mx\/prensa\/files\/2020\/05\/Captura-de-Pantalla-2020-05-06-a-las-9.07.12.jpg 722w, https:\/\/www.uv.mx\/prensa\/files\/2020\/05\/Captura-de-Pantalla-2020-05-06-a-las-9.07.12-300x169.jpg 300w\" sizes=\"(max-width: 722px) 100vw, 722px\" \/><\/a><p id=\"caption-attachment-83436\" class=\"wp-caption-text\">Francisco Marmolejo, David Julien, Sara Ladr\u00f3n de Guevara y Mario Oliva participaron en la reuni\u00f3n en l\u00ednea<\/p><\/div>\n<p><b><i><span data-contrast=\"auto\">David Sandoval Rodr\u00edguez<\/span><\/i><\/b><span data-ccp-props=\"{&quot;134233117&quot;:true,&quot;134233118&quot;:true,&quot;201341983&quot;:0,&quot;335559740&quot;:240}\">\u00a0<\/span><\/p>\n<p><b><i><span data-contrast=\"auto\">06\/05\/20<\/span><\/i><\/b><b><i><span data-contrast=\"auto\">20, Xalapa, <\/span><\/i><\/b><b><i><span data-contrast=\"auto\">Ver.-<\/span><\/i><\/b> <span data-contrast=\"auto\">A<\/span><span data-contrast=\"auto\"> nivel mundial<\/span><span data-contrast=\"auto\">,<\/span> <span data-contrast=\"auto\">l<\/span><span data-contrast=\"auto\">as instituciones de educaci\u00f3n superior (IES) han tomado conciencia del c<\/span><span data-contrast=\"auto\">ar\u00e1cter global <\/span><span data-contrast=\"auto\">de la academia y de la ciencia debido a la pandemia ocasionada por<\/span><span data-contrast=\"auto\"> Covid-<\/span><span data-contrast=\"auto\">19, <\/span><span data-contrast=\"auto\">esto<\/span><span data-contrast=\"auto\"> puede transformarse en una oportunidad para fortalecer la internacionalizaci\u00f3n virtual y la interculturalidad.<\/span><span data-ccp-props=\"{&quot;134233117&quot;:true,&quot;134233118&quot;:true,&quot;201341983&quot;:0,&quot;335559740&quot;:240}\">\u00a0<\/span><\/p>\n<p><span data-contrast=\"auto\">As\u00ed lo pla<\/span><span data-contrast=\"auto\">ntearon los participantes en el <\/span><span data-contrast=\"auto\">evento en l\u00ednea \u201cEducaci\u00f3n <\/span><span data-contrast=\"auto\">s<\/span><span data-contrast=\"auto\">uperior y <\/span><span data-contrast=\"auto\">e<\/span><span data-contrast=\"auto\">strategias para la <\/span><span data-contrast=\"auto\">i<\/span><span data-contrast=\"auto\">nternacionalizaci\u00f3n en <\/span><span data-contrast=\"auto\">c<\/span><span data-contrast=\"auto\">asa\u201d, organizado por la <a href=\"https:\/\/www.uv.mx\/\" target=\"_blank\" rel=\"noopener noreferrer\">Universidad Veracruzana<\/a> (UV),<\/span><span data-contrast=\"auto\"> la <\/span><span data-contrast=\"auto\">Organizaci\u00f3n Universitaria Interamericana (OUI) y el Espacio de Movilidad Virtual de Educaci\u00f3n Superior (<\/span><i><span data-contrast=\"auto\">Emovies<\/span><\/i><span data-contrast=\"auto\">).<\/span><span data-ccp-props=\"{&quot;134233117&quot;:true,&quot;134233118&quot;:true,&quot;201341983&quot;:0,&quot;335559731&quot;:705,&quot;335559740&quot;:240}\">\u00a0<\/span><\/p>\n<p><span data-contrast=\"auto\">Sara Ladr\u00f3n de Guevara, rectora de la UV<\/span><span data-contrast=\"auto\">;<\/span><span data-contrast=\"auto\"> Francisco Marmolejo, asesor en educaci\u00f3n de la Fundaci\u00f3n<\/span><span data-contrast=\"auto\"> Q<\/span><span data-contrast=\"auto\">a<\/span><span data-contrast=\"auto\">tar<\/span><span data-contrast=\"auto\">, y David <\/span><span data-contrast=\"auto\">Julien<\/span><span data-contrast=\"auto\">, s<\/span><span data-contrast=\"auto\">ecretario general <\/span><span data-contrast=\"auto\">E<\/span><span data-contrast=\"auto\">jecutivo de la OUI, <\/span><span data-contrast=\"auto\">abordaron la tem\u00e1tica \u201cEscenarios y \u00e1reas de oportunidad de la educaci\u00f3n superior ante contingencias globa<\/span><span data-contrast=\"auto\">les\u201d, en evento transmitido por <\/span><i><span data-contrast=\"auto\">You<\/span><\/i><i><span data-contrast=\"auto\">T<\/span><\/i><i><span data-contrast=\"auto\">ube<\/span><\/i> <span data-contrast=\"auto\">y <\/span><i><span data-contrast=\"auto\">Zoom<\/span><\/i><span data-contrast=\"auto\">, que fue seguido por\u202f933 asistentes de 31 pa\u00edses.<\/span><span data-ccp-props=\"{&quot;134233117&quot;:true,&quot;134233118&quot;:true,&quot;201341983&quot;:0,&quot;335559731&quot;:705,&quot;335559740&quot;:240}\">\u00a0<\/span><\/p>\n<p><span data-contrast=\"auto\">\u201cEsta pandemia nos ha dado<\/span> <span data-contrast=\"auto\">u<\/span><span data-contrast=\"auto\">na creatividad para enfrentarla y <\/span><span data-contrast=\"auto\">el uso de tecnolog\u00edas que hacen experiencias internacionales instant\u00e1neas, eficientes, r\u00e1pidas y muy valiosas\u201d, se\u00f1al\u00f3 la Rectora.<\/span><span data-ccp-props=\"{&quot;134233117&quot;:true,&quot;134233118&quot;:true,&quot;201341983&quot;:0,&quot;335559731&quot;:705,&quot;335559740&quot;:240}\">\u00a0<\/span><\/p>\n<p><span data-contrast=\"auto\">\u201cLa pandemia nos ha dado la conciencia de la globalidad<\/span><span data-contrast=\"auto\">; <\/span><span data-contrast=\"auto\">estamos viviendo <\/span><span data-contrast=\"auto\">\u2013<\/span><span data-contrast=\"auto\">cada<\/span> <span data-contrast=\"auto\">quien encerrado en su espacio<\/span><span data-contrast=\"auto\">\u2013<\/span><span data-contrast=\"auto\"> la misma problem\u00e1tica, la misma preocupaci\u00f3n por la salud y una serie de informaci\u00f3n de todo tipo: la falsa que recibimos todos los d\u00edas, pero tambi\u00e9n la seria, la cient\u00edfica que se genera en los pa\u00edses<\/span><span data-contrast=\"auto\">. Es<\/span><span data-contrast=\"auto\">to tambi\u00e9n nos da conciencia de que <\/span><span data-contrast=\"auto\">la academia es un asunto global <\/span><span data-contrast=\"auto\">y que la ciencia se desarrolla de manera internacional<\/span><span data-contrast=\"auto\">\u201d, puntualiz\u00f3.<\/span><span data-ccp-props=\"{&quot;134233117&quot;:true,&quot;134233118&quot;:true,&quot;201341983&quot;:0,&quot;335559731&quot;:705,&quot;335559740&quot;:240}\">\u00a0<\/span><\/p>\n<p><span data-contrast=\"auto\">Recalc\u00f3 que para las universidades no hay otra forma de trabajar en las capacidades de investigaci\u00f3n y docencia, en las competencias de<\/span><span data-contrast=\"auto\"> los <\/span><span data-contrast=\"auto\">estudiantes, si no es de manera global.<\/span><span data-ccp-props=\"{&quot;134233117&quot;:true,&quot;134233118&quot;:true,&quot;201341983&quot;:0,&quot;335559731&quot;:705,&quot;335559740&quot;:240}\">\u00a0<\/span><\/p>\n<p><span data-contrast=\"auto\">Hace tiempo la UV reconoci\u00f3 que la movilidad era s<\/span><span data-contrast=\"auto\">\u00f3<\/span><span data-contrast=\"auto\">lo un aspecto de la internacionalizaci\u00f3n, pero \u201cen realidad las capacidades institucionales y sociales de nuestro estado hac\u00edan que la movilidad internacional fuera escasa\u201d.<\/span><span data-ccp-props=\"{&quot;134233117&quot;:true,&quot;134233118&quot;:true,&quot;201341983&quot;:0,&quot;335559731&quot;:705,&quot;335559740&quot;:240}\">\u00a0<\/span><\/p>\n<p><span data-contrast=\"auto\">Pl<\/span><span data-contrast=\"auto\">ante\u00f3 que la movilidad debe ser una <\/span><span data-contrast=\"auto\">competencia para todos y desde hace a\u00f1os se trabaja en una internacionalizaci\u00f3n m\u00e1s inclusiva, democr\u00e1tica<\/span><span data-contrast=\"auto\"> y equitativa para que los alumnos <\/span><span data-contrast=\"auto\">posean competencias internacionales y tambi\u00e9n interculturales.<\/span><span data-ccp-props=\"{&quot;134233117&quot;:true,&quot;134233118&quot;:true,&quot;201341983&quot;:0,&quot;335559731&quot;:705,&quot;335559740&quot;:240}\">\u00a0<\/span><\/p>\n<div id=\"attachment_83435\" style=\"width: 732px\" class=\"wp-caption aligncenter\"><a href=\"https:\/\/www.uv.mx\/prensa\/files\/2020\/05\/Captura-de-Pantalla-2020-05-06-a-las-9.32.15-a.jpg\"><img aria-describedby=\"caption-attachment-83435\" decoding=\"async\" loading=\"lazy\" class=\"size-full wp-image-83435\" src=\"https:\/\/www.uv.mx\/prensa\/files\/2020\/05\/Captura-de-Pantalla-2020-05-06-a-las-9.32.15-a.jpg\" alt=\"\" width=\"722\" height=\"406\" srcset=\"https:\/\/www.uv.mx\/prensa\/files\/2020\/05\/Captura-de-Pantalla-2020-05-06-a-las-9.32.15-a.jpg 722w, https:\/\/www.uv.mx\/prensa\/files\/2020\/05\/Captura-de-Pantalla-2020-05-06-a-las-9.32.15-a-300x169.jpg 300w\" sizes=\"(max-width: 722px) 100vw, 722px\" \/><\/a><p id=\"caption-attachment-83435\" class=\"wp-caption-text\">Sara Ladr\u00f3n de Guevara destac\u00f3 la importancia de la interculturalidad y la movilidad virtual dentro del curr\u00edculum universitario<\/p><\/div>\n<p><span data-contrast=\"auto\">\u201cEs muy importante que la internacionalizaci\u00f3n signifique un valor de reconocimiento de las diferencias como la riqueza de la humanidad<\/span><span data-contrast=\"auto\">,<\/span><span data-contrast=\"auto\"> y en este sentido hemos sido muy activos de ligar la interculturalidad con la internacionalizaci\u00f3n\u201d, observ\u00f3.<\/span><span data-ccp-props=\"{&quot;134233117&quot;:true,&quot;134233118&quot;:true,&quot;201341983&quot;:0,&quot;335559731&quot;:705,&quot;335559740&quot;:240}\">\u00a0<\/span><\/p>\n<p><span data-contrast=\"auto\">A favor de dicho aspecto, se han impartido<\/span> <span data-contrast=\"auto\">33 talleres para la inte<\/span><span data-contrast=\"auto\">rnacionalizaci\u00f3n del curr\u00edculum, en los que<\/span><span data-contrast=\"auto\"> han participado m\u00e1s de mil acad\u00e9micos de la UV.<\/span><span data-ccp-props=\"{&quot;134233117&quot;:true,&quot;134233118&quot;:true,&quot;201341983&quot;:0,&quot;335559731&quot;:705,&quot;335559740&quot;:240}\">\u00a0<\/span><\/p>\n<p><span data-contrast=\"auto\">Coment\u00f3 las acciones<\/span><span data-contrast=\"auto\"> conjuntas a favor de la internacionalizaci\u00f3n <\/span><span data-contrast=\"auto\">con el Programa Aprendizaje Internacional Colaborativo en L\u00ednea (COIL, por sus siglas en ingl\u00e9s)<\/span> <span data-contrast=\"auto\">de<\/span><span data-contrast=\"auto\"> los Estados Unidos y <\/span><span data-contrast=\"auto\">la participaci\u00f3n de docentes en los <\/span><span data-contrast=\"auto\">talleres \u201cVirtual International <\/span><span data-contrast=\"auto\">Collaborations<\/span><span data-contrast=\"auto\">\u201d (VIC)<\/span> <span data-contrast=\"auto\">mediante el sistema<\/span> <i><span data-contrast=\"auto\">Eminus<\/span><\/i> <span data-contrast=\"auto\">de la UV, contando con profesores de 27 pa\u00edses.<\/span><span data-ccp-props=\"{&quot;134233117&quot;:true,&quot;134233118&quot;:true,&quot;201341983&quot;:0,&quot;335559731&quot;:705,&quot;335559740&quot;:240}\">\u00a0<\/span><\/p>\n<p><span data-contrast=\"auto\">Al momento se trabaja para activar la red COIL de Am\u00e9rica Latina con la Universidad de Monterrey, el Instituto Tecnol\u00f3gico Metropolitano de Colombia y la Universidad Estatal Paulista de Brasil.<\/span><span data-ccp-props=\"{&quot;134233117&quot;:true,&quot;134233118&quot;:true,&quot;201341983&quot;:0,&quot;335559731&quot;:705,&quot;335559740&quot;:240}\">\u00a0<\/span><\/p>\n<p><span data-contrast=\"auto\">Francisco Marmolejo <\/span><span data-contrast=\"auto\">puntualiz\u00f3 que la crisis provocada por el coronavirus <\/span><span data-contrast=\"auto\">Covid-<\/span><span data-contrast=\"auto\">19 ha sido un catalizador del cambio y ha mostrado l<\/span><span data-contrast=\"auto\">as deficiencias de la educaci\u00f3n <\/span><span data-contrast=\"auto\">superior actual en una escala global.<\/span><span data-ccp-props=\"{&quot;134233117&quot;:true,&quot;134233118&quot;:true,&quot;201341983&quot;:0,&quot;335559731&quot;:705,&quot;335559740&quot;:240}\">\u00a0<\/span><\/p>\n<p><span data-contrast=\"auto\">Dijo que esta pandemia involucra cinco desaf\u00edos para las <\/span><span data-contrast=\"auto\">IES<\/span><span data-contrast=\"auto\"> a nivel mundial: <\/span><span data-contrast=\"auto\">el primero es<\/span><span data-contrast=\"auto\"> c\u00f3mo minimizar el <\/span><span data-contrast=\"auto\">d\u00e9fici<\/span><span data-contrast=\"auto\">t de aprendizaje ocasionado por <\/span><span data-contrast=\"auto\">haber transitado abruptamente de los medios presenciales a los medios remotos<\/span> <span data-contrast=\"auto\">y el acceso a los mismos para los estudiantes.<\/span><span data-ccp-props=\"{&quot;134233117&quot;:true,&quot;134233118&quot;:true,&quot;201341983&quot;:0,&quot;335559731&quot;:705,&quot;335559740&quot;:240}\">\u00a0<\/span><\/p>\n<p><span data-contrast=\"auto\">El segundo<\/span><span data-contrast=\"auto\">,<\/span><span data-contrast=\"auto\"> ser\u00e1 c\u00f3mo reducir la inequidad resultante de la brecha tecnol\u00f3gi<\/span><span data-contrast=\"auto\">ca que \u201ces verdaderamente aguda <\/span><span data-contrast=\"auto\">y mucho m\u00e1s grand<\/span><span data-contrast=\"auto\">e de lo que nos imaginamos\u201d; e<\/span><span data-contrast=\"auto\">l tercer<\/span><span data-contrast=\"auto\">o,<\/span><span data-contrast=\"auto\"> es mantener<\/span><span data-contrast=\"auto\"> a los estudiantes involucrados <\/span><span data-contrast=\"auto\">y fortalecer la internacionalizaci\u00f3n<\/span><span data-contrast=\"auto\">;<\/span><span data-contrast=\"auto\"> mientras <\/span><span data-contrast=\"auto\">que <\/span><span data-contrast=\"auto\">un cuarto es garantizar la integridad en la evaluaci\u00f3n del aprendizaje.<\/span><span data-ccp-props=\"{&quot;134233117&quot;:true,&quot;134233118&quot;:true,&quot;201341983&quot;:0,&quot;335559731&quot;:705,&quot;335559740&quot;:240}\">\u00a0<\/span><\/p>\n<p><span data-contrast=\"auto\">El \u00faltimo desaf\u00edo<\/span><span data-contrast=\"auto\"> global <\/span><span data-contrast=\"auto\">se <\/span><span data-contrast=\"auto\">relaciona directamente con <\/span><span data-contrast=\"auto\">la significativa reducci\u00f3n del crecimiento econ\u00f3mico y la disponibilidad de recursos<\/span> <span data-contrast=\"auto\">que se avecinan, que afectar\u00e1<\/span><span data-contrast=\"auto\"> tanto a los gobiernos como a las familias y tendr\u00e1 un impacto en la educaci\u00f3n superior desde <\/span><span data-contrast=\"auto\">las decisiones de los<\/span><span data-contrast=\"auto\"> estudiantes hasta de las propias instituciones respecto a <\/span><span data-contrast=\"auto\">qu\u00e9 mantener y qu\u00e9 cerrar.<\/span><span data-ccp-props=\"{&quot;134233117&quot;:true,&quot;134233118&quot;:true,&quot;201341983&quot;:0,&quot;335559731&quot;:705,&quot;335559740&quot;:240}\">\u00a0<\/span><\/p>\n<div id=\"attachment_83434\" style=\"width: 732px\" class=\"wp-caption aligncenter\"><a href=\"https:\/\/www.uv.mx\/prensa\/files\/2020\/05\/Captura-de-Pantalla-2020-05-06-a-las-9.05.57-a.jpg\"><img aria-describedby=\"caption-attachment-83434\" decoding=\"async\" loading=\"lazy\" class=\"size-full wp-image-83434\" src=\"https:\/\/www.uv.mx\/prensa\/files\/2020\/05\/Captura-de-Pantalla-2020-05-06-a-las-9.05.57-a.jpg\" alt=\"\" width=\"722\" height=\"406\" srcset=\"https:\/\/www.uv.mx\/prensa\/files\/2020\/05\/Captura-de-Pantalla-2020-05-06-a-las-9.05.57-a.jpg 722w, https:\/\/www.uv.mx\/prensa\/files\/2020\/05\/Captura-de-Pantalla-2020-05-06-a-las-9.05.57-a-300x169.jpg 300w\" sizes=\"(max-width: 722px) 100vw, 722px\" \/><\/a><p id=\"caption-attachment-83434\" class=\"wp-caption-text\">Francisco Marmolejo, de la Fundaci\u00f3n Qatar, manifest\u00f3 la necesidad de replantear los objetivos institucionales de las universidades<\/p><\/div>\n<p><span data-contrast=\"auto\">M\u00e1s de 200 millones de estudiantes a nivel mundial no est\u00e1n acudiendo a sus escuelas, lo que deriva en un cuestionamiento al interior de las mismas instituciones si much<\/span><span data-contrast=\"auto\">os de sus <\/span><span data-contrast=\"auto\">elementos siguen siendo v\u00e1lidos o no para la actualidad, refiri\u00f3 el especialista.<\/span><span data-ccp-props=\"{&quot;134233117&quot;:true,&quot;134233118&quot;:true,&quot;201341983&quot;:0,&quot;335559731&quot;:705,&quot;335559740&quot;:240}\">\u00a0<\/span><\/p>\n<p><span data-contrast=\"auto\">En cuanto a la internacionalizaci\u00f3n, dijo que algunos criterios para medirla pueden ser debatibles y recalc\u00f3 que al d\u00eda de hoy<\/span><span data-contrast=\"auto\"> el<\/span><span data-contrast=\"auto\"> 70 por ciento de los estudiantes est<\/span><span data-contrast=\"auto\">\u00e1n de vuelta en casa, <\/span><span data-contrast=\"auto\">pero m\u00e1s importante es que <\/span><span data-contrast=\"auto\">el <\/span><span data-contrast=\"auto\">30 por cient<\/span><span data-contrast=\"auto\">o de ellos est\u00e1<\/span><span data-contrast=\"auto\">n<\/span><span data-contrast=\"auto\"> en el desamparo <\/span><span data-contrast=\"auto\">porque no han podido retornar a casa.<\/span><span data-ccp-props=\"{&quot;134233117&quot;:true,&quot;134233118&quot;:true,&quot;201341983&quot;:0,&quot;335559731&quot;:705,&quot;335559740&quot;:240}\">\u00a0<\/span><\/p>\n<p><span data-contrast=\"auto\">Por su parte, David <\/span><span data-contrast=\"auto\">Julien<\/span><span data-contrast=\"auto\"> relat\u00f3 que, <\/span><span data-contrast=\"auto\">con base en el d\u00e9ficit e inequidad registrado en las IES respecto a la movilidad estudiantil y la internacionalizaci\u00f3n, se<\/span><span data-contrast=\"auto\"> comenz\u00f3 a desarrollar <\/span><span data-contrast=\"auto\">el proyecto que realiza con instituciones colombianas: Espacio de Movilidad Virtual de Educaci\u00f3n Superior (<\/span><i><span data-contrast=\"auto\">Emovies<\/span><\/i><span data-contrast=\"auto\">).<\/span><span data-ccp-props=\"{&quot;134233117&quot;:true,&quot;134233118&quot;:true,&quot;201341983&quot;:0,&quot;335559731&quot;:705,&quot;335559740&quot;:240}\">\u00a0<\/span><\/p>\n<p><span data-contrast=\"auto\">Un grupo de 15 <\/span><span data-contrast=\"auto\">ins<\/span><span data-contrast=\"auto\">tituciones comparte espacios en cerca de 200 <\/span><span data-contrast=\"auto\">cursos <\/span><i><span data-contrast=\"auto\">online<\/span><\/i><span data-contrast=\"auto\"> para<\/span><span data-contrast=\"auto\"> permitir la movilidad <\/span><span data-contrast=\"auto\">virtual de los alumnos.<\/span> <span data-contrast=\"auto\">\u201cEsto podr\u00eda ser una excelente alternativa para los estudiantes y para los modelos de movilidad tradicional\u201d, mencion\u00f3.<\/span><span data-ccp-props=\"{&quot;134233117&quot;:true,&quot;134233118&quot;:true,&quot;201341983&quot;:0,&quot;335559731&quot;:705,&quot;335559740&quot;:240}\">\u00a0<\/span><\/p>\n<p><span data-contrast=\"auto\">Se impulsa <\/span><span data-contrast=\"auto\">la impartici\u00f3n de m\u00f3dulos enfocados en la ciudadan\u00eda global y la interculturalidad para desarrollar las competencias conocidas como<\/span> <i><span data-contrast=\"auto\">soft<\/span><\/i> <i><span data-contrast=\"auto\">skills<\/span><\/i><span data-contrast=\"auto\">.<\/span><span data-ccp-props=\"{&quot;134233117&quot;:true,&quot;134233118&quot;:true,&quot;201341983&quot;:0,&quot;335559731&quot;:705,&quot;335559740&quot;:240}\">\u00a0<\/span><\/p>\n<p><span data-contrast=\"auto\">\u201cLo que estamos ofreciendo como OUI es un convenio marco de traba<\/span><span data-contrast=\"auto\">jo para las instituciones, para que <\/span><span data-contrast=\"auto\">al finalizar los cursos<\/span><span data-contrast=\"auto\"> los estudiantes puedan recibir sus cr\u00e9ditos, como una forma de intercambio internacional virtual\u201d, explic\u00f3.<\/span><span data-ccp-props=\"{&quot;134233117&quot;:true,&quot;134233118&quot;:true,&quot;201341983&quot;:0,&quot;335559731&quot;:705,&quot;335559740&quot;:240}\">\u00a0<\/span><\/p>\n<p><span data-contrast=\"auto\">Como moderador, <\/span><span data-contrast=\"auto\">Mario Oliva Su\u00e1rez, <\/span><span data-contrast=\"auto\">d<\/span><span data-contrast=\"auto\">irector <\/span><span data-contrast=\"auto\">g<\/span><span data-contrast=\"auto\">eneral de Relaciones Internacional<\/span><span data-contrast=\"auto\">es de la UV, refiri\u00f3 que <\/span><span data-contrast=\"auto\">los departamentos de re<\/span><span data-contrast=\"auto\">laciones internacionales de las universidades <\/span><span data-contrast=\"auto\">se han ido convirtiendo en espacios de innovaci\u00f3n y desarrollo de proyectos docentes para beneficio de los universitarios.<\/span><span data-ccp-props=\"{&quot;134233117&quot;:true,&quot;134233118&quot;:true,&quot;201341983&quot;:0,&quot;335559731&quot;:705,&quot;335559740&quot;:240}\"><br \/>\n<\/span><\/p>\n<div id=\"attachment_83433\" style=\"width: 732px\" class=\"wp-caption aligncenter\"><a href=\"https:\/\/www.uv.mx\/prensa\/files\/2020\/05\/Captura-de-Pantalla-2020-05-06-a-las-9.07.12-a.jpg\"><img aria-describedby=\"caption-attachment-83433\" decoding=\"async\" loading=\"lazy\" class=\"size-full wp-image-83433\" src=\"https:\/\/www.uv.mx\/prensa\/files\/2020\/05\/Captura-de-Pantalla-2020-05-06-a-las-9.07.12-a.jpg\" alt=\"\" width=\"722\" height=\"407\" srcset=\"https:\/\/www.uv.mx\/prensa\/files\/2020\/05\/Captura-de-Pantalla-2020-05-06-a-las-9.07.12-a.jpg 722w, https:\/\/www.uv.mx\/prensa\/files\/2020\/05\/Captura-de-Pantalla-2020-05-06-a-las-9.07.12-a-300x169.jpg 300w\" sizes=\"(max-width: 722px) 100vw, 722px\" \/><\/a><p id=\"caption-attachment-83433\" class=\"wp-caption-text\">David Julien, de la OUI, describi\u00f3 el Espacio de Movilidad Virtual de Educaci\u00f3n Superior (<em>Emovies<\/em>) implementado en Colombia<\/p><\/div>\n","protected":false},"excerpt":{"rendered":"<p>\u201cEsta pandemia nos ha dado una creatividad para enfrentarla y el uso de tecnolog\u00edas que hacen experiencias internacionales instant\u00e1neas, eficientes, r\u00e1pidas y muy valiosas\u201d, se\u00f1al\u00f3 Sara Ladr\u00f3n de Guevara <\/p>\n","protected":false},"author":1508,"featured_media":83437,"comment_status":"closed","ping_status":"closed","sticky":false,"template":"","format":"standard","meta":[],"categories":[1,61],"tags":[],"_links":{"self":[{"href":"https:\/\/www.uv.mx\/prensa\/wp-json\/wp\/v2\/posts\/83432"}],"collection":[{"href":"https:\/\/www.uv.mx\/prensa\/wp-json\/wp\/v2\/posts"}],"about":[{"href":"https:\/\/www.uv.mx\/prensa\/wp-json\/wp\/v2\/types\/post"}],"author":[{"embeddable":true,"href":"https:\/\/www.uv.mx\/prensa\/wp-json\/wp\/v2\/users\/1508"}],"replies":[{"embeddable":true,"href":"https:\/\/www.uv.mx\/prensa\/wp-json\/wp\/v2\/comments?post=83432"}],"version-history":[{"count":0,"href":"https:\/\/www.uv.mx\/prensa\/wp-json\/wp\/v2\/posts\/83432\/revisions"}],"wp:featuredmedia":[{"embeddable":true,"href":"https:\/\/www.uv.mx\/prensa\/wp-json\/wp\/v2\/media\/83437"}],"wp:attachment":[{"href":"https:\/\/www.uv.mx\/prensa\/wp-json\/wp\/v2\/media?parent=83432"}],"wp:term":[{"taxonomy":"category","embeddable":true,"href":"https:\/\/www.uv.mx\/prensa\/wp-json\/wp\/v2\/categories?post=83432"},{"taxonomy":"post_tag","embeddable":true,"href":"https:\/\/www.uv.mx\/prensa\/wp-json\/wp\/v2\/tags?post=83432"}],"curies":[{"name":"wp","href":"https:\/\/api.w.org\/{rel}","templated":true}]}}