{"id":83519,"date":"2020-05-10T08:00:33","date_gmt":"2020-05-10T13:00:33","guid":{"rendered":"https:\/\/www.uv.mx\/prensa\/?p=83519"},"modified":"2020-05-11T13:55:49","modified_gmt":"2020-05-11T18:55:49","slug":"en-promedio-cada-hora-150-mujeres-sufren-violencia-domestica","status":"publish","type":"post","link":"https:\/\/www.uv.mx\/prensa\/banner\/en-promedio-cada-hora-150-mujeres-sufren-violencia-domestica\/","title":{"rendered":"En promedio, cada hora 150 mujeres sufren violencia dom\u00e9stica\u00a0"},"content":{"rendered":"<ul>\n<li data-leveltext=\"\uf0b7\" data-font=\"Symbol\" data-listid=\"1\" data-aria-posinset=\"1\" data-aria-level=\"1\"><i><span data-contrast=\"auto\">Ello <\/span><\/i><i><span data-contrast=\"auto\">demuestra un incremento de la violencia familiar <\/span><\/i><i><span data-contrast=\"auto\">dura<\/span><\/i><i><span data-contrast=\"auto\">nte <\/span><\/i><i><span data-contrast=\"auto\">este periodo de confinamiento<\/span><\/i><i><span data-contrast=\"auto\">: Estela Casados<\/span><\/i><i><span data-contrast=\"auto\">, <\/span><\/i><i><span data-contrast=\"auto\">coordinadora del Observatorio Universitario de Violencia contra las Mujeres<\/span><\/i><span data-ccp-props=\"{&quot;134233279&quot;:true}\">\u00a0<\/span><\/li>\n<\/ul>\n<p><span data-ccp-props=\"{&quot;335559731&quot;:709}\">\u00a0<\/span><\/p>\n<div id=\"attachment_83521\" style=\"width: 732px\" class=\"wp-caption aligncenter\"><a href=\"https:\/\/www.uv.mx\/prensa\/files\/2020\/05\/070520-PAOLA-Charla-violencia-1.jpg\"><img aria-describedby=\"caption-attachment-83521\" decoding=\"async\" loading=\"lazy\" class=\"size-full wp-image-83521\" src=\"https:\/\/www.uv.mx\/prensa\/files\/2020\/05\/070520-PAOLA-Charla-violencia-1.jpg\" alt=\"\" width=\"722\" height=\"487\" srcset=\"https:\/\/www.uv.mx\/prensa\/files\/2020\/05\/070520-PAOLA-Charla-violencia-1.jpg 722w, https:\/\/www.uv.mx\/prensa\/files\/2020\/05\/070520-PAOLA-Charla-violencia-1-300x202.jpg 300w\" sizes=\"(max-width: 722px) 100vw, 722px\" \/><\/a><p id=\"caption-attachment-83521\" class=\"wp-caption-text\">Estela Casados habl\u00f3 sobre la violencia contra las mujeres que registran los medios de comunicaci\u00f3n locales<\/p><\/div>\n<p><span data-ccp-props=\"{&quot;335559731&quot;:709}\">\u00a0<\/span><\/p>\n<p>&nbsp;<\/p>\n<blockquote><p><span data-contrast=\"auto\">\u201cCon este panorama debemos tener bien claro que la violencia familiar es un problema de salud p\u00fablica, as\u00ed lo establece la NOM-46 y los datos hablan por s\u00ed solos, antes de la pandemia ya era un problema\u201d<\/span><span data-ccp-props=\"{&quot;335559731&quot;:709}\">\u00a0<\/span><\/p><\/blockquote>\n<p><span data-ccp-props=\"{&quot;335559731&quot;:709}\">\u00a0<\/span><\/p>\n<p><b><i><span data-contrast=\"auto\">Paola Cort\u00e9s P\u00e9rez<\/span><\/i><\/b><span data-ccp-props=\"{&quot;335559731&quot;:709}\">\u00a0<\/span><\/p>\n<p><b><i><span data-contrast=\"auto\">10<\/span><\/i><\/b><b><i><span data-contrast=\"auto\">\/05\/2020, Xalapa, <\/span><\/i><\/b><b><i><span data-contrast=\"auto\">Ver.-<\/span><\/i><\/b> <span data-contrast=\"auto\">La Red Nacional de Refugios<\/span><span data-contrast=\"auto\"> inform\u00f3 que han registrado 115 mil 614 llamadas de emergencia por violencia, <\/span><span data-contrast=\"auto\">y <\/span><span data-contrast=\"auto\">cada hora<\/span> <span data-contrast=\"auto\">hay un promedio <\/span><span data-contrast=\"auto\">de <\/span><span data-contrast=\"auto\">150 mujeres en <\/span><span data-contrast=\"auto\">esta <\/span><span data-contrast=\"auto\">situaci\u00f3n<\/span><span data-contrast=\"auto\">, lo que demuestra <\/span><span data-contrast=\"auto\">que <\/span><span data-contrast=\"auto\">s\u00ed<\/span><span data-contrast=\"auto\"> hay un incremento de la violencia familiar en este periodo de confinamiento por la pandemia del Covid-19.<\/span><span data-ccp-props=\"{&quot;335559731&quot;:709}\">\u00a0<\/span><\/p>\n<p><span data-contrast=\"auto\">Estela Casados Gonz\u00e1lez, coordinadora del <a href=\"https:\/\/www.uv.mx\/ouvmujeres\/\" target=\"_blank\" rel=\"noopener noreferrer\">Observatorio Universitario de Violencia contra las Mujeres<\/a><\/span><span data-contrast=\"auto\"> (<\/span><i><span data-contrast=\"auto\">OUVMujeres<\/span><\/i><span data-contrast=\"auto\">)<\/span><span data-contrast=\"auto\"> de la Universidad Veracruzana (UV)<\/span><span data-contrast=\"auto\">, mencion\u00f3 que <\/span><span data-contrast=\"auto\">la Red Nacional de Refugios<\/span><span data-contrast=\"auto\"> dio a conocer que a un mes de haber lanzado la campa\u00f1a \u201cAislamiento sin violencia, no <\/span><span data-contrast=\"auto\">est\u00e1s<\/span><span data-contrast=\"auto\"> sola\u201d, <\/span><span data-contrast=\"auto\">las llamadas y mensajes de solicitud de apoyo a causa de la violencia de g\u00e9nero<\/span> <span data-contrast=\"auto\">se <\/span><span data-contrast=\"auto\">incrementaron<\/span> <span data-contrast=\"auto\">80 por ciento.<\/span><span data-ccp-props=\"{&quot;335559731&quot;:708}\">\u00a0<\/span><\/p>\n<p><span data-contrast=\"auto\">Durante la charla virtual \u201cViolencia dom\u00e9stica, la pandemia silente\u201d, transmitida la tarde del mi\u00e9rcoles 6 de mayo a trav\u00e9s de las plataformas <\/span><i><span data-contrast=\"auto\">Zoom<\/span><\/i><span data-contrast=\"auto\"> y <\/span><i><span data-contrast=\"auto\">Facebook Live<\/span><\/i><span data-contrast=\"auto\">, las investigadoras <\/span><span data-contrast=\"auto\">participantes <\/span><span data-contrast=\"auto\">coincidieron <\/span><span data-contrast=\"auto\">en<\/span><span data-contrast=\"auto\"> que este tipo de violencia tambi\u00e9n es un problema de salud p\u00fablica que ha estado antes del Covid-19, por ello debe ser atendido <\/span><span data-contrast=\"auto\">por<\/span><span data-contrast=\"auto\"> las autoridades municipales, estatales y federales.<\/span><span data-ccp-props=\"{&quot;335559731&quot;:708}\">\u00a0<\/span><\/p>\n<p>&nbsp;<\/p>\n<div id=\"attachment_83522\" style=\"width: 732px\" class=\"wp-caption aligncenter\"><a href=\"https:\/\/www.uv.mx\/prensa\/files\/2020\/05\/070520-PAOLA-Charla-violencia-2.jpg\"><img aria-describedby=\"caption-attachment-83522\" decoding=\"async\" loading=\"lazy\" class=\"size-full wp-image-83522\" src=\"https:\/\/www.uv.mx\/prensa\/files\/2020\/05\/070520-PAOLA-Charla-violencia-2.jpg\" alt=\"\" width=\"722\" height=\"489\" srcset=\"https:\/\/www.uv.mx\/prensa\/files\/2020\/05\/070520-PAOLA-Charla-violencia-2.jpg 722w, https:\/\/www.uv.mx\/prensa\/files\/2020\/05\/070520-PAOLA-Charla-violencia-2-300x203.jpg 300w\" sizes=\"(max-width: 722px) 100vw, 722px\" \/><\/a><p id=\"caption-attachment-83522\" class=\"wp-caption-text\">Marcela Guerra present\u00f3 un an\u00e1lisis de cifras del Secretariado Ejecutivo del Sistema Nacional de Seguridad P\u00fablica y de la Direcci\u00f3n General de Informaci\u00f3n en Salud<\/p><\/div>\n<p>&nbsp;<\/p>\n<p><span data-contrast=\"auto\">\u201cLos datos nos dicen que la violencia contra las mujeres est\u00e1 naturalizada y justifica<\/span><span data-contrast=\"auto\">da<\/span><span data-contrast=\"auto\"> en la sociedad, c\u00edclicamente nos explota en la cara y no tomamos las medidas <\/span><span data-contrast=\"auto\">precisas<\/span><span data-contrast=\"auto\">\u201d, expres\u00f3 Estela Casados.<\/span><span data-ccp-props=\"{&quot;335559731&quot;:708}\">\u00a0<\/span><\/p>\n<p><span data-contrast=\"auto\">Marcela Guerra, fundadora de Estad\u00edsticas con <\/span><span data-contrast=\"auto\">P<\/span><span data-contrast=\"auto\">erspectivas de <\/span><span data-contrast=\"auto\">G<\/span><span data-contrast=\"auto\">\u00e9nero y maestra en Pol\u00edticas P\u00fablicas de G\u00e9nero, <\/span><span data-contrast=\"auto\">mostr\u00f3 datos<\/span><span data-contrast=\"auto\"> que son<\/span><span data-contrast=\"auto\"> resultado del an\u00e1lisis de informaci\u00f3n<\/span><span data-contrast=\"auto\"> del Secretari<\/span><span data-contrast=\"auto\">ad<\/span><span data-contrast=\"auto\">o Ejecutivo del Sistema Nacional de Seguridad P\u00fablica (SESNS<\/span><span data-contrast=\"auto\">P<\/span><span data-contrast=\"auto\">) y de la Direcci\u00f3n General de Informaci\u00f3n en Salud (DGIS)<\/span><span data-contrast=\"auto\">, <\/span><span data-contrast=\"auto\">que<\/span><span data-contrast=\"auto\"> indican un incremento en cartas de investigaci\u00f3n por el presunto delito de <\/span><span data-contrast=\"auto\">violencia familiar, <\/span><span data-contrast=\"auto\">llamadas de emergencia <\/span><span data-contrast=\"auto\">y atenci\u00f3n m\u00e9dica<\/span><span data-contrast=\"auto\"> a mujeres agredidas f\u00edsicamente.<\/span><span data-ccp-props=\"{&quot;335559731&quot;:708}\">\u00a0<\/span><\/p>\n<p><span data-contrast=\"auto\">Dijo que s<\/span><span data-contrast=\"auto\">e entiende por violencia familiar al acto u omisi\u00f3n<\/span><span data-contrast=\"auto\">,<\/span><span data-contrast=\"auto\"> \u00fanico o repetitivo<\/span><span data-contrast=\"auto\">,<\/span><span data-contrast=\"auto\"> cometido por un miembro de la familia en contra de otro u otros integrantes de la misma, y comprende el abandono, el maltrato f\u00edsico, psicol\u00f3gico, sexual y econ\u00f3mico.<\/span><span data-contrast=\"auto\"> Puede suceder independientemente del espacio f\u00edsico, en la casa (lo m\u00e1s com\u00fan), el centro de trabajo de la v\u00edctima, la escuela o la calle.<\/span><span data-ccp-props=\"{&quot;335559731&quot;:708}\">\u00a0<\/span><\/p>\n<p><span data-contrast=\"auto\">Mencion\u00f3 que conforme a datos del <\/span><span data-contrast=\"auto\">SESNS<\/span><span data-contrast=\"auto\">P<\/span><span data-contrast=\"auto\"> y de la DGIS, durante 2019 en promedio cada d\u00eda<\/span><span data-contrast=\"auto\"> se iniciaron 559 carpetas de investigaci\u00f3n por el delito de violencia familiar<\/span><span data-contrast=\"auto\">; 279 mujeres recibieron atenci\u00f3n m\u00e9dica por lesiones, y se registraron mil 967 llamadas de emergencia al 911 por el mismo delito.<\/span><span data-ccp-props=\"{&quot;335559731&quot;:708}\">\u00a0<\/span><\/p>\n<p><span data-contrast=\"auto\">\u201cCon este panorama debemos tener bien claro que la violencia familiar es un problema de salud p\u00fablica, as\u00ed lo establece la NOM-46 y los datos hablan por s\u00ed solos, antes de la pandemia ya era un problema.\u201d<\/span><span data-ccp-props=\"{&quot;335559731&quot;:708}\">\u00a0<\/span><\/p>\n<p><span data-contrast=\"auto\">Los datos proporcionados por la DGIS dicen que del total de personas que llegan con lesiones por violencia familiar, m\u00e1s del 95 por ciento de las atenciones brindadas en 2019 fueron a mujeres y ni\u00f1as; por lo tanto<\/span><span data-contrast=\"auto\">,<\/span><span data-contrast=\"auto\"> este fen\u00f3meno social tiene rostro de ni\u00f1a o mujer.<\/span><span data-ccp-props=\"{&quot;335559731&quot;:708}\">\u00a0<\/span><\/p>\n<p><span data-ccp-props=\"{&quot;335559731&quot;:709}\">\u00a0<\/span><\/p>\n<p><b><span data-contrast=\"auto\">\u00bfQu\u00e9 sucede durante este periodo de contingencia?<\/span><\/b><span data-ccp-props=\"{&quot;335559731&quot;:709}\">\u00a0<\/span><\/p>\n<p><span data-contrast=\"auto\">Marcela Guerra <\/span><span data-contrast=\"auto\">indic\u00f3 que conforme a los datos proporcionados por el <\/span><span data-contrast=\"auto\">SESNS<\/span><span data-contrast=\"auto\">P<\/span> <span data-contrast=\"auto\">y la DGSI, se <\/span><span data-contrast=\"auto\">observa<\/span><span data-contrast=\"auto\"> un incremento en las llamadas de emergencia al 911 y en el inicio de carpetas de investigaci\u00f3n por presuntos delitos de violencia familiar.<\/span><span data-ccp-props=\"{&quot;335559731&quot;:709}\">\u00a0<\/span><\/p>\n<p><span data-contrast=\"auto\">Al hacer un an\u00e1lisis de las cifras de presuntos delitos de violencia familiar de 2018 a 2020, dijo que <\/span><span data-contrast=\"auto\">hay<\/span><span data-contrast=\"auto\"> un aumento en las carpetas de investigaci\u00f3n, a las cuales antecede una denuncia. Durante el pr<\/span><span data-contrast=\"auto\">imer trimestre de<\/span><span data-contrast=\"auto\"> 2018<\/span> <span data-contrast=\"auto\">(enero-marzo)<\/span><span data-contrast=\"auto\"> se registraron 42 mil 285: 12 mil 721, en enero; 13 mil 452, en febrero, y 16 mil 112, en marzo.<\/span><span data-ccp-props=\"{&quot;335559731&quot;:708}\">\u00a0<\/span><\/p>\n<p><span data-contrast=\"auto\">En el mismo periodo de 2019, fueron<\/span> <span data-contrast=\"auto\">45 mil 232: 13 mil 902 en enero;<\/span><span data-contrast=\"auto\"> 14 mil 933<\/span><span data-contrast=\"auto\">,<\/span><span data-contrast=\"auto\"> en febrero<\/span><span data-contrast=\"auto\">,<\/span><span data-contrast=\"auto\"> y 16 mil 397<\/span><span data-contrast=\"auto\">,<\/span><span data-contrast=\"auto\"> en marzo. En lo que va del a<\/span><span data-contrast=\"auto\">\u00f1o se han presentado 53 mil 877,<\/span><span data-contrast=\"auto\"> de las cuales 15 mil 851 fueron en enero, 17 mil 794 en febrero y 20 mil 232 en marzo.<\/span><span data-ccp-props=\"{&quot;335559731&quot;:708}\">\u00a0<\/span><\/p>\n<p><span data-contrast=\"auto\">Sin embargo, resalt\u00f3 que a nivel estatal el n\u00famero de carpetas de investigaci\u00f3n por este delito ha disminu<\/span><span data-contrast=\"auto\">ido durante el primer trimestre del presente <\/span><span data-contrast=\"auto\">a\u00f1o, lo que difiere con lo registrado a nivel nacional.<\/span><span data-ccp-props=\"{&quot;335559731&quot;:708}\">\u00a0<\/span><\/p>\n<p><span data-contrast=\"auto\">Para el periodo enero-marzo de 2018 fueron <\/span><span data-contrast=\"auto\">mil 678; en 2019, mil 84<\/span><span data-contrast=\"auto\">6 (810 en enero, 813 en febrero y 223 en marzo); y en este a\u00f1o van dos mil 211, de ellas 613 se presentaron en enero, 925 en febrero y 673 en marzo.<\/span><span data-ccp-props=\"{&quot;335559731&quot;:708}\">\u00a0<\/span><\/p>\n<p><span data-contrast=\"auto\">\u201cTenemos que ser precavidas en el an\u00e1lisis de estos datos porque una disminuci\u00f3n en estas cifras no significa que no suceda el delito, sino que no se denuncia ya sea porque <\/span><span data-contrast=\"auto\">a <\/span><span data-contrast=\"auto\">la v\u00edctima le ha sido imposible hacerlo, no tienen en donde presentar la denuncia por la contingencia y\/o no hay delito que perseguir.\u201d<\/span><span data-ccp-props=\"{&quot;335559731&quot;:708}\">\u00a0<\/span><\/p>\n<p><span data-contrast=\"auto\">Sin embargo, mencion\u00f3 que un estudio <\/span><span data-contrast=\"auto\">de mapeo nacional <\/span><span data-contrast=\"auto\">realizado<\/span><span data-contrast=\"auto\"> por la organizaci\u00f3n feminista <\/span><span data-contrast=\"auto\">Equis<\/span><span data-contrast=\"auto\">&#8211;<\/span><span data-contrast=\"auto\">Justicia para las Mujeres, <\/span><span data-contrast=\"auto\">plantea que en Veracru<\/span><span data-contrast=\"auto\">z y otras entidades federativas<\/span><span data-contrast=\"auto\"> se ha dejado en la indefensi\u00f3n a las mujeres porque los servicios no se mantuvieron de manera normal para realizar las denuncias, p<\/span><span data-contrast=\"auto\">or ello hay una disminuci\u00f3n de \u00e9<\/span><span data-contrast=\"auto\">stas, pero eso no significa que no haya casos de violencia familiar.<\/span><span data-ccp-props=\"{&quot;335559731&quot;:708}\">\u00a0<\/span><\/p>\n<p><span data-contrast=\"auto\">Con respecto a las llamadas de emergencia, Guerra Osorno dijo que a nivel nacional hay un incremento en el primer trimestre de 2020 con respecto al mismo periodo en 2019.<\/span><span data-ccp-props=\"{&quot;335559731&quot;:708}\">\u00a0<\/span><\/p>\n<p><span data-contrast=\"auto\">El a\u00f1o pasado se <\/span><span data-contrast=\"auto\">registr\u00f3<\/span><span data-contrast=\"auto\"> un total de <\/span><span data-contrast=\"auto\">155 mil 278<\/span><span data-contrast=\"auto\"> llamadas de emergencia al 911, de ellas 49 mil 796 fueron en enero, 48 mil 792 en febrero y 56 mil 690 en marzo. Mientras en enero de 2020 fueron 52 mil 498, 52 mil 858 en febrero y 64 mil 856 en marzo.<\/span><span data-ccp-props=\"{&quot;335559731&quot;:708}\">\u00a0<\/span><\/p>\n<p><span data-contrast=\"auto\">A nivel estatal, indic\u00f3 que hubo un aumento, con un total de nueve mil 711 llamadas de emergencia: <\/span><span data-contrast=\"auto\">dos mil 984 en enero, <\/span><span data-contrast=\"auto\">dos mil <\/span><span data-contrast=\"auto\">958 en febrero y tres mil 769 en marzo. Mientras que en el mismo periodo de 2019 fueron siete mil 602: dos mil 388 en enero, dos mil 460 en febrero y dos mil 754 en marzo.<\/span><span data-ccp-props=\"{&quot;335559731&quot;:708}\">\u00a0<\/span><\/p>\n<p><span data-contrast=\"auto\">En referencia a la informaci\u00f3n sobre las mujeres con lesiones por violencia familiar en vivienda, en enero de 2019 la DGIS registr\u00f3 m\u00e1s de cuatro mil atenciones, en febrero superaron las ocho mil y en marzo fueron m\u00e1s de 10 mil.<\/span><span data-ccp-props=\"{&quot;335559731&quot;:708}\">\u00a0<\/span><\/p>\n<p><span data-ccp-props=\"{&quot;335559731&quot;:709}\">\u00a0<\/span><\/p>\n<p><b><i><span data-contrast=\"auto\">OUVMujeres<\/span><\/i><\/b> <b><span data-contrast=\"auto\">y los medios de comunicaci\u00f3n locales<\/span><\/b><span data-ccp-props=\"{&quot;335559731&quot;:709}\">\u00a0<\/span><\/p>\n<p><span data-contrast=\"auto\">El <\/span><i><span data-contrast=\"auto\">OUVMujeres<\/span><\/i> <span data-contrast=\"auto\">est\u00e1 adscrito a la Facultad de Antropolog\u00eda de <\/span><span data-contrast=\"auto\">la UV y surgi\u00f3 formalmente en noviembre de 2017 con el objetivo de documentar la violencia contra las mujeres a trav\u00e9s del an\u00e1lisis de los medios locales de informaci\u00f3n, principalmente en cuatro rubros: agresiones, desapariciones femeninas, homicidios y feminicidios.<\/span><span data-ccp-props=\"{&quot;335559731&quot;:709}\">\u00a0<\/span><\/p>\n<p><span data-contrast=\"auto\">Estela Casados dijo <\/span><span data-contrast=\"auto\">que<\/span><span data-contrast=\"auto\">,<\/span> <span data-contrast=\"auto\">en el primer trimestre de este a\u00f1o, conforme a los datos generados por los medios de comunicaci\u00f3n locales, han acontecido en la entidad alrededor de 185 agresiones a mujeres, principalmente en los municipios del sur.<\/span><span data-ccp-props=\"{&quot;335559731&quot;:708}\">\u00a0<\/span><\/p>\n<p><span data-contrast=\"auto\">De estas agresiones, detall\u00f3 que en 76 hubo una combinaci\u00f3n de violencia psicol\u00f3gica y violencia f\u00edsica; en 24 se dio la violencia psicol\u00f3gica con violencia sexual; 20 fueron de violencia psicol\u00f3gica, y 18 fueron de violencia f\u00edsica con violencia sexual.<\/span><span data-ccp-props=\"{&quot;335559731&quot;:708}\">\u00a0<\/span><\/p>\n<p><span data-contrast=\"auto\">Durante marzo se tuvieron 70 agresiones a mujeres en diferentes \u00e1mbitos y regiones del estado: 13 en la zona norte, 28 en la zona central y 29 en el sur. Los municipios con m\u00e1s casos fueron Veracruz con 28; Acayucan con 19<\/span><span data-contrast=\"auto\">,<\/span><span data-contrast=\"auto\"> San Andr\u00e9s Tu<\/span><span data-contrast=\"auto\">x<\/span><span data-contrast=\"auto\">tla y Coatzacoalcos con 16<\/span><span data-contrast=\"auto\">,<\/span><span data-contrast=\"auto\"> Boca del R\u00edo<\/span><span data-contrast=\"auto\"> con<\/span><span data-contrast=\"auto\"> ocho<\/span><span data-contrast=\"auto\">, y<\/span><span data-contrast=\"auto\"> Tuxpan,<\/span><span data-contrast=\"auto\"> Poza Rica y Cazones de Herrera<\/span><span data-contrast=\"auto\"> con seis cada uno.<\/span><span data-ccp-props=\"{&quot;335559731&quot;:708}\">\u00a0<\/span><\/p>\n<p><span data-contrast=\"auto\">En el tema de la modalidad de la violencia: 61 casos fueron violencia dom\u00e9stica, 98 <\/span><span data-contrast=\"auto\">violencia<\/span><span data-contrast=\"auto\"> en la comunidad, cinco se trataron de violencia escolar y dos de violencia institucional.<\/span><span data-ccp-props=\"{&quot;335559731&quot;:708}\">\u00a0<\/span><\/p>\n<p><span data-contrast=\"auto\">Asimismo, se registraron 74 desapariciones, 27 feminicidios y 19 homicidios. \u201cEl<\/span><span data-contrast=\"auto\"> \u00e1mbito dom\u00e9stico es un caldo de <\/span><span data-contrast=\"auto\">cultivo donde pueden desarrollarse otro tipo de violencias.<\/span> <span data-contrast=\"auto\">Esta pandemia tiene cientos de a\u00f1os en la sociedad y en nosotros esta solucionarla, la vacuna est\u00e1 en todos\u201d<\/span><span data-contrast=\"auto\">, concluy\u00f3<\/span><span data-ccp-props=\"{&quot;335559731&quot;:708}\">.<\/span><\/p>\n","protected":false},"excerpt":{"rendered":"<p>\u201cLos datos nos dicen que la violencia contra las mujeres est\u00e1 naturalizada y justificada en la sociedad, c\u00edclicamente nos explota en la cara y no tomamos las medidas precisas\u201d: Estela Casados\u00a0<\/p>\n","protected":false},"author":1869,"featured_media":83520,"comment_status":"closed","ping_status":"closed","sticky":false,"template":"","format":"standard","meta":[],"categories":[61],"tags":[],"_links":{"self":[{"href":"https:\/\/www.uv.mx\/prensa\/wp-json\/wp\/v2\/posts\/83519"}],"collection":[{"href":"https:\/\/www.uv.mx\/prensa\/wp-json\/wp\/v2\/posts"}],"about":[{"href":"https:\/\/www.uv.mx\/prensa\/wp-json\/wp\/v2\/types\/post"}],"author":[{"embeddable":true,"href":"https:\/\/www.uv.mx\/prensa\/wp-json\/wp\/v2\/users\/1869"}],"replies":[{"embeddable":true,"href":"https:\/\/www.uv.mx\/prensa\/wp-json\/wp\/v2\/comments?post=83519"}],"version-history":[{"count":0,"href":"https:\/\/www.uv.mx\/prensa\/wp-json\/wp\/v2\/posts\/83519\/revisions"}],"wp:featuredmedia":[{"embeddable":true,"href":"https:\/\/www.uv.mx\/prensa\/wp-json\/wp\/v2\/media\/83520"}],"wp:attachment":[{"href":"https:\/\/www.uv.mx\/prensa\/wp-json\/wp\/v2\/media?parent=83519"}],"wp:term":[{"taxonomy":"category","embeddable":true,"href":"https:\/\/www.uv.mx\/prensa\/wp-json\/wp\/v2\/categories?post=83519"},{"taxonomy":"post_tag","embeddable":true,"href":"https:\/\/www.uv.mx\/prensa\/wp-json\/wp\/v2\/tags?post=83519"}],"curies":[{"name":"wp","href":"https:\/\/api.w.org\/{rel}","templated":true}]}}