{"id":83594,"date":"2020-05-11T14:59:00","date_gmt":"2020-05-11T19:59:00","guid":{"rendered":"https:\/\/www.uv.mx\/prensa\/?p=83594"},"modified":"2020-05-11T14:59:00","modified_gmt":"2020-05-11T19:59:00","slug":"cusrs-continua-atendiendo-a-comunidad-uv-y-publico-en-general","status":"publish","type":"post","link":"https:\/\/www.uv.mx\/prensa\/banner\/cusrs-continua-atendiendo-a-comunidad-uv-y-publico-en-general\/","title":{"rendered":"CUSRS contin\u00faa atendiendo a comunidad UV y p\u00fablico en general"},"content":{"rendered":"<ul>\n<li data-leveltext=\"\uf0b7\" data-font=\"Symbol\" data-listid=\"3\" data-aria-posinset=\"1\" data-aria-level=\"1\"><i><span data-contrast=\"auto\">P<\/span><\/i><i><span data-contrast=\"auto\">revia cita atiende en <\/span><\/i><i><span data-contrast=\"auto\">m<\/span><\/i><i><span data-contrast=\"auto\">edicina interna, <\/span><\/i><i><span data-contrast=\"auto\">p<\/span><\/i><i><span data-contrast=\"auto\">ediatr\u00eda,<\/span><\/i> <i><span data-contrast=\"auto\">g<\/span><\/i><i><span data-contrast=\"auto\">inecolog\u00eda, <\/span><\/i><i><span data-contrast=\"auto\">l<\/span><\/i><i><span data-contrast=\"auto\">aboratorio de an\u00e1lisis cl\u00ednicos, <\/span><\/i><i><span data-contrast=\"auto\">p<\/span><\/i><i><span data-contrast=\"auto\">atolog\u00eda<\/span><\/i> <i><span data-contrast=\"auto\">y <\/span><\/i><i><span data-contrast=\"auto\">u<\/span><\/i><i><span data-contrast=\"auto\">ltrasonido<\/span><\/i><span data-ccp-props=\"{&quot;201341983&quot;:0,&quot;335559739&quot;:0,&quot;335559740&quot;:240}\">\u00a0<\/span><\/li>\n<li data-leveltext=\"\uf0b7\" data-font=\"Symbol\" data-listid=\"3\" data-aria-posinset=\"2\" data-aria-level=\"1\"><i><span data-contrast=\"auto\">De lunes a viernes previa cita, la cual se puede hacer llamando a los tel\u00e9fonos (228) 8421700 y 8422700, extensiones 10358 y 10374<\/span><\/i><\/li>\n<\/ul>\n<div id=\"attachment_32246\" style=\"width: 732px\" class=\"wp-caption aligncenter\"><a href=\"https:\/\/www.uv.mx\/prensa\/files\/2017\/09\/Clinica-universitaria-1-150917.jpg\"><img aria-describedby=\"caption-attachment-32246\" decoding=\"async\" loading=\"lazy\" class=\"size-full wp-image-32246\" src=\"https:\/\/www.uv.mx\/prensa\/files\/2017\/09\/Clinica-universitaria-1-150917.jpg\" alt=\"\" width=\"722\" height=\"482\" srcset=\"https:\/\/www.uv.mx\/prensa\/files\/2017\/09\/Clinica-universitaria-1-150917.jpg 722w, https:\/\/www.uv.mx\/prensa\/files\/2017\/09\/Clinica-universitaria-1-150917-300x200.jpg 300w\" sizes=\"(max-width: 722px) 100vw, 722px\" \/><\/a><p id=\"caption-attachment-32246\" class=\"wp-caption-text\"><span data-contrast=\"auto\">La CUSRS mantiene sus puertas abiertas para brindar servicios de salud<\/span><span data-ccp-props=\"{&quot;201341983&quot;:0,&quot;335559739&quot;:0,&quot;335559740&quot;:240}\">\u00a0<\/span><\/p><\/div>\n<p><b><i><span data-contrast=\"auto\">Jos\u00e9 Luis <\/span><\/i><\/b><b><i><span data-contrast=\"auto\">Couttolenc<\/span><\/i><\/b><b><i><span data-contrast=\"auto\"> Soto<\/span><\/i><\/b><span data-ccp-props=\"{&quot;201341983&quot;:0,&quot;335559739&quot;:0,&quot;335559740&quot;:240}\">\u00a0<\/span><\/p>\n<p><b><i><span data-contrast=\"auto\">11<\/span><\/i><\/b><b><i><span data-contrast=\"auto\">\/05<\/span><\/i><\/b><b><i><span data-contrast=\"auto\">\/2020<\/span><\/i><\/b><b><i><span data-contrast=\"auto\">, Xalapa, Ver.-<\/span><\/i><\/b><span data-contrast=\"auto\"> La Cl\u00ednica Universitaria de Salud Reproductiva y Sexual (CUSRS) de la Universidad Veracruzana (UV) contin\u00faa brindando sus servicios <\/span><span data-contrast=\"auto\">de salud tanto a la comunidad universitaria como a la poblaci\u00f3n abierta<\/span><span data-contrast=\"auto\"> en m<\/span><span data-contrast=\"auto\">edicina interna, <\/span><span data-contrast=\"auto\">p<\/span><span data-contrast=\"auto\">ediatr\u00eda, <\/span><span data-contrast=\"auto\">g<\/span><span data-contrast=\"auto\">inecolog\u00eda, <\/span><span data-contrast=\"auto\">l<\/span><span data-contrast=\"auto\">aboratorio de an\u00e1lisis cl\u00ednicos, <\/span><span data-contrast=\"auto\">p<\/span><span data-contrast=\"auto\">atolog\u00eda y <\/span><span data-contrast=\"auto\">u<\/span><span data-contrast=\"auto\">ltrasonido, inform\u00f3 <\/span><span data-contrast=\"auto\">su <\/span><span data-contrast=\"auto\">director <\/span><span data-contrast=\"auto\">Alejandro Escobar Mesa<\/span><span data-contrast=\"auto\">.<\/span><span data-ccp-props=\"{&quot;201341983&quot;:0,&quot;335559739&quot;:0,&quot;335559740&quot;:240}\">\u00a0<\/span><\/p>\n<p><span data-contrast=\"auto\">Por razones propias de la contingencia sanitaria actual derivada del coronavirus (Covid-19), el horario de atenci\u00f3n<\/span><span data-contrast=\"auto\"> al p\u00fablico<\/span><span data-contrast=\"auto\"> es<\/span><span data-contrast=\"auto\"> \u00fanicamente<\/span> <span data-contrast=\"auto\">en el turno matutino<\/span><span data-contrast=\"auto\">,<\/span><span data-contrast=\"auto\"> de lunes a viernes<\/span><span data-contrast=\"auto\"> previa cita, la <\/span><span data-contrast=\"auto\">cual<\/span><span data-contrast=\"auto\"> se puede hacer l<\/span><span data-contrast=\"auto\">lamando a los tel\u00e9fonos (228) 8421700 y 84227<\/span><span data-contrast=\"auto\">00<\/span><span data-contrast=\"auto\">,<\/span><span data-contrast=\"auto\"> extensiones<\/span> <span data-contrast=\"auto\">10358 y 10374. La cl\u00ednica se ubica en la calle C\u00f3rdoba esquina Ernesto Ortiz Medina<\/span><span data-contrast=\"auto\">,<\/span> <span data-contrast=\"auto\">F<\/span><span data-contrast=\"auto\">raccionamiento Veracruz, en la ciudad de Xalapa.<\/span><span data-ccp-props=\"{&quot;201341983&quot;:0,&quot;335559739&quot;:0,&quot;335559740&quot;:240}\">\u00a0<\/span><\/p>\n<p><span data-contrast=\"auto\">Escobar Mesa apunt\u00f3 que por la misma emergencia sanitaria, en la CUSRS se estableci\u00f3 un filtro para conocer oportunamente<\/span><span data-contrast=\"auto\"> si alg\u00fan usuario presenta <\/span><span data-contrast=\"auto\">s\u00edntoma<\/span><span data-contrast=\"auto\">s<\/span><span data-contrast=\"auto\"> de infecci\u00f3n en v\u00edas respiratorias, cuidando en todo momento las recomendaciones tanto de las autoridades universitarias como del Consejo de Salubridad General, en el sentido de salvaguarda<\/span><span data-contrast=\"auto\">r la seguridad de las personas.<\/span><span data-ccp-props=\"{&quot;201341983&quot;:0,&quot;335559739&quot;:0,&quot;335559740&quot;:240}\">\u00a0<\/span><\/p>\n<p><span data-contrast=\"auto\">Por otro lado, reconoci\u00f3 el es<\/span><span data-contrast=\"auto\">fuerzo y dedicaci\u00f3n de quienes <\/span><span data-contrast=\"auto\">contin\u00faan laborando en la cl\u00ednica, \u201c<\/span><span data-contrast=\"auto\">que <\/span><span data-contrast=\"auto\">conscientes de <\/span><span data-contrast=\"auto\">su<\/span><span data-contrast=\"auto\"> responsabilidad como integrantes del personal de salud, decidi<\/span><span data-contrast=\"auto\">eron <\/span><span data-contrast=\"auto\">no parar y seguir atendiendo al p\u00fablico que requiere de sus servicios\u201d.<\/span><span data-ccp-props=\"{&quot;201341983&quot;:0,&quot;335559739&quot;:0,&quot;335559740&quot;:240}\">\u00a0<\/span><\/p>\n","protected":false},"excerpt":{"rendered":"<p>Por causa de la contingencia sanitaria, el horario de atenci\u00f3n al p\u00fablico es \u00fanicamente en el turno matutino<\/p>\n","protected":false},"author":1508,"featured_media":41538,"comment_status":"closed","ping_status":"closed","sticky":false,"template":"","format":"standard","meta":[],"categories":[61],"tags":[],"_links":{"self":[{"href":"https:\/\/www.uv.mx\/prensa\/wp-json\/wp\/v2\/posts\/83594"}],"collection":[{"href":"https:\/\/www.uv.mx\/prensa\/wp-json\/wp\/v2\/posts"}],"about":[{"href":"https:\/\/www.uv.mx\/prensa\/wp-json\/wp\/v2\/types\/post"}],"author":[{"embeddable":true,"href":"https:\/\/www.uv.mx\/prensa\/wp-json\/wp\/v2\/users\/1508"}],"replies":[{"embeddable":true,"href":"https:\/\/www.uv.mx\/prensa\/wp-json\/wp\/v2\/comments?post=83594"}],"version-history":[{"count":0,"href":"https:\/\/www.uv.mx\/prensa\/wp-json\/wp\/v2\/posts\/83594\/revisions"}],"wp:featuredmedia":[{"embeddable":true,"href":"https:\/\/www.uv.mx\/prensa\/wp-json\/wp\/v2\/media\/41538"}],"wp:attachment":[{"href":"https:\/\/www.uv.mx\/prensa\/wp-json\/wp\/v2\/media?parent=83594"}],"wp:term":[{"taxonomy":"category","embeddable":true,"href":"https:\/\/www.uv.mx\/prensa\/wp-json\/wp\/v2\/categories?post=83594"},{"taxonomy":"post_tag","embeddable":true,"href":"https:\/\/www.uv.mx\/prensa\/wp-json\/wp\/v2\/tags?post=83594"}],"curies":[{"name":"wp","href":"https:\/\/api.w.org\/{rel}","templated":true}]}}