{"id":83657,"date":"2020-05-12T19:19:27","date_gmt":"2020-05-13T00:19:27","guid":{"rendered":"https:\/\/www.uv.mx\/prensa\/?p=83657"},"modified":"2020-05-13T12:06:03","modified_gmt":"2020-05-13T17:06:03","slug":"pandemia-desperto-nuevas-conciencias-tambien-en-las-universidades-rectora","status":"publish","type":"post","link":"https:\/\/www.uv.mx\/prensa\/banner\/pandemia-desperto-nuevas-conciencias-tambien-en-las-universidades-rectora\/","title":{"rendered":"Pandemia despert\u00f3 nuevas conciencias, tambi\u00e9n en las universidades: Rectora"},"content":{"rendered":"<ul>\n<li data-leveltext=\"\uf0b7\" data-font=\"Symbol\" data-listid=\"2\" data-aria-posinset=\"1\" data-aria-level=\"1\"><i><span data-contrast=\"auto\">Una, que reafirma que todos los seres humanos somos iguales<\/span><\/i><i><span data-contrast=\"auto\"> y <\/span><\/i><i><span data-contrast=\"auto\">vulnerables. Otra, sobre las diferencias e inequidades en las capacidades para <\/span><\/i><i><span data-contrast=\"auto\">enfrentar<\/span><\/i><i><span data-contrast=\"auto\"> la pandemia\u00a0<\/span><\/i><span data-ccp-props=\"{&quot;134233279&quot;:true}\">\u00a0<\/span><\/li>\n<li data-leveltext=\"\uf0b7\" data-font=\"Symbol\" data-listid=\"2\" data-aria-posinset=\"2\" data-aria-level=\"1\"><i><span data-contrast=\"auto\">Debemos seguir desarrollando nuestras capacidades tecnol\u00f3gicas<\/span><\/i><i><span data-contrast=\"auto\">,<\/span><\/i><i><span data-contrast=\"auto\"> pero tambi\u00e9n debemos luchar <\/span><\/i><i><span data-contrast=\"auto\">para que <\/span><\/i><i><span data-contrast=\"auto\">el derecho a la educaci\u00f3n y <\/span><\/i><i><span data-contrast=\"auto\">el derecho <\/span><\/i><i><span data-contrast=\"auto\">a la comunicaci\u00f3n sean universales, dijo<\/span><\/i><i><span data-contrast=\"auto\"> Sara Ladr\u00f3n de Guevara<\/span><\/i><\/li>\n<\/ul>\n<div id=\"attachment_83653\" style=\"width: 732px\" class=\"wp-caption aligncenter\"><a href=\"https:\/\/www.uv.mx\/prensa\/files\/2020\/05\/Captura-de-Pantalla-2020-05-12-a-las-18.06.17-100k.jpg\"><img aria-describedby=\"caption-attachment-83653\" decoding=\"async\" loading=\"lazy\" class=\"size-full wp-image-83653\" src=\"https:\/\/www.uv.mx\/prensa\/files\/2020\/05\/Captura-de-Pantalla-2020-05-12-a-las-18.06.17-100k.jpg\" alt=\"Autoridades universitarias participaron en el Seminario de Mutuo Cuidado, organizado por el Observatorio Regional de Responsabilidad Social para Am\u00e9rica Latina y el Caribe\" width=\"722\" height=\"506\" srcset=\"https:\/\/www.uv.mx\/prensa\/files\/2020\/05\/Captura-de-Pantalla-2020-05-12-a-las-18.06.17-100k.jpg 722w, https:\/\/www.uv.mx\/prensa\/files\/2020\/05\/Captura-de-Pantalla-2020-05-12-a-las-18.06.17-100k-300x210.jpg 300w\" sizes=\"(max-width: 722px) 100vw, 722px\" \/><\/a><p id=\"caption-attachment-83653\" class=\"wp-caption-text\">Autoridades universitarias participaron en el Seminario de Mutuo Cuidado, organizado por el Observatorio Regional de Responsabilidad Social para Am\u00e9rica Latina y el Caribe<\/p><\/div>\n<p><b><i><span data-contrast=\"auto\">Edgar Onofre\u00a0<\/span><\/i><\/b><span data-ccp-props=\"{}\">\u00a0<\/span><\/p>\n<p><b><i><span data-contrast=\"auto\">12\/05\/2020<\/span><\/i><\/b><b><i><span data-contrast=\"auto\">,<\/span><\/i><\/b><b><i><span data-contrast=\"auto\"> Xalapa, <\/span><\/i><\/b><b><i><span data-contrast=\"auto\">Ver.-<\/span><\/i><\/b><span data-contrast=\"auto\"> La rectora de la <a href=\"https:\/\/www.uv.mx\/\" target=\"_blank\" rel=\"noopener noreferrer\">Universidad Veracruzana<\/a> (UV), Sara Ladr\u00f3n de Guevara, particip\u00f3 hoy en el <\/span><span data-contrast=\"auto\">Seminario de Mutuo Cuidado<\/span><span data-contrast=\"auto\"> que organiza el <\/span><span data-contrast=\"auto\">Observatorio Regional de Responsabilidad Social para <\/span><span data-contrast=\"auto\">Am\u00e9rica<\/span><span data-contrast=\"auto\"> Latina y el Caribe <\/span><span data-contrast=\"auto\">(<\/span><span data-contrast=\"auto\">ORSALC<\/span><span data-contrast=\"auto\">) y ah\u00ed explic\u00f3 que la suspensi\u00f3n de actividades presenciales derivadas de la pandemia de Covid-19 despert\u00f3 nuevas conciencias en el mundo y tambi\u00e9n al interior de las universidades.\u00a0<\/span><span data-ccp-props=\"{}\">\u00a0<\/span><\/p>\n<p><span data-contrast=\"auto\">El seminario, realizado a trav\u00e9s de la plataforma de reuniones virtuales Zoom, reuni\u00f3 a rectores y autoridades de Argentina, Bolivia, Brasil, Colombia, Cuba, El Salvador, <\/span><span data-contrast=\"auto\">Nicaragua, Espa\u00f1a, Per\u00fa, entre diversos pa\u00edses, para \u201crepensar la pandemia\u201d y las nuevas estrategias educativas que \u00e9sta demanda, as\u00ed como el dise\u00f1o de los <\/span><span data-contrast=\"auto\">mecanismos <\/span><span data-contrast=\"auto\">necesarios para <\/span><span data-contrast=\"auto\">superar <\/span><span data-contrast=\"auto\">\u201c<\/span><span data-contrast=\"auto\">inequidades, pobrezas, desempleos, explotaciones y corrupciones que nos agobian<\/span><span data-contrast=\"auto\">\u201d, seg\u00fan los organizadores.\u00a0<\/span><span data-ccp-props=\"{}\">\u00a0<\/span><\/p>\n<p><span data-contrast=\"auto\">Durante su intervenci\u00f3n<\/span><span data-contrast=\"auto\">, Sara Ladr\u00f3n de Guevara se\u00f1al\u00f3 que la crisis producida por la pandemia \u201cnos dio nuevas conciencias\u201d. La primera, que reafirma que todos los seres humanos somos iguales, vulnerables e igualmente expuestos. La segunda, explic\u00f3, es la <\/span><span data-contrast=\"auto\">conciencia sobre las diferencias e inequidades en nuestras capacidades para desenvolvernos ante la pandemia.\u00a0<\/span><span data-ccp-props=\"{}\">\u00a0<\/span><\/p>\n<p><span data-contrast=\"auto\">La Rectora se\u00f1al\u00f3 que, por ejemplo, estudiantes de la UV que provienen de los sectores rural o ind\u00edgena no cuentan con el mismo acceso a las tecnolog\u00edas de la informaci\u00f3n o a la conectividad a <\/span><span data-contrast=\"auto\">I<\/span><span data-contrast=\"auto\">nternet.\u00a0<\/span><span data-ccp-props=\"{}\">\u00a0<\/span><\/p>\n<p><span data-contrast=\"auto\">Explic\u00f3 que, por ejemplo, algunos de los estudiantes de la Universidad Veracruzana Intercultural (UVI), una iniciativa por la cual <\/span><i><span data-contrast=\"auto\">la <\/span><\/i><i><span data-contrast=\"auto\">ORSALC<\/span><\/i><i><span data-contrast=\"auto\"> entreg\u00f3 a la UV el premio \u201cOjo de Plata\u201d, en 2016,<\/span><\/i><span data-contrast=\"auto\"> (<\/span><a href=\"https:\/\/www.uv.mx\/prensa\/general\/unesco-reconocio-a-uv-con-el-premio-ojo-de-plata\/\"><span data-contrast=\"none\">https:\/\/www.uv.mx\/prensa\/general\/unesco-reconocio-a-uv-con-el-premio-ojo-de-plata\/<\/span><\/a><span data-contrast=\"auto\">) han desarrollado las competencias tecnol\u00f3gicas necesarias pero sus comunidades no cuentan con acceso a <\/span><span data-contrast=\"auto\">I<\/span><span data-contrast=\"auto\">nternet.\u00a0<\/span><span data-ccp-props=\"{&quot;335559731&quot;:708}\">\u00a0<\/span><\/p>\n<p><span data-contrast=\"auto\">Por tanto, dijo, las universidades deben continuar el fortalecimiento de las tecnolog\u00edas<\/span><span data-contrast=\"auto\">,<\/span><span data-contrast=\"auto\"> pero tambi\u00e9n asumir la respo<\/span><span data-contrast=\"auto\">nsabilidad social de luchar por<\/span><span data-contrast=\"auto\">que <\/span><span data-contrast=\"auto\">I<\/span><span data-contrast=\"auto\">nternet<\/span><span data-contrast=\"auto\"> sea considerado un derecho.\u00a0<\/span><span data-ccp-props=\"{&quot;335559731&quot;:708}\">\u00a0<\/span><\/p>\n<p><span data-contrast=\"auto\">\u201cCreo que las universidades, adem\u00e1s de seguir desarrollando nuestras capacidades tecnol\u00f3gicas, tambi\u00e9n debemos buscar el acceso a <\/span><span data-contrast=\"auto\">I<\/span><span data-contrast=\"auto\">nternet como un derecho. Hemos luchado por el derecho a la educaci\u00f3n<\/span><span data-contrast=\"auto\">,<\/span><span data-contrast=\"auto\"> pero hoy por hoy tenemos que luchar tambi\u00e9n por el derecho a la comunicaci\u00f3n y \u00e9sta se da, a nive<\/span><span data-contrast=\"auto\">l global, regional y local;<\/span><span data-contrast=\"auto\"> \u00e9stas no son accesibles para todos\u201d, se\u00f1al\u00f3.\u00a0<\/span><span data-ccp-props=\"{&quot;335559731&quot;:708}\">\u00a0<\/span><\/p>\n<p><span data-contrast=\"auto\">A\u00f1adi\u00f3<\/span><span data-contrast=\"auto\"> que antes el conocimiento se resguard<\/span><span data-contrast=\"auto\">aba en las bibliotecas, hoy se sube a<\/span><span data-contrast=\"auto\"> \u201cla nube\u201d<\/span><span data-contrast=\"auto\">;<\/span><span data-contrast=\"auto\"> mientras que las universidades contin\u00faan generando conocimiento y fortaleciendo sus capacidades tecnol\u00f3gicas, es necesario asumir que la pandemia \u201cnos llevar\u00e1 a <\/span><span data-contrast=\"auto\">enriquecer, mejorar,<\/span><span data-contrast=\"auto\"> diversificar, for<\/span><span data-contrast=\"auto\">talecer, cambiar nuestra formas<\/span><span data-contrast=\"auto\"> educar y generar conocimiento.<\/span><span data-contrast=\"auto\">\u201d<\/span><span data-contrast=\"auto\">\u00a0<\/span><span data-ccp-props=\"{&quot;335559731&quot;:708}\">\u00a0<\/span><\/p>\n<p><span data-contrast=\"auto\">Sara Ladr\u00f3n de Guevara<\/span><span data-contrast=\"auto\"> concluy\u00f3 su exposici\u00f3n en el seminario pronunci\u00e1ndose porque las formas acad\u00e9micas universitarias tras la pandemia \u201csean accesibles a un mayor n\u00famero de personas y que el derecho a la educaci\u00f3n y a la comunicaci\u00f3n sean tambi\u00e9n universales\u201d.\u00a0<\/span><span data-ccp-props=\"{&quot;335559731&quot;:708}\">\u00a0<\/span><\/p>\n","protected":false},"excerpt":{"rendered":"<p>Las universidades deben continuar el fortalecimiento de las tecnolog\u00edas, pero tambi\u00e9n asumir la responsabilidad social de luchar porque Internet sea considerado un derecho <\/p>\n","protected":false},"author":1775,"featured_media":83656,"comment_status":"closed","ping_status":"closed","sticky":false,"template":"","format":"standard","meta":[],"categories":[61],"tags":[],"_links":{"self":[{"href":"https:\/\/www.uv.mx\/prensa\/wp-json\/wp\/v2\/posts\/83657"}],"collection":[{"href":"https:\/\/www.uv.mx\/prensa\/wp-json\/wp\/v2\/posts"}],"about":[{"href":"https:\/\/www.uv.mx\/prensa\/wp-json\/wp\/v2\/types\/post"}],"author":[{"embeddable":true,"href":"https:\/\/www.uv.mx\/prensa\/wp-json\/wp\/v2\/users\/1775"}],"replies":[{"embeddable":true,"href":"https:\/\/www.uv.mx\/prensa\/wp-json\/wp\/v2\/comments?post=83657"}],"version-history":[{"count":0,"href":"https:\/\/www.uv.mx\/prensa\/wp-json\/wp\/v2\/posts\/83657\/revisions"}],"wp:featuredmedia":[{"embeddable":true,"href":"https:\/\/www.uv.mx\/prensa\/wp-json\/wp\/v2\/media\/83656"}],"wp:attachment":[{"href":"https:\/\/www.uv.mx\/prensa\/wp-json\/wp\/v2\/media?parent=83657"}],"wp:term":[{"taxonomy":"category","embeddable":true,"href":"https:\/\/www.uv.mx\/prensa\/wp-json\/wp\/v2\/categories?post=83657"},{"taxonomy":"post_tag","embeddable":true,"href":"https:\/\/www.uv.mx\/prensa\/wp-json\/wp\/v2\/tags?post=83657"}],"curies":[{"name":"wp","href":"https:\/\/api.w.org\/{rel}","templated":true}]}}