{"id":83668,"date":"2020-05-13T11:00:37","date_gmt":"2020-05-13T16:00:37","guid":{"rendered":"https:\/\/www.uv.mx\/prensa\/?p=83668"},"modified":"2020-05-13T11:42:07","modified_gmt":"2020-05-13T16:42:07","slug":"uv-participara-en-foro-sobre-educacion-basica-ante-covid-19","status":"publish","type":"post","link":"https:\/\/www.uv.mx\/prensa\/general\/uv-participara-en-foro-sobre-educacion-basica-ante-covid-19\/","title":{"rendered":"UV participar\u00e1 en foro sobre educaci\u00f3n b\u00e1sica ante Covid-19\u00a0"},"content":{"rendered":"<ul>\n<li data-leveltext=\"\uf0b7\" data-font=\"Symbol\" data-listid=\"5\" data-aria-posinset=\"1\" data-aria-level=\"1\"><i><span data-contrast=\"auto\">El evento<\/span><\/i><i><span data-contrast=\"auto\">,<\/span><\/i><i><span data-contrast=\"auto\"> que se llevar\u00e1 a cabo <\/span><\/i><i><span data-contrast=\"auto\">de manera virtual <\/span><\/i><i><span data-contrast=\"auto\">el 14 de mayo, contar\u00e1 con la participaci\u00f3n de <\/span><\/i><i><span data-contrast=\"auto\">Alberto Ram\u00edrez <\/span><\/i><i><span data-contrast=\"auto\">Martinell<\/span><\/i><i><span data-contrast=\"auto\">, <\/span><\/i><i><span data-contrast=\"auto\">investigador del CIIES<\/span><\/i><span data-ccp-props=\"{}\">\u00a0<\/span><\/li>\n<\/ul>\n<p><span data-ccp-props=\"{&quot;335559685&quot;:360}\">\u00a0<\/span><\/p>\n<div id=\"attachment_83669\" style=\"width: 732px\" class=\"wp-caption aligncenter\"><a href=\"https:\/\/www.uv.mx\/prensa\/files\/2020\/05\/130520-Foro-Comie.jpg\"><img aria-describedby=\"caption-attachment-83669\" decoding=\"async\" loading=\"lazy\" class=\"size-full wp-image-83669\" src=\"https:\/\/www.uv.mx\/prensa\/files\/2020\/05\/130520-Foro-Comie.jpg\" alt=\"\" width=\"722\" height=\"359\" srcset=\"https:\/\/www.uv.mx\/prensa\/files\/2020\/05\/130520-Foro-Comie.jpg 722w, https:\/\/www.uv.mx\/prensa\/files\/2020\/05\/130520-Foro-Comie-300x149.jpg 300w\" sizes=\"(max-width: 722px) 100vw, 722px\" \/><\/a><p id=\"caption-attachment-83669\" class=\"wp-caption-text\">En el foro participar\u00e1n investigadores de seis instituciones de educaci\u00f3n superior<\/p><\/div>\n<p><span data-ccp-props=\"{&quot;335559685&quot;:360}\" data-contrast=\"auto\">\u00a0<\/span><\/p>\n<p><b><i><span data-contrast=\"auto\">Carlos Hugo Hermida Rosales<\/span><\/i><\/b><span data-ccp-props=\"{}\">\u00a0<\/span><\/p>\n<p><b><i><span data-contrast=\"auto\">1<\/span><\/i><\/b><b><i><span data-contrast=\"auto\">3<\/span><\/i><\/b><b><i><span data-contrast=\"auto\">\/05\/<\/span><\/i><\/b><b><i><span data-contrast=\"auto\">2020<\/span><\/i><\/b><b><i><span data-contrast=\"auto\">,<\/span><\/i><\/b> <b><i><span data-contrast=\"auto\">Xalapa, <\/span><\/i><\/b><b><i><span data-contrast=\"auto\">Ver.<\/span><\/i><\/b><b><i><span data-contrast=\"auto\">&#8211;<\/span><\/i><\/b> <span data-contrast=\"auto\">L<\/span><span data-contrast=\"auto\">a <a href=\"https:\/\/www.uv.mx\/\" target=\"_blank\" rel=\"noopener noreferrer\">Universidad Veracruzana<\/a> (UV) y el <\/span><span data-contrast=\"auto\">Consejo Mexicano <\/span><span data-contrast=\"auto\">de Investigaci\u00f3n Educativa (<\/span><i><span data-contrast=\"auto\">Comie<\/span><\/i><span data-contrast=\"auto\">)<\/span><span data-contrast=\"auto\"> invitan a docentes, investigadores, estudiantes y profesionistas relacionados con el \u00e1mbito pedag\u00f3gico<\/span><span data-contrast=\"auto\">,<\/span><span data-contrast=\"auto\"> al foro virtual de an\u00e1lisis <\/span><span data-contrast=\"auto\">\u201c<\/span><span data-contrast=\"auto\">Los docentes de <\/span><span data-contrast=\"auto\">e<\/span><span data-contrast=\"auto\">ducaci\u00f3n <\/span><span data-contrast=\"auto\">b<\/span><span data-contrast=\"auto\">\u00e1sica ante el Covid-19<\/span><span data-contrast=\"auto\">.<\/span><span data-contrast=\"auto\"> \u00bfLa emergencia como principio de innovaci\u00f3n docente?<\/span><span data-contrast=\"auto\">\u201d<\/span><span data-contrast=\"auto\">, <\/span><span data-contrast=\"auto\">que se llevar\u00e1 a cabo el 14 de mayo a las 12:00 horas <\/span><span data-contrast=\"auto\">a trav\u00e9s de <\/span><span data-contrast=\"auto\">la aplicaci\u00f3n <\/span><i><span data-contrast=\"auto\">Hangouts<\/span><\/i><span data-contrast=\"auto\">.<\/span><span data-ccp-props=\"{}\">\u00a0<\/span><\/p>\n<p><span data-contrast=\"auto\">Este evento que tambi\u00e9n se transmitir\u00e1 en <\/span><span data-contrast=\"auto\">la <\/span><a href=\"https:\/\/www.facebook.com\/comiemx\/\"><span data-contrast=\"none\">p\u00e1gina de <\/span><i><span data-contrast=\"none\">Facebook<\/span><\/i><span data-contrast=\"none\"> del<\/span> <i><span data-contrast=\"none\">Comie<\/span><\/i><\/a><span data-contrast=\"auto\">, tiene por objetivo p<\/span><span data-contrast=\"auto\">roblematizar sobre los retos que enfrentan los docentes de educaci\u00f3n b\u00e1sica de cara al <\/span><span data-contrast=\"auto\">Covid-19,<\/span><span data-contrast=\"auto\"> y posibles rupturas para repensar la e<\/span><span data-contrast=\"auto\">ducaci\u00f3n y la actividad <\/span><span data-contrast=\"auto\">pedag\u00f3gica;<\/span><span data-contrast=\"auto\"> por parte de la UV participar\u00e1 Alberto Ram\u00edrez <\/span><span data-contrast=\"auto\">Martinell<\/span><span data-contrast=\"auto\">, adscrito al Centro de Investigaci\u00f3n e Innovaci\u00f3n en Educaci\u00f3n Superior<\/span> <span data-contrast=\"auto\">(CIIES).<\/span><span data-ccp-props=\"{&quot;335559731&quot;:708}\">\u00a0<\/span><\/p>\n<p><span data-contrast=\"auto\">El foro tambi\u00e9n contar\u00e1 con la presencia de <\/span><span data-contrast=\"auto\">Patricia <\/span><span data-contrast=\"auto\">Ducoing<\/span> <span data-contrast=\"auto\">Watty<\/span><span data-contrast=\"auto\">, del <\/span><span data-contrast=\"auto\">Instituto de Investigaciones sobre la Universidad y la Educaci\u00f3n de la UNAM; Mario Ch\u00e1vez Campos, de la Direcci\u00f3n General de Educaci\u00f3n Superior para Profesionales de la Educaci\u00f3n; <\/span><span data-contrast=\"auto\">y <\/span><span data-contrast=\"auto\">Rosa Mar\u00eda Torres Hern\u00e1ndez, de la Universidad Pedag\u00f3gica Nacional.<\/span><span data-ccp-props=\"{&quot;335559731&quot;:708}\">\u00a0<\/span><\/p>\n<p><span data-contrast=\"auto\">Adem\u00e1s de Mar\u00eda del Carmen Gabriela Flores Talavera, de la Benem\u00e9rita y Centenaria Escuela Normal de Jalisco; y Germ\u00e1n Iv\u00e1n Mart\u00ednez G\u00f3mez, de la Escuela Normal <\/span><span data-contrast=\"auto\">de <\/span><span data-contrast=\"auto\">Tenancingo.<\/span><span data-ccp-props=\"{&quot;335559731&quot;:708}\">\u00a0<\/span><\/p>\n<p><span data-contrast=\"auto\">L<\/span><span data-contrast=\"auto\">os investigadores abordar\u00e1n las preguntas<\/span><span data-contrast=\"auto\">:<\/span><span data-contrast=\"auto\"> \u00bf<\/span><span data-contrast=\"auto\">q<\/span><span data-contrast=\"auto\">u\u00e9 retos encaraban los docentes de educaci\u00f3n b\u00e1sica en torno a la innovaci\u00f3n docente y c\u00f3mo se modificaron ante la pandemia del C<\/span><span data-contrast=\"auto\">ovid<\/span><span data-contrast=\"auto\">-19?<\/span><span data-contrast=\"auto\">,<\/span><span data-contrast=\"auto\"> \u00bf<\/span><span data-contrast=\"auto\">c<\/span><span data-contrast=\"auto\">\u00f3mo han enfrentado los docentes de educaci\u00f3n b\u00e1sica la pandemia del C<\/span><span data-contrast=\"auto\">ovid<\/span><span data-contrast=\"auto\">-19?<\/span><span data-contrast=\"auto\"> y <\/span><span data-contrast=\"auto\">\u00bf<\/span><span data-contrast=\"auto\">c<\/span><span data-contrast=\"auto\">u\u00e1les son los nuevos retos para la innovaci\u00f3n docente y los procesos de formaci\u00f3n inicial y continua del profesorado?<\/span><span data-ccp-props=\"{&quot;335559731&quot;:708}\">\u00a0<\/span><\/p>\n<p><span data-contrast=\"auto\">Se espera que <\/span><span data-contrast=\"auto\">este<\/span><span data-contrast=\"auto\"> foro sea una plataforma de debate sobre el quehacer docente en educaci\u00f3n b\u00e1sica y los procesos <\/span><span data-contrast=\"auto\">de formaci\u00f3n inicial y continua; s<\/span><span data-contrast=\"auto\">i bien el <\/span><span data-contrast=\"auto\">evento <\/span><span data-contrast=\"auto\">tiene como tel\u00f3n de fondo la pandemia del <\/span><span data-contrast=\"auto\">Covid-19<\/span><span data-contrast=\"auto\">, la discusi\u00f3n ofrecer\u00e1 reflexiones relevantes para proyectar transformaciones en materia educativa a mediano y largo plazo sobre la inno<\/span><span data-contrast=\"auto\">vaci\u00f3n en la formaci\u00f3n docente.<\/span><span data-ccp-props=\"{&quot;335559731&quot;:708}\">\u00a0<\/span><\/p>\n<p><span data-contrast=\"auto\">Lo expuesto por los ponentes y el auditorio se sistematizar\u00e1 y formar\u00e1 parte de materiales visuales y escritos que se editar\u00e1n desde el <\/span><i><span data-contrast=\"auto\">Comie<\/span><\/i> <span data-contrast=\"auto\">con fines de difu<\/span><span data-contrast=\"auto\">si\u00f3n e investigaci\u00f3n educativa.<\/span><span data-ccp-props=\"{&quot;335559731&quot;:708}\">\u00a0<\/span><\/p>\n<p><span data-contrast=\"auto\">El registro<\/span><span data-contrast=\"auto\"> para e<\/span><span data-contrast=\"auto\">l <\/span><span data-contrast=\"auto\">foro <\/span><span data-contrast=\"auto\">\u201c<\/span><span data-contrast=\"auto\">Los docentes de e<\/span><span data-contrast=\"auto\">d<\/span><span data-contrast=\"auto\">ucaci\u00f3n b\u00e1sica ante el Covid-19. <\/span><span data-contrast=\"auto\">\u00bfLa emergencia como principio de innovaci\u00f3n docente?<\/span><span data-contrast=\"auto\">\u201d<\/span> <span data-contrast=\"auto\">se lleva <\/span><span data-contrast=\"auto\">mediante <\/span><a href=\"https:\/\/docs.google.com\/forms\/d\/e\/1FAIpQLSfZINeUrn1x_y7awACtcUr92yu70-eZ2YAoS_3TY0BtCmCuLA\/closedform\"><span data-contrast=\"none\">un <\/span><span data-contrast=\"none\">formulario<\/span><span data-contrast=\"none\"> en l\u00ednea<\/span><\/a><span data-contrast=\"auto\">. El cupo es limitado a 225 personas.\u00a0<\/span><span data-ccp-props=\"{&quot;335559731&quot;:708}\">\u00a0<\/span><\/p>\n<p>&nbsp;<\/p>\n<div id=\"attachment_60768\" style=\"width: 732px\" class=\"wp-caption aligncenter\"><a href=\"https:\/\/www.uv.mx\/prensa\/files\/2019\/01\/080119-KARINA-Alberto-Ramirez-100k.jpg\"><img aria-describedby=\"caption-attachment-60768\" decoding=\"async\" loading=\"lazy\" class=\"wp-image-60768 size-full\" src=\"https:\/\/www.uv.mx\/prensa\/files\/2019\/01\/080119-KARINA-Alberto-Ramirez-100k.jpg\" alt=\"\" width=\"722\" height=\"481\" srcset=\"https:\/\/www.uv.mx\/prensa\/files\/2019\/01\/080119-KARINA-Alberto-Ramirez-100k.jpg 722w, https:\/\/www.uv.mx\/prensa\/files\/2019\/01\/080119-KARINA-Alberto-Ramirez-100k-300x200.jpg 300w\" sizes=\"(max-width: 722px) 100vw, 722px\" \/><\/a><p id=\"caption-attachment-60768\" class=\"wp-caption-text\">Alberto Ram\u00edrez Martinell<\/p><\/div>\n","protected":false},"excerpt":{"rendered":"<p>El cupo es limitado a 225 personas; para participar hay que llenar un formulario en l\u00ednea\u00a0<\/p>\n","protected":false},"author":1869,"featured_media":83669,"comment_status":"closed","ping_status":"closed","sticky":false,"template":"","format":"standard","meta":[],"categories":[1],"tags":[],"_links":{"self":[{"href":"https:\/\/www.uv.mx\/prensa\/wp-json\/wp\/v2\/posts\/83668"}],"collection":[{"href":"https:\/\/www.uv.mx\/prensa\/wp-json\/wp\/v2\/posts"}],"about":[{"href":"https:\/\/www.uv.mx\/prensa\/wp-json\/wp\/v2\/types\/post"}],"author":[{"embeddable":true,"href":"https:\/\/www.uv.mx\/prensa\/wp-json\/wp\/v2\/users\/1869"}],"replies":[{"embeddable":true,"href":"https:\/\/www.uv.mx\/prensa\/wp-json\/wp\/v2\/comments?post=83668"}],"version-history":[{"count":0,"href":"https:\/\/www.uv.mx\/prensa\/wp-json\/wp\/v2\/posts\/83668\/revisions"}],"wp:featuredmedia":[{"embeddable":true,"href":"https:\/\/www.uv.mx\/prensa\/wp-json\/wp\/v2\/media\/83669"}],"wp:attachment":[{"href":"https:\/\/www.uv.mx\/prensa\/wp-json\/wp\/v2\/media?parent=83668"}],"wp:term":[{"taxonomy":"category","embeddable":true,"href":"https:\/\/www.uv.mx\/prensa\/wp-json\/wp\/v2\/categories?post=83668"},{"taxonomy":"post_tag","embeddable":true,"href":"https:\/\/www.uv.mx\/prensa\/wp-json\/wp\/v2\/tags?post=83668"}],"curies":[{"name":"wp","href":"https:\/\/api.w.org\/{rel}","templated":true}]}}