{"id":83690,"date":"2020-05-14T09:38:56","date_gmt":"2020-05-14T14:38:56","guid":{"rendered":"https:\/\/www.uv.mx\/prensa\/?p=83690"},"modified":"2020-05-14T15:07:32","modified_gmt":"2020-05-14T20:07:32","slug":"pandemia-mostro-interconectividad-entre-las-naciones-abraham-weller","status":"publish","type":"post","link":"https:\/\/www.uv.mx\/prensa\/general\/pandemia-mostro-interconectividad-entre-las-naciones-abraham-weller\/","title":{"rendered":"Pandemia mostr\u00f3 interconectividad entre las naciones: Abraham Weller"},"content":{"rendered":"<style type=\"text\/css\">\n  blockquote p { color: #28519b; font-family: helvetica; font-size: 1.4em; }<br \/><\/style>\n<ul>\n<li data-leveltext=\"\uf0b7\" data-font=\"Symbol\" data-listid=\"5\" data-aria-posinset=\"1\" data-aria-level=\"1\"><i><span data-contrast=\"auto\">El <\/span><\/i><i><span data-contrast=\"auto\">T-MEC representa un paraca\u00eddas a corto plazo para el pa\u00eds, en medio de la incertidumbre<\/span><\/i> <i><span data-contrast=\"auto\">generada por la pandemia de Covid-19<\/span><\/i><\/li>\n<\/ul>\n<div id=\"attachment_83692\" style=\"width: 732px\" class=\"wp-caption aligncenter\"><a href=\"https:\/\/www.uv.mx\/prensa\/files\/2020\/05\/140520-Comercio-Internacional-y-Covid-19-1-100k.jpg\"><img aria-describedby=\"caption-attachment-83692\" decoding=\"async\" loading=\"lazy\" class=\"size-full wp-image-83692\" src=\"https:\/\/www.uv.mx\/prensa\/files\/2020\/05\/140520-Comercio-Internacional-y-Covid-19-1-100k.jpg\" alt=\"Abraham Weller Lara\" width=\"722\" height=\"481\" srcset=\"https:\/\/www.uv.mx\/prensa\/files\/2020\/05\/140520-Comercio-Internacional-y-Covid-19-1-100k.jpg 722w, https:\/\/www.uv.mx\/prensa\/files\/2020\/05\/140520-Comercio-Internacional-y-Covid-19-1-100k-300x200.jpg 300w\" sizes=\"(max-width: 722px) 100vw, 722px\" \/><\/a><p id=\"caption-attachment-83692\" class=\"wp-caption-text\">Abraham Weller Lara<\/p><\/div>\n<p>&nbsp;<\/p>\n<blockquote><p><span data-contrast=\"auto\">M\u00e9xico tiene un gran potencial para incursionar en la producci\u00f3n de energ\u00edas renovables, como la e\u00f3lica, la solar y la mareomotriz<\/span><\/p>\n<p><span data-contrast=\"auto\">Los estados en los que ha crecido la econom\u00eda son los que diversificaron su manufactura y se vincularon con el exterior, como Quer\u00e9taro, Aguascalientes, Nuevo Le\u00f3n y Puebla<\/span><\/p><\/blockquote>\n<p>&nbsp;<\/p>\n<p><b><i><span data-contrast=\"auto\">Carlos Hugo Hermida Rosales<\/span><\/i><\/b><span data-ccp-props=\"{}\">\u00a0<\/span><\/p>\n<p><b><i><span data-contrast=\"auto\">1<\/span><\/i><\/b><b><i><span data-contrast=\"auto\">4<\/span><\/i><\/b><b><i><span data-contrast=\"auto\">\/05\/<\/span><\/i><\/b><b><i><span data-contrast=\"auto\">2020<\/span><\/i><\/b><b><i><span data-contrast=\"auto\">,<\/span><\/i><\/b> <b><i><span data-contrast=\"auto\">Xalapa, <\/span><\/i><\/b><b><i><span data-contrast=\"auto\">Ver.<\/span><\/i><\/b><b><i><span data-contrast=\"auto\">&#8211;<\/span><\/i><\/b> <span data-contrast=\"auto\">Abraham <\/span><span data-contrast=\"auto\">Weller<\/span><span data-contrast=\"auto\"> Lara<\/span><span data-contrast=\"auto\">, director de la empresa Veracruz Global <\/span><span data-contrast=\"auto\">Exports<\/span><span data-contrast=\"auto\">, <\/span><span data-contrast=\"auto\">afirm\u00f3<\/span><span data-contrast=\"auto\"> que M\u00e9xico puede beneficiarse de la guerra comercial que actualmente existe entre China y Estados Unidos<\/span><span data-contrast=\"auto\"> (EEUU)<\/span><span data-contrast=\"auto\">, al impartir el 11 de mayo<\/span><span data-contrast=\"auto\"> la ponencia virtual \u201cComercio i<\/span><span data-contrast=\"auto\">nternacional en tiempos del <\/span><span data-contrast=\"auto\">Covid<\/span><span data-contrast=\"auto\">-19\u201d<\/span><span data-contrast=\"auto\">.<\/span><span data-ccp-props=\"{}\">\u00a0<\/span><\/p>\n<p><span data-contrast=\"auto\">Este evento fue organizado <\/span><span data-contrast=\"auto\">por el Programa de Estudios sobre Am\u00e9rica del Norte de la <a href=\"https:\/\/www.uv.mx\/internacional\/\" target=\"_blank\" rel=\"noopener noreferrer\">Direcci\u00f3n General de Relaciones Internacionales<\/a> de la Universidad Veracruzana.<\/span><span data-ccp-props=\"{&quot;335559731&quot;:708}\">\u00a0<\/span><\/p>\n<p><span data-contrast=\"auto\">Abraham <\/span><span data-contrast=\"auto\">Weller<\/span><span data-contrast=\"auto\"> mencion\u00f3 que la pandemia de Covid-19 modific\u00f3 nuestra forma de ver el mundo, al afectar las formas de estudiar, trabajar y de relacionarse profesionalmente de gran parte de la poblaci\u00f3n.<\/span><span data-ccp-props=\"{&quot;335559731&quot;:708}\">\u00a0<\/span><\/p>\n<p><span data-contrast=\"auto\">Coment\u00f3<\/span><span data-contrast=\"auto\"> que adem\u00e1s esta enfermedad demostr\u00f3 <\/span><span data-contrast=\"auto\">la gran interconectividad que existe entre todas las naciones del orbe.\u00a0<\/span><span data-ccp-props=\"{&quot;335559731&quot;:708}\">\u00a0<\/span><\/p>\n<p><span data-contrast=\"auto\">\u201cPudimos observar c\u00f3<\/span><span data-contrast=\"auto\">mo algo que comenz\u00f3 en una provincia China pas\u00f3 a estacionarse en Europa, para despu\u00e9s viajar y asentarse en Am\u00e9rica\u201d, <\/span><span data-contrast=\"auto\">relat<\/span><span data-contrast=\"auto\">\u00f3.<\/span><span data-contrast=\"auto\">\u00a0<\/span><span data-ccp-props=\"{&quot;335559731&quot;:708}\">\u00a0<\/span><\/p>\n<p><span data-contrast=\"auto\">Explic\u00f3 que la guerra comercial que actualmente enfrenta a China y E<\/span><span data-contrast=\"auto\">EUU <\/span><span data-contrast=\"auto\">ha ocasionado que los gobiernos de estos pa\u00edses impongan aranceles a los productos que se exportan mutuamente, lo que ha desinhibido el comercio entre ellos en gran medida.\u00a0<\/span><span data-ccp-props=\"{&quot;335559731&quot;:708}\">\u00a0<\/span><\/p>\n<p><span data-contrast=\"auto\">Asegur\u00f3 que en medio de esta confrontaci\u00f3n M\u00e9xico puede sustituir a China en E<\/span><span data-contrast=\"auto\">EUU<\/span><span data-contrast=\"auto\">, ya que le puede ofrecer a este pa\u00eds norteamericano los productos que les prove\u00edan los orientales.<\/span><span data-ccp-props=\"{&quot;335559731&quot;:708}\">\u00a0<\/span><\/p>\n<p><span data-contrast=\"auto\">A\u00f1adi\u00f3 que a su vez M\u00e9xico tambi\u00e9n puede suplantar a E<\/span><span data-contrast=\"auto\">EUU <\/span><span data-contrast=\"auto\">en China, porque tiene la capacidad <\/span><span data-contrast=\"auto\">de <\/span><span data-contrast=\"auto\">surtir<\/span><span data-contrast=\"auto\"> y sustituir en el <\/span><span data-contrast=\"auto\">mercado del gigante asi\u00e1tico algunos productos <\/span><span data-contrast=\"auto\">estadounidenses<\/span><span data-contrast=\"auto\">.<\/span><span data-ccp-props=\"{&quot;335559731&quot;:708}\">\u00a0<\/span><\/p>\n<p><span data-contrast=\"auto\">\u00a0<\/span><span data-contrast=\"auto\">Destac\u00f3 que incluso M\u00e9xico puede ser un buen <\/span><span data-contrast=\"auto\">reemplazo<\/span><span data-contrast=\"auto\"> de la mano de obra asi\u00e1tica, <\/span><span data-contrast=\"auto\">e instalar maquilas en su territorio que exporten sus producciones a todo el mundo.\u00a0<\/span><\/p>\n<div id=\"attachment_83691\" style=\"width: 732px\" class=\"wp-caption aligncenter\"><a href=\"https:\/\/www.uv.mx\/prensa\/files\/2020\/05\/140520-Comercio-2-100k.jpg\"><img aria-describedby=\"caption-attachment-83691\" decoding=\"async\" loading=\"lazy\" class=\"size-full wp-image-83691\" src=\"https:\/\/www.uv.mx\/prensa\/files\/2020\/05\/140520-Comercio-2-100k.jpg\" alt=\"M\u00e9xico puede proveer al mercado chino los productos que adquir\u00edan en EEUU\" width=\"722\" height=\"481\" srcset=\"https:\/\/www.uv.mx\/prensa\/files\/2020\/05\/140520-Comercio-2-100k.jpg 722w, https:\/\/www.uv.mx\/prensa\/files\/2020\/05\/140520-Comercio-2-100k-300x200.jpg 300w\" sizes=\"(max-width: 722px) 100vw, 722px\" \/><\/a><p id=\"caption-attachment-83691\" class=\"wp-caption-text\">M\u00e9xico puede proveer al mercado chino los productos que adquir\u00edan en EEUU<\/p><\/div>\n<p><span data-contrast=\"auto\">Abraham <\/span><span data-contrast=\"auto\">Weller<\/span><span data-contrast=\"auto\"> enfatiz\u00f3 que el rubro <\/span><span data-contrast=\"auto\">energ\u00e9tico<\/span><span data-contrast=\"auto\">, el conflicto actual del desplome de los precios del petr\u00f3leo muestra la necesidad de migrar hacia otro modelo como las energ\u00edas renovables.\u00a0<\/span><span data-ccp-props=\"{&quot;335559731&quot;:708}\">\u00a0<\/span><\/p>\n<p><span data-contrast=\"auto\">Enunci\u00f3 que <\/span><span data-contrast=\"auto\">por su singular orograf\u00eda M\u00e9xico tiene un gran potencial como naci\u00f3n para incursionar en la producci\u00f3n de energ\u00edas renovables como la <\/span><span data-contrast=\"auto\">e\u00f3lica<\/span><span data-contrast=\"auto\">, solar y <\/span><span data-contrast=\"auto\">mareomotriz<\/span><span data-contrast=\"auto\">.<\/span><span data-contrast=\"auto\">\u00a0<\/span><span data-ccp-props=\"{&quot;335559731&quot;:708}\">\u00a0<\/span><\/p>\n<p><span data-contrast=\"auto\">El Maestro en Relaciones y Negocios Internacionales declar\u00f3 que el <\/span><span data-contrast=\"auto\">Tratado entre M\u00e9xico, Estados Unidos y Canad\u00e1 (T-MEC)<\/span><span data-contrast=\"auto\"> puede ser un paraca\u00eddas en el corto plazo para el pa\u00eds <\/span><span data-contrast=\"auto\">en medio de la turbulencia actual generada por el Covid-19, adem\u00e1s de un motor de propulsi\u00f3n a un tiempo mayor, ya que ayuda a frenar la incertidumbre y a avanzar h<\/span><span data-contrast=\"auto\">acia el futuro con todo lo que \u00e9<\/span><span data-contrast=\"auto\">ste trae consigo.\u00a0<\/span><span data-ccp-props=\"{&quot;335559731&quot;:708}\">\u00a0<\/span><\/p>\n<p><span data-contrast=\"auto\">Destac\u00f3 que los tratados de comercio internacionales crean condiciones favorables para la inversi\u00f3n extranjera, lo que brinda certidumbre a los grandes inversores.<\/span><span data-ccp-props=\"{&quot;335559731&quot;:708}\">\u00a0<\/span><\/p>\n<p><span data-contrast=\"auto\">Mencion\u00f3 que <\/span><span data-contrast=\"auto\">los <\/span><span data-contrast=\"auto\">e<\/span><span data-contrast=\"auto\">stados de la Rep\u00fablica Mexicana<\/span> <span data-contrast=\"auto\">en los que ha crecido su econom\u00eda, son aquellos que diversificaron su manufactura y se vincularon con el exterior como Quer\u00e9taro, Aguascalientes, Nuevo Le\u00f3n y Puebla.<\/span><span data-contrast=\"auto\">\u00a0<\/span><span data-ccp-props=\"{&quot;335559731&quot;:708}\">\u00a0<\/span><\/p>\n<p><span data-contrast=\"auto\">Coment\u00f3 que no obstante el <\/span><span data-contrast=\"auto\">T-MEC<\/span><span data-contrast=\"auto\"> por s\u00ed solo no va a lograr hacer que la econom\u00eda del pa\u00eds avance, y que para que esto suceda los actores relacionados con el comercio internacional y la sociedad en general deben conocer las ventajas que este acuerdo comercial otorga, <\/span><span data-contrast=\"auto\">para poder obtener beneficios del mismo.<\/span><span data-ccp-props=\"{&quot;335559731&quot;:708}\">\u00a0<\/span><\/p>\n","protected":false},"excerpt":{"rendered":"<p>\u201cPudimos observar c\u00f3mo algo que comenz\u00f3 en una provincia China pas\u00f3 a estacionarse en Europa, para despu\u00e9s viajar y asentarse en Am\u00e9rica\u201d <\/p>\n","protected":false},"author":1775,"featured_media":83691,"comment_status":"closed","ping_status":"closed","sticky":false,"template":"","format":"standard","meta":[],"categories":[1],"tags":[],"_links":{"self":[{"href":"https:\/\/www.uv.mx\/prensa\/wp-json\/wp\/v2\/posts\/83690"}],"collection":[{"href":"https:\/\/www.uv.mx\/prensa\/wp-json\/wp\/v2\/posts"}],"about":[{"href":"https:\/\/www.uv.mx\/prensa\/wp-json\/wp\/v2\/types\/post"}],"author":[{"embeddable":true,"href":"https:\/\/www.uv.mx\/prensa\/wp-json\/wp\/v2\/users\/1775"}],"replies":[{"embeddable":true,"href":"https:\/\/www.uv.mx\/prensa\/wp-json\/wp\/v2\/comments?post=83690"}],"version-history":[{"count":0,"href":"https:\/\/www.uv.mx\/prensa\/wp-json\/wp\/v2\/posts\/83690\/revisions"}],"wp:featuredmedia":[{"embeddable":true,"href":"https:\/\/www.uv.mx\/prensa\/wp-json\/wp\/v2\/media\/83691"}],"wp:attachment":[{"href":"https:\/\/www.uv.mx\/prensa\/wp-json\/wp\/v2\/media?parent=83690"}],"wp:term":[{"taxonomy":"category","embeddable":true,"href":"https:\/\/www.uv.mx\/prensa\/wp-json\/wp\/v2\/categories?post=83690"},{"taxonomy":"post_tag","embeddable":true,"href":"https:\/\/www.uv.mx\/prensa\/wp-json\/wp\/v2\/tags?post=83690"}],"curies":[{"name":"wp","href":"https:\/\/api.w.org\/{rel}","templated":true}]}}