{"id":83850,"date":"2020-05-19T10:50:26","date_gmt":"2020-05-19T15:50:26","guid":{"rendered":"https:\/\/www.uv.mx\/prensa\/?p=83850"},"modified":"2020-05-19T15:08:17","modified_gmt":"2020-05-19T20:08:17","slug":"mexicanos-presentan-nivel-moderado-de-estres-encuesta-covidistress","status":"publish","type":"post","link":"https:\/\/www.uv.mx\/prensa\/general\/mexicanos-presentan-nivel-moderado-de-estres-encuesta-covidistress\/","title":{"rendered":"Mexicanos presentan nivel moderado\u00a0de estr\u00e9s: encuesta COVIDiSTRESS\u00a0"},"content":{"rendered":"<ul>\n<li data-leveltext=\"\uf0b7\" data-font=\"Symbol\" data-listid=\"1\" data-aria-posinset=\"1\" data-aria-level=\"1\"><i><span data-contrast=\"auto\">El Equipo M\u00e9xico de este proyecto internacional dio a conocer datos recabados del 30 de marzo al 30 de abril, en donde el 66.5 por ciento de los participantes reportaron estar en aislamiento<\/span><\/i><span data-ccp-props=\"{&quot;134233279&quot;:true}\">\u00a0<\/span><\/li>\n<li data-leveltext=\"\uf0b7\" data-font=\"Symbol\" data-listid=\"1\" data-aria-posinset=\"2\" data-aria-level=\"1\"><i><span data-contrast=\"auto\">Si deseas participar en este proyecto tienes hasta el 30 de mayo para ingresar a<\/span><\/i><i><span data-contrast=\"auto\"> este enlace: <\/span><\/i><a href=\"https:\/\/bit.ly\/3bFNOgF\"><i><span data-contrast=\"none\">https:\/\/bit.ly\/3bFNOgF<\/span><\/i><\/a><span data-ccp-props=\"{&quot;134233279&quot;:true}\">\u00a0<\/span><\/li>\n<\/ul>\n<p><span data-ccp-props=\"{&quot;335559731&quot;:709}\">\u00a0<\/span><\/p>\n<div id=\"attachment_83851\" style=\"width: 732px\" class=\"wp-caption aligncenter\"><a href=\"https:\/\/www.uv.mx\/prensa\/files\/2020\/05\/180520-PAOLA-Encuesta-CEOA-1.jpg\"><img aria-describedby=\"caption-attachment-83851\" decoding=\"async\" loading=\"lazy\" class=\"size-full wp-image-83851\" src=\"https:\/\/www.uv.mx\/prensa\/files\/2020\/05\/180520-PAOLA-Encuesta-CEOA-1.jpg\" alt=\"\" width=\"722\" height=\"275\" srcset=\"https:\/\/www.uv.mx\/prensa\/files\/2020\/05\/180520-PAOLA-Encuesta-CEOA-1.jpg 722w, https:\/\/www.uv.mx\/prensa\/files\/2020\/05\/180520-PAOLA-Encuesta-CEOA-1-300x114.jpg 300w\" sizes=\"(max-width: 722px) 100vw, 722px\" \/><\/a><p id=\"caption-attachment-83851\" class=\"wp-caption-text\">Encuesta COVIDiSTRESS cierra el pr\u00f3ximo 30 de mayo, a\u00fan pueden participar<\/p><\/div>\n<p><i><\/i><span data-ccp-props=\"{&quot;335559731&quot;:709}\"><br \/>\n<\/span><\/p>\n<p><span data-ccp-props=\"{&quot;335559731&quot;:709}\">\u00a0<\/span><\/p>\n<blockquote><p><span data-contrast=\"auto\">Con respecto a las fuentes generadoras de estr\u00e9s, las personas respondieron en qu\u00e9 grado percib\u00edan las situaciones de una lista, en una escala del 1 al 6. Los mexicanos reportan mayor nivel de estr\u00e9s por la econom\u00eda, el riesgo de contagio por Covid-19, el riesgo de hospitalizaci\u00f3n, y la preocupaci\u00f3n por amigos y parientes que viven lejos<\/span><span data-ccp-props=\"{&quot;335559731&quot;:709}\">\u00a0<\/span><\/p><\/blockquote>\n<p><span data-ccp-props=\"{&quot;335559731&quot;:709}\">\u00a0<\/span><\/p>\n<p><b><i><span data-contrast=\"auto\">Paola Cort\u00e9s P\u00e9rez<\/span><\/i><\/b><span data-ccp-props=\"{&quot;335559731&quot;:709}\">\u00a0<\/span><\/p>\n<p><b><i><span data-contrast=\"auto\">1<\/span><\/i><\/b><b><i><span data-contrast=\"auto\">9<\/span><\/i><\/b><b><i><span data-contrast=\"auto\">\/05\/2020, Xalapa, <\/span><\/i><\/b><b><i><span data-contrast=\"auto\">Ver.-<\/span><\/i><\/b> <span data-contrast=\"auto\">El reporte <\/span><span data-contrast=\"auto\">de <\/span><span data-contrast=\"auto\">los datos recolectados en M\u00e9xico <\/span><span data-contrast=\"auto\">a partir de la encuesta<\/span> <span data-contrast=\"auto\">aplicada por <\/span><span data-contrast=\"auto\">el proyecto internacional <\/span><span data-contrast=\"auto\">COVIDiSTRESS<\/span><span data-contrast=\"auto\">, del 30 de marzo al 30 de abril, arroj<\/span><span data-contrast=\"auto\">\u00f3<\/span> <span data-contrast=\"auto\">que los participantes tienen un nivel moderado de estr\u00e9s y el 11 por ciento de la muestra (711 personas) reportan niveles de estr\u00e9s altos.<\/span><span data-ccp-props=\"{&quot;335559731&quot;:709}\">\u00a0<\/span><\/p>\n<p><span data-contrast=\"auto\">Cabe <\/span><span data-contrast=\"auto\">recordar<\/span><span data-contrast=\"auto\"> que el proyecto internacional <\/span><span data-contrast=\"auto\">COVIDiSTRESS<\/span> <span data-contrast=\"auto\">tiene por objetivo recabar datos sobre las experiencias, conductas y actitudes de la gente alrededor del mundo durante la pandemia del Covid-19, mediante una encuesta digital que las personas responden de forma an\u00f3nima, misma que fue traducida a 52 idiomas diferentes y <\/span><span data-contrast=\"auto\">distribuida<\/span><span data-contrast=\"auto\"> en m\u00e1s de 50 pa\u00edses.<\/span><span data-ccp-props=\"{&quot;335559731&quot;:708}\">\u00a0<\/span><\/p>\n<p><span data-contrast=\"auto\">El Equipo M\u00e9xico<\/span><span data-contrast=\"auto\"> del proyecto <\/span><span data-contrast=\"auto\">COVIDiSTRESS<\/span><span data-contrast=\"auto\">, <\/span><span data-contrast=\"auto\">en el que participan<\/span><span data-contrast=\"auto\"> Claudio Rafael Castro L\u00f3pez y Rub\u00e9n Flores Gonz\u00e1lez, del<\/span><a href=\"https:\/\/www.uv.mx\/centrodeopinion\/\" target=\"_blank\" rel=\"noopener noreferrer\"><span data-contrast=\"auto\"> Centro de Es<\/span><span data-contrast=\"auto\">tudios <\/span><span data-contrast=\"auto\">de Opini\u00f3n y <\/span><\/a><span data-contrast=\"auto\">An\u00e1lisis <\/span><span data-contrast=\"auto\">(CEOA) <\/span><span data-contrast=\"auto\">de la Universidad Veracruzana (UV<\/span><span data-contrast=\"auto\">)<\/span><span data-contrast=\"auto\">,<\/span> <span data-contrast=\"auto\">realiza una etapa de difusi\u00f3n sobre la encuesta<\/span><span data-contrast=\"auto\">, a fin de ofrecer una primera panor\u00e1mica del nivel de estr\u00e9s percibido en la poblaci\u00f3n mexicana.<\/span><span data-ccp-props=\"{&quot;335559731&quot;:708}\">\u00a0<\/span><\/p>\n<p>&nbsp;<\/p>\n<div id=\"attachment_83852\" style=\"width: 732px\" class=\"wp-caption aligncenter\"><a href=\"https:\/\/www.uv.mx\/prensa\/files\/2020\/05\/180520-PAOLA-Encuesta-CEOA-2.jpg\"><img aria-describedby=\"caption-attachment-83852\" decoding=\"async\" loading=\"lazy\" class=\"size-full wp-image-83852\" src=\"https:\/\/www.uv.mx\/prensa\/files\/2020\/05\/180520-PAOLA-Encuesta-CEOA-2.jpg\" alt=\"\" width=\"722\" height=\"432\" srcset=\"https:\/\/www.uv.mx\/prensa\/files\/2020\/05\/180520-PAOLA-Encuesta-CEOA-2.jpg 722w, https:\/\/www.uv.mx\/prensa\/files\/2020\/05\/180520-PAOLA-Encuesta-CEOA-2-300x180.jpg 300w\" sizes=\"(max-width: 722px) 100vw, 722px\" \/><\/a><p id=\"caption-attachment-83852\" class=\"wp-caption-text\">La gr\u00e1fica muestra la condici\u00f3n de aislamiento entre los mexicanos<\/p><\/div>\n<p>&nbsp;<\/p>\n<p><span data-contrast=\"auto\">Al corte del 30 de abril, fueron respondidos 158 mil 771 cuestionarios a nivel internacional; de esta cifra<\/span><span data-contrast=\"auto\">,<\/span><span data-contrast=\"auto\"> seis mil 424 lo hicieron en M\u00e9xico, completando m\u00e1s del 80 por ciento del cuestionario, siendo el quinto pa\u00eds con mayor participaci\u00f3n en el proyecto.<\/span><span data-ccp-props=\"{&quot;335559731&quot;:708}\">\u00a0<\/span><\/p>\n<p><span data-contrast=\"auto\">De acuerdo con<\/span><span data-contrast=\"auto\"> los datos recolectados, <\/span><span data-contrast=\"auto\">aunque hubo participaci\u00f3n de todos los estados del pa\u00eds, \u00e9sta se concentr\u00f3 en Ciudad de M\u00e9xico (mil 739), Veracruz (mil 349), Estado de M\u00e9xico (606), Jalisco (345) y Nuevo Le\u00f3n (243), los cuales acumulan el 66.65 por ciento<\/span><span data-contrast=\"auto\"> de los encuestados<\/span><span data-contrast=\"auto\">.<\/span><span data-ccp-props=\"{&quot;335559731&quot;:708}\">\u00a0<\/span><\/p>\n<p><span data-contrast=\"auto\">Cabe destacar que los participantes tienen caracter\u00edsticas sociodemogr\u00e1ficas que podr\u00edan no ser del todo representativas de la poblaci\u00f3n mexicana en general.<\/span><span data-ccp-props=\"{&quot;335559731&quot;:708}\">\u00a0<\/span><\/p>\n<p><span data-contrast=\"auto\">En la encuesta se pregunta sobre la situaci\u00f3n actual de los participantes durante la pandemia<\/span><span data-contrast=\"auto\">.<\/span> <span data-contrast=\"auto\">E<\/span><span data-contrast=\"auto\">l 66.5 por ciento reportaron estar en aislamiento, mientras que el 31.3 por ciento dijeron seguir la vida con cambios menores, un dos por ciento sigue su vida sin cambios y el 0.2 por ciento estaba en aislamiento en una unidad m\u00e9dica.<\/span><span data-ccp-props=\"{&quot;335559731&quot;:708}\">\u00a0<\/span><\/p>\n<p><span data-contrast=\"auto\">Para medir el nivel de estr\u00e9s en M\u00e9xico se utiliz\u00f3 la versi\u00f3n de 10 reactivos de la Escala de Estr\u00e9s Percibido, la cual explora aspectos como la falta de control sobre los eventos<\/span><span data-contrast=\"auto\">, presi\u00f3n para remontar las dificultades y sentimientos negativos ante cambios inesperados. El resultado es un n\u00famero del 1 al 5 que se categoriza por tres niveles, bajo (1-2.4), moderado (2.5-3.7) y alto (m\u00e1s de 3.7).<\/span><span data-ccp-props=\"{&quot;335559731&quot;:708}\">\u00a0<\/span><\/p>\n<p><span data-contrast=\"auto\">Con base en lo anterior, el promedio general del \u00edndice global de estr\u00e9s para la muestra mexica<\/span><span data-contrast=\"auto\">na<\/span><span data-contrast=\"auto\"> fue de 2.71, lo que corresponde a un nivel moderado de estr\u00e9s, y un 11 por ciento de la muestr<\/span><span data-contrast=\"auto\">a reportan nivel de estr\u00e9s alto<\/span><span data-contrast=\"auto\">. Las mujeres sufren de mayores niveles de estr\u00e9s que los hombres.<\/span><span data-ccp-props=\"{&quot;335559731&quot;:708}\">\u00a0<\/span><\/p>\n<p><span data-contrast=\"auto\">Con respecto a las fuentes generador<\/span><span data-contrast=\"auto\">a<\/span><span data-contrast=\"auto\">s de estr\u00e9s, las personas respondieron en qu\u00e9 grado percib\u00edan las situaciones de una lista, en una escala del 1 al 6. <\/span><span data-contrast=\"auto\">Los mexicanos reportan mayor nivel <\/span><span data-contrast=\"auto\">de <\/span><span data-contrast=\"auto\">estr\u00e9s por la econom\u00eda, el riesgo de contagio por Covid-19, el riesgo de hospitalizaci\u00f3n, y la preocupaci\u00f3n por amigos y parientes que viven lejos.<\/span><span data-ccp-props=\"{&quot;335559731&quot;:708}\">\u00a0<\/span><\/p>\n<p>&nbsp;<\/p>\n<div id=\"attachment_83853\" style=\"width: 732px\" class=\"wp-caption aligncenter\"><a href=\"https:\/\/www.uv.mx\/prensa\/files\/2020\/05\/180520-PAOLA-Encuesta-CEOA-3.jpg\"><img aria-describedby=\"caption-attachment-83853\" decoding=\"async\" loading=\"lazy\" class=\"size-full wp-image-83853\" src=\"https:\/\/www.uv.mx\/prensa\/files\/2020\/05\/180520-PAOLA-Encuesta-CEOA-3.jpg\" alt=\"\" width=\"722\" height=\"529\" srcset=\"https:\/\/www.uv.mx\/prensa\/files\/2020\/05\/180520-PAOLA-Encuesta-CEOA-3.jpg 722w, https:\/\/www.uv.mx\/prensa\/files\/2020\/05\/180520-PAOLA-Encuesta-CEOA-3-300x220.jpg 300w\" sizes=\"(max-width: 722px) 100vw, 722px\" \/><\/a><p id=\"caption-attachment-83853\" class=\"wp-caption-text\">A nivel mundial, M\u00e9xico presenta un nivel de estr\u00e9s moderado<\/p><\/div>\n<p>&nbsp;<\/p>\n<p><span data-contrast=\"auto\">En l<\/span><span data-contrast=\"auto\">a variable referente a la condici\u00f3n de aislamiento, <\/span><span data-contrast=\"auto\">el reporte muestra que quienes reportaron estar en aislamiento per<\/span><span data-contrast=\"auto\">ciben mayores niveles de estr\u00e9s<\/span><span data-contrast=\"auto\"> que quienes dijeron seguir su vida sin cambios.<\/span><span data-ccp-props=\"{&quot;335559731&quot;:708}\">\u00a0<\/span><\/p>\n<p><span data-contrast=\"auto\">El informe reporta que \u201cel lidiar con ni\u00f1os durante la cuarentena y la educaci\u00f3n de los hijos no parecen ser una fuente importante de preocupaci\u00f3n. El mayor estresor, la econom\u00eda nacional, coincide con lo encontrado en el reporte de f<\/span><span data-contrast=\"auto\">uentes de estr\u00e9s en Europa<\/span><span data-contrast=\"auto\">\u201d<\/span><span data-contrast=\"auto\">.<\/span><span data-ccp-props=\"{&quot;335559731&quot;:708}\">\u00a0<\/span><\/p>\n<p><span data-contrast=\"auto\">Ante las preguntas que indagaban sobre la preocupaci\u00f3n por las consecuencias del Covid-19,<\/span> <span data-contrast=\"auto\">reportaron una mayor <\/span><span data-contrast=\"auto\">inquietud<\/span><span data-contrast=\"auto\"> por la familia y el futuro del pa\u00eds.<\/span><span data-ccp-props=\"{&quot;335559731&quot;:708}\">\u00a0<\/span><\/p>\n<p><span data-contrast=\"auto\">Asimismo, se present\u00f3 a los participantes una lista de afrontamientos, <\/span><span data-contrast=\"auto\">donde <\/span><span data-contrast=\"auto\">los mexicanos reportaron que las actividades que m\u00e1s les ayudan a lidiar con el estr\u00e9s eran: dedicarse a sus <\/span><i><span data-contrast=\"auto\">hobbies<\/span><\/i><span data-contrast=\"auto\">, interactuar con familia y amigos a distancia, ver televisi\u00f3n y <\/span><span data-contrast=\"auto\">dedicarse a su trabajo. Mientras que la informaci\u00f3n proporcionada por el gobierno, la religi\u00f3n y los videojuegos, ayudan poco.<\/span><span data-ccp-props=\"{&quot;335559731&quot;:708}\">\u00a0<\/span><\/p>\n<p><span data-contrast=\"auto\">En comparaci\u00f3n con el resto del mundo, en M\u00e9xico <\/span><span data-contrast=\"auto\">el estr\u00e9s <\/span><span data-contrast=\"auto\">observa un grado moderado. De los pa\u00edses con m\u00e1s de 500 respuestas a la encuesta, Turqu\u00eda y Brasil muestran niveles de estr\u00e9s m\u00e1s elevado<\/span><span data-contrast=\"auto\">s<\/span><span data-contrast=\"auto\">, mientras que <\/span><span data-contrast=\"auto\">en <\/span><span data-contrast=\"auto\">los Pa\u00edses Bajos su nivel es m\u00e1s bajo.<\/span><span data-ccp-props=\"{&quot;335559731&quot;:708}\">\u00a0<\/span><\/p>\n<p><span data-contrast=\"auto\">En el apartado de confianza en las instituciones<\/span> <span data-contrast=\"auto\">se formularon seis preguntas para explorar la confianza de los participantes en diversas instancias. Los participantes reportaron niveles altos de confianza en la Organizacional Mundial de la Salud (OMS), la confianza en las instituciones mexicanas va d<\/span><span data-contrast=\"auto\">e<\/span><span data-contrast=\"auto\"> media a baja: la Secretar\u00eda de Salud es en la que m\u00e1s conf\u00edan y la polic\u00eda en la que menos <\/span><span data-contrast=\"auto\">lo hacen<\/span><span data-contrast=\"auto\">.<\/span><span data-ccp-props=\"{&quot;335559731&quot;:708}\">\u00a0<\/span><\/p>\n<p><span data-contrast=\"auto\">Respecto a<\/span><span data-contrast=\"auto\">l cumplimiento de las medidas de distanciamiento social impuestas por el gobierno, se reportaron dos reactivos usando una escala del 1 al 6<\/span><span data-contrast=\"auto\">;<\/span><span data-contrast=\"auto\"> se observa que \u201cla mayor\u00eda de las personas encuestadas reportan hacer lo posible por mantenerse fuera del espacio p\u00fablico; si<\/span><span data-contrast=\"auto\">n<\/span><span data-contrast=\"auto\"> embargo, la confianza en el esfuerzo del gobierno para controlar la pandemia est\u00e1 en niveles medios\u201d.<\/span><span data-ccp-props=\"{&quot;335559731&quot;:708}\">\u00a0<\/span><\/p>\n<p><span data-contrast=\"auto\">La encuesta cerrar\u00e1 el pr\u00f3ximo 30 mayo, <\/span><span data-contrast=\"auto\">quienes quieran<\/span><span data-contrast=\"auto\"> participar puede<\/span><span data-contrast=\"auto\">n hacerlo <\/span><span data-contrast=\"auto\">en el enlace <\/span><a href=\"https:\/\/bit.ly\/3bFNOgF\"><span data-contrast=\"none\">https:\/\/bit.ly\/3bFNOgF<\/span><\/a><span data-contrast=\"auto\">.<\/span><span data-ccp-props=\"{&quot;335559731&quot;:708}\">\u00a0<\/span><\/p>\n<p><span data-ccp-props=\"{&quot;335559731&quot;:709}\">\u00a0<\/span><\/p>\n<div id=\"attachment_83854\" style=\"width: 732px\" class=\"wp-caption aligncenter\"><a href=\"https:\/\/www.uv.mx\/prensa\/files\/2020\/05\/180520-PAOLA-Encuesta-CEOA-4.jpg\"><img aria-describedby=\"caption-attachment-83854\" decoding=\"async\" loading=\"lazy\" class=\"size-full wp-image-83854\" src=\"https:\/\/www.uv.mx\/prensa\/files\/2020\/05\/180520-PAOLA-Encuesta-CEOA-4.jpg\" alt=\"\" width=\"722\" height=\"427\" srcset=\"https:\/\/www.uv.mx\/prensa\/files\/2020\/05\/180520-PAOLA-Encuesta-CEOA-4.jpg 722w, https:\/\/www.uv.mx\/prensa\/files\/2020\/05\/180520-PAOLA-Encuesta-CEOA-4-300x177.jpg 300w\" sizes=\"(max-width: 722px) 100vw, 722px\" \/><\/a><p id=\"caption-attachment-83854\" class=\"wp-caption-text\">Las fuentes que generan estr\u00e9s entre los mexicanos<\/p><\/div>\n","protected":false},"excerpt":{"rendered":"<p>Quienes deseen participar en este proyecto, tienen hasta el 30 de mayo para ingresar a https:\/\/bit.ly\/3bFNOgF\u00a0<\/p>\n","protected":false},"author":1869,"featured_media":83851,"comment_status":"closed","ping_status":"closed","sticky":false,"template":"","format":"standard","meta":[],"categories":[1],"tags":[],"_links":{"self":[{"href":"https:\/\/www.uv.mx\/prensa\/wp-json\/wp\/v2\/posts\/83850"}],"collection":[{"href":"https:\/\/www.uv.mx\/prensa\/wp-json\/wp\/v2\/posts"}],"about":[{"href":"https:\/\/www.uv.mx\/prensa\/wp-json\/wp\/v2\/types\/post"}],"author":[{"embeddable":true,"href":"https:\/\/www.uv.mx\/prensa\/wp-json\/wp\/v2\/users\/1869"}],"replies":[{"embeddable":true,"href":"https:\/\/www.uv.mx\/prensa\/wp-json\/wp\/v2\/comments?post=83850"}],"version-history":[{"count":0,"href":"https:\/\/www.uv.mx\/prensa\/wp-json\/wp\/v2\/posts\/83850\/revisions"}],"wp:featuredmedia":[{"embeddable":true,"href":"https:\/\/www.uv.mx\/prensa\/wp-json\/wp\/v2\/media\/83851"}],"wp:attachment":[{"href":"https:\/\/www.uv.mx\/prensa\/wp-json\/wp\/v2\/media?parent=83850"}],"wp:term":[{"taxonomy":"category","embeddable":true,"href":"https:\/\/www.uv.mx\/prensa\/wp-json\/wp\/v2\/categories?post=83850"},{"taxonomy":"post_tag","embeddable":true,"href":"https:\/\/www.uv.mx\/prensa\/wp-json\/wp\/v2\/tags?post=83850"}],"curies":[{"name":"wp","href":"https:\/\/api.w.org\/{rel}","templated":true}]}}