{"id":83890,"date":"2020-05-20T09:31:31","date_gmt":"2020-05-20T14:31:31","guid":{"rendered":"https:\/\/www.uv.mx\/prensa\/?p=83890"},"modified":"2020-05-20T12:36:41","modified_gmt":"2020-05-20T17:36:41","slug":"disminucion-de-actividades-favoreceria-reproduccion-de-especies-marinas","status":"publish","type":"post","link":"https:\/\/www.uv.mx\/prensa\/ciencia\/disminucion-de-actividades-favoreceria-reproduccion-de-especies-marinas\/","title":{"rendered":"Disminuci\u00f3n de actividades favorecer\u00eda reproducci\u00f3n de especies marinas"},"content":{"rendered":"<ul>\n<li data-leveltext=\"\uf0b7\" data-font=\"Symbol\" data-listid=\"2\" data-aria-posinset=\"1\" data-aria-level=\"1\"><i><span data-contrast=\"auto\">Avistamientos<\/span><\/i><i><span data-contrast=\"auto\"> de delfines<\/span><\/i><i><span data-contrast=\"auto\"> en costas veracruzanas podr\u00edan deberse a disminuci\u00f3n de estr\u00e9s <\/span><\/i><i><span data-contrast=\"auto\">provocado por ruido y embarcaciones<\/span><\/i><i><span data-contrast=\"auto\">: <\/span><\/i><i><span data-contrast=\"auto\">Eduardo <\/span><\/i><i><span data-contrast=\"auto\">Morteo<\/span><\/i><i><span data-contrast=\"auto\"> Ortiz, investigador del <\/span><\/i><i><span data-contrast=\"auto\">Instituto de Investigaciones Biol\u00f3gicas<\/span><\/i><span data-ccp-props=\"{&quot;134233279&quot;:true,&quot;201341983&quot;:0,&quot;335559739&quot;:160,&quot;335559740&quot;:240}\">\u00a0<\/span><\/li>\n<li data-leveltext=\"\uf0b7\" data-font=\"Symbol\" data-listid=\"2\" data-aria-posinset=\"2\" data-aria-level=\"1\"><i><span data-contrast=\"auto\">Esto tendr\u00eda un efecto positivo en t\u00e9rminos de reproducci\u00f3n<\/span><\/i><span data-ccp-props=\"{&quot;134233279&quot;:true,&quot;201341983&quot;:0,&quot;335559739&quot;:160,&quot;335559740&quot;:240}\">\u00a0<\/span><\/li>\n<\/ul>\n<div id=\"attachment_83891\" style=\"width: 732px\" class=\"wp-caption aligncenter\"><a href=\"https:\/\/www.uv.mx\/prensa\/files\/2020\/05\/190520-DELFINES-1-100k.jpg\"><img aria-describedby=\"caption-attachment-83891\" decoding=\"async\" loading=\"lazy\" class=\"size-full wp-image-83891\" src=\"https:\/\/www.uv.mx\/prensa\/files\/2020\/05\/190520-DELFINES-1-100k.jpg\" alt=\"Avistamiento de delfines y otras especies marinas han sido frecuentes en costas veracruzanas\" width=\"722\" height=\"480\" srcset=\"https:\/\/www.uv.mx\/prensa\/files\/2020\/05\/190520-DELFINES-1-100k.jpg 722w, https:\/\/www.uv.mx\/prensa\/files\/2020\/05\/190520-DELFINES-1-100k-300x199.jpg 300w\" sizes=\"(max-width: 722px) 100vw, 722px\" \/><\/a><p id=\"caption-attachment-83891\" class=\"wp-caption-text\">Avistamiento de delfines y otras especies marinas han sido frecuentes en costas veracruzanas<\/p><\/div>\n<p><b><i><span data-contrast=\"auto\">Claudia Peralta V\u00e1zquez<\/span><\/i><\/b><span data-ccp-props=\"{&quot;201341983&quot;:0,&quot;335559739&quot;:160,&quot;335559740&quot;:240}\">\u00a0<\/span><\/p>\n<p><b><i><span data-contrast=\"auto\">20<\/span><\/i><\/b><b><i><span data-contrast=\"auto\">\/<\/span><\/i><\/b><b><i><span data-contrast=\"auto\">05<\/span><\/i><\/b><b><i><span data-contrast=\"auto\">\/<\/span><\/i><\/b><b><i><span data-contrast=\"auto\">20<\/span><\/i><\/b><b><i><span data-contrast=\"auto\">20<\/span><\/i><\/b><b><i><span data-contrast=\"auto\">, Xalapa, <\/span><\/i><\/b><b><i><span data-contrast=\"auto\">Ver.-<\/span><\/i><\/b> <span data-contrast=\"auto\">El avistamiento de especies marinas en las costas veracruzanas, especialmente del delf\u00edn<\/span> <span data-contrast=\"auto\">nariz de botella (<\/span><i><span data-contrast=\"auto\">Tursiops<\/span><\/i> <i><span data-contrast=\"auto\">truncatus<\/span><\/i><span data-contrast=\"auto\">)<\/span><span data-contrast=\"auto\">, podr\u00eda obedecer a la disminuci\u00f3n de estr\u00e9s que generalmente les provoca el ruido y <\/span><span data-contrast=\"auto\">el tr\u00e1fico de embarcaciones, lo cual impactar\u00eda positivamente en t\u00e9rminos de reproducci\u00f3n, dio a conocer <\/span><span data-contrast=\"auto\">Eduardo <\/span><span data-contrast=\"auto\">Morteo<\/span><span data-contrast=\"auto\"> Ortiz, investigador del <a href=\"https:\/\/www.uv.mx\/iib\/\" target=\"_blank\" rel=\"noopener noreferrer\">I<\/a><\/span><span data-contrast=\"auto\">nstituto de Investigaciones Biol\u00f3gicas (IIB) de la Universidad Veracruzana (UV),<\/span><span data-ccp-props=\"{&quot;201341983&quot;:0,&quot;335559739&quot;:160,&quot;335559740&quot;:240}\">\u00a0<\/span><\/p>\n<p><span data-contrast=\"auto\">Destac\u00f3 que el decremento gradual o puntual en las actividades humanas<\/span><span data-contrast=\"auto\"> durante esta \u00e9poca de confinamiento por el <\/span><span data-contrast=\"auto\">Covid-19<\/span><span data-contrast=\"auto\">,<\/span><span data-contrast=\"auto\"> ha permitido a estos animales explorar nuevas zonas que ante<\/span><span data-contrast=\"auto\">s <\/span><span data-contrast=\"auto\">no frecuentaban y, donde seguramente, tienen la oportunidad de descansar<\/span><span data-contrast=\"auto\">,<\/span><span data-contrast=\"auto\"> alimentarse<\/span><span data-contrast=\"auto\"> y no ser molestados<\/span><span data-contrast=\"auto\">.<\/span><span data-ccp-props=\"{&quot;201341983&quot;:0,&quot;335559731&quot;:708,&quot;335559739&quot;:160,&quot;335559740&quot;:240}\">\u00a0<\/span><\/p>\n<p><span data-contrast=\"auto\">Por tanto, la reducci\u00f3n de condiciones de estr\u00e9s que normalmente ten\u00edan en su h\u00e1bitat y que coincid\u00eda con las actividades humanas, favorecer\u00eda la reproducci\u00f3n<\/span><span data-contrast=\"auto\"> de especies cuyo periodo de apareamiento es<\/span><span data-contrast=\"auto\"> en<\/span><span data-contrast=\"auto\"> esta temporada.<\/span><span data-ccp-props=\"{&quot;201341983&quot;:0,&quot;335559731&quot;:708,&quot;335559739&quot;:160,&quot;335559740&quot;:240}\">\u00a0<\/span><\/p>\n<p><span data-contrast=\"auto\">Asimismo, no descart\u00f3 la posibilidad de que estos <\/span><span data-contrast=\"auto\">avistamientos contin\u00faen<\/span><span data-contrast=\"auto\"> y cada vez sean m\u00e1s frecuentes.<\/span> <span data-contrast=\"auto\">Sin embargo, una vez que<\/span><span data-contrast=\"auto\"> todo<\/span> <span data-contrast=\"auto\">vuelva a la normalidad, podr\u00eda suceder que<\/span><span data-contrast=\"auto\"> dejen de explorar los sitios donde anteriormente no permanec\u00edan<\/span><span data-contrast=\"auto\">,<\/span><span data-contrast=\"auto\"> o bien aument<\/span><span data-contrast=\"auto\">en<\/span><span data-contrast=\"auto\"> su poblaci\u00f3n <\/span><span data-contrast=\"auto\">e<\/span><span data-contrast=\"auto\"> inva<\/span><span data-contrast=\"auto\">dan<\/span><span data-contrast=\"auto\"> otros <\/span><span data-contrast=\"auto\">espacios.<\/span><span data-ccp-props=\"{&quot;201341983&quot;:0,&quot;335559731&quot;:708,&quot;335559739&quot;:160,&quot;335559740&quot;:240}\">\u00a0<\/span><\/p>\n<p><span data-contrast=\"auto\">E<\/span><span data-contrast=\"auto\">l especialista<\/span><span data-contrast=\"auto\"> en <\/span><span data-contrast=\"auto\">e<\/span><span data-contrast=\"auto\">colog\u00eda <\/span><span data-contrast=\"auto\">m<\/span><span data-contrast=\"auto\">arina y <\/span><span data-contrast=\"auto\">p<\/span><span data-contrast=\"auto\">esquer\u00edas<\/span><span data-contrast=\"auto\"> explic\u00f3 que hay<\/span><span data-contrast=\"auto\"> varios elementos que influ<\/span><span data-contrast=\"auto\">y<\/span><span data-contrast=\"auto\">en<\/span> <span data-contrast=\"auto\">en la distribuci\u00f3n de las especies marinas, <\/span><span data-contrast=\"auto\">sobre todo de mam\u00edferos como <\/span><span data-contrast=\"auto\">tiburones<\/span><span data-contrast=\"auto\">, delfines<\/span><span data-contrast=\"auto\"> y<\/span><span data-contrast=\"auto\"> ballenas, entre otros<\/span><span data-contrast=\"auto\">.<\/span> <span data-contrast=\"auto\">Una de ellas es el tr\u00e1fico de embarcaciones,<\/span><span data-contrast=\"auto\"> pues varios estudios realizados a nivel mundial han arrojado que <\/span><span data-contrast=\"auto\">el tr\u00e1fico impredecible y de embarcaciones menores a alta velocidad<\/span><span data-contrast=\"auto\">,<\/span><span data-contrast=\"auto\"> definitivamente es un elemento que desmotiva a los mam\u00edferos marinos<\/span><span data-contrast=\"auto\"> para ingresar a<\/span><span data-contrast=\"auto\"> algunos sitios.<\/span><span data-ccp-props=\"{&quot;201341983&quot;:0,&quot;335559731&quot;:708,&quot;335559739&quot;:160,&quot;335559740&quot;:240}\">\u00a0<\/span><\/p>\n<p><span data-contrast=\"auto\">Otro aspecto es el ruido<\/span><span data-contrast=\"auto\"> originado por<\/span><span data-contrast=\"auto\"> los motores de las embarcaciones<\/span><span data-contrast=\"auto\"> que, cuando se dispersa por todos lados, <\/span><span data-contrast=\"auto\">se vuelve una cuesti\u00f3n dif\u00edcil de compensar para <\/span><span data-contrast=\"auto\">estos animales.<\/span><span data-contrast=\"auto\"> Al r<\/span><span data-contrast=\"auto\">especto, dio a conocer que cuentan con una serie <\/span><span data-contrast=\"auto\">de grabaciones <\/span><span data-contrast=\"auto\">hechas en dos sitios de estudio: las <\/span><span data-contrast=\"auto\">aguas costeras de Alvarado<\/span><span data-contrast=\"auto\">, y en <\/span><span data-contrast=\"auto\">Sontecom<\/span><span data-contrast=\"auto\">a<\/span><span data-contrast=\"auto\">pa<\/span><span data-contrast=\"auto\">n<\/span><span data-contrast=\"auto\">, en la regi\u00f3n de Los <\/span><span data-contrast=\"auto\">Tuxtlas<\/span><span data-contrast=\"auto\">.<\/span><span data-ccp-props=\"{&quot;201341983&quot;:0,&quot;335559739&quot;:160,&quot;335559740&quot;:240}\">\u00a0<\/span><\/p>\n<p><span data-contrast=\"auto\">E<\/span><span data-contrast=\"auto\">ncontraron que el tr\u00e1fico de embarcaciones es menor en la regi\u00f3n de <\/span><span data-contrast=\"auto\">Sontecomapan<\/span> <span data-contrast=\"auto\">en comparaci\u00f3n con Alvarado, pues siendo<\/span><span data-contrast=\"auto\"> este \u00faltimo<\/span><span data-contrast=\"auto\"> un puerto artesanal y pesquero importante, hay mucha entrada y salida de <\/span><span data-contrast=\"auto\">lanchas<\/span><span data-contrast=\"auto\"> a alta velocidad.<\/span><span data-ccp-props=\"{&quot;201341983&quot;:0,&quot;335559739&quot;:160,&quot;335559740&quot;:240}\">\u00a0<\/span><\/p>\n<p><span data-contrast=\"auto\">Tambi\u00e9n se encontr\u00f3 que hay m\u00e1s <\/span><span data-contrast=\"auto\">delfines<\/span><span data-contrast=\"auto\"> en este puerto que en <\/span><span data-contrast=\"auto\">Sontecomapan<\/span><span data-contrast=\"auto\">,<\/span><span data-contrast=\"auto\"> lo cual tiene que ver con las <\/span><span data-contrast=\"auto\">condiciones del h\u00e1bitat, pues suele haber m\u00e1s comida en Alvarado.<\/span><span data-ccp-props=\"{&quot;201341983&quot;:0,&quot;335559739&quot;:160,&quot;335559740&quot;:240}\">\u00a0<\/span><\/p>\n<p><span data-contrast=\"auto\">De igual forma, en esta zona se apreci\u00f3 que el <\/span><span data-contrast=\"auto\">nivel del sonido que emplean para comunicarse es mucho m\u00e1s alto<\/span><span data-contrast=\"auto\"> y deben <\/span><span data-contrast=\"auto\">subir el volumen de sus vocalizaciones<\/span><span data-contrast=\"auto\">.<\/span> <span data-contrast=\"auto\">\u201cCuando metemos el hidr\u00f3fono para grabar, los delfines de Alvarado gritan, suben el volumen en comparaci\u00f3n con los de <\/span><span data-contrast=\"auto\">Sontecomapan<\/span><span data-contrast=\"auto\">, ellos tienen un volumen m\u00e1s moderado.<\/span><span data-ccp-props=\"{&quot;201341983&quot;:0,&quot;335559739&quot;:160,&quot;335559740&quot;:240}\">\u00a0<\/span><\/p>\n<p><span data-contrast=\"auto\">\u201dA\u00fa<\/span><span data-contrast=\"auto\">n no tenemos comprobaci\u00f3n estad\u00edstica de este <\/span><span data-contrast=\"auto\">fen\u00f3meno,<\/span><span data-contrast=\"auto\"> pero todas las grabaciones apuntan a que el ruido est\u00e1 influyendo en la comunicaci\u00f3n<\/span><span data-contrast=\"auto\">\u201d, agreg\u00f3.<\/span><span data-ccp-props=\"{&quot;201341983&quot;:0,&quot;335559739&quot;:160,&quot;335559740&quot;:240}\">\u00a0<\/span><\/p>\n<p><span data-contrast=\"auto\">Es decir, el sistema de comunicaci\u00f3n, navegaci\u00f3n, incluso las t\u00e9cnicas de caza y forma de comer de l<\/span><span data-contrast=\"auto\">os delfines<\/span><span data-contrast=\"auto\">, <\/span><span data-contrast=\"auto\">est\u00e1 adaptada al sonido.<\/span><span data-ccp-props=\"{&quot;201341983&quot;:0,&quot;335559739&quot;:160,&quot;335559740&quot;:240}\">\u00a0<\/span><\/p>\n<p><span data-contrast=\"auto\">Morteo<\/span><span data-contrast=\"auto\"> Ortiz indic\u00f3 que de noche <\/span><span data-contrast=\"auto\">los delfines desarroll<\/span><span data-contrast=\"auto\">an<\/span><span data-contrast=\"auto\"> un sistema de <\/span><span data-contrast=\"auto\">ecolocalizaci\u00f3n<\/span><span data-contrast=\"auto\"> similar al de los murci\u00e9lagos<\/span><span data-contrast=\"auto\">; <\/span><span data-contrast=\"auto\">emiten un sonido, esperan a que rebote y con eso calculan en d\u00f3nde est\u00e1n, a qu\u00e9 distancia est\u00e1n las cosas<\/span><span data-contrast=\"auto\"> o el alimento<\/span><span data-contrast=\"auto\">, a qu\u00e9 velocidad <\/span><span data-contrast=\"auto\">van<\/span><span data-contrast=\"auto\">, de qu\u00e9 tama\u00f1o son los objetos,<\/span><span data-contrast=\"auto\"> as\u00ed como otros datos.<\/span><\/p>\n<div id=\"attachment_83892\" style=\"width: 732px\" class=\"wp-caption aligncenter\"><a href=\"https:\/\/www.uv.mx\/prensa\/files\/2020\/05\/190520-DELFINES-2-100k.jpg\"><img aria-describedby=\"caption-attachment-83892\" decoding=\"async\" loading=\"lazy\" class=\"size-full wp-image-83892\" src=\"https:\/\/www.uv.mx\/prensa\/files\/2020\/05\/190520-DELFINES-2-100k.jpg\" alt=\"La disminuci\u00f3n del estr\u00e9s provocado por el ruido y tr\u00e1fico de embarcaciones les permite explorar otros sitios\" width=\"722\" height=\"480\" srcset=\"https:\/\/www.uv.mx\/prensa\/files\/2020\/05\/190520-DELFINES-2-100k.jpg 722w, https:\/\/www.uv.mx\/prensa\/files\/2020\/05\/190520-DELFINES-2-100k-300x199.jpg 300w\" sizes=\"(max-width: 722px) 100vw, 722px\" \/><\/a><p id=\"caption-attachment-83892\" class=\"wp-caption-text\">La disminuci\u00f3n del estr\u00e9s provocado por el ruido y tr\u00e1fico de embarcaciones les permite explorar otros sitios<\/p><\/div>\n<p><span data-contrast=\"auto\">\u201c<\/span><span data-contrast=\"auto\">Para los delfines es muy importante este sistema de comunicaci\u00f3n y de sonido para cazar, orientarse y comunicarse entre ellos<\/span><span data-contrast=\"auto\">.\u201d<\/span><span data-ccp-props=\"{&quot;201341983&quot;:0,&quot;335559731&quot;:708,&quot;335559739&quot;:160,&quot;335559740&quot;:240}\">\u00a0<\/span><\/p>\n<p><span data-contrast=\"auto\">Asimismo, <\/span><span data-contrast=\"auto\">refiri\u00f3<\/span><span data-contrast=\"auto\"> que, para<\/span><span data-contrast=\"auto\"> los especialistas de la vida marina, es necesario llevar un registro continuo y detallado de la din\u00e1mica poblacional de la especie m\u00e1s com\u00fan que<\/span><span data-contrast=\"auto\"> existe en Veracruz, que es <\/span><span data-contrast=\"auto\">el<\/span> <span data-contrast=\"auto\">delf<\/span><span data-contrast=\"auto\">\u00edn<\/span><span data-contrast=\"auto\"> nariz de botella o toninas<\/span><span data-contrast=\"auto\">.<\/span><span data-ccp-props=\"{&quot;201341983&quot;:0,&quot;335559731&quot;:708,&quot;335559739&quot;:160,&quot;335559740&quot;:240}\">\u00a0<\/span><\/p>\n<p><span data-contrast=\"auto\">Entre 2006 y 2010, en zonas de <\/span><span data-contrast=\"auto\">Alvarado<\/span><span data-contrast=\"auto\">, <\/span><span data-contrast=\"auto\">Veracruz<\/span><span data-contrast=\"auto\"> y<\/span><span data-contrast=\"auto\"> Boca del R\u00edo<\/span><span data-contrast=\"auto\">, se document\u00f3 un efecto <\/span><span data-contrast=\"auto\">de disminuci\u00f3n en el n\u00famero de animales presentes<\/span><span data-contrast=\"auto\"> y de sus <\/span><span data-contrast=\"auto\">condiciones<\/span><span data-contrast=\"auto\">, sobre todo en el primer puerto.<\/span><span data-ccp-props=\"{&quot;201341983&quot;:0,&quot;335559731&quot;:708,&quot;335559739&quot;:160,&quot;335559740&quot;:240}\">\u00a0<\/span><\/p>\n<p><span data-contrast=\"auto\">Esto fue a trav\u00e9s de un proyecto de <\/span><span data-contrast=\"auto\">investigaci\u00f3n de <\/span><span data-contrast=\"auto\">una alumna de la Facultad de Biolog\u00eda<\/span><span data-contrast=\"auto\">,<\/span><span data-contrast=\"auto\"> qu<\/span><span data-contrast=\"auto\">ien estudi\u00f3 la <\/span><span data-contrast=\"auto\">condici\u00f3n corporal<\/span><span data-contrast=\"auto\"> por medio de<\/span><span data-contrast=\"auto\"> fotograf\u00edas<\/span><span data-contrast=\"auto\"> y encontr\u00f3 gran proporci\u00f3n de <\/span><span data-contrast=\"auto\">animales flacos.<\/span> <span data-contrast=\"auto\">Otro estudiante de <\/span><span data-contrast=\"auto\">posgrado determin\u00f3 que<\/span><span data-contrast=\"auto\"> cada vez hab\u00eda menos delfines residentes<\/span><span data-contrast=\"auto\">.<\/span><span data-ccp-props=\"{&quot;201341983&quot;:0,&quot;335559731&quot;:708,&quot;335559739&quot;:160,&quot;335559740&quot;:240}\">\u00a0<\/span><\/p>\n<p><span data-contrast=\"auto\">Ambos aspectos<\/span><span data-contrast=\"auto\"> los llevaron a pensar que <\/span><span data-contrast=\"auto\">las condiciones del sitio <\/span><span data-contrast=\"auto\">hab\u00edan empeorado<\/span><span data-contrast=\"auto\">. Por tanto, se empezaron a hacer evaluaciones sobre la captura pesquera<\/span><span data-contrast=\"auto\">,<\/span><span data-contrast=\"auto\"> y los estudios del Instituto Nacional de Pesca confirmaron esta tendencia.<\/span><span data-ccp-props=\"{&quot;201341983&quot;:0,&quot;335559731&quot;:708,&quot;335559739&quot;:160,&quot;335559740&quot;:240}\">\u00a0<\/span><\/p>\n<p><span data-contrast=\"auto\">Posteriormente, en<\/span><span data-contrast=\"auto\"> 2016 <\/span><span data-contrast=\"auto\">la investigaci\u00f3n fue retomada y actualmente se tienen datos <\/span><span data-contrast=\"auto\">cont<\/span><span data-contrast=\"auto\">inuos de <\/span><span data-contrast=\"auto\">esa poblaci\u00f3n<\/span><span data-contrast=\"auto\"> hasta 2020.<\/span><span data-ccp-props=\"{&quot;201341983&quot;:0,&quot;335559731&quot;:708,&quot;335559739&quot;:160,&quot;335559740&quot;:240}\">\u00a0<\/span><\/p>\n<p><span data-contrast=\"auto\">Eduardo <\/span><span data-contrast=\"auto\">Morteo<\/span><span data-contrast=\"auto\"> dijo que una vez que se retomen las actividades laborales, esperan analizar la <\/span><span data-contrast=\"auto\">informaci\u00f3n<\/span><span data-contrast=\"auto\"> m\u00e1s reciente<\/span><span data-contrast=\"auto\"> y ver si se recuper\u00f3 la poblaci\u00f3n o si <\/span><span data-contrast=\"auto\">la tendencia <\/span><span data-contrast=\"auto\">contin\u00faa a la baja, sobre todo despu\u00e9s de<\/span><span data-contrast=\"auto\"> la contingencia<\/span><span data-contrast=\"auto\">.<\/span><span data-ccp-props=\"{&quot;201341983&quot;:0,&quot;335559731&quot;:708,&quot;335559739&quot;:160,&quot;335559740&quot;:240}\">\u00a0<\/span><\/p>\n<p><span data-contrast=\"auto\">\u201cS<\/span><span data-contrast=\"auto\">er\u00e1 interesante estudiar si hubo alg\u00fan efecto de esta cuarentena para las poblaciones de animales que estamos estudiando<\/span><span data-contrast=\"auto\">.<\/span><span data-contrast=\"auto\">\u201d<\/span><span data-ccp-props=\"{&quot;201341983&quot;:0,&quot;335559731&quot;:708,&quot;335559739&quot;:160,&quot;335559740&quot;:240}\">\u00a0<\/span><\/p>\n<p><span data-contrast=\"auto\">Destac\u00f3 que todos estos estudios y an\u00e1lisis los han desarrollado a trav\u00e9s del <\/span><span data-contrast=\"auto\">Laboratorio de Mam\u00edferos Marinos del IIB, <\/span><span data-contrast=\"auto\">en colaboraci\u00f3n <\/span><span data-contrast=\"auto\">con el<\/span><span data-contrast=\"auto\"> Instituto de Ciencias Marinas y Pesquer\u00edas<\/span> <span data-contrast=\"auto\">de la UV.<\/span><span data-ccp-props=\"{&quot;201341983&quot;:0,&quot;335559731&quot;:708,&quot;335559739&quot;:160,&quot;335559740&quot;:240}\">\u00a0<\/span><\/p>\n<p><span data-contrast=\"auto\">Particularmente, los de<\/span><span data-contrast=\"auto\"> Alvarado,<\/span><span data-contrast=\"auto\"> datan <\/span><span data-contrast=\"auto\">de<\/span><span data-contrast=\"auto\"> 2002-2003,<\/span> <span data-contrast=\"auto\">2006-2010 y 2016-2020. Mientras que los de <\/span><span data-contrast=\"auto\">Sontecomapan<\/span><span data-contrast=\"auto\"> iniciaron en 2018, con el apoyo del<\/span><span data-contrast=\"auto\"> bi\u00f3logo Chris<\/span><span data-contrast=\"auto\">tian Vargas<\/span><span data-contrast=\"auto\">,<\/span><span data-contrast=\"auto\"> de<\/span><span data-contrast=\"auto\"> la organizaci\u00f3n Regenerando <\/span><span data-contrast=\"auto\">N<\/span><span data-contrast=\"auto\">uestro <\/span><span data-contrast=\"auto\">E<\/span><span data-contrast=\"auto\">ntorno<\/span><span data-contrast=\"auto\">,<\/span><span data-contrast=\"auto\"> A.C<\/span><span data-contrast=\"auto\">.<\/span><span data-ccp-props=\"{&quot;201341983&quot;:0,&quot;335559731&quot;:708,&quot;335559739&quot;:160,&quot;335559740&quot;:240}\">\u00a0<\/span><\/p>\n<p><span data-contrast=\"auto\">Tambi\u00e9n, se ha contado con el<\/span><span data-contrast=\"auto\"> financiamiento del Consejo Nacional de Ciencia y Tecnolog\u00eda (<\/span><i><span data-contrast=\"auto\">Conacyt<\/span><\/i><span data-contrast=\"auto\">) y del Acuario de Veracruz<\/span><span data-contrast=\"auto\">.<\/span><span data-ccp-props=\"{&quot;201341983&quot;:0,&quot;335559731&quot;:708,&quot;335559739&quot;:160,&quot;335559740&quot;:240}\">\u00a0<\/span><\/p>\n<p><span data-contrast=\"auto\">Sobresale la <\/span><span data-contrast=\"auto\">colaboraci\u00f3n de otras instituciones, entre ellas: <\/span><span data-contrast=\"auto\">la Universidad Nacional Aut\u00f3noma de M\u00e9xico, del<\/span> <span data-contrast=\"auto\">Centro de Investigaci\u00f3n Cient\u00edfica y de Educaci\u00f3n Superior de Ensenada<\/span> <span data-contrast=\"auto\">y<\/span><span data-contrast=\"auto\"> de la Universidad Aut\u00f3noma de Campeche<\/span><span data-contrast=\"auto\">.<\/span><\/p>\n<div id=\"attachment_83893\" style=\"width: 732px\" class=\"wp-caption aligncenter\"><a href=\"https:\/\/www.uv.mx\/prensa\/files\/2020\/05\/190520-DELFINES-3-100k.jpg\"><img aria-describedby=\"caption-attachment-83893\" decoding=\"async\" loading=\"lazy\" class=\"size-full wp-image-83893\" src=\"https:\/\/www.uv.mx\/prensa\/files\/2020\/05\/190520-DELFINES-3-100k.jpg\" alt=\"Decremento de actividades humanas por la pandemia podr\u00eda impactar positivamente en t\u00e9rminos reproductivos\" width=\"722\" height=\"480\" srcset=\"https:\/\/www.uv.mx\/prensa\/files\/2020\/05\/190520-DELFINES-3-100k.jpg 722w, https:\/\/www.uv.mx\/prensa\/files\/2020\/05\/190520-DELFINES-3-100k-300x199.jpg 300w\" sizes=\"(max-width: 722px) 100vw, 722px\" \/><\/a><p id=\"caption-attachment-83893\" class=\"wp-caption-text\">Decremento de actividades humanas por la pandemia podr\u00eda impactar positivamente en t\u00e9rminos reproductivos<\/p><\/div>\n","protected":false},"excerpt":{"rendered":"<p>Avistamientos de delfines en costas veracruzanas podr\u00edan deberse a disminuci\u00f3n de estr\u00e9s provocado por ruido y embarcaciones<\/p>\n","protected":false},"author":1775,"featured_media":83891,"comment_status":"closed","ping_status":"closed","sticky":false,"template":"","format":"standard","meta":[],"categories":[45],"tags":[],"_links":{"self":[{"href":"https:\/\/www.uv.mx\/prensa\/wp-json\/wp\/v2\/posts\/83890"}],"collection":[{"href":"https:\/\/www.uv.mx\/prensa\/wp-json\/wp\/v2\/posts"}],"about":[{"href":"https:\/\/www.uv.mx\/prensa\/wp-json\/wp\/v2\/types\/post"}],"author":[{"embeddable":true,"href":"https:\/\/www.uv.mx\/prensa\/wp-json\/wp\/v2\/users\/1775"}],"replies":[{"embeddable":true,"href":"https:\/\/www.uv.mx\/prensa\/wp-json\/wp\/v2\/comments?post=83890"}],"version-history":[{"count":0,"href":"https:\/\/www.uv.mx\/prensa\/wp-json\/wp\/v2\/posts\/83890\/revisions"}],"wp:featuredmedia":[{"embeddable":true,"href":"https:\/\/www.uv.mx\/prensa\/wp-json\/wp\/v2\/media\/83891"}],"wp:attachment":[{"href":"https:\/\/www.uv.mx\/prensa\/wp-json\/wp\/v2\/media?parent=83890"}],"wp:term":[{"taxonomy":"category","embeddable":true,"href":"https:\/\/www.uv.mx\/prensa\/wp-json\/wp\/v2\/categories?post=83890"},{"taxonomy":"post_tag","embeddable":true,"href":"https:\/\/www.uv.mx\/prensa\/wp-json\/wp\/v2\/tags?post=83890"}],"curies":[{"name":"wp","href":"https:\/\/api.w.org\/{rel}","templated":true}]}}