{"id":83900,"date":"2020-05-20T10:28:55","date_gmt":"2020-05-20T15:28:55","guid":{"rendered":"https:\/\/www.uv.mx\/prensa\/?p=83900"},"modified":"2020-05-20T12:33:23","modified_gmt":"2020-05-20T17:33:23","slug":"covid-19-evidencio-carencias-en-planeacion-del-habitat","status":"publish","type":"post","link":"https:\/\/www.uv.mx\/prensa\/general\/covid-19-evidencio-carencias-en-planeacion-del-habitat\/","title":{"rendered":"Covid-19 evidenci\u00f3 carencias en planeaci\u00f3n del h\u00e1bitat"},"content":{"rendered":"<ul>\n<li data-leveltext=\"\uf0b7\" data-font=\"Symbol\" data-listid=\"5\" data-aria-posinset=\"1\" data-aria-level=\"1\"><i><span data-contrast=\"auto\">Acad\u00e9micos de Arquitectura <\/span><\/i><i><span data-contrast=\"auto\">moderaron <\/span><\/i><i><span data-contrast=\"auto\">el <\/span><\/i><i><span data-contrast=\"auto\">F<\/span><\/i><i><span data-contrast=\"auto\">oro <\/span><\/i><i><span data-contrast=\"auto\">V<\/span><\/i><i><span data-contrast=\"auto\">irtual \u201cEl h\u00e1bitat desde los impactos del Covid-19 en los pa\u00edses de Am\u00e9rica Latina\u201d<\/span><\/i><i><span data-contrast=\"auto\">, en el que participaron profesionistas de<\/span><\/i><i><span data-contrast=\"auto\"> cinco i<\/span><\/i><i><span data-contrast=\"auto\">nstituciones de <\/span><\/i><i><span data-contrast=\"auto\">e<\/span><\/i><i><span data-contrast=\"auto\">ducaci\u00f3n <\/span><\/i><i><span data-contrast=\"auto\">s<\/span><\/i><i><span data-contrast=\"auto\">uperior<\/span><\/i><\/li>\n<\/ul>\n<div id=\"attachment_83901\" style=\"width: 492px\" class=\"wp-caption aligncenter\"><a href=\"https:\/\/www.uv.mx\/prensa\/files\/2020\/05\/200520-Bertha-Lilia-Salazar-100k.jpg\"><img aria-describedby=\"caption-attachment-83901\" decoding=\"async\" loading=\"lazy\" class=\"size-full wp-image-83901\" src=\"https:\/\/www.uv.mx\/prensa\/files\/2020\/05\/200520-Bertha-Lilia-Salazar-100k.jpg\" alt=\"Bertha Lilia Salazar Mart\u00ednez \" width=\"482\" height=\"722\" srcset=\"https:\/\/www.uv.mx\/prensa\/files\/2020\/05\/200520-Bertha-Lilia-Salazar-100k.jpg 482w, https:\/\/www.uv.mx\/prensa\/files\/2020\/05\/200520-Bertha-Lilia-Salazar-100k-200x300.jpg 200w\" sizes=\"(max-width: 482px) 100vw, 482px\" \/><\/a><p id=\"caption-attachment-83901\" class=\"wp-caption-text\">Bertha Lilia Salazar Mart\u00ednez<\/p><\/div>\n<blockquote><p><span data-contrast=\"auto\">La crisis sanitaria evidenci\u00f3 que las viviendas necesitan ser algo m\u00e1s que espacios para comer, descansar y dormir, y que requieren adecuaciones que les permitan servir como centros de trabajo o, incluso, de aislamiento para personas enfermas<\/span><\/p><\/blockquote>\n<p><b><i><span data-contrast=\"auto\">Carlos Hugo Hermida Rosales<\/span><\/i><\/b><span data-ccp-props=\"{}\">\u00a0<\/span><\/p>\n<p><b><i><span data-contrast=\"auto\">20<\/span><\/i><\/b><b><i><span data-contrast=\"auto\">\/05\/<\/span><\/i><\/b><b><i><span data-contrast=\"auto\">2020<\/span><\/i><\/b><b><i><span data-contrast=\"auto\">,<\/span><\/i><\/b> <b><i><span data-contrast=\"auto\">Xalapa, <\/span><\/i><\/b><b><i><span data-contrast=\"auto\">Ver.<\/span><\/i><\/b><b><i><span data-contrast=\"auto\">&#8211;<\/span><\/i><\/b> <span data-contrast=\"auto\">Bertha Lilia Salazar Mart\u00ednez y <\/span><span data-contrast=\"auto\">Luis Arturo V\u00e1zquez Honorato<\/span><span data-contrast=\"auto\">, <\/span><span data-contrast=\"auto\">catedr\u00e1ticos miembros del <\/span><span data-contrast=\"auto\">c<\/span><span data-contrast=\"auto\">uerpo <\/span><span data-contrast=\"auto\">a<\/span><span data-contrast=\"auto\">cad\u00e9mico <\/span><span data-contrast=\"auto\">(CA) <\/span><span data-contrast=\"auto\">Cultura del H\u00e1bitat<\/span><span data-contrast=\"auto\">,<\/span><span data-contrast=\"auto\"> de la <a href=\"https:\/\/www.uv.mx\/arquitectura\/\" target=\"_blank\" rel=\"noopener noreferrer\">Facultad de Arquitectura<\/a> de la Universidad Veracruzana (UV)<\/span><span data-contrast=\"auto\">, fungieron como moderadores del <\/span><span data-contrast=\"auto\">F<\/span><span data-contrast=\"auto\">oro<\/span> <span data-contrast=\"auto\">V<\/span><span data-contrast=\"auto\">irtual \u201cEl h\u00e1bitat desde los impactos del Covid-19 en los pa\u00edses de Am\u00e9rica Latina\u201d, que se llev\u00f3 a cabo<\/span> <span data-contrast=\"auto\">a trav\u00e9s de la aplicaci\u00f3n <\/span><i><span data-contrast=\"auto\">Zoom<\/span><\/i><span data-contrast=\"auto\">.<\/span><span data-ccp-props=\"{}\">\u00a0<\/span><\/p>\n<p><span data-contrast=\"auto\">Est<\/span><span data-contrast=\"auto\">e evento<\/span><span data-contrast=\"auto\">,<\/span><span data-contrast=\"auto\"> par<\/span><span data-contrast=\"auto\">a cuya organizaci\u00f3n lo<\/span><span data-contrast=\"auto\">s docentes tuvieron el apoyo de la Red Universitaria <\/span><span data-contrast=\"auto\">Latinoamericana <\/span><span data-contrast=\"auto\">de C\u00e1tedras de Vivienda<\/span><span data-contrast=\"auto\"> (<\/span><i><span data-contrast=\"auto\">Ulacav<\/span><\/i><span data-contrast=\"auto\">), <\/span><span data-contrast=\"auto\">cont\u00f3 con la participaci\u00f3n de Rub\u00e9n Sep\u00falveda<\/span><span data-contrast=\"auto\">,<\/span><span data-contrast=\"auto\"> de la Universidad de Chile; Mart\u00edn Motta, de<\/span><span data-contrast=\"auto\"> la Universidad de Buenos Aires,<\/span><span data-contrast=\"auto\"> y <\/span><span data-contrast=\"auto\">Danielle<\/span><span data-contrast=\"auto\"> de Rocha y Fabiano <\/span><span data-contrast=\"auto\">Diniz<\/span><span data-contrast=\"auto\">, de la Universidad Federal de Pernambuco, Brasil.<\/span><span data-ccp-props=\"{&quot;335559731&quot;:708}\">\u00a0<\/span><\/p>\n<p><span data-contrast=\"auto\">Adem\u00e1s de Marta Giro<\/span><span data-contrast=\"auto\">,<\/span><span data-contrast=\"auto\"> de la Universidad Nacional del Nordeste, Argentina<\/span><span data-contrast=\"auto\">,<\/span><span data-contrast=\"auto\"> y Mart\u00edn <\/span><span data-contrast=\"auto\">Zalazar<\/span><span data-contrast=\"auto\">, de la Univ<\/span><span data-contrast=\"auto\">ersidad del Congreso, Argentina.<\/span> <span data-contrast=\"auto\">L<\/span><span data-contrast=\"auto\">a asistencia fue de alrededor de 70 participantes nativos de Argentina, Brasil, Chile y M\u00e9xico.\u00a0<\/span><span data-ccp-props=\"{&quot;335559731&quot;:708}\">\u00a0<\/span><\/p>\n<p><span data-contrast=\"auto\">V\u00e1zquez Honorato <\/span><span data-contrast=\"auto\">mencion\u00f3 que <\/span><span data-contrast=\"auto\">a trav\u00e9s de <\/span><span data-contrast=\"auto\">este foro <\/span><span data-contrast=\"auto\">se <\/span><span data-contrast=\"auto\">vincular<\/span><span data-contrast=\"auto\">on<\/span> <span data-contrast=\"auto\">\u2013<\/span><span data-contrast=\"auto\">desde diferentes enfoques de los pa\u00edses <\/span><span data-contrast=\"auto\">latinoamericanos<\/span><span data-contrast=\"auto\">\u2013 <\/span><span data-contrast=\"auto\">los procesos generados en relaci\u00f3n al h\u00e1bitat en medio de la pandemia de Covid-19.\u00a0<\/span><\/p>\n<div id=\"attachment_23526\" style=\"width: 732px\" class=\"wp-caption aligncenter\"><a href=\"https:\/\/www.uv.mx\/prensa\/files\/2017\/03\/Doctorado-Arquitectura-170317.jpg\"><img aria-describedby=\"caption-attachment-23526\" decoding=\"async\" loading=\"lazy\" class=\"size-full wp-image-23526\" src=\"https:\/\/www.uv.mx\/prensa\/files\/2017\/03\/Doctorado-Arquitectura-170317.jpg\" alt=\"Luis Arturo V\u00e1zquez Honorato \" width=\"722\" height=\"482\" srcset=\"https:\/\/www.uv.mx\/prensa\/files\/2017\/03\/Doctorado-Arquitectura-170317.jpg 722w, https:\/\/www.uv.mx\/prensa\/files\/2017\/03\/Doctorado-Arquitectura-170317-300x200.jpg 300w\" sizes=\"(max-width: 722px) 100vw, 722px\" \/><\/a><p id=\"caption-attachment-23526\" class=\"wp-caption-text\">Luis Arturo V\u00e1zquez Honorato<\/p><\/div>\n<p>&nbsp;<\/p>\n<p><span data-contrast=\"auto\">\u201cSe busc\u00f3 regular situaciones, as\u00ed como el que los est<\/span><span data-contrast=\"auto\">udiantes y profesionales de la a<\/span><span data-contrast=\"auto\">rquitectura conocieran lo que ocurre en otros pa\u00edses<\/span><span data-contrast=\"auto\">,<\/span><span data-contrast=\"auto\"> y<\/span><span data-contrast=\"auto\"> la forma en que responden a los problemas relacionados con el h\u00e1bitat residencial\u201d, puntualiz\u00f3.<\/span><span data-contrast=\"auto\">\u00a0<\/span><span data-ccp-props=\"{&quot;335559731&quot;:708}\">\u00a0<\/span><\/p>\n<p><span data-contrast=\"auto\">Coment\u00f3 que <\/span><span data-contrast=\"auto\">la crisis sanitaria provocada por el Covid-19 evidenci\u00f3 que las viviendas necesitan ser algo m\u00e1s que espacios para comer, descansar y dormir, y que <\/span><span data-contrast=\"auto\">requieren <\/span><span data-contrast=\"auto\">adecuaciones <\/span><span data-contrast=\"auto\">que les<\/span> <span data-contrast=\"auto\">permitan servir como centros de trabajo<\/span> <span data-contrast=\"auto\">o<\/span><span data-contrast=\"auto\">,<\/span><span data-contrast=\"auto\"> incluso<\/span><span data-contrast=\"auto\">,<\/span><span data-contrast=\"auto\"> de aislamiento para personas enfermas.<\/span><span data-ccp-props=\"{&quot;335559731&quot;:708}\">\u00a0<\/span><\/p>\n<p><span data-contrast=\"auto\">A<\/span><span data-contrast=\"auto\">dem\u00e1s de dar pie para replantear la forma en que se trabaja el interior de las viviendas,<\/span><span data-contrast=\"auto\"> la pandemia<\/span><span data-contrast=\"auto\"> tambi\u00e9n lo hace para analizar la planeaci\u00f3n de los espacios p\u00fablicos, ya que no responden adecuadamente a las necesidades sanitarias que se requieren para afrontar pandemias.<\/span><span data-ccp-props=\"{&quot;335559731&quot;:708}\">\u00a0<\/span><\/p>\n<p><span data-contrast=\"auto\">Enfatiz\u00f3 que es indispensable encontrar una soluci\u00f3n a estas situaciones que afectan en mayor medida a la poblaci\u00f3n de escasos recursos, que tienen m\u00e1s dificultades para resguardarse adecuadamente.\u00a0<\/span><span data-ccp-props=\"{&quot;335559731&quot;:708}\">\u00a0<\/span><\/p>\n<p><span data-contrast=\"auto\">Bertha Salazar mencion\u00f3 que los estudiantes de Arquitectura deben ver hacia el futuro y hacer conciencia sobre la necesidad de vivienda digna de gran parte de la poblaci\u00f3n, que al no contar con ella <\/span><span data-contrast=\"auto\">est\u00e1<\/span><span data-contrast=\"auto\"> expuesta a muchas adversidades<\/span><span data-contrast=\"auto\">,<\/span><span data-contrast=\"auto\"> entre las que se encuentra el contagio de enfermedades.\u00a0<\/span><span data-ccp-props=\"{&quot;335559731&quot;:708}\">\u00a0<\/span><\/p>\n<p><span data-contrast=\"auto\">\u201cLa situaci\u00f3n negativa actual producida por la pandemia de Covid-19 nos ha sacudido a todos, y ha demostrado que es fundamental que los profesionales de la <\/span><span data-contrast=\"auto\">arquitectura piensen c\u00f3<\/span><span data-contrast=\"auto\">mo pueden proteger a los grupos vulnerables de la sociedad\u201d,<\/span> <span data-contrast=\"auto\">asever\u00f3.<\/span><\/p>\n","protected":false},"excerpt":{"rendered":"<p>Acad\u00e9micos de Arquitectura moderaron el Foro Virtual \u201cEl h\u00e1bitat desde los impactos del Covid-19 en los pa\u00edses de Am\u00e9rica Latina\u201d<\/p>\n","protected":false},"author":1775,"featured_media":83901,"comment_status":"closed","ping_status":"closed","sticky":false,"template":"","format":"standard","meta":[],"categories":[1],"tags":[],"_links":{"self":[{"href":"https:\/\/www.uv.mx\/prensa\/wp-json\/wp\/v2\/posts\/83900"}],"collection":[{"href":"https:\/\/www.uv.mx\/prensa\/wp-json\/wp\/v2\/posts"}],"about":[{"href":"https:\/\/www.uv.mx\/prensa\/wp-json\/wp\/v2\/types\/post"}],"author":[{"embeddable":true,"href":"https:\/\/www.uv.mx\/prensa\/wp-json\/wp\/v2\/users\/1775"}],"replies":[{"embeddable":true,"href":"https:\/\/www.uv.mx\/prensa\/wp-json\/wp\/v2\/comments?post=83900"}],"version-history":[{"count":0,"href":"https:\/\/www.uv.mx\/prensa\/wp-json\/wp\/v2\/posts\/83900\/revisions"}],"wp:featuredmedia":[{"embeddable":true,"href":"https:\/\/www.uv.mx\/prensa\/wp-json\/wp\/v2\/media\/83901"}],"wp:attachment":[{"href":"https:\/\/www.uv.mx\/prensa\/wp-json\/wp\/v2\/media?parent=83900"}],"wp:term":[{"taxonomy":"category","embeddable":true,"href":"https:\/\/www.uv.mx\/prensa\/wp-json\/wp\/v2\/categories?post=83900"},{"taxonomy":"post_tag","embeddable":true,"href":"https:\/\/www.uv.mx\/prensa\/wp-json\/wp\/v2\/tags?post=83900"}],"curies":[{"name":"wp","href":"https:\/\/api.w.org\/{rel}","templated":true}]}}