{"id":83937,"date":"2020-05-21T10:55:32","date_gmt":"2020-05-21T15:55:32","guid":{"rendered":"https:\/\/www.uv.mx\/prensa\/?p=83937"},"modified":"2020-05-25T08:52:52","modified_gmt":"2020-05-25T13:52:52","slug":"proyecto-tardes-de-ciencia-continuara-durante-junio-y-julio","status":"publish","type":"post","link":"https:\/\/www.uv.mx\/prensa\/ciencia\/proyecto-tardes-de-ciencia-continuara-durante-junio-y-julio\/","title":{"rendered":"Proyecto Tardes de Ciencia continuar\u00e1 durante junio y julio\u00a0"},"content":{"rendered":"<ul>\n<li data-leveltext=\"\uf0b7\" data-font=\"Symbol\" data-listid=\"1\" data-aria-posinset=\"1\" data-aria-level=\"1\"><i><span data-contrast=\"auto\">A<\/span><\/i><i><span data-contrast=\"auto\">cad\u00e9micos e investigadores de la U<\/span><\/i><i><span data-contrast=\"auto\">V <\/span><\/i><i><span data-contrast=\"auto\">se han sumado a este proyecto impulsado por la D<\/span><\/i><i><span data-contrast=\"auto\">irecci\u00f3n <\/span><\/i><i><span data-contrast=\"auto\">G<\/span><\/i><i><span data-contrast=\"auto\">eneral de <\/span><\/i><i><span data-contrast=\"auto\">I<\/span><\/i><i><span data-contrast=\"auto\">nvestigaciones<\/span><\/i><span data-ccp-props=\"{&quot;134233279&quot;:true,&quot;201341983&quot;:0,&quot;335559739&quot;:160,&quot;335559740&quot;:240}\">\u00a0<\/span><\/li>\n<li data-leveltext=\"\uf0b7\" data-font=\"Symbol\" data-listid=\"1\" data-aria-posinset=\"2\" data-aria-level=\"1\"><i><span data-contrast=\"auto\">El prop\u00f3sito es divulgar y transmitir el conocimiento a la poblaci\u00f3n en general durante este periodo de confinamiento<\/span><\/i><span data-ccp-props=\"{&quot;134233279&quot;:true,&quot;201341983&quot;:0,&quot;335559739&quot;:160,&quot;335559740&quot;:240}\">\u00a0<\/span><\/li>\n<\/ul>\n<p><span data-ccp-props=\"{&quot;201341983&quot;:0,&quot;335559739&quot;:160,&quot;335559740&quot;:240}\">\u00a0<\/span><\/p>\n<div id=\"attachment_82805\" style=\"width: 732px\" class=\"wp-caption aligncenter\"><a href=\"https:\/\/www.uv.mx\/prensa\/files\/2020\/04\/170420-TARDES-DE-CIENCIA-UV-1-100k.jpg\"><img aria-describedby=\"caption-attachment-82805\" decoding=\"async\" loading=\"lazy\" class=\"wp-image-82805 size-full\" src=\"https:\/\/www.uv.mx\/prensa\/files\/2020\/04\/170420-TARDES-DE-CIENCIA-UV-1-100k.jpg\" alt=\"\" width=\"722\" height=\"248\" srcset=\"https:\/\/www.uv.mx\/prensa\/files\/2020\/04\/170420-TARDES-DE-CIENCIA-UV-1-100k.jpg 722w, https:\/\/www.uv.mx\/prensa\/files\/2020\/04\/170420-TARDES-DE-CIENCIA-UV-1-100k-300x103.jpg 300w\" sizes=\"(max-width: 722px) 100vw, 722px\" \/><\/a><p id=\"caption-attachment-82805\" class=\"wp-caption-text\">La cita es los martes y viernes a las 17:00 horas, a trav\u00e9s de https:\/\/meetingsamer8.webex.com\/meet\/tardesdecienciauv<\/p><\/div>\n<p><span data-ccp-props=\"{&quot;201341983&quot;:0,&quot;335559739&quot;:160,&quot;335559740&quot;:240}\">\u00a0<\/span><\/p>\n<p><span data-ccp-props=\"{&quot;201341983&quot;:0,&quot;335559739&quot;:160,&quot;335559740&quot;:240}\">\u00a0<\/span><\/p>\n<p><b><i><span data-contrast=\"auto\">Claudia <\/span><\/i><\/b><b><i><span data-contrast=\"auto\">Peralta V\u00e1zquez<\/span><\/i><\/b><span data-ccp-props=\"{&quot;201341983&quot;:0,&quot;335559739&quot;:160,&quot;335559740&quot;:240}\">\u00a0<\/span><\/p>\n<p><b><i><span data-contrast=\"auto\">2<\/span><\/i><\/b><b><i><span data-contrast=\"auto\">1<\/span><\/i><\/b><b><i><span data-contrast=\"auto\">\/<\/span><\/i><\/b><b><i><span data-contrast=\"auto\">05<\/span><\/i><\/b><b><i><span data-contrast=\"auto\">\/<\/span><\/i><\/b><b><i><span data-contrast=\"auto\">20<\/span><\/i><\/b><b><i><span data-contrast=\"auto\">20<\/span><\/i><\/b><b><i><span data-contrast=\"auto\">, Xalapa, <\/span><\/i><\/b><b><i><span data-contrast=\"auto\">Ver.-<\/span><\/i><\/b> <span data-contrast=\"auto\">Las charlas virtuales de <\/span><span data-contrast=\"auto\">Tardes de <\/span><span data-contrast=\"auto\">Ciencia<\/span><span data-contrast=\"auto\">, proyecto <\/span><span data-contrast=\"auto\">impulsado <\/span><span data-contrast=\"auto\">por la <a href=\"https:\/\/www.uv.mx\/investigacion\/\" target=\"_blank\" rel=\"noopener noreferrer\">Direcci\u00f3n General de Investigaciones<\/a><\/span><span data-contrast=\"auto\"> (DGI)<\/span><span data-contrast=\"auto\"> de la Universidad Veracruzana (UV)<\/span><span data-contrast=\"auto\">,<\/span><span data-contrast=\"auto\"> continuar\u00e1 durante junio y julio con un extenso y variado programa <\/span><span data-contrast=\"auto\">que incluye temas de gran inter\u00e9s para los espectadores, miembros de la comunidad universitaria y p\u00fablico en general.<\/span><span data-ccp-props=\"{&quot;201341983&quot;:0,&quot;335559739&quot;:160,&quot;335559740&quot;:240}\">\u00a0<\/span><\/p>\n<p><span data-contrast=\"auto\">Desde el pasado 21 de abril, este proyecto se difunde t<\/span><span data-contrast=\"auto\">odos los martes y viernes<\/span><span data-contrast=\"auto\"> a las 17:00 horas, a trav\u00e9s de la <\/span><span data-contrast=\"auto\">plataforma <\/span><i><span data-contrast=\"auto\">Cisco WebEx<\/span><\/i> <a href=\"https:\/\/meetingsamer8.webex.com\/meet\/tardesdecienciauv\"><i><span data-contrast=\"none\">https:\/\/meetingsamer8.webex.com\/meet\/tardesdecienciauv<\/span><\/i><\/a><span data-ccp-props=\"{&quot;201341983&quot;:0,&quot;335559739&quot;:160,&quot;335559740&quot;:240}\">\u00a0<\/span><\/p>\n<p><span data-contrast=\"auto\">El acceso es libre para los interesados en descubrir nuevos conocimientos durante este periodo de distanciamiento social<\/span><span data-contrast=\"auto\">, que ser\u00e1n compartidos por acad\u00e9micos e investigadores de esta casa de estudios y de otras instancias invitadas.<\/span><span data-ccp-props=\"{&quot;201341983&quot;:0,&quot;335559739&quot;:160,&quot;335559740&quot;:240}\">\u00a0<\/span><\/p>\n<p><span data-contrast=\"auto\">A partir del <\/span><span data-contrast=\"auto\">2 de junio,<\/span><span data-contrast=\"auto\"> el programa inicia con la charla<\/span><span data-contrast=\"auto\"> Patrones de crianza parental y desarrollo de los hijos,<\/span><span data-contrast=\"auto\"> la cual ser\u00e1 impartida por<\/span><span data-contrast=\"auto\"> Alma Vallejo Casar\u00edn, de la Facultad de Psicolog\u00eda.<\/span> <span data-contrast=\"auto\">\u201cUn viaje entre humedales y manglares: la lucha por su conservaci\u00f3n\u201d,<\/span> <span data-contrast=\"auto\">es la pl\u00e1tica <\/span><span data-contrast=\"auto\">de<\/span><span data-contrast=\"auto\"> Flor G. V\u00e1zquez Corzas, de <\/span><span data-contrast=\"auto\">la asociaci\u00f3n <\/span><span data-contrast=\"auto\">Pronatura Veracruz<\/span><span data-contrast=\"auto\">,<\/span><span data-contrast=\"auto\"> A.C.<\/span><span data-contrast=\"auto\">, el<\/span><span data-contrast=\"auto\"> viernes 5<\/span><span data-contrast=\"auto\">.<\/span><span data-ccp-props=\"{&quot;201341983&quot;:0,&quot;335559731&quot;:708,&quot;335559739&quot;:160,&quot;335559740&quot;:240}\">\u00a0<\/span><\/p>\n<p><span data-contrast=\"auto\">El <\/span><span data-contrast=\"auto\">martes<\/span><span data-contrast=\"auto\"> 9<\/span><span data-contrast=\"auto\">, \u201cLa tecnolog\u00eda en los tiempos del Covid-19\u201d es el tema que compartir\u00e1 <\/span><span data-contrast=\"auto\">Mar\u00eda Cristina Ortiz Le\u00f3n, investigadora del Instituto de Salud P\u00fablica (ISP)<\/span><span data-contrast=\"auto\">. <\/span><span data-contrast=\"auto\">Asimismo, el <\/span><span data-contrast=\"auto\">viernes <\/span><span data-contrast=\"auto\">Mar\u00eda Cristina <\/span><span data-contrast=\"auto\">MacSwiney<\/span><span data-contrast=\"auto\"> Gonz\u00e1lez, investigadora del Centro de Investigaciones Tropicales (<\/span><i><span data-contrast=\"auto\">Citro<\/span><\/i><span data-contrast=\"auto\">), hablar\u00e1 sobre <\/span><span data-contrast=\"auto\">\u201cMurci\u00e9lagos y Covid-19: mitos y realidades\u201d<\/span><span data-contrast=\"auto\">.<\/span><span data-ccp-props=\"{&quot;201341983&quot;:0,&quot;335559731&quot;:708,&quot;335559739&quot;:160,&quot;335559740&quot;:240}\">\u00a0<\/span><\/p>\n<p><span data-contrast=\"auto\">\u00a0Rub\u00e9n Bernardo Morante L\u00f3pez, del Centro de Estudios, Creaci\u00f3n y Documentaci\u00f3n de las Artes, <\/span><span data-contrast=\"auto\">ser\u00e1 el encargado de exponer el tema<\/span><span data-contrast=\"auto\"> \u201cEl primer telescopio solar\u201d<\/span><span data-contrast=\"auto\">, el <\/span><span data-contrast=\"auto\">martes <\/span><span data-contrast=\"auto\">16 de junio.<\/span><span data-ccp-props=\"{&quot;201341983&quot;:0,&quot;335559731&quot;:708,&quot;335559739&quot;:160,&quot;335559740&quot;:240}\">\u00a0<\/span><\/p>\n<p><span data-contrast=\"auto\">Esa misma semana, el<\/span> <span data-contrast=\"auto\">viernes <\/span><span data-contrast=\"auto\">19, Jacob Ba\u00f1uelos Trejo, de la Facultad de Ciencias Agr\u00edcolas de la UV, <\/span><span data-contrast=\"auto\">disertar\u00e1 sobre <\/span><span data-contrast=\"auto\">\u201cCovid-19: <\/span><i><span data-contrast=\"auto\">Fake<\/span><\/i> <i><span data-contrast=\"auto\">news<\/span><\/i><span data-contrast=\"auto\"> y pensamiento cient\u00edfico\u201d.<\/span><span data-ccp-props=\"{&quot;201341983&quot;:0,&quot;335559731&quot;:708,&quot;335559739&quot;:160,&quot;335559740&quot;:240}\">\u00a0<\/span><\/p>\n<p><span data-contrast=\"auto\">La reflexi\u00f3n acerca de <\/span><span data-contrast=\"auto\">\u201cEducaci\u00f3n de precisi\u00f3n: <\/span><span data-contrast=\"auto\">h<\/span><span data-contrast=\"auto\">acia una educaci\u00f3n personalizada\u201d, <\/span><span data-contrast=\"auto\">estar\u00e1 a cargo de<\/span><span data-contrast=\"auto\"> Jos\u00e9 Guillermo Hern\u00e1ndez Calder\u00f3n, de la Facultad de Estad\u00edstica e Inform\u00e1tica (FEI) y de la Maestr\u00eda en Sistemas Interactivos Centrados en el Usuario, el 23 de junio.<\/span><span data-ccp-props=\"{&quot;201341983&quot;:0,&quot;335559731&quot;:708,&quot;335559739&quot;:160,&quot;335559740&quot;:240}\">\u00a0<\/span><\/p>\n<p><span data-contrast=\"auto\">Tambi\u00e9n resalta la participaci\u00f3n de <\/span><span data-contrast=\"auto\">Tamara Cibri\u00e1n <\/span><span data-contrast=\"auto\">Llanderal<\/span><span data-contrast=\"auto\"> y Jonathan Cueto Escobedo<\/span><span data-contrast=\"auto\">,<\/span> <span data-contrast=\"auto\">investigadores del <\/span><span data-contrast=\"auto\">Instituto de <\/span><span data-contrast=\"auto\">Neuroetolog\u00eda<\/span><span data-contrast=\"auto\"> y del<\/span><span data-contrast=\"auto\"> Instituto de Ciencias de la Salud (<\/span><span data-contrast=\"auto\">ICS<\/span><span data-contrast=\"auto\">)<\/span><span data-contrast=\"auto\">, <\/span><span data-contrast=\"auto\">respectivamente, <\/span><span data-contrast=\"auto\">el <\/span><span data-contrast=\"auto\">viernes <\/span><span data-contrast=\"auto\">26 de junio <\/span><span data-contrast=\"auto\">con la pl\u00e1tica <\/span><span data-contrast=\"auto\">\u201cEl e<\/span><span data-contrast=\"auto\">str\u00e9s por quedarte en tu casa\u201d.<\/span><span data-ccp-props=\"{&quot;201341983&quot;:0,&quot;335559731&quot;:708,&quot;335559739&quot;:160,&quot;335559740&quot;:240}\">\u00a0<\/span><\/p>\n<p><span data-contrast=\"auto\">El <\/span><span data-contrast=\"auto\">martes <\/span><span data-contrast=\"auto\">30, Evaristo Ovando Ram\u00edrez, de la Facultad de Agronom\u00eda Xalapa, dicta<\/span><span data-contrast=\"auto\">r\u00e1 el tema<\/span><span data-contrast=\"auto\"> \u201cSeguridad alimentaria postcovid-19\u201d<\/span><span data-contrast=\"auto\">; mientras que <\/span><span data-contrast=\"auto\">Ver\u00f3nica Moreno Uribe, de la Facultad de Antropolog\u00eda, <\/span><span data-contrast=\"auto\">hablar\u00e1 acerca de <\/span><span data-contrast=\"auto\">\u201cLas diferencias entre el g\u00e9nero y el sexo\u201d, el viernes 3 de julio.<\/span><span data-ccp-props=\"{&quot;201341983&quot;:0,&quot;335559731&quot;:708,&quot;335559739&quot;:160,&quot;335559740&quot;:240}\">\u00a0<\/span><\/p>\n<p><span data-contrast=\"auto\">Por su parte, <\/span><span data-contrast=\"auto\">Bernardino Isaac Cerda <\/span><span data-contrast=\"auto\">Cristerna<\/span><span data-contrast=\"auto\">, de la Facultad de Odontolog\u00eda, regi\u00f3n <\/span><span data-contrast=\"auto\">Orizaba<\/span><span data-contrast=\"auto\">&#8211;<\/span><span data-contrast=\"auto\">C\u00f3rdoba,<\/span><span data-contrast=\"auto\"> compartir\u00e1 el martes 7 el tema<\/span><span data-contrast=\"auto\"> \u201cCuando descubras el poder que tiene la saliva, seguro se te caer\u00e1 la baba<\/span><span data-contrast=\"auto\">\u201d.<\/span><span data-ccp-props=\"{&quot;201341983&quot;:0,&quot;335559731&quot;:708,&quot;335559739&quot;:160,&quot;335559740&quot;:240}\">\u00a0<\/span><\/p>\n<p><span data-contrast=\"auto\">El programa de ese mes concluye el <\/span><span data-contrast=\"auto\">viernes<\/span><span data-contrast=\"auto\"> 10 con la pl\u00e1tica \u201cNebulosas planetarias\u201d, por <\/span><span data-contrast=\"auto\">Jackeline<\/span> <span data-contrast=\"auto\">Suzett<\/span> <span data-contrast=\"auto\">Rechyt<\/span><span data-contrast=\"auto\"> Garc\u00eda, del Instituto de Radioastronom\u00eda y Astrof\u00edsica de la Universidad Aut\u00f3noma de M\u00e9xico (UAM)<\/span><span data-contrast=\"auto\">.<\/span><\/p>\n","protected":false},"excerpt":{"rendered":"<p>La cita es los martes y viernes a las 17:00 horas, a trav\u00e9s de la plataforma https:\/\/meetingsamer8.webex.com\/meet\/tardesdecienciauv\u00a0<\/p>\n","protected":false},"author":1869,"featured_media":82805,"comment_status":"closed","ping_status":"closed","sticky":false,"template":"","format":"standard","meta":[],"categories":[45,47],"tags":[],"_links":{"self":[{"href":"https:\/\/www.uv.mx\/prensa\/wp-json\/wp\/v2\/posts\/83937"}],"collection":[{"href":"https:\/\/www.uv.mx\/prensa\/wp-json\/wp\/v2\/posts"}],"about":[{"href":"https:\/\/www.uv.mx\/prensa\/wp-json\/wp\/v2\/types\/post"}],"author":[{"embeddable":true,"href":"https:\/\/www.uv.mx\/prensa\/wp-json\/wp\/v2\/users\/1869"}],"replies":[{"embeddable":true,"href":"https:\/\/www.uv.mx\/prensa\/wp-json\/wp\/v2\/comments?post=83937"}],"version-history":[{"count":0,"href":"https:\/\/www.uv.mx\/prensa\/wp-json\/wp\/v2\/posts\/83937\/revisions"}],"wp:featuredmedia":[{"embeddable":true,"href":"https:\/\/www.uv.mx\/prensa\/wp-json\/wp\/v2\/media\/82805"}],"wp:attachment":[{"href":"https:\/\/www.uv.mx\/prensa\/wp-json\/wp\/v2\/media?parent=83937"}],"wp:term":[{"taxonomy":"category","embeddable":true,"href":"https:\/\/www.uv.mx\/prensa\/wp-json\/wp\/v2\/categories?post=83937"},{"taxonomy":"post_tag","embeddable":true,"href":"https:\/\/www.uv.mx\/prensa\/wp-json\/wp\/v2\/tags?post=83937"}],"curies":[{"name":"wp","href":"https:\/\/api.w.org\/{rel}","templated":true}]}}