{"id":83958,"date":"2020-05-22T11:07:12","date_gmt":"2020-05-22T16:07:12","guid":{"rendered":"https:\/\/www.uv.mx\/prensa\/?p=83958"},"modified":"2020-05-22T14:40:14","modified_gmt":"2020-05-22T19:40:14","slug":"paises-deben-apostar-a-competitividad-internacional-renata-zull","status":"publish","type":"post","link":"https:\/\/www.uv.mx\/prensa\/general\/paises-deben-apostar-a-competitividad-internacional-renata-zull\/","title":{"rendered":"Pa\u00edses deben apostar a competitividad internacional: Renata Zilli"},"content":{"rendered":"<ul>\n<li data-leveltext=\"\uf0b7\" data-font=\"Symbol\" data-listid=\"1\" data-aria-posinset=\"1\" data-aria-level=\"1\"><i><span data-contrast=\"auto\">El impacto econ\u00f3mico del Covid-19 ser\u00e1 similar al registrado en 2008 y espera una recuperaci\u00f3n en 2021<\/span><\/i><span data-ccp-props=\"{&quot;134233279&quot;:true}\">\u00a0<\/span><\/li>\n<\/ul>\n<p><span data-ccp-props=\"{&quot;335559731&quot;:709}\">\u00a0<\/span><b><i><\/i><\/b><\/p>\n<div id=\"attachment_83959\" style=\"width: 732px\" class=\"wp-caption aligncenter\"><a href=\"https:\/\/www.uv.mx\/prensa\/files\/2020\/05\/190520-PAOLA-Conferencia-globalizacion-1.jpg\"><img aria-describedby=\"caption-attachment-83959\" decoding=\"async\" loading=\"lazy\" class=\"size-full wp-image-83959\" src=\"https:\/\/www.uv.mx\/prensa\/files\/2020\/05\/190520-PAOLA-Conferencia-globalizacion-1.jpg\" alt=\"\" width=\"722\" height=\"406\" srcset=\"https:\/\/www.uv.mx\/prensa\/files\/2020\/05\/190520-PAOLA-Conferencia-globalizacion-1.jpg 722w, https:\/\/www.uv.mx\/prensa\/files\/2020\/05\/190520-PAOLA-Conferencia-globalizacion-1-300x169.jpg 300w\" sizes=\"(max-width: 722px) 100vw, 722px\" \/><\/a><p id=\"caption-attachment-83959\" class=\"wp-caption-text\">Renata Zilli habl\u00f3 sobre la globalizaci\u00f3n y el Covid-19<\/p><\/div>\n<p><span data-ccp-props=\"{&quot;335559731&quot;:709}\">\u00a0<\/span><\/p>\n<p><span data-ccp-props=\"{&quot;335559731&quot;:709}\">\u00a0<\/span><\/p>\n<blockquote><p><span data-contrast=\"auto\">Del Covid-19 hemos aprendido que la mitad de los trabajos se pueden hacer desde casa<\/span><span data-contrast=\"auto\">,<\/span><span data-contrast=\"auto\"> que ning\u00fan sistema econ\u00f3mico est\u00e1 preparado para combatir una pandemia<\/span><span data-contrast=\"auto\">,<\/span><span data-contrast=\"auto\"> que s\u00ed es posible detener el cambio clim\u00e1tico<\/span><span data-contrast=\"auto\">,<\/span><span data-contrast=\"auto\"> que no podemos continuar con el estilo de vida que llev\u00e1bamos y que necesitamos m\u00e1s al Estado<\/span><span data-ccp-props=\"{&quot;335559731&quot;:709}\">\u00a0<\/span><\/p><\/blockquote>\n<p><span data-ccp-props=\"{&quot;335559731&quot;:709}\">\u00a0<\/span><\/p>\n<p><b><i><span data-contrast=\"auto\">Paola Cort\u00e9s P\u00e9rez<\/span><\/i><\/b><span data-ccp-props=\"{&quot;335559731&quot;:709}\">\u00a0<\/span><\/p>\n<p><b><i><span data-contrast=\"auto\">2<\/span><\/i><\/b><b><i><span data-contrast=\"auto\">2<\/span><\/i><\/b><b><i><span data-contrast=\"auto\">\/05\/2020, Xalapa, Ver.-<\/span><\/i><\/b> <span data-contrast=\"auto\">Pese a la<\/span><span data-contrast=\"auto\"> pandemia del Covid-19 los pa\u00edses deben seguir apostando a ser competitivos internacionalmente y orientarse hacia los sectores de las ideas o de los intangibles, declar\u00f3 <\/span><span data-contrast=\"auto\">Renata <\/span><span data-contrast=\"auto\">Zilli<\/span><span data-contrast=\"auto\"> Montero<\/span><span data-contrast=\"auto\">, <\/span><span data-contrast=\"auto\">estudiante <\/span><span data-contrast=\"auto\">d<\/span><span data-contrast=\"auto\">e posgrado en<\/span><span data-contrast=\"auto\"> la Escuela de Estudios <\/span><span data-contrast=\"auto\">Internacional<\/span><span data-contrast=\"auto\">es<\/span> <span data-contrast=\"auto\">Avanzados \u201c<\/span><span data-contrast=\"auto\">Paul H. <\/span><span data-contrast=\"auto\">Nitze<\/span><span data-contrast=\"auto\">\u201d<\/span> <span data-contrast=\"auto\">de la <\/span><span data-contrast=\"auto\">Universi<\/span><span data-contrast=\"auto\">dad \u201c<\/span><span data-contrast=\"auto\">Johns Hopkins<\/span><span data-contrast=\"auto\">\u201d<\/span><span data-contrast=\"auto\">, <\/span><span data-contrast=\"auto\">Estados Unidos, <\/span><span data-contrast=\"auto\">al <\/span><span data-contrast=\"auto\">dictar conferencia virtual organizada por el Programa de Estudios sobre Am\u00e9rica del Norte (PEAN) de la Universidad Veracruzana (UV).<\/span><span data-ccp-props=\"{&quot;335559731&quot;:709}\">\u00a0<\/span><\/p>\n<p><span data-contrast=\"auto\">La pl\u00e1tica \u201cEscenarios de la globalizaci\u00f3n en la contingencia <\/span><span data-contrast=\"auto\">Covid<\/span><span data-contrast=\"auto\">-19\u201d, realizada la tarde del 18 de mayo a trav\u00e9s de la plataforma digital <\/span><i><span data-contrast=\"auto\">Zoom<\/span><\/i><span data-contrast=\"auto\">, fue moderada por Daniel Romero Le\u00f3n, c<\/span><span data-contrast=\"auto\">oordinador de Movilidad Estudiantil y Acad\u00e9mic<\/span><span data-contrast=\"auto\">o<\/span><span data-contrast=\"auto\"> de la UV.<\/span><span data-ccp-props=\"{&quot;335559731&quot;:708}\">\u00a0<\/span><\/p>\n<p><span data-contrast=\"auto\">Renata <\/span><span data-contrast=\"auto\">Zilli<\/span><span data-contrast=\"auto\"> dijo<\/span><span data-contrast=\"auto\"> que la pandemia ha acelerado muchas de las tendencias preexistentes, al tiempo que ha sido un lente magnificador de vulnerabilidades y fortalezas de los sistemas (econ\u00f3micos, pol\u00edticos, de salid<\/span><span data-contrast=\"auto\">a<\/span><span data-contrast=\"auto\">, etc\u00e9tera)<\/span><span data-contrast=\"auto\">,<\/span><span data-contrast=\"auto\"> de tal manera que afectar\u00e1 con mayor proporci\u00f3n a quienes est\u00e1n menos preparados.<\/span><span data-ccp-props=\"{&quot;335559731&quot;:708}\">\u00a0<\/span><\/p>\n<p><span data-contrast=\"auto\">Coment\u00f3 que el impacto econ\u00f3mico del Covid-19 ser\u00e1 similar <\/span><span data-contrast=\"auto\">al registrado en 2008, cuando se present\u00f3 la mayor ca\u00edda y crisis durante esta era moderna. \u201cLa epidemia nos ha ense\u00f1ado lo complicado que ser\u00e1 regresar al punto de partida, si es que hay tal\u201d<\/span><span data-contrast=\"auto\">.<\/span><span data-ccp-props=\"{&quot;335559731&quot;:708}\">\u00a0<\/span><\/p>\n<p><span data-contrast=\"auto\">Tambi\u00e9n lo mencion\u00f3 la directora del Fondo Monetario Internacional (FMI), <\/span><span data-contrast=\"auto\">Kristalina<\/span> <span data-contrast=\"auto\">Gueorguieva<\/span><span data-contrast=\"auto\">, quien prev\u00e9 como m\u00ednimo una recesi\u00f3n tan aguda como durante la crisis financiera mundial, o peor, y la recuperaci\u00f3n vendr\u00e1 en 2021.<\/span><span data-ccp-props=\"{&quot;335559731&quot;:708}\">\u00a0<\/span><\/p>\n<p><span data-contrast=\"auto\">El secretario general de la Organizaci\u00f3n para la Cooperaci\u00f3n y el Desarrollo Econ\u00f3micos (OCDE), \u00c1ngel Gurr\u00eda, <\/span><span data-contrast=\"auto\">mencion\u00f3 que por cada mes de confinamiento habr\u00e1 una p\u00e9rdida de dos puntos porcentuales en el crecimiento anual del Producto Interno Bruto (PIB), <\/span><span data-contrast=\"auto\">as\u00ed como<\/span><span data-contrast=\"auto\"> 1.8 billones de d\u00f3lares<\/span><span data-contrast=\"auto\">,<\/span><span data-contrast=\"auto\"> dos mil 500 millones de d\u00f3lares cada hora.<\/span><span data-ccp-props=\"{&quot;335559731&quot;:708}\">\u00a0<\/span><\/p>\n<p><span data-contrast=\"auto\">En tanto<\/span><span data-contrast=\"auto\">,<\/span><span data-contrast=\"auto\"> la secretaria ejecutiva de la Comisi\u00f3n Econ\u00f3mica para Am\u00e9rica Latina y el Caribe<\/span><span data-contrast=\"auto\"> (CEPAL)<\/span><span data-contrast=\"auto\">, Alicia B\u00e1rcena Ibarra, advirti\u00f3 que la crisis que sufre la regi\u00f3n ser\u00e1 la peor en toda su historia.<\/span><span data-ccp-props=\"{&quot;335559731&quot;:708}\">\u00a0<\/span><\/p>\n<p><span data-contrast=\"auto\">En t\u00e9rminos de globalizaci\u00f3n, dijo que se pas\u00f3 del <\/span><i><span data-contrast=\"auto\">Just-in-time<\/span><\/i><span data-contrast=\"auto\"> al <\/span><i><span data-contrast=\"auto\">Just-in-case<\/span><\/i><span data-contrast=\"auto\">, y se da paso abierto al <\/span><i><span data-contrast=\"auto\">home<\/span><\/i> <i><span data-contrast=\"auto\">office<\/span><\/i><span data-contrast=\"auto\">. Tambi\u00e9n significa que volver\u00e1n a traerse las cadenas de valor hacia las regiones, ya que por el momento no estar\u00e1n abiertas las fronteras.<\/span><span data-ccp-props=\"{&quot;335559731&quot;:708}\">\u00a0<\/span><\/p>\n<p><span data-contrast=\"auto\">Ante este panorama, <\/span><span data-contrast=\"auto\">Rena<\/span><span data-contrast=\"auto\">ta<\/span> <span data-contrast=\"auto\">Zilli<\/span><span data-contrast=\"auto\"> d<\/span><span data-contrast=\"auto\">ijo que <\/span><span data-contrast=\"auto\">\u00e9ste<\/span><span data-contrast=\"auto\"> depende<\/span><span data-contrast=\"auto\">r\u00e1<\/span><span data-contrast=\"auto\"> de la vacuna y los servicios de salud <\/span><span data-contrast=\"auto\">que <\/span><span data-contrast=\"auto\">lleguen a los pa\u00edses, por lo que en alg\u00fan momento se abrir\u00e1n nuev<\/span><span data-contrast=\"auto\">amente las fronteras, as\u00ed que la<\/span><span data-contrast=\"auto\">s <\/span><span data-contrast=\"auto\">naciones <\/span><span data-contrast=\"auto\">tienen que seguir apost\u00e1ndole a las instituciones interna<\/span><span data-contrast=\"auto\">cionales, a ser m\u00e1s competitiva<\/span><span data-contrast=\"auto\">s y orientarse hacia el sector del conocimiento, de las ideas o de lo intangible.<\/span><span data-ccp-props=\"{&quot;335559731&quot;:708}\">\u00a0<\/span><\/p>\n<p><span data-contrast=\"auto\">\u201cAs\u00ed como los pa\u00edses, corporativos, peque\u00f1as y medianas empresas, <\/span><span data-contrast=\"auto\">organizaciones no gubernamentales, est\u00e1n replanteando su modelo de negocio, a nivel individual tambi\u00e9n debemos saber leer las tendencias para reorientar nuestras vidas y nuestras profesiones.\u201d<\/span><span data-ccp-props=\"{&quot;335559731&quot;:708}\">\u00a0<\/span><\/p>\n<p><span data-contrast=\"auto\">Consider\u00f3 que entre m\u00e1s se prolongue el confinamiento, las consecuencias econ\u00f3micas ser\u00e1n mayores, m\u00e1s profundas y permanentes. De tal manera que los modelos eficientes que se desarrollen deber\u00e1n considerar al confinamiento como parte de su estrategia, <\/span><span data-contrast=\"auto\">pero no como <\/span><span data-contrast=\"auto\">la<\/span> <span data-contrast=\"auto\">\u00fanica<\/span><span data-contrast=\"auto\">.<\/span><span data-ccp-props=\"{&quot;335559731&quot;:708}\">\u00a0<\/span><\/p>\n<p><span data-contrast=\"auto\">\u201cTenemos que encontrar formas m\u00e1s eficientes para organizarnos en la sociedad, hasta que se descubra una vacuna y llegue a todos los pa\u00edses.\u201d<\/span><span data-ccp-props=\"{&quot;335559731&quot;:708}\">\u00a0<\/span><\/p>\n<p><span data-contrast=\"auto\">Por \u00faltimo, dijo que <\/span><span data-contrast=\"auto\">del Covid-19 hemos aprendido que nos to<\/span><span data-contrast=\"auto\">c<\/span><span data-contrast=\"auto\">amos la cara cerca de 20 veces por hora<\/span><span data-contrast=\"auto\">,<\/span><span data-contrast=\"auto\"> que la mitad de los trabajos s<\/span><span data-contrast=\"auto\">e pueden hacer desde casa<\/span><span data-contrast=\"auto\">,<\/span><span data-contrast=\"auto\"> que ning\u00fan sistema econ\u00f3mico <\/span><span data-contrast=\"auto\">est\u00e1<\/span><span data-contrast=\"auto\"> preparado para combatir una pandemia<\/span><span data-contrast=\"auto\">,<\/span><span data-contrast=\"auto\"> que es posible detener el cambio clim\u00e1tico<\/span><span data-contrast=\"auto\">,<\/span><span data-contrast=\"auto\"> que no podemos continuar con el estilo de vida que llev\u00e1bamos y que necesitamos m\u00e1s <\/span><span data-contrast=\"auto\">al <\/span><span data-contrast=\"auto\">Estado.<\/span><span data-ccp-props=\"{&quot;335559731&quot;:708}\">\u00a0<\/span><\/p>\n<div id=\"attachment_83960\" style=\"width: 732px\" class=\"wp-caption aligncenter\"><a href=\"https:\/\/www.uv.mx\/prensa\/files\/2020\/05\/190520-PAOLA-Conferencia-globalizacion-2.jpg\"><img aria-describedby=\"caption-attachment-83960\" decoding=\"async\" loading=\"lazy\" class=\"size-full wp-image-83960\" src=\"https:\/\/www.uv.mx\/prensa\/files\/2020\/05\/190520-PAOLA-Conferencia-globalizacion-2.jpg\" alt=\"\" width=\"722\" height=\"406\" srcset=\"https:\/\/www.uv.mx\/prensa\/files\/2020\/05\/190520-PAOLA-Conferencia-globalizacion-2.jpg 722w, https:\/\/www.uv.mx\/prensa\/files\/2020\/05\/190520-PAOLA-Conferencia-globalizacion-2-300x169.jpg 300w\" sizes=\"(max-width: 722px) 100vw, 722px\" \/><\/a><p id=\"caption-attachment-83960\" class=\"wp-caption-text\">El FMI, la OCDE y el CEPAL han hablado sobre el impacto econ\u00f3mico de la pandemia<\/p><\/div>\n","protected":false},"excerpt":{"rendered":"<p>La estudiante de posgrado de la Universidad \u201cJohns Hopkins\u201d se\u00f1al\u00f3 que la pandemia ha acelerado las tendencias preexistentes y ha sido un lente magnificador de vulnerabilidades y fortalezas de los sistemas\u00a0<\/p>\n","protected":false},"author":1869,"featured_media":83959,"comment_status":"closed","ping_status":"closed","sticky":false,"template":"","format":"standard","meta":[],"categories":[1],"tags":[],"_links":{"self":[{"href":"https:\/\/www.uv.mx\/prensa\/wp-json\/wp\/v2\/posts\/83958"}],"collection":[{"href":"https:\/\/www.uv.mx\/prensa\/wp-json\/wp\/v2\/posts"}],"about":[{"href":"https:\/\/www.uv.mx\/prensa\/wp-json\/wp\/v2\/types\/post"}],"author":[{"embeddable":true,"href":"https:\/\/www.uv.mx\/prensa\/wp-json\/wp\/v2\/users\/1869"}],"replies":[{"embeddable":true,"href":"https:\/\/www.uv.mx\/prensa\/wp-json\/wp\/v2\/comments?post=83958"}],"version-history":[{"count":0,"href":"https:\/\/www.uv.mx\/prensa\/wp-json\/wp\/v2\/posts\/83958\/revisions"}],"wp:featuredmedia":[{"embeddable":true,"href":"https:\/\/www.uv.mx\/prensa\/wp-json\/wp\/v2\/media\/83959"}],"wp:attachment":[{"href":"https:\/\/www.uv.mx\/prensa\/wp-json\/wp\/v2\/media?parent=83958"}],"wp:term":[{"taxonomy":"category","embeddable":true,"href":"https:\/\/www.uv.mx\/prensa\/wp-json\/wp\/v2\/categories?post=83958"},{"taxonomy":"post_tag","embeddable":true,"href":"https:\/\/www.uv.mx\/prensa\/wp-json\/wp\/v2\/tags?post=83958"}],"curies":[{"name":"wp","href":"https:\/\/api.w.org\/{rel}","templated":true}]}}