{"id":84081,"date":"2020-05-26T09:40:12","date_gmt":"2020-05-26T14:40:12","guid":{"rendered":"https:\/\/www.uv.mx\/prensa\/?p=84081"},"modified":"2020-05-26T14:24:12","modified_gmt":"2020-05-26T19:24:12","slug":"generacion-actual-no-ha-atravesado-crisis-similar-a-la-del-covid-19-ramon-cossio","status":"publish","type":"post","link":"https:\/\/www.uv.mx\/prensa\/general\/generacion-actual-no-ha-atravesado-crisis-similar-a-la-del-covid-19-ramon-cossio\/","title":{"rendered":"Generaci\u00f3n actual no ha atravesado crisis similar a la del Covid-19: Ram\u00f3n Coss\u00edo"},"content":{"rendered":"<style type=\"text\/css\">\n  blockquote p { color: #28519b; font-family: helvetica; font-size: 1.4em; }<br \/><\/style>\n<ul>\n<li data-leveltext=\"\uf0b7\" data-font=\"Symbol\" data-listid=\"5\" data-aria-posinset=\"1\" data-aria-level=\"1\"><i><span data-contrast=\"auto\">La pandemia <\/span><\/i><i><span data-contrast=\"auto\">por <\/span><\/i><i><span data-contrast=\"auto\">esta enfermedad representa una experiencia humana nueva, y un fen\u00f3meno muy distinto a otros momentos de la historia<\/span><\/i><\/li>\n<\/ul>\n<div id=\"attachment_73250\" style=\"width: 732px\" class=\"wp-caption aligncenter\"><a href=\"https:\/\/www.uv.mx\/prensa\/files\/2019\/09\/170919-PAOLA-Jose-Cossio-2.jpg\"><img aria-describedby=\"caption-attachment-73250\" decoding=\"async\" loading=\"lazy\" class=\"size-full wp-image-73250\" src=\"https:\/\/www.uv.mx\/prensa\/files\/2019\/09\/170919-PAOLA-Jose-Cossio-2.jpg\" alt=\"Jos\u00e9 Ram\u00f3n Coss\u00edo D\u00edaz\" width=\"722\" height=\"482\" srcset=\"https:\/\/www.uv.mx\/prensa\/files\/2019\/09\/170919-PAOLA-Jose-Cossio-2.jpg 722w, https:\/\/www.uv.mx\/prensa\/files\/2019\/09\/170919-PAOLA-Jose-Cossio-2-300x200.jpg 300w\" sizes=\"(max-width: 722px) 100vw, 722px\" \/><\/a><p id=\"caption-attachment-73250\" class=\"wp-caption-text\">Jos\u00e9 Ram\u00f3n Coss\u00edo D\u00edaz<\/p><\/div>\n<p><i><span data-contrast=\"auto\">\u00a0<\/span><\/i><\/p>\n<p><b><i><span data-contrast=\"auto\">Carlos Hugo Hermida Rosales<\/span><\/i><\/b><span data-ccp-props=\"{}\">\u00a0<\/span><\/p>\n<p><b><i><span data-contrast=\"auto\">2<\/span><\/i><\/b><b><i><span data-contrast=\"auto\">6<\/span><\/i><\/b><b><i><span data-contrast=\"auto\">\/05\/<\/span><\/i><\/b><b><i><span data-contrast=\"auto\">2020<\/span><\/i><\/b><b><i><span data-contrast=\"auto\">,<\/span><\/i><\/b> <b><i><span data-contrast=\"auto\">Xalapa, Ver.<\/span><\/i><\/b><b><i><span data-contrast=\"auto\">&#8211;<\/span><\/i><\/b> <span data-contrast=\"auto\">Jos\u00e9 Ram\u00f3n Coss\u00edo D\u00edaz<\/span><span data-contrast=\"auto\">, <\/span><span data-contrast=\"auto\">abogado<\/span><span data-contrast=\"auto\"> integrante de<\/span><span data-contrast=\"auto\"> E<\/span><span data-contrast=\"auto\">l Colegio Nacional <\/span><span data-contrast=\"auto\">y <\/span><span data-contrast=\"auto\">que cuenta con un<\/span> <span data-contrast=\"auto\">Doctorado\u202f<\/span><i><span data-contrast=\"auto\">Honoris Causa<\/span><\/i><span data-contrast=\"none\">\u202f<\/span><span data-contrast=\"auto\">otorgado <\/span><span data-contrast=\"auto\">por la <a href=\"https:\/\/www.uv.mx\/\" target=\"_blank\" rel=\"noopener noreferrer\">Universidad Veracruz<\/a><\/span><span data-contrast=\"auto\">an<\/span><span data-contrast=\"auto\">a (UV) en 2019, afirm\u00f3 que la<\/span><span data-contrast=\"auto\"> generaci\u00f3n actual de mexicanos <\/span><span data-contrast=\"auto\">no ha <\/span><span data-contrast=\"auto\">atravesado<\/span><span data-contrast=\"auto\"> una crisis similar a la producida por el Covid-19, dentro del conversatorio<\/span><span data-contrast=\"auto\"> \u201cPandemias: u<\/span><span data-contrast=\"auto\">n di\u00e1logo entre un jurista y un bi\u00f3logo\u201d, que se realiz\u00f3 de manera virtual el 15 de mayo.<\/span><span data-ccp-props=\"{}\">\u00a0<\/span><\/p>\n<p><span data-contrast=\"auto\">El<\/span><span data-contrast=\"auto\"> evento fue organizado por E<\/span><span data-contrast=\"auto\">l Colegio Nacional<\/span><span data-contrast=\"auto\">, <\/span><span data-contrast=\"auto\">y <\/span><span data-contrast=\"auto\">tambi\u00e9n cont\u00f3 <\/span><span data-contrast=\"auto\">con la participaci\u00f3n de <\/span><span data-contrast=\"auto\">Antonio Lazcano Araujo, <\/span><span data-contrast=\"auto\">bi\u00f3logo miembro<\/span><span data-contrast=\"auto\"> de esta<\/span><span data-contrast=\"auto\"> institu<\/span><span data-contrast=\"auto\">ci\u00f3n<\/span><span data-contrast=\"auto\">, que<\/span><span data-contrast=\"auto\"> fue<\/span> <span data-contrast=\"auto\">acreedor a la Medalla al M\u00e9rito Universidad Veracruzana<\/span><span data-contrast=\"auto\"> en la Feria Internacional del Libro Universitario 2009.<\/span><span data-ccp-props=\"{&quot;335559731&quot;:708}\">\u00a0<\/span><\/p>\n<p><span data-contrast=\"auto\">Jos\u00e9 Ram\u00f3n Coss\u00edo<\/span><span data-contrast=\"auto\"> coment<\/span><span data-contrast=\"auto\">\u00f3 que actualmente nadie sabe qu\u00e9<\/span><span data-contrast=\"auto\"> es lo que va a ocurrir a ra\u00edz de la pandemia de Covid-19, pero que sin duda va a modificar muchas estructuras de la sociedad.<\/span><\/p>\n<div id=\"attachment_82778\" style=\"width: 732px\" class=\"wp-caption aligncenter\"><a href=\"https:\/\/www.uv.mx\/prensa\/files\/2020\/04\/130420-ANTONIO-LAZCANO.jpg\"><img aria-describedby=\"caption-attachment-82778\" decoding=\"async\" loading=\"lazy\" class=\"size-full wp-image-82778\" src=\"https:\/\/www.uv.mx\/prensa\/files\/2020\/04\/130420-ANTONIO-LAZCANO.jpg\" alt=\"Antonio Lazcano Araujo \" width=\"722\" height=\"482\" srcset=\"https:\/\/www.uv.mx\/prensa\/files\/2020\/04\/130420-ANTONIO-LAZCANO.jpg 722w, https:\/\/www.uv.mx\/prensa\/files\/2020\/04\/130420-ANTONIO-LAZCANO-300x200.jpg 300w\" sizes=\"(max-width: 722px) 100vw, 722px\" \/><\/a><p id=\"caption-attachment-82778\" class=\"wp-caption-text\">Antonio Lazcano Araujo<\/p><\/div>\n<p><span data-contrast=\"auto\">\u201cEsta enfermedad va a estar muchos a\u00f1os con nosotros, lo que es muy interesante en los t\u00e9rminos sociales y tr\u00e1gico en los morales\u201d, expres\u00f3.<\/span><span data-ccp-props=\"{&quot;335559731&quot;:708}\">\u00a0<\/span><\/p>\n<p><span data-contrast=\"auto\">Mencion\u00f3 que e<\/span><span data-contrast=\"auto\">s<\/span><span data-contrast=\"auto\">ta situaci\u00f3n va a dejar <\/span><span data-contrast=\"auto\">una huella social significativa<\/span><span data-contrast=\"auto\"> porque impact<\/span><span data-contrast=\"auto\">ar\u00e1 en diversos rubros como el d<\/span><span data-contrast=\"auto\">erecho, <\/span><span data-contrast=\"auto\">la <\/span><span data-contrast=\"auto\">e<\/span><span data-contrast=\"auto\">conom\u00ed<\/span><span data-contrast=\"auto\">a<\/span><span data-contrast=\"auto\">,<\/span><span data-contrast=\"auto\"> la<\/span> <span data-contrast=\"auto\">p<\/span><span data-contrast=\"auto\">ol\u00edtica<\/span><span data-contrast=\"auto\"> y<\/span><span data-contrast=\"auto\"> la<\/span> <span data-contrast=\"auto\">s<\/span><span data-contrast=\"auto\">ociolog\u00eda<\/span><span data-contrast=\"auto\">,<\/span><span data-contrast=\"auto\"> entre otros; afirm\u00f3 que al terminar la pandemia ocurrir\u00e1 una cantidad enorme de incumplimiento de contratos, lo que traer\u00e1 muchos despidos que ocasionar\u00e1n lastimaduras sociales grandes.<\/span><span data-contrast=\"auto\">\u00a0<\/span><span data-ccp-props=\"{&quot;335559731&quot;:708}\">\u00a0<\/span><\/p>\n<p><span data-contrast=\"auto\">Destac\u00f3 que ninguna pandemia hab\u00eda llevado a la poblaci\u00f3n mexicana a refugiarse, y que la contingencia actual representa una experiencia humana bastante nueva,<\/span> <span data-contrast=\"auto\">y un fen\u00f3meno muy distinto a otros momentos de la historia.\u00a0<\/span><span data-ccp-props=\"{&quot;335559731&quot;:708}\">\u00a0<\/span><\/p>\n<p><span data-contrast=\"auto\">\u00a0<\/span><span data-contrast=\"auto\">Antonio Lazcano<\/span><span data-contrast=\"auto\"> relat\u00f3 que al concluir la S<\/span><span data-contrast=\"auto\">egunda <\/span><span data-contrast=\"auto\">G<\/span><span data-contrast=\"auto\">uerra <\/span><span data-contrast=\"auto\">M<\/span><span data-contrast=\"auto\">undial la humanidad entr\u00f3 a una \u00e9poca en la que se acostumbr\u00f3 a que se pod\u00eda vencer a las enfermedades infeccio<\/span><span data-contrast=\"auto\">s<\/span><span data-contrast=\"auto\">as, debido al <\/span><span data-contrast=\"auto\">espectacular desarrollo de la m<\/span><span data-contrast=\"auto\">edicina que trajo consigo una explosi\u00f3n de antibi\u00f3ticos.\u00a0<\/span><span data-ccp-props=\"{&quot;335559731&quot;:708}\">\u00a0<\/span><\/p>\n<blockquote><p><span data-contrast=\"auto\">\u201cEl ser humano vivi\u00f3 mucho tiempo confiado de poder controlar las pandemias, pese a que muchos especialistas de la salud opinaban lo contrario<\/span><span data-contrast=\"auto\">\u201d,<\/span> <span data-contrast=\"auto\">asegur\u00f3.\u00a0<\/span><span data-ccp-props=\"{&quot;335559731&quot;:708}\">\u00a0<\/span><\/p><\/blockquote>\n<p><span data-contrast=\"auto\">El bi\u00f3logo enfatiz\u00f3 que a las autoridades mexicanas les falt\u00f3 previsi\u00f3n para afrontar la pandemia de Covid-19 que se ven\u00eda encima, <\/span><span data-contrast=\"auto\">y que ante esto la comunidad acad\u00e9mica de la naci\u00f3n exige transparencia absoluta sobre los estragos causados por esta enfermedad, no <\/span><span data-contrast=\"auto\">con el fin de<\/span><span data-contrast=\"auto\"> se\u00f1alar culpables, sino <\/span><span data-contrast=\"auto\">de<\/span><span data-contrast=\"auto\"> encontrar soluciones.\u00a0<\/span><span data-ccp-props=\"{&quot;335559731&quot;:708}\">\u00a0<\/span><\/p>\n<p><span data-contrast=\"auto\">\u201cQuienes toman las decisiones para afrontar esta pandemia no representan ni remotamente el consenso de la amplia comunidad de juristas, matem\u00e1ticos, bi\u00f3logos, epidemi\u00f3logos<\/span> <span data-contrast=\"auto\">y otros muchos actores de las distintas ramas del conocimiento\u201d, enunci\u00f3.\u00a0<\/span><span data-ccp-props=\"{&quot;335559731&quot;:708}\">\u00a0<\/span><\/p>\n<p><span data-contrast=\"auto\">Jos\u00e9 Ram\u00f3n Coss\u00edo<\/span><span data-contrast=\"auto\"> afirm\u00f3 que aunque el sistema de salud nacional cuenta con herramientas e instrumentos para hacerle frente al Covid-19<\/span><span data-contrast=\"auto\">,<\/span><span data-contrast=\"auto\"> \u00e9<\/span><span data-contrast=\"auto\">stos fueron muy pobremente utilizados, lo que ocasion\u00f3 que cada autoridad local dictar<\/span><span data-contrast=\"auto\">a<\/span><span data-contrast=\"auto\"> sus propias medidas <\/span><span data-contrast=\"auto\">al<\/span><span data-contrast=\"auto\"> combatir la enfermedad, que han abarcado desde toques de queda hasta estados de sitio.<\/span><span data-ccp-props=\"{&quot;335559731&quot;:708}\">\u00a0<\/span><\/p>\n<p><span data-contrast=\"auto\">Declar\u00f3 que la conclusi\u00f3n de la pandemia traer\u00e1 consigo el juicio hist\u00f3rico <\/span><span data-contrast=\"auto\">a la actual generaci\u00f3n<\/span><span data-contrast=\"auto\">,<\/span> <span data-contrast=\"auto\">que no hizo<\/span><span data-contrast=\"auto\"> lo necesario para prevenir una cat\u00e1strofe en t\u00e9rminos sanitarios, m\u00e9dicos ni jur\u00eddicos,<\/span><span data-contrast=\"auto\"> cuando existieron meses de antici<\/span><span data-contrast=\"auto\">paci\u00f3n para prepararse ante ella<\/span><span data-contrast=\"auto\">.\u00a0<\/span><span data-ccp-props=\"{&quot;335559731&quot;:708}\">\u00a0<\/span><\/p>\n","protected":false},"excerpt":{"rendered":"<p>El abogado e integrante de El Colegio Nacional particip\u00f3 en el conversatorio \u201cPandemias: un di\u00e1logo entre un jurista y un bi\u00f3logo\u201d, con Antonio Lazcano <\/p>\n","protected":false},"author":1775,"featured_media":73250,"comment_status":"closed","ping_status":"closed","sticky":false,"template":"","format":"standard","meta":[],"categories":[1],"tags":[],"_links":{"self":[{"href":"https:\/\/www.uv.mx\/prensa\/wp-json\/wp\/v2\/posts\/84081"}],"collection":[{"href":"https:\/\/www.uv.mx\/prensa\/wp-json\/wp\/v2\/posts"}],"about":[{"href":"https:\/\/www.uv.mx\/prensa\/wp-json\/wp\/v2\/types\/post"}],"author":[{"embeddable":true,"href":"https:\/\/www.uv.mx\/prensa\/wp-json\/wp\/v2\/users\/1775"}],"replies":[{"embeddable":true,"href":"https:\/\/www.uv.mx\/prensa\/wp-json\/wp\/v2\/comments?post=84081"}],"version-history":[{"count":0,"href":"https:\/\/www.uv.mx\/prensa\/wp-json\/wp\/v2\/posts\/84081\/revisions"}],"wp:featuredmedia":[{"embeddable":true,"href":"https:\/\/www.uv.mx\/prensa\/wp-json\/wp\/v2\/media\/73250"}],"wp:attachment":[{"href":"https:\/\/www.uv.mx\/prensa\/wp-json\/wp\/v2\/media?parent=84081"}],"wp:term":[{"taxonomy":"category","embeddable":true,"href":"https:\/\/www.uv.mx\/prensa\/wp-json\/wp\/v2\/categories?post=84081"},{"taxonomy":"post_tag","embeddable":true,"href":"https:\/\/www.uv.mx\/prensa\/wp-json\/wp\/v2\/tags?post=84081"}],"curies":[{"name":"wp","href":"https:\/\/api.w.org\/{rel}","templated":true}]}}