{"id":84322,"date":"2020-06-01T14:28:26","date_gmt":"2020-06-01T19:28:26","guid":{"rendered":"https:\/\/www.uv.mx\/prensa\/?p=84322"},"modified":"2020-06-02T10:39:02","modified_gmt":"2020-06-02T15:39:02","slug":"la-magia-del-teatro-continuara-alba-dominguez","status":"publish","type":"post","link":"https:\/\/www.uv.mx\/prensa\/cultura\/la-magia-del-teatro-continuara-alba-dominguez\/","title":{"rendered":"La magia del teatro continuar\u00e1: Alba Dom\u00ednguez"},"content":{"rendered":"<ul>\n<li data-leveltext=\"\uf0b7\" data-font=\"Symbol\" data-listid=\"1\" data-aria-posinset=\"1\" data-aria-level=\"1\"><i><span data-contrast=\"auto\">Las<\/span><\/i><i><span data-contrast=\"auto\"> artes esc\u00e9nicas, al verlas en vivo, as\u00ed sea v\u00eda <\/span><\/i><span data-contrast=\"auto\">streaming<\/span><i><span data-contrast=\"auto\">, se convierten en experiencias irrepetibles<\/span><\/i><i><span data-contrast=\"auto\">, destac\u00f3 la actriz de la <\/span><\/i><span data-contrast=\"auto\">Orteuv<\/span><span data-ccp-props=\"{&quot;134233279&quot;:true}\">\u00a0<\/span><\/li>\n<\/ul>\n<div id=\"attachment_84323\" style=\"width: 732px\" class=\"wp-caption aligncenter\"><a href=\"https:\/\/www.uv.mx\/prensa\/files\/2020\/06\/280520-Alba-Dominguez.jpg\"><img aria-describedby=\"caption-attachment-84323\" decoding=\"async\" loading=\"lazy\" class=\"size-full wp-image-84323\" src=\"https:\/\/www.uv.mx\/prensa\/files\/2020\/06\/280520-Alba-Dominguez.jpg\" alt=\"\" width=\"722\" height=\"481\" srcset=\"https:\/\/www.uv.mx\/prensa\/files\/2020\/06\/280520-Alba-Dominguez.jpg 722w, https:\/\/www.uv.mx\/prensa\/files\/2020\/06\/280520-Alba-Dominguez-300x200.jpg 300w\" sizes=\"(max-width: 722px) 100vw, 722px\" \/><\/a><p id=\"caption-attachment-84323\" class=\"wp-caption-text\">Alba Dom\u00ednguez, integrante de la Organizaci\u00f3n Teatral de la Universidad Veracruzana<\/p><\/div>\n<p><b><i><span data-contrast=\"auto\">Karina de la Paz Reyes D\u00edaz<\/span><\/i><\/b><span data-ccp-props=\"{}\">\u00a0<\/span><\/p>\n<p><b><i><span data-contrast=\"auto\">01\/06\/<\/span><\/i><\/b><b><i><span data-contrast=\"auto\">2020, Xalapa, Ver.- <\/span><\/i><\/b><span data-contrast=\"auto\">Para <\/span><span data-contrast=\"auto\">Alba Dom\u00ednguez, <\/span><span data-contrast=\"auto\">actriz <\/span><span data-contrast=\"auto\">de la <a href=\"https:\/\/www.uv.mx\/orteuv\/\" target=\"_blank\" rel=\"noopener noreferrer\">Organizaci\u00f3n Teatral<\/a> de la Universidad Veracruzana (<\/span><i><span data-contrast=\"auto\">Orteuv<\/span><\/i><span data-contrast=\"auto\">), <\/span><span data-contrast=\"auto\">el teatro siempre ha padecido embates y augurios de su fin <\/span><span data-contrast=\"auto\">\u2013<\/span><span data-contrast=\"auto\">cuando surgi\u00f3 la televisi\u00f3n, el cine<\/span><span data-contrast=\"auto\">\u2013;<\/span> <span data-contrast=\"auto\">no obstante<\/span><span data-contrast=\"auto\">, la <\/span><span data-contrast=\"auto\">gente <\/span><span data-contrast=\"auto\">mantiene<\/span><span data-contrast=\"auto\"> su<\/span><span data-contrast=\"auto\"> asist<\/span><span data-contrast=\"auto\">encia<\/span><span data-contrast=\"auto\"> a<\/span><span data-contrast=\"auto\"> propuestas<\/span><span data-contrast=\"auto\"> irrepetibles<\/span><span data-contrast=\"auto\">. Esta pandemia<\/span><span data-contrast=\"auto\"> por <\/span><span data-contrast=\"auto\">C<\/span><span data-contrast=\"auto\">ovid-19, <\/span><span data-contrast=\"auto\">tampoco<\/span><span data-contrast=\"auto\"> ser\u00e1 la excepci\u00f3n y<\/span><span data-contrast=\"auto\"> la<\/span><span data-contrast=\"auto\"> bella arte<\/span><span data-contrast=\"auto\"> seguir\u00e1, porque es<\/span><span data-contrast=\"auto\"> necesaria<\/span><span data-contrast=\"auto\"> e<\/span><span data-contrast=\"auto\">n<\/span><span data-contrast=\"auto\"> una sociedad.<\/span><span data-ccp-props=\"{}\">\u00a0<\/span><\/p>\n<p><span data-contrast=\"auto\">La<\/span><span data-contrast=\"auto\"> actriz<\/span><span data-contrast=\"auto\"> \u2013<\/span><span data-contrast=\"auto\">quien<\/span> <span data-contrast=\"auto\">desde 2005<\/span> <span data-contrast=\"auto\">imparte<\/span><span data-contrast=\"auto\"> la<\/span> <span data-contrast=\"auto\">e<\/span><span data-contrast=\"auto\">xperiencia <\/span><span data-contrast=\"auto\">e<\/span><span data-contrast=\"auto\">ducativa <\/span><span data-contrast=\"auto\">Jugando en Serio. Improvisaci\u00f3n Teatral, <\/span><span data-contrast=\"auto\">d<\/span><span data-contrast=\"auto\">el \u00c1<\/span><span data-contrast=\"auto\">rea de Formaci\u00f3n de Elecci\u00f3n Libre (<\/span><span data-contrast=\"auto\">AFEL<\/span><span data-contrast=\"auto\">)<\/span><span data-contrast=\"auto\">,<\/span> <span data-contrast=\"auto\">y tiene una vasta trayectoria en <\/span><span data-contrast=\"auto\">las <\/span><span data-contrast=\"auto\">artes esc\u00e9nicas<\/span><span data-contrast=\"auto\">\u2013<\/span> <span data-contrast=\"auto\">comparti\u00f3 con <\/span><i><span data-contrast=\"auto\">Universo<\/span><\/i><span data-contrast=\"auto\"> c\u00f3mo vive la cuarentena, la importancia del teatro en una sociedad y <\/span><span data-contrast=\"auto\">de los experimentos que como <\/span><i><span data-contrast=\"auto\">Orteuv<\/span><\/i> <span data-contrast=\"auto\">desarrollan<\/span><span data-contrast=\"auto\">, sac\u00e1ndole provecho al <\/span><span data-contrast=\"auto\">resguardo domiciliario.<\/span><span data-ccp-props=\"{}\">\u00a0<\/span><\/p>\n<p><span data-contrast=\"auto\">El<\/span><span data-contrast=\"auto\"> elenco no ha frenado actividades <\/span><span data-contrast=\"auto\">y mantiene ensayos virtuales de martes a s\u00e1bado<\/span><span data-contrast=\"auto\">, se trata de<\/span> <span data-contrast=\"auto\">un experimento para ver no solamente la cuesti\u00f3n <\/span><span data-contrast=\"auto\">de la obra que est\u00e1n montando<\/span><span data-contrast=\"auto\"> en s\u00ed<\/span><span data-contrast=\"auto\">, sino <\/span><span data-contrast=\"auto\">c\u00f3mo se maneja el dispositivo<\/span><span data-contrast=\"auto\"> que les permite <\/span><span data-contrast=\"auto\">contactarse<\/span><span data-contrast=\"auto\">, <\/span><span data-contrast=\"auto\">y c\u00f3mo <\/span><span data-contrast=\"auto\">resolver<\/span><span data-contrast=\"auto\"> todos los inconvenientes<\/span><span data-contrast=\"auto\"> y complicaciones <\/span><span data-contrast=\"auto\">que se generan por no poder esta<\/span><span data-contrast=\"auto\">r<\/span><span data-contrast=\"auto\"> presente<\/span><span data-contrast=\"auto\"> f\u00edsicamente<\/span><span data-contrast=\"auto\">, \u201calgo que el teatro necesita s\u00ed o s\u00ed\u201d,<\/span> <span data-contrast=\"auto\">para<\/span><span data-contrast=\"auto\"> ponerse en sinton\u00eda <\/span><span data-contrast=\"auto\">y <\/span><span data-contrast=\"auto\">en una misma energ\u00eda<\/span><span data-contrast=\"auto\">.<\/span><span data-ccp-props=\"{&quot;335559731&quot;:708}\">\u00a0<\/span><\/p>\n<p><span data-contrast=\"auto\">El dramaturgo <\/span><span data-contrast=\"auto\">Luis Enrique Guti<\/span><span data-contrast=\"auto\">\u00e9<\/span><span data-contrast=\"auto\">rrez Ortiz Monasterio<\/span> <span data-contrast=\"auto\">ya ten\u00eda preparad<\/span><span data-contrast=\"auto\">a una propuesta teatral <\/span><span data-contrast=\"auto\">sobre Salvador D\u00edaz Mir\u00f3n, <\/span><span data-contrast=\"auto\">con miras <\/span><span data-contrast=\"auto\">a<\/span><span data-contrast=\"auto\"> presentarse en distintas facultades de la UV<\/span><span data-contrast=\"auto\">, <\/span><span data-contrast=\"auto\">pero la pandemia cambi\u00f3 el panorama.<\/span><span data-ccp-props=\"{&quot;335559731&quot;:708}\">\u00a0<\/span><\/p>\n<p><span data-contrast=\"auto\">Entonces, tanto <\/span><span data-contrast=\"auto\">el dramaturgo residente como el director de la <\/span><i><span data-contrast=\"auto\">Orteuv<\/span><\/i><span data-contrast=\"auto\">, Luis Mario Moncada, propusieron al elenco actoral <\/span><span data-contrast=\"auto\">experimentar con esas carencias<\/span><span data-contrast=\"auto\"> (ensayos no presenciales, manejo de dispositivos y en ocasiones deficiencia en cuanto a <\/span><span data-contrast=\"auto\">la <\/span><span data-contrast=\"auto\">conectividad<\/span><span data-contrast=\"auto\"> por cualquiera que sea <\/span><span data-contrast=\"auto\">la plataforma virtual q<\/span><span data-contrast=\"auto\">ue les re\u00fane).<\/span><span data-ccp-props=\"{&quot;335559731&quot;:708}\">\u00a0<\/span><\/p>\n<p><span data-contrast=\"auto\">\u201cNo solamente entra<\/span><span data-contrast=\"auto\">s<\/span><span data-contrast=\"auto\"> a un ensayo, entras a la casa de<\/span><span data-contrast=\"auto\">l<\/span> <span data-contrast=\"auto\">otro<\/span><span data-contrast=\"auto\">,<\/span> <span data-contrast=\"auto\">quien tambi\u00e9n <\/span><span data-contrast=\"auto\">est\u00e1 en un encierro<\/span><span data-contrast=\"auto\">. Entonces, Luis Enrique muy ingeniosamente utiliz\u00f3 <\/span><span data-contrast=\"auto\">esta oportunidad para hablar no <\/span><span data-contrast=\"auto\">s\u00f3lo <\/span><span data-contrast=\"auto\">de la figura de D\u00edaz Mir\u00f3n, sino <\/span><span data-contrast=\"auto\">de c\u00f3mo los actores sobrellevamos e<\/span><span data-contrast=\"auto\">l <\/span><span data-contrast=\"auto\">encierro<\/span><span data-contrast=\"auto\">,<\/span><span data-contrast=\"auto\"> y <\/span><span data-contrast=\"auto\">jugamos con eso.<\/span><span data-ccp-props=\"{&quot;335559731&quot;:708}\">\u00a0<\/span><\/p>\n<p><span data-contrast=\"auto\">\u201d<\/span><span data-contrast=\"auto\">Al ser un experimento, una manera diferente de abordar la teatralidad<\/span> <span data-contrast=\"auto\">\u2013<\/span><span data-contrast=\"auto\">porque esto no es cine, no somos expertos en hacer tiros de c\u00e1mara<\/span><span data-contrast=\"auto\"> y dem\u00e1s<\/span><span data-contrast=\"auto\">\u2013<\/span><span data-contrast=\"auto\">,<\/span> <span data-contrast=\"auto\">nos preguntamos<\/span><span data-contrast=\"auto\">:<\/span> <span data-contrast=\"auto\">\u00bf<\/span><span data-contrast=\"auto\">Qu\u00e9<\/span><span data-contrast=\"auto\"> hacemos con lo que tenemos<\/span><span data-contrast=\"auto\">? <\/span><span data-contrast=\"auto\">Y s\u00ed,<\/span> <span data-contrast=\"auto\">con lo que cada quien tiene en su casa<\/span><span data-contrast=\"auto\">, desde vestuario, locaci\u00f3n, las personas <\/span><span data-contrast=\"auto\">o animales <\/span><span data-contrast=\"auto\">que conviven con nosotros<\/span><span data-contrast=\"auto\">,<\/span> <span data-contrast=\"auto\">con<\/span><span data-contrast=\"auto\"> eso trabajamos.\u201d<\/span><span data-ccp-props=\"{&quot;335559731&quot;:708}\">\u00a0<\/span><\/p>\n<p><span data-contrast=\"auto\">Ante tal<\/span><span data-contrast=\"auto\"> planteamiento<\/span><span data-contrast=\"auto\"> surgi\u00f3 la inquietud <\/span><span data-contrast=\"auto\">acerca de <\/span><span data-contrast=\"auto\">c\u00f3mo vive la cuarentena una <\/span><span data-contrast=\"auto\">actriz de teatr<\/span><span data-contrast=\"auto\">o, <\/span><span data-contrast=\"auto\">as\u00ed como <\/span><span data-contrast=\"auto\">asistente de direcci\u00f3n y directora esc\u00e9nica<\/span><span data-contrast=\"auto\">, <\/span><span data-contrast=\"auto\">y <\/span><span data-contrast=\"auto\">para ella un asunto es estar encerrad<\/span><span data-contrast=\"auto\">a<\/span> <span data-contrast=\"auto\">en casa <\/span><span data-contrast=\"auto\">por gusto <\/span><span data-contrast=\"auto\">y otra e<\/span><span data-contrast=\"auto\">s<\/span><span data-contrast=\"auto\"> saber que al salir corres peligro <\/span><span data-contrast=\"auto\">de contagiarte o contagiar a otras personas.<\/span><span data-ccp-props=\"{}\">\u00a0<\/span><\/p>\n<p><span data-contrast=\"auto\">\u201c<\/span><span data-contrast=\"auto\">Quienes <\/span><span data-contrast=\"auto\">tenemos el lujo de poder quedarnos<\/span><span data-contrast=\"auto\"> en casa<\/span><span data-contrast=\"auto\"> tambi\u00e9n <\/span><span data-contrast=\"auto\">debemos<\/span><span data-contrast=\"auto\"> pensar en <\/span><span data-contrast=\"auto\">lo que pasa con los que no puede<\/span><span data-contrast=\"auto\">n<\/span><span data-contrast=\"auto\">, con los que tienen <\/span><span data-contrast=\"auto\">la <\/span><span data-contrast=\"auto\">necesidad de salir<\/span><span data-contrast=\"auto\">, <\/span><span data-contrast=\"auto\">y <\/span><span data-contrast=\"auto\">reflexionas la desigualdad, la injusticia. Por ejemplo, <\/span><span data-contrast=\"auto\">hay clases en l\u00ednea, pero sabes que no todo <\/span><span data-contrast=\"auto\">el mundo tiene I<\/span><span data-contrast=\"auto\">nternet.<\/span><span data-contrast=\"auto\"> Te cuestionas desde muchos lugares.<\/span><span data-ccp-props=\"{}\">\u00a0<\/span><\/p>\n<p><span data-contrast=\"auto\">\u201d<\/span><span data-contrast=\"auto\">A m\u00ed me gusta estar encerrada <\/span><span data-contrast=\"auto\">y normalmente acostumbro estar en mi casa, pero una cosa <\/span><span data-contrast=\"auto\">es que lo haga por gusto y otra que sea de vida o muerte.\u201d<\/span><span data-ccp-props=\"{}\">\u00a0<\/span><\/p>\n<p><span data-contrast=\"auto\">Pero \u00e9<\/span><span data-contrast=\"auto\">se es el conflicto a nivel personal, en el profesional <\/span><span data-contrast=\"auto\">la actriz levanta ligeramente la vo<\/span><span data-contrast=\"auto\">z<\/span><span data-contrast=\"auto\"> y expone<\/span><span data-contrast=\"auto\">:<\/span> <span data-contrast=\"auto\">\u201c\u00a1<\/span><span data-contrast=\"auto\">Y<\/span><span data-contrast=\"auto\">a<\/span><span data-contrast=\"auto\"> tengo 10 fines de semana sin dar funci\u00f3n!<\/span><span data-contrast=\"auto\">\u201d<\/span><span data-contrast=\"auto\">. Habla<\/span> <span data-contrast=\"auto\">d<\/span><span data-contrast=\"auto\">el<\/span><span data-contrast=\"auto\"> lugar donde no puede ejercer la labor para la que se ha preparado <\/span><span data-contrast=\"auto\">durante tanto tiempo y le ha dejado <\/span><span data-contrast=\"auto\">infinidad de <\/span><span data-contrast=\"auto\">satisfacciones<\/span><span data-contrast=\"auto\">: <\/span><span data-contrast=\"auto\">\u201cEl no poder estar presente en un escenario s\u00ed me ha golpeado much\u00edsimo\u201d, <\/span><span data-contrast=\"auto\">confes\u00f3. <\/span><span data-contrast=\"auto\">Se trata, a su entender, no s\u00f3lo del presente sino de<\/span><span data-contrast=\"auto\"> c\u00f3mo <\/span><span data-contrast=\"auto\">ser\u00e1 <\/span><span data-contrast=\"auto\">ese campo art\u00edstico <\/span><span data-contrast=\"auto\">en el<\/span><span data-contrast=\"auto\"> futuro<\/span><span data-contrast=\"auto\">, un futuro no muy lejano.<\/span><span data-ccp-props=\"{}\">\u00a0<\/span><\/p>\n<p><span data-contrast=\"auto\">La pandemia ha afectado a todas las artes esc\u00e9nicas <\/span><span data-contrast=\"auto\">en el mundo y la<\/span><span data-contrast=\"auto\">s<\/span><span data-contrast=\"auto\"> inc\u00f3gnita<\/span><span data-contrast=\"auto\">s<\/span><span data-contrast=\"auto\"> est\u00e1<\/span><span data-contrast=\"auto\">n<\/span><span data-contrast=\"auto\"> latente<\/span><span data-contrast=\"auto\">s:<\/span><span data-contrast=\"auto\"> \u00bfQu\u00e9 pasar\u00e1 con esta nueva normalidad?<\/span><span data-contrast=\"auto\">, \u00bf<\/span><span data-contrast=\"auto\">q<\/span><span data-contrast=\"auto\">u\u00e9 estrategias se tendr\u00e1n que seguir para el escenario<\/span><span data-contrast=\"auto\">, para el regreso a clases?<\/span><span data-contrast=\"auto\"> La entrevistada explic\u00f3 <\/span><span data-contrast=\"auto\">que ense\u00f1ar teatro en l\u00ednea no es sencillo, <\/span><span data-contrast=\"auto\">hay cuestiones del tiempo real y la conexi\u00f3n persona a persona que <\/span><span data-contrast=\"auto\">no<\/span><span data-contrast=\"auto\"> se<\/span><span data-contrast=\"auto\"> logran <\/span><span data-contrast=\"auto\">de la misma forma.<\/span><span data-ccp-props=\"{}\">\u00a0<\/span><\/p>\n<p><span data-contrast=\"auto\">Pero el teatro seguir\u00e1, remarca la actriz. <\/span><span data-contrast=\"auto\">Se trata de una bella arte que siempre ha te<\/span><span data-contrast=\"auto\">nido<\/span><span data-contrast=\"auto\"> embates<\/span><span data-contrast=\"auto\">, desde que se tuvo la noci\u00f3n<\/span><span data-contrast=\"auto\"> de <\/span><span data-contrast=\"auto\">que<\/span><span data-contrast=\"auto\"> a eso<\/span><span data-contrast=\"auto\"> se<\/span><span data-contrast=\"auto\"> le<\/span><span data-contrast=\"auto\"> llamaba teatro<\/span><span data-contrast=\"auto\">. Hay discusiones <\/span><span data-contrast=\"auto\">internacionales sobre la materia<\/span><span data-contrast=\"auto\">, pero <\/span><span data-contrast=\"auto\">lo que <\/span><span data-contrast=\"auto\">no est\u00e1 en tela de juicio<\/span><span data-contrast=\"auto\"> es<\/span><span data-contrast=\"auto\"> que es necesario<\/span><span data-contrast=\"auto\">.<\/span><span data-ccp-props=\"{}\">\u00a0<\/span><\/p>\n<p><span data-contrast=\"auto\">\u201cPorque el teatro siempre es el punto donde se hace<\/span><span data-contrast=\"auto\">n<\/span><span data-contrast=\"auto\"> interrogantes, nunca se dan <\/span><span data-contrast=\"auto\">respuestas. Es el lugar donde se cuestiona nuestra <\/span><span data-contrast=\"auto\">condici\u00f3n <\/span><span data-contrast=\"auto\">de ser humano<\/span> <span data-contrast=\"auto\">\u2013<\/span><span data-contrast=\"auto\">no digo que las otras artes no lo hagan<\/span><span data-contrast=\"auto\">\u2013<\/span><span data-contrast=\"auto\">, pero principalmente en el teatro vemos a <\/span><span data-contrast=\"auto\">las personas<\/span><span data-contrast=\"auto\">\u201d, subray\u00f3, <\/span><span data-contrast=\"auto\">en pleno dominio de su escena, la de una actriz concediendo una<\/span> <span data-contrast=\"auto\">entrevista por <\/span><span data-contrast=\"auto\">videollamada<\/span><span data-contrast=\"auto\">,<\/span><span data-contrast=\"auto\"> reci<\/span><span data-contrast=\"auto\">\u00e9n concluido un ensayo virtual.<\/span><span data-ccp-props=\"{}\">\u00a0<\/span><\/p>\n<p><span data-contrast=\"auto\">Adem\u00e1s,<\/span><span data-contrast=\"auto\"> hizo hincapi\u00e9 en que <\/span><span data-contrast=\"auto\">las artes esc\u00e9nicas, al v<\/span><span data-contrast=\"auto\">erlas<\/span><span data-contrast=\"auto\"> en vivo, as\u00ed sea v\u00eda <\/span><i><span data-contrast=\"auto\">streaming<\/span><\/i><span data-contrast=\"auto\">,<\/span><span data-contrast=\"auto\"> se convierten en experiencias irrepetibles<\/span><span data-contrast=\"auto\">. Lo dijo con conocimiento de causa, pues as\u00ed lo experimentan en los ensayos virtuales que desarrollan<\/span><span data-contrast=\"auto\">.<\/span><span data-ccp-props=\"{}\">\u00a0<\/span><\/p>\n<p><span data-contrast=\"auto\">\u201cLos <\/span><span data-contrast=\"auto\">teatristas<\/span><span data-contrast=\"auto\"> tendremos que ir resolviendo, tendremos que ir a la b\u00fasqueda de <\/span><span data-contrast=\"auto\">nuevas experiencias y eso es a lo que el teatro siempre ha ido<\/span><span data-contrast=\"auto\">. Le ha tocado<\/span><span data-contrast=\"auto\"> que le se\u00f1alen<\/span><span data-contrast=\"auto\"> cuando sali\u00f3 la televisi\u00f3n, despu\u00e9s el cine<\/span><span data-contrast=\"auto\">:<\/span> <span data-contrast=\"auto\">\u2018el teatro va a morir\u2019<\/span><span data-contrast=\"auto\">,<\/span><span data-contrast=\"auto\"> y no<\/span><span data-contrast=\"auto\">,<\/span><span data-contrast=\"auto\"> la gente sigue <\/span><span data-contrast=\"auto\">asistiendo a ver cosas en vivo, irrepetibles, y si es por <\/span><i><span data-contrast=\"auto\">streami<\/span><\/i><i><span data-contrast=\"auto\">ng<\/span><\/i><span data-contrast=\"auto\"> tambi\u00e9n lo ver\u00e1<\/span><span data-contrast=\"auto\">.\u201d<\/span><span data-ccp-props=\"{}\">\u00a0<\/span><\/p>\n<p><span data-contrast=\"auto\">Esa<\/span><span data-contrast=\"auto\">s<\/span><span data-contrast=\"auto\"> cuestiones sobre la condici\u00f3n del ser humano que emergen <\/span><span data-contrast=\"auto\">gracias al<\/span><span data-contrast=\"auto\"> teatro <\/span><span data-contrast=\"auto\">\u2013<\/span><span data-contrast=\"auto\">en<\/span><span data-contrast=\"auto\"> qui<\/span><span data-contrast=\"auto\">e<\/span><span data-contrast=\"auto\">n act\u00faa y <\/span><span data-contrast=\"auto\">en <\/span><span data-contrast=\"auto\">qui<\/span><span data-contrast=\"auto\">e<\/span><span data-contrast=\"auto\">n le observa<\/span><span data-contrast=\"auto\">\u2013<\/span><span data-contrast=\"auto\"> son indispensables en una sociedad, dijo la actriz<\/span><span data-contrast=\"auto\">.<\/span><span data-ccp-props=\"{}\">\u00a0<\/span><\/p>\n<p><span data-contrast=\"auto\">\u201cMe parece que en ese momento que el espectador descubre <\/span><span data-contrast=\"auto\">la interrogante que se le plantea o la problem\u00e1tica que ve, tambi\u00e9n tiene la oportunidad de cuestionarse <\/span><span data-contrast=\"auto\">a s\u00ed mismo.<\/span><span data-ccp-props=\"{}\">\u00a0<\/span><\/p>\n<p><span data-contrast=\"auto\">\u201cSe puede cuestionar de muchas manera<\/span><span data-contrast=\"auto\">s<\/span><span data-contrast=\"auto\">, de<\/span><span data-contrast=\"auto\">sde <\/span><span data-contrast=\"auto\">la comedia<\/span><span data-contrast=\"auto\">, una tragedia, <\/span><span data-contrast=\"auto\">de personajes, identific\u00e1ndose con situaciones<\/span><span data-contrast=\"auto\">. Es un momento donde<\/span><span data-contrast=\"auto\"> la persona<\/span><span data-contrast=\"auto\"> suspendi\u00f3 la incredulidad<\/span><span data-contrast=\"auto\">, hizo un convenio con los actores o ejecutantes <\/span><span data-contrast=\"auto\">y es capaz de creer como cierto todo lo que ve en escena<\/span><span data-contrast=\"auto\">.\u201d<\/span><span data-ccp-props=\"{}\">\u00a0<\/span><\/p>\n<p><span data-contrast=\"auto\">Para ella, quienes se dedican a<\/span><span data-contrast=\"auto\">l <\/span><span data-contrast=\"auto\">teatro tiene<\/span><span data-contrast=\"auto\">n<\/span><span data-contrast=\"auto\"> mucho de magos<\/span><span data-contrast=\"auto\"> y magas,<\/span><span data-contrast=\"auto\"> y logran incluso <\/span><span data-contrast=\"auto\">que una persona se r\u00eda<\/span><span data-contrast=\"auto\"> o llore<\/span> <span data-contrast=\"auto\">por escenas que <\/span><span data-contrast=\"auto\">ha<\/span><span data-contrast=\"auto\"> visto en m\u00e1s de una ocasi\u00f3n<\/span><span data-contrast=\"auto\">. \u201cEn el momento que e<\/span><span data-contrast=\"auto\">l<\/span><span data-contrast=\"auto\"> espectador se conecta con sus emociones, es<\/span><span data-contrast=\"auto\"> un regalo que nos hace<\/span> <span data-contrast=\"auto\">y a su vez es el regalo que nosotros le damos a \u00e9l<\/span><span data-contrast=\"auto\">\u201d.<\/span><span data-ccp-props=\"{}\">\u00a0<\/span><\/p>\n<p><span data-contrast=\"auto\">A decir de Alba Dom\u00ednguez, <\/span><span data-contrast=\"auto\">ese acto de magia, que siempre ser\u00e1 irrepetible, seguir\u00e1<\/span><span data-contrast=\"auto\"> tras esta pandemia.<\/span><span data-ccp-props=\"{}\">\u00a0<\/span><\/p>\n","protected":false},"excerpt":{"rendered":"<p>La Organizaci\u00f3n Teatral de la Universidad Veracruzana no ha parado de producir; a\u00fan con la pandemia, la gente sigue sus propuestas v\u00eda <em>streaming<\/em><\/p>\n","protected":false},"author":1508,"featured_media":84323,"comment_status":"closed","ping_status":"closed","sticky":false,"template":"","format":"standard","meta":[],"categories":[11],"tags":[],"_links":{"self":[{"href":"https:\/\/www.uv.mx\/prensa\/wp-json\/wp\/v2\/posts\/84322"}],"collection":[{"href":"https:\/\/www.uv.mx\/prensa\/wp-json\/wp\/v2\/posts"}],"about":[{"href":"https:\/\/www.uv.mx\/prensa\/wp-json\/wp\/v2\/types\/post"}],"author":[{"embeddable":true,"href":"https:\/\/www.uv.mx\/prensa\/wp-json\/wp\/v2\/users\/1508"}],"replies":[{"embeddable":true,"href":"https:\/\/www.uv.mx\/prensa\/wp-json\/wp\/v2\/comments?post=84322"}],"version-history":[{"count":0,"href":"https:\/\/www.uv.mx\/prensa\/wp-json\/wp\/v2\/posts\/84322\/revisions"}],"wp:featuredmedia":[{"embeddable":true,"href":"https:\/\/www.uv.mx\/prensa\/wp-json\/wp\/v2\/media\/84323"}],"wp:attachment":[{"href":"https:\/\/www.uv.mx\/prensa\/wp-json\/wp\/v2\/media?parent=84322"}],"wp:term":[{"taxonomy":"category","embeddable":true,"href":"https:\/\/www.uv.mx\/prensa\/wp-json\/wp\/v2\/categories?post=84322"},{"taxonomy":"post_tag","embeddable":true,"href":"https:\/\/www.uv.mx\/prensa\/wp-json\/wp\/v2\/tags?post=84322"}],"curies":[{"name":"wp","href":"https:\/\/api.w.org\/{rel}","templated":true}]}}