{"id":84329,"date":"2020-06-01T16:31:57","date_gmt":"2020-06-01T21:31:57","guid":{"rendered":"https:\/\/www.uv.mx\/prensa\/?p=84329"},"modified":"2020-06-01T18:17:09","modified_gmt":"2020-06-01T23:17:09","slug":"daduv-invita-a-nuevo-torneo-fifa-20-en-linea","status":"publish","type":"post","link":"https:\/\/www.uv.mx\/prensa\/deportes\/daduv-invita-a-nuevo-torneo-fifa-20-en-linea\/","title":{"rendered":"DADUV invita a nuevo Torneo FIFA 20 en L\u00ednea"},"content":{"rendered":"<ul>\n<li data-leveltext=\"\uf0b7\" data-font=\"Symbol\" data-listid=\"3\" data-aria-posinset=\"1\" data-aria-level=\"1\"><i><span data-contrast=\"auto\">Ahora para las regiones de <\/span><\/i><i><span data-contrast=\"auto\">Poza Rica-Tuxpan, <\/span><\/i><i><span data-contrast=\"auto\">Orizaba-<\/span><\/i><i><span data-contrast=\"auto\">C\u00f3rdoba<\/span><\/i> <i><span data-contrast=\"auto\">y Veracruz<\/span><\/i><i><span data-contrast=\"auto\">, <\/span><\/i><i><span data-contrast=\"auto\">estudiantes y empleados<\/span><\/i><i><span data-contrast=\"auto\"> de la UV<\/span><\/i><span data-ccp-props=\"{&quot;201341983&quot;:0,&quot;335559739&quot;:0,&quot;335559740&quot;:240}\">\u00a0<\/span><\/li>\n<\/ul>\n<div id=\"attachment_83907\" style=\"width: 732px\" class=\"wp-caption aligncenter\"><a href=\"https:\/\/www.uv.mx\/prensa\/files\/2020\/05\/200520-Fut-en-linea-100k.jpg\"><img aria-describedby=\"caption-attachment-83907\" decoding=\"async\" loading=\"lazy\" class=\"size-full wp-image-83907\" src=\"https:\/\/www.uv.mx\/prensa\/files\/2020\/05\/200520-Fut-en-linea-100k.jpg\" alt=\"La justa interfacultades convoc\u00f3 a 30 equipos de la regi\u00f3n Xalapa\" width=\"722\" height=\"392\" srcset=\"https:\/\/www.uv.mx\/prensa\/files\/2020\/05\/200520-Fut-en-linea-100k.jpg 722w, https:\/\/www.uv.mx\/prensa\/files\/2020\/05\/200520-Fut-en-linea-100k-300x163.jpg 300w\" sizes=\"(max-width: 722px) 100vw, 722px\" \/><\/a><p id=\"caption-attachment-83907\" class=\"wp-caption-text\"><span data-contrast=\"auto\">Se alista la segunda edici\u00f3n<\/span> <span data-contrast=\"auto\">del <\/span><span data-contrast=\"auto\">torneo <\/span><span data-contrast=\"auto\">de futbol <\/span><span data-contrast=\"auto\">en l\u00ed<\/span><span data-contrast=\"auto\">nea<\/span><span data-ccp-props=\"{&quot;201341983&quot;:0,&quot;335559739&quot;:0,&quot;335559740&quot;:240}\">\u00a0<\/span><\/p><\/div>\n<p><b><i><span data-contrast=\"auto\">Santiago Morales Ortiz<\/span><\/i><\/b><span data-ccp-props=\"{&quot;201341983&quot;:0,&quot;335559739&quot;:0,&quot;335559740&quot;:240}\">\u00a0<\/span><\/p>\n<p><b><i><span data-contrast=\"auto\">01\/06\/20<\/span><\/i><\/b><b><i><span data-contrast=\"auto\">20<\/span><\/i><\/b><b><i><span data-contrast=\"auto\">, Xalapa, Ver.-<\/span><\/i><\/b> <span data-contrast=\"auto\">La<\/span><a href=\"https:\/\/www.uv.mx\/daduv\/\" target=\"_blank\" rel=\"noopener noreferrer\"><span data-contrast=\"auto\"> Direcci\u00f3n de Actividades De<\/span><\/a><span data-contrast=\"auto\">portivas <\/span><span data-contrast=\"auto\">de la Universidad Veracruzana <\/span><span data-contrast=\"auto\">(DADUV) <\/span><span data-contrast=\"auto\">invita<\/span><span data-contrast=\"auto\"> a<\/span><span data-contrast=\"auto\">l nuevo <\/span><span data-contrast=\"auto\">Torneo<\/span><span data-contrast=\"auto\"> de Futbol<\/span><span data-contrast=\"auto\"> FIFA 20 <\/span><i><span data-contrast=\"auto\">eSports<\/span><\/i><span data-contrast=\"auto\"> en L\u00ednea, <\/span><span data-contrast=\"auto\">ahora dirigido a las regiones <\/span><span data-contrast=\"auto\">universitarias de <\/span><span data-contrast=\"auto\">Poza Rica-Tuxpan, <\/span><span data-contrast=\"auto\">Orizaba-<\/span><span data-contrast=\"auto\">C\u00f3rdoba y Veracruz<\/span><span data-contrast=\"auto\">, tras el \u00e9xito obtenido en el primer torneo de la zona Xalapa.<\/span><span data-ccp-props=\"{&quot;201341983&quot;:0,&quot;335559739&quot;:0,&quot;335559740&quot;:240}\">\u00a0<\/span><\/p>\n<p><span data-contrast=\"auto\">Bajo el lema \u201cQu\u00e9date en c<\/span><span data-contrast=\"auto\">asa\u201d<\/span><span data-contrast=\"auto\">, la<\/span><span data-contrast=\"auto\"> invitaci\u00f3n es para alumnos y empleados de la UV, <\/span><span data-contrast=\"auto\">quienes deber\u00e1n <\/span><span data-contrast=\"auto\">estar vigentes e inscritos en el periodo 2019-2020<\/span><span data-contrast=\"auto\">.<\/span><span data-ccp-props=\"{&quot;201341983&quot;:0,&quot;335559731&quot;:708,&quot;335559739&quot;:0,&quot;335559740&quot;:240}\">\u00a0<\/span><\/p>\n<p><span data-contrast=\"auto\">Se trata de p<\/span><span data-contrast=\"auto\">romover la convivencia y sana distancia<\/span><span data-contrast=\"auto\"> ante la contingencia sanitaria que se vive por el <\/span><span data-contrast=\"auto\">Covid-<\/span><span data-contrast=\"auto\">19<\/span><span data-contrast=\"auto\">.<\/span><span data-ccp-props=\"{&quot;201341983&quot;:0,&quot;335559731&quot;:708,&quot;335559739&quot;:0,&quot;335559740&quot;:240}\">\u00a0<\/span><\/p>\n<p><span data-contrast=\"auto\">De acuerdo con la convocatoria, las inscripciones cierran el 4 de junio, por lo que los interesados deber\u00e1n <\/span><span data-contrast=\"auto\">enviar<\/span><span data-contrast=\"auto\"> su<\/span><span data-contrast=\"auto\">s<\/span><span data-contrast=\"auto\"> registro<\/span><span data-contrast=\"auto\">s<\/span><span data-contrast=\"auto\"> a trav\u00e9s de los correos: <\/span><a href=\"mailto:gamerduve@gmail.com\"><span data-contrast=\"none\">gamerduve@gmail.com<\/span><\/a><span data-contrast=\"auto\"> (Poza Rica-Tuxpan); <\/span><a href=\"mailto:esportshalcones@gmail.com\"><span data-contrast=\"none\">esportshalcones@gmail.com<\/span><\/a><span data-contrast=\"auto\"> (<\/span><span data-contrast=\"auto\">Orizaba<\/span><span data-contrast=\"auto\">&#8211;<\/span><span data-contrast=\"auto\">C\u00f3rdoba) y <\/span><a href=\"mailto:diddiercaballeros@gmail.com\"><span data-contrast=\"none\">diddiercaballeros@gmail.com<\/span><\/a><span data-contrast=\"auto\"> (Veracruz<\/span><span data-contrast=\"auto\">).<\/span><span data-ccp-props=\"{&quot;201341983&quot;:0,&quot;335559731&quot;:708,&quot;335559739&quot;:0,&quot;335559740&quot;:240}\">\u00a0<\/span><\/p>\n<p><span data-contrast=\"auto\">El torneo ser\u00e1 en l\u00ednea a trav\u00e9s de la plataforma <\/span><i><span data-contrast=\"auto\">Xbox<\/span><\/i><span data-contrast=\"auto\">, con sistema de competencia de acuerdo al n\u00famero de equipos participantes<\/span><span data-contrast=\"auto\">,<\/span><span data-contrast=\"auto\"> y <\/span><span data-contrast=\"auto\">la <\/span><span data-contrast=\"auto\">final <\/span><span data-contrast=\"auto\">se llevar\u00e1 a cabo de manera<\/span> <span data-contrast=\"auto\">presencial una vez que <\/span><span data-contrast=\"auto\">termine<\/span><span data-contrast=\"auto\"> la conti<\/span><span data-contrast=\"auto\">n<\/span><span data-contrast=\"auto\">gencia.<\/span><span data-ccp-props=\"{&quot;201341983&quot;:0,&quot;335559731&quot;:708,&quot;335559739&quot;:0,&quot;335559740&quot;:240}\">\u00a0<\/span><\/p>\n<p><span data-contrast=\"auto\">La premiaci\u00f3n consistir\u00e1 en trofeo<\/span><span data-contrast=\"auto\"> para el campe\u00f3n<\/span><span data-contrast=\"auto\"> y medallas <\/span><span data-contrast=\"auto\">de participaci\u00f3n para segundo y tercer lugar.<\/span><span data-ccp-props=\"{&quot;201341983&quot;:0,&quot;335559731&quot;:708,&quot;335559739&quot;:0,&quot;335559740&quot;:240}\">\u00a0<\/span><\/p>\n","protected":false},"excerpt":{"rendered":"<p>Las inscripciones cierran el 4 de junio; el registro se realiza a trav\u00e9s de los correos gamerduve@gmail.com (Poza Rica-Tuxpan), esportshalcones@gmail.com (Orizaba-C\u00f3rdoba) y diddiercaballeros@gmail.com (Veracruz)<\/p>\n","protected":false},"author":1508,"featured_media":83907,"comment_status":"closed","ping_status":"closed","sticky":false,"template":"","format":"standard","meta":[],"categories":[12],"tags":[],"_links":{"self":[{"href":"https:\/\/www.uv.mx\/prensa\/wp-json\/wp\/v2\/posts\/84329"}],"collection":[{"href":"https:\/\/www.uv.mx\/prensa\/wp-json\/wp\/v2\/posts"}],"about":[{"href":"https:\/\/www.uv.mx\/prensa\/wp-json\/wp\/v2\/types\/post"}],"author":[{"embeddable":true,"href":"https:\/\/www.uv.mx\/prensa\/wp-json\/wp\/v2\/users\/1508"}],"replies":[{"embeddable":true,"href":"https:\/\/www.uv.mx\/prensa\/wp-json\/wp\/v2\/comments?post=84329"}],"version-history":[{"count":0,"href":"https:\/\/www.uv.mx\/prensa\/wp-json\/wp\/v2\/posts\/84329\/revisions"}],"wp:featuredmedia":[{"embeddable":true,"href":"https:\/\/www.uv.mx\/prensa\/wp-json\/wp\/v2\/media\/83907"}],"wp:attachment":[{"href":"https:\/\/www.uv.mx\/prensa\/wp-json\/wp\/v2\/media?parent=84329"}],"wp:term":[{"taxonomy":"category","embeddable":true,"href":"https:\/\/www.uv.mx\/prensa\/wp-json\/wp\/v2\/categories?post=84329"},{"taxonomy":"post_tag","embeddable":true,"href":"https:\/\/www.uv.mx\/prensa\/wp-json\/wp\/v2\/tags?post=84329"}],"curies":[{"name":"wp","href":"https:\/\/api.w.org\/{rel}","templated":true}]}}