{"id":84675,"date":"2020-06-12T09:02:53","date_gmt":"2020-06-12T14:02:53","guid":{"rendered":"https:\/\/www.uv.mx\/prensa\/?p=84675"},"modified":"2020-06-12T10:33:54","modified_gmt":"2020-06-12T15:33:54","slug":"facultad-de-enfermeria-region-xalapa-buscara-acreditacion-internacional","status":"publish","type":"post","link":"https:\/\/www.uv.mx\/prensa\/general\/facultad-de-enfermeria-region-xalapa-buscara-acreditacion-internacional\/","title":{"rendered":"Facultad de Enfermer\u00eda, regi\u00f3n Xalapa, buscar\u00e1 acreditaci\u00f3n internacional"},"content":{"rendered":"<ul>\n<li data-leveltext=\"\uf0b7\" data-font=\"Symbol\" data-listid=\"5\" data-aria-posinset=\"1\" data-aria-level=\"1\"><i><span data-contrast=\"auto\">Se someter\u00e1 a una evaluaci\u00f3n externa que ser\u00e1 realizada por el organismo <\/span><\/i><i><span data-contrast=\"auto\">Generation<\/span><\/i><i><span data-contrast=\"auto\"> of\u202f<\/span><\/i><i><span data-contrast=\"auto\">Resources<\/span><\/i> <i><span data-contrast=\"auto\">for<\/span><\/i><i><span data-contrast=\"auto\">\u202f<\/span><\/i><i><span data-contrast=\"auto\">Accreditation<\/span><\/i><i><span data-contrast=\"auto\"> in\u202f<\/span><\/i><i><span data-contrast=\"auto\">Nations<\/span><\/i><i><span data-contrast=\"auto\"> of <\/span><\/i><i><span data-contrast=\"auto\">the<\/span><\/i><i><span data-contrast=\"auto\">\u202f<\/span><\/i><i><span data-contrast=\"auto\">America<\/span><\/i><span data-ccp-props=\"{}\">\u00a0<\/span><\/li>\n<li data-leveltext=\"\uf0b7\" data-font=\"Symbol\" data-listid=\"5\" data-aria-posinset=\"2\" data-aria-level=\"1\"><i><span data-contrast=\"auto\">El comit\u00e9 evaluador interno est\u00e1 integrado por 22 docentes y 10 consejeros alumnos<\/span><\/i><i><span data-contrast=\"auto\"> de esta entidad acad\u00e9mica<\/span><\/i><span data-ccp-props=\"{}\">\u00a0<\/span><\/li>\n<\/ul>\n<div id=\"attachment_84676\" style=\"width: 732px\" class=\"wp-caption aligncenter\"><a href=\"https:\/\/www.uv.mx\/prensa\/files\/2020\/06\/100620-Acreditacion-Internacional-Enfermeria-1-100k.jpg\"><img aria-describedby=\"caption-attachment-84676\" decoding=\"async\" loading=\"lazy\" class=\"size-full wp-image-84676\" src=\"https:\/\/www.uv.mx\/prensa\/files\/2020\/06\/100620-Acreditacion-Internacional-Enfermeria-1-100k.jpg\" alt=\"Carlos Flores P\u00e9rez, director de la Facultad \" width=\"722\" height=\"481\" srcset=\"https:\/\/www.uv.mx\/prensa\/files\/2020\/06\/100620-Acreditacion-Internacional-Enfermeria-1-100k.jpg 722w, https:\/\/www.uv.mx\/prensa\/files\/2020\/06\/100620-Acreditacion-Internacional-Enfermeria-1-100k-300x200.jpg 300w\" sizes=\"(max-width: 722px) 100vw, 722px\" \/><\/a><p id=\"caption-attachment-84676\" class=\"wp-caption-text\">Carlos Flores P\u00e9rez, director de la Facultad<\/p><\/div>\n<p><b><i><span data-contrast=\"auto\">Carlos Hugo Hermida Rosales<\/span><\/i><\/b><span data-ccp-props=\"{}\">\u00a0<\/span><\/p>\n<p><b><i><span data-contrast=\"auto\">1<\/span><\/i><\/b><b><i><span data-contrast=\"auto\">2<\/span><\/i><\/b><b><i><span data-contrast=\"auto\">\/06\/<\/span><\/i><\/b><b><i><span data-contrast=\"auto\">2020<\/span><\/i><\/b><b><i><span data-contrast=\"auto\">,<\/span><\/i><\/b> <b><i><span data-contrast=\"auto\">Xalapa, <\/span><\/i><\/b><b><i><span data-contrast=\"auto\">Ver.<\/span><\/i><\/b><b><i><span data-contrast=\"auto\">&#8211;<\/span><\/i><\/b> <span data-contrast=\"auto\">La <a href=\"https:\/\/www.uv.mx\/veracruz\/enfermeria\/\" target=\"_blank\" rel=\"noopener noreferrer\">Facultad de Enfermer\u00eda<\/a> de la <\/span><span data-contrast=\"auto\">regi\u00f3n<\/span> <span data-contrast=\"auto\">Xalapa <\/span><span data-contrast=\"auto\">de la<\/span><span data-contrast=\"auto\"> Universidad Veracruzana (UV), <\/span><span data-contrast=\"auto\">inici\u00f3<\/span><span data-contrast=\"auto\"> el 10 de junio <\/span><span data-contrast=\"auto\">una fase de evaluaci\u00f3n externa para obtener una<\/span><span data-contrast=\"auto\"> acreditaci\u00f3n internacional <\/span><span data-contrast=\"auto\">por parte del organismo <\/span><span data-contrast=\"auto\">Generation<\/span> <span data-contrast=\"auto\">of<\/span><span data-contrast=\"auto\">\u202f<\/span><span data-contrast=\"auto\">Resources<\/span> <span data-contrast=\"auto\">for<\/span><span data-contrast=\"auto\">\u202f<\/span><span data-contrast=\"auto\">Accreditation<\/span><span data-contrast=\"auto\"> in\u202f<\/span><span data-contrast=\"auto\">Nations<\/span> <span data-contrast=\"auto\">of<\/span> <span data-contrast=\"auto\">the<\/span><span data-contrast=\"auto\">\u202f<\/span><span data-contrast=\"auto\">America<\/span><span data-contrast=\"auto\"> (GRANA).<\/span><span data-ccp-props=\"{}\">\u00a0<\/span><\/p>\n<p><span data-contrast=\"auto\">Pedro Guti\u00e9rrez Aguilar, director general del \u00c1rea Acad\u00e9mica de Ciencias de la Salud <\/span><span data-contrast=\"auto\">de la UV, declar\u00f3 que esta acreditaci\u00f3n ayudar\u00e1 a la Facultad de Enfermer\u00eda<\/span> <span data-contrast=\"auto\">a <\/span><span data-contrast=\"auto\">sumar calidad a sus<\/span><span data-contrast=\"auto\"> programas educativos, lo qu<\/span><span data-contrast=\"auto\">e beneficiar\u00e1 a sus estudiantes y docentes.<\/span><span data-ccp-props=\"{&quot;335559731&quot;:708}\">\u00a0<\/span><\/p>\n<p><span data-contrast=\"auto\">Comparti\u00f3 que el comit\u00e9 evaluador interno se form\u00f3 en enero de 2020, que se encuentra integrado por 22 docentes y 10 representantes alumnos, y que la coordinadora general del proceso de acreditaci\u00f3n internacional es<\/span> <span data-contrast=\"auto\">Silvia Socorro\u202fLara Arellano<\/span><span data-contrast=\"auto\">, <\/span><span data-contrast=\"auto\">catedr\u00e1tica de la entidad acad\u00e9mica <\/span><span data-contrast=\"auto\">mencionada<\/span><span data-contrast=\"auto\">.\u00a0<\/span><span data-ccp-props=\"{&quot;335559731&quot;:708}\">\u00a0<\/span><\/p>\n<p><span data-contrast=\"auto\">Entre los rubros que ser\u00e1n evaluados se encuentran el impacto social en la formaci\u00f3n de los estudiantes, los resultados de la investigaci\u00f3n vinculados a la ense\u00f1anza, la pertinencia del modelo educativo, y las estrategias metodol\u00f3gicas de aprendizaje en los modelos formativos.\u00a0<\/span><span data-ccp-props=\"{&quot;335559731&quot;:708}\">\u00a0<\/span><\/p>\n<p><span data-contrast=\"auto\">Adem\u00e1s del ingreso, permanencia y eficiencia terminal en la formaci\u00f3n acad\u00e9mica<\/span> <span data-contrast=\"auto\">y los profesores vinculados a ella, y la infraestructura, equipamiento, tecnolog\u00eda y bibliograf\u00eda de la formaci\u00f3n, entre otros.\u00a0<\/span><\/p>\n<div id=\"attachment_84677\" style=\"width: 732px\" class=\"wp-caption aligncenter\"><a href=\"https:\/\/www.uv.mx\/prensa\/files\/2020\/06\/100620-Acreditacion-Internacional-Enfermeria-2-100k.jpg\"><img aria-describedby=\"caption-attachment-84677\" decoding=\"async\" loading=\"lazy\" class=\"size-full wp-image-84677\" src=\"https:\/\/www.uv.mx\/prensa\/files\/2020\/06\/100620-Acreditacion-Internacional-Enfermeria-2-100k.jpg\" alt=\"El proceso inici\u00f3 de manera virtual \" width=\"722\" height=\"410\" srcset=\"https:\/\/www.uv.mx\/prensa\/files\/2020\/06\/100620-Acreditacion-Internacional-Enfermeria-2-100k.jpg 722w, https:\/\/www.uv.mx\/prensa\/files\/2020\/06\/100620-Acreditacion-Internacional-Enfermeria-2-100k-300x170.jpg 300w\" sizes=\"(max-width: 722px) 100vw, 722px\" \/><\/a><p id=\"caption-attachment-84677\" class=\"wp-caption-text\">El proceso inici\u00f3 de manera virtual<\/p><\/div>\n<p><span data-contrast=\"auto\">Lara Arellano <\/span><span data-contrast=\"auto\">expres\u00f3 <\/span><span data-contrast=\"auto\">que es un honor coordinar este proceso, al que tanto profesores como alumnos se han integrado de una excelente forma, y<\/span><span data-contrast=\"auto\"> han trabajado en cada ru<\/span><span data-contrast=\"auto\">bro con mucho profesionalismo.<\/span><span data-ccp-props=\"{&quot;335559731&quot;:708}\">\u00a0<\/span><\/p>\n<p><span data-contrast=\"auto\">D<\/span><span data-contrast=\"auto\">onato <\/span><span data-contrast=\"auto\">Vall\u00edn<\/span><span data-contrast=\"auto\">, <\/span><span data-contrast=\"auto\">director g<\/span><span data-contrast=\"auto\">eneral de GRANA<\/span><span data-contrast=\"auto\">, <\/span><span data-contrast=\"auto\">comparti\u00f3 que la delegaci\u00f3n multinacional para la evaluaci\u00f3n externa est\u00e1 integrada por <\/span><span data-contrast=\"auto\">Jos\u00e9 Mar\u00eda Poveda De Agust\u00edn<\/span><span data-contrast=\"auto\">, de Espa\u00f1a; <\/span><span data-contrast=\"auto\">Karen McQueen<\/span><span data-contrast=\"auto\">, de Canad\u00e1,<\/span><span data-contrast=\"auto\"> y <\/span><span data-contrast=\"auto\">Alacoque<\/span> <span data-contrast=\"auto\">Lorenzini<\/span><span data-contrast=\"auto\">\u202f<\/span><span data-contrast=\"auto\">Erdmann<\/span><span data-contrast=\"auto\">,\u202fde Brasil<\/span><span data-contrast=\"auto\">; ellos ser\u00e1n asesorados por <\/span><span data-contrast=\"auto\">Mar\u00eda\u202fGuadalupe Loza\u202fRojas<\/span><span data-contrast=\"auto\">, catedr\u00e1tica de la Universidad de Guadalajara.\u00a0<\/span><span data-ccp-props=\"{&quot;335559731&quot;:708}\">\u00a0<\/span><\/p>\n<p><span data-contrast=\"auto\">El directivo <\/span><span data-contrast=\"auto\">agradeci\u00f3 a Carlos Flores P\u00e9rez<\/span><span data-contrast=\"auto\">, director de la Facultad de Enfermer\u00eda<\/span><span data-contrast=\"auto\">,<\/span><span data-contrast=\"auto\"> por la loable labor de <\/span><span data-contrast=\"auto\">fomentar<\/span><span data-contrast=\"auto\"> la calidad de esta entidad acad\u00e9mica, y reconoci\u00f3 a la UV por impulsar una visi\u00f3n a futuro en t\u00e9rminos de <\/span><span data-contrast=\"auto\">pertinencia, innovaci\u00f3n e internacionalizaci\u00f3n.<\/span><span data-ccp-props=\"{&quot;335559731&quot;:708}\">\u00a0<\/span><\/p>\n<p><span data-contrast=\"auto\">Jos\u00e9 Mar\u00eda Poveda<\/span><span data-contrast=\"auto\"> manifest\u00f3 que ser\u00e1 un <\/span><span data-contrast=\"auto\">honor trabajar con la UV y un <\/span><span data-contrast=\"auto\">placer colaborar en este proceso de acreditaci\u00f3n<\/span><span data-contrast=\"auto\">; afirm\u00f3 que la comisi\u00f3n evaluadora acudir\u00e1 a la Facultad de Enfermer\u00eda a aprender, y a contribuir a que realice su trabajo a<\/span><span data-contrast=\"auto\">n<\/span><span data-contrast=\"auto\">tes y mejor que el resto de M\u00e9xico.\u00a0<\/span><span data-ccp-props=\"{&quot;335559731&quot;:708}\">\u00a0<\/span><\/p>\n<p><span data-contrast=\"auto\">\u201c<\/span><span data-contrast=\"auto\">E<\/span><span data-contrast=\"auto\">xisten dos palabras importantes <\/span><span data-contrast=\"auto\">dentro de<\/span><span data-contrast=\"auto\"> mi quehacer profesional<\/span><span data-contrast=\"auto\">, <\/span><span data-contrast=\"auto\">la innovaci\u00f3n y la internacionalizaci\u00f3n, cosas que la UV realiza de excelente manera\u201d, asever\u00f3.<\/span><\/p>\n","protected":false},"excerpt":{"rendered":"<p>Se someter\u00e1 a una evaluaci\u00f3n externa que ser\u00e1 realizada por el organismo Generation of\u202fResources for\u202fAccreditation in\u202fNations of the\u202fAmerica <\/p>\n","protected":false},"author":1775,"featured_media":84676,"comment_status":"closed","ping_status":"closed","sticky":false,"template":"","format":"standard","meta":[],"categories":[1],"tags":[],"_links":{"self":[{"href":"https:\/\/www.uv.mx\/prensa\/wp-json\/wp\/v2\/posts\/84675"}],"collection":[{"href":"https:\/\/www.uv.mx\/prensa\/wp-json\/wp\/v2\/posts"}],"about":[{"href":"https:\/\/www.uv.mx\/prensa\/wp-json\/wp\/v2\/types\/post"}],"author":[{"embeddable":true,"href":"https:\/\/www.uv.mx\/prensa\/wp-json\/wp\/v2\/users\/1775"}],"replies":[{"embeddable":true,"href":"https:\/\/www.uv.mx\/prensa\/wp-json\/wp\/v2\/comments?post=84675"}],"version-history":[{"count":0,"href":"https:\/\/www.uv.mx\/prensa\/wp-json\/wp\/v2\/posts\/84675\/revisions"}],"wp:featuredmedia":[{"embeddable":true,"href":"https:\/\/www.uv.mx\/prensa\/wp-json\/wp\/v2\/media\/84676"}],"wp:attachment":[{"href":"https:\/\/www.uv.mx\/prensa\/wp-json\/wp\/v2\/media?parent=84675"}],"wp:term":[{"taxonomy":"category","embeddable":true,"href":"https:\/\/www.uv.mx\/prensa\/wp-json\/wp\/v2\/categories?post=84675"},{"taxonomy":"post_tag","embeddable":true,"href":"https:\/\/www.uv.mx\/prensa\/wp-json\/wp\/v2\/tags?post=84675"}],"curies":[{"name":"wp","href":"https:\/\/api.w.org\/{rel}","templated":true}]}}