{"id":84711,"date":"2020-06-12T12:18:38","date_gmt":"2020-06-12T17:18:38","guid":{"rendered":"https:\/\/www.uv.mx\/prensa\/?p=84711"},"modified":"2020-06-12T15:50:06","modified_gmt":"2020-06-12T20:50:06","slug":"alumna-uv-destaco-en-la-copa-pes-2020-del-condde","status":"publish","type":"post","link":"https:\/\/www.uv.mx\/prensa\/deportes\/alumna-uv-destaco-en-la-copa-pes-2020-del-condde\/","title":{"rendered":"Alumna UV destac\u00f3 en la Copa PES 2020 del <em>Condde<\/em>\u00a0"},"content":{"rendered":"<ul>\n<li data-leveltext=\"\uf0b7\" data-font=\"Symbol\" data-listid=\"1\" data-aria-posinset=\"1\" data-aria-level=\"1\"><i><span data-contrast=\"none\">Cecilia Arias Hern\u00e1ndez<\/span><\/i><i><span data-contrast=\"none\"> compiti\u00f3 en <\/span><\/i><i><span data-contrast=\"none\">la Copa<\/span><\/i><i><span data-contrast=\"none\"> de <\/span><\/i><i><span data-contrast=\"none\">F<\/span><\/i><i><span data-contrast=\"none\">utbol en <\/span><\/i><i><span data-contrast=\"none\">L<\/span><\/i><i><span data-contrast=\"none\">\u00ednea <\/span><\/i><span data-contrast=\"none\">eSports<\/span><span data-ccp-props=\"{&quot;134233279&quot;:true,&quot;201341983&quot;:0,&quot;335559739&quot;:200,&quot;335559740&quot;:240}\"><br \/>\n<\/span><\/li>\n<\/ul>\n<div id=\"attachment_84705\" style=\"width: 732px\" class=\"wp-caption aligncenter\"><a href=\"https:\/\/www.uv.mx\/prensa\/files\/2020\/06\/120620-Alumna-UV-Copa-PES.jpg\"><img aria-describedby=\"caption-attachment-84705\" decoding=\"async\" loading=\"lazy\" class=\"size-full wp-image-84705\" src=\"https:\/\/www.uv.mx\/prensa\/files\/2020\/06\/120620-Alumna-UV-Copa-PES.jpg\" alt=\"\" width=\"722\" height=\"555\" srcset=\"https:\/\/www.uv.mx\/prensa\/files\/2020\/06\/120620-Alumna-UV-Copa-PES.jpg 722w, https:\/\/www.uv.mx\/prensa\/files\/2020\/06\/120620-Alumna-UV-Copa-PES-300x231.jpg 300w\" sizes=\"(max-width: 722px) 100vw, 722px\" \/><\/a><p id=\"caption-attachment-84705\" class=\"wp-caption-text\">Constancia de participaci\u00f3n de la alumna Cecilia Arias Hern\u00e1ndez en la Copa PES 2020 del <em>Condde<\/em><\/p><\/div>\n<p><span data-ccp-props=\"{&quot;201341983&quot;:0,&quot;335559739&quot;:200,&quot;335559740&quot;:240}\">\u00a0<\/span><b><i><span data-contrast=\"none\">Santiago Morales Ortiz<\/span><\/i><\/b><span data-ccp-props=\"{&quot;201341983&quot;:0,&quot;335559739&quot;:200,&quot;335559740&quot;:240}\">\u00a0<\/span><\/p>\n<p><b><i><span data-contrast=\"none\">1<\/span><\/i><\/b><b><i><span data-contrast=\"none\">2<\/span><\/i><\/b><b><i><span data-contrast=\"none\">\/06\/20, Xalapa, Ver.-<\/span><\/i><\/b> <span data-contrast=\"none\">Cecil<\/span><span data-contrast=\"none\">i<\/span><span data-contrast=\"none\">a<\/span><span data-contrast=\"none\"> Arias Hern\u00e1ndez<\/span><span data-contrast=\"none\">,<\/span> <span data-contrast=\"none\">alumna <\/span><span data-contrast=\"none\">de la <\/span><span data-contrast=\"none\">F<\/span><span data-contrast=\"none\">acultad de Medicina Veterinaria <\/span><span data-contrast=\"none\">y <\/span><span data-contrast=\"none\">Zootecnia<\/span><span data-contrast=\"none\"> de la Universidad Veracruzana<\/span><span data-contrast=\"none\"> (UV)<\/span><span data-contrast=\"none\">, <\/span><span data-contrast=\"none\">tuvo una d<\/span><span data-contrast=\"none\">estaca<\/span><span data-contrast=\"none\">da<\/span><span data-contrast=\"none\"> participaci\u00f3n <\/span><span data-contrast=\"none\">en la Copa <\/span><i><span data-contrast=\"none\">Condde<\/span><\/i><span data-contrast=\"none\">-FND<\/span><span data-contrast=\"none\">E<\/span><span data-contrast=\"none\">M PES 2020 de <\/span><i><span data-contrast=\"none\">eSports<\/span><\/i><span data-contrast=\"none\">.<\/span><span data-ccp-props=\"{&quot;201341983&quot;:0,&quot;335559739&quot;:200,&quot;335559740&quot;:240}\">\u00a0<\/span><\/p>\n<p><span data-contrast=\"none\">La estudiante de la regi\u00f3n Veracruz <\/span><span data-contrast=\"none\">se inscribi\u00f3 en <\/span><span data-contrast=\"none\">la Copa<\/span><span data-contrast=\"none\"> de Futbol en L\u00ednea<\/span><span data-contrast=\"none\"> y<\/span> <span data-contrast=\"none\">desempe\u00f1\u00f3 <\/span><span data-contrast=\"none\">un<\/span> <span data-contrast=\"none\">gran <\/span><span data-contrast=\"none\">papel<\/span><span data-contrast=\"none\">, por lo que recibi\u00f3 su constancia de participaci\u00f3n por parte de las autoridades del Consejo Nacional del Deporte de la Educaci\u00f3n (<\/span><i><span data-contrast=\"none\">Condde<\/span><\/i><span data-contrast=\"none\">), <\/span><span data-contrast=\"none\">as\u00ed como la<\/span><span data-contrast=\"none\"> felicitaci\u00f3n de la titular de la Direcci\u00f3n de Actividades Deportivas de la UV, Maribel Barradas Landa.<\/span><span data-ccp-props=\"{&quot;201341983&quot;:0,&quot;335559731&quot;:708,&quot;335559739&quot;:200,&quot;335559740&quot;:240}\">\u00a0<\/span><\/p>\n<p><span data-contrast=\"none\">Cabe destacar el \u00e9xito que han tenido los torn<\/span><span data-contrast=\"none\">eos en l\u00ednea, que con el lema \u201cQ<\/span><span data-contrast=\"none\">u\u00e9date en casa\u201d organiza la Universidad Veracruzana.<\/span><span data-ccp-props=\"{&quot;201341983&quot;:0,&quot;335559731&quot;:708,&quot;335559739&quot;:200,&quot;335559740&quot;:240}\">\u00a0<\/span><\/p>\n<p><span data-contrast=\"none\">Recientemente culminaron los <\/span><span data-contrast=\"none\">torneos <\/span><span data-contrast=\"none\">de ajedrez y futbol para alumnos de la <\/span><span data-contrast=\"none\">regi\u00f3n<\/span><span data-contrast=\"none\"> Xalapa, y actualmente se desarrolla otro de futbol en las <\/span><span data-contrast=\"none\">regiones<\/span> <span data-contrast=\"none\">Orizaba<\/span><span data-contrast=\"none\">&#8211;<\/span><span data-contrast=\"none\">C\u00f3rdoba<\/span><span data-contrast=\"none\">, Poza Rica-Tuxpan y Veracruz<\/span><span data-contrast=\"none\">, lo que <\/span><span data-contrast=\"none\">ha <\/span><span data-contrast=\"none\">motivado a los alumnos a competir en eventos nacionales del <\/span><i><span data-contrast=\"none\">Condde<\/span><\/i><span data-contrast=\"none\">, como lo hizo Ce<\/span><span data-contrast=\"none\">ci<\/span><span data-contrast=\"none\">lia Arias.<\/span><span data-ccp-props=\"{&quot;201341983&quot;:0,&quot;335559731&quot;:708,&quot;335559739&quot;:200,&quot;335559740&quot;:240}\">\u00a0<\/span><\/p>\n","protected":false},"excerpt":{"rendered":"<p>Cecilia Arias Hern\u00e1ndez, de Veterinaria, compiti\u00f3 en la Copa de Futbol en L\u00ednea <em>eSports<\/em><\/p>\n","protected":false},"author":1869,"featured_media":84702,"comment_status":"closed","ping_status":"closed","sticky":false,"template":"","format":"standard","meta":[],"categories":[12,61],"tags":[],"_links":{"self":[{"href":"https:\/\/www.uv.mx\/prensa\/wp-json\/wp\/v2\/posts\/84711"}],"collection":[{"href":"https:\/\/www.uv.mx\/prensa\/wp-json\/wp\/v2\/posts"}],"about":[{"href":"https:\/\/www.uv.mx\/prensa\/wp-json\/wp\/v2\/types\/post"}],"author":[{"embeddable":true,"href":"https:\/\/www.uv.mx\/prensa\/wp-json\/wp\/v2\/users\/1869"}],"replies":[{"embeddable":true,"href":"https:\/\/www.uv.mx\/prensa\/wp-json\/wp\/v2\/comments?post=84711"}],"version-history":[{"count":0,"href":"https:\/\/www.uv.mx\/prensa\/wp-json\/wp\/v2\/posts\/84711\/revisions"}],"wp:featuredmedia":[{"embeddable":true,"href":"https:\/\/www.uv.mx\/prensa\/wp-json\/wp\/v2\/media\/84702"}],"wp:attachment":[{"href":"https:\/\/www.uv.mx\/prensa\/wp-json\/wp\/v2\/media?parent=84711"}],"wp:term":[{"taxonomy":"category","embeddable":true,"href":"https:\/\/www.uv.mx\/prensa\/wp-json\/wp\/v2\/categories?post=84711"},{"taxonomy":"post_tag","embeddable":true,"href":"https:\/\/www.uv.mx\/prensa\/wp-json\/wp\/v2\/tags?post=84711"}],"curies":[{"name":"wp","href":"https:\/\/api.w.org\/{rel}","templated":true}]}}