{"id":84824,"date":"2020-06-16T12:05:44","date_gmt":"2020-06-16T17:05:44","guid":{"rendered":"https:\/\/www.uv.mx\/prensa\/?p=84824"},"modified":"2020-06-17T15:09:57","modified_gmt":"2020-06-17T20:09:57","slug":"egresado-del-iil-l-explorara-pasajes-olvidados-en-la-historia-del-arte","status":"publish","type":"post","link":"https:\/\/www.uv.mx\/prensa\/banner\/egresado-del-iil-l-explorara-pasajes-olvidados-en-la-historia-del-arte\/","title":{"rendered":"Egresado del IIL-L explorar\u00e1 pasajes olvidados en la historia del arte"},"content":{"rendered":"<ul>\n<li data-leveltext=\"\uf0b7\" data-font=\"Symbol\" data-listid=\"1\" data-aria-posinset=\"1\" data-aria-level=\"1\"><i><span data-contrast=\"auto\">\u201cNo se tomen tan enserio esto\u201d es <\/span><\/i><i><span data-contrast=\"auto\">el t\u00edtulo de la propuesta de<\/span><\/i><i><span data-contrast=\"auto\"> Antonio Garc\u00eda Aria<\/span><\/i><i><span data-contrast=\"auto\">s<\/span><\/i><i><span data-contrast=\"auto\">, beneficia<\/span><\/i><i><span data-contrast=\"auto\">rio<\/span><\/i> <i><span data-contrast=\"auto\">del Programa de Est\u00edmulo a la Creaci\u00f3n y Desarrollo Art\u00edstico<\/span><\/i><span data-ccp-props=\"{&quot;134233279&quot;:true,&quot;201341983&quot;:0,&quot;335559739&quot;:160,&quot;335559740&quot;:240}\">\u00a0<\/span><\/li>\n<li data-leveltext=\"\uf0b7\" data-font=\"Symbol\" data-listid=\"1\" data-aria-posinset=\"2\" data-aria-level=\"1\"><i><span data-contrast=\"auto\">El producto final ser\u00e1 un libro que busca hacer de la literatura un mundo atractivo para los lectores<\/span><\/i><span data-ccp-props=\"{&quot;134233279&quot;:true,&quot;201341983&quot;:0,&quot;335559739&quot;:160,&quot;335559740&quot;:240}\">\u00a0<\/span><\/li>\n<li data-leveltext=\"\uf0b7\" data-font=\"Symbol\" data-listid=\"1\" data-aria-posinset=\"3\" data-aria-level=\"1\"><i><span data-contrast=\"auto\">\u201c\u00c9<\/span><\/i><i><span data-contrast=\"auto\">ste es el inicio de un estilo de vida\u201d, expres\u00f3 el joven escritor<\/span><\/i><i><span data-contrast=\"auto\">,<\/span><\/i> <i><span data-contrast=\"auto\">quien se hiz<\/span><\/i><i><span data-contrast=\"auto\">o acreedor a una beca econ\u00f3mica<\/span><\/i><span data-ccp-props=\"{&quot;134233279&quot;:true,&quot;201341983&quot;:0,&quot;335559739&quot;:160,&quot;335559740&quot;:240}\">\u00a0<\/span><\/li>\n<\/ul>\n<div id=\"attachment_84825\" style=\"width: 732px\" class=\"wp-caption aligncenter\"><a href=\"https:\/\/www.uv.mx\/prensa\/files\/2020\/06\/090620-Jose-Antonio-Garcia-PECDA-100k.jpg\"><img aria-describedby=\"caption-attachment-84825\" decoding=\"async\" loading=\"lazy\" class=\"size-full wp-image-84825\" src=\"https:\/\/www.uv.mx\/prensa\/files\/2020\/06\/090620-Jose-Antonio-Garcia-PECDA-100k.jpg\" alt=\"Jos\u00e9 Antonio Garc\u00eda Arias obtuvo la beca del PECDA 2020, en categor\u00eda de ensayo (foto de Casandra G\u00f3mez) \" width=\"722\" height=\"481\" srcset=\"https:\/\/www.uv.mx\/prensa\/files\/2020\/06\/090620-Jose-Antonio-Garcia-PECDA-100k.jpg 722w, https:\/\/www.uv.mx\/prensa\/files\/2020\/06\/090620-Jose-Antonio-Garcia-PECDA-100k-300x200.jpg 300w\" sizes=\"(max-width: 722px) 100vw, 722px\" \/><\/a><p id=\"caption-attachment-84825\" class=\"wp-caption-text\">Jos\u00e9 Antonio Garc\u00eda Arias obtuvo la beca del PECDA 2020, en categor\u00eda de ensayo <span style=\"font-size: 8pt\">(foto de Casandra G\u00f3mez)<\/span><\/p><\/div>\n<p><b><i><span data-contrast=\"auto\">Claudia Peralta V\u00e1zquez<\/span><\/i><\/b><span data-ccp-props=\"{&quot;201341983&quot;:0,&quot;335559739&quot;:160,&quot;335559740&quot;:240}\">\u00a0<\/span><\/p>\n<p><b><i><span data-contrast=\"auto\">16<\/span><\/i><\/b><b><i><span data-contrast=\"auto\">\/06\/20<\/span><\/i><\/b><b><i><span data-contrast=\"auto\">20<\/span><\/i><\/b><b><i><span data-contrast=\"auto\">, Xalapa, <\/span><\/i><\/b><b><i><span data-contrast=\"auto\">Ver.-<\/span><\/i><\/b> <span data-contrast=\"auto\">Si en alg\u00fan momento la literatura ha llegado a ser <\/span><span data-contrast=\"auto\">un tanto <\/span><span data-contrast=\"auto\">aburrida y poco comprensible para ni\u00f1os, j\u00f3venes y adultos, <\/span><span data-contrast=\"auto\">Jos\u00e9 Antonio Garc\u00eda Arias<\/span><span data-contrast=\"auto\">, egresado de la Maestr\u00eda<\/span><span data-contrast=\"auto\"> en Literatura Mexicana <\/span><span data-contrast=\"auto\">del<\/span><a href=\"https:\/\/www.uv.mx\/inslit\/\" target=\"_blank\" rel=\"noopener noreferrer\"><span data-contrast=\"auto\"> Instituto<\/span><span data-contrast=\"auto\"> de Investigaciones Ling\u00fc\u00edstico-<\/span><\/a><span data-contrast=\"auto\">Literarias (IIL<\/span><span data-contrast=\"auto\">&#8211;<\/span><span data-contrast=\"auto\">L) de la Universidad Veracruzana<\/span><span data-contrast=\"auto\"> (UV), <\/span><span data-contrast=\"auto\">propone un proyecto orientado precisamente a <\/span><span data-contrast=\"auto\">hacerla<\/span><span data-contrast=\"auto\"> m\u00e1s entretenida y atractiva para los lectores.<\/span><span data-ccp-props=\"{&quot;201341983&quot;:0,&quot;335559739&quot;:160,&quot;335559740&quot;:240}\">\u00a0<\/span><\/p>\n<p><span data-contrast=\"auto\">\u201cNo se tomen tan enserio esto\u201d,<\/span><span data-contrast=\"auto\"> es el t\u00edtulo d<\/span><span data-contrast=\"auto\">el<\/span><span data-contrast=\"auto\"> proyecto<\/span><span data-contrast=\"auto\"> situado en la categor\u00eda de ensayo,<\/span> <span data-contrast=\"auto\">por el cual el joven escritor fue <\/span><span data-contrast=\"auto\">seleccionado <\/span><span data-contrast=\"auto\">a trav\u00e9s del <\/span><span data-contrast=\"auto\">Programa de Est\u00edmulo a la Creaci\u00f3n y Desarrollo Art\u00edstico (PECDA) 2020<\/span><span data-contrast=\"auto\">, <\/span><span data-contrast=\"auto\">para recibir una beca y <\/span><span data-contrast=\"auto\">desarrollarlo en un tiempo no mayor a los siete meses.<\/span><span data-ccp-props=\"{&quot;201341983&quot;:0,&quot;335559739&quot;:160,&quot;335559740&quot;:240}\">\u00a0<\/span><\/p>\n<p><span data-contrast=\"auto\">\u00a0<\/span><span data-contrast=\"auto\">\u201c\u00c9<\/span><span data-contrast=\"auto\">ste es el<\/span><span data-contrast=\"auto\"> inicio de un estilo de vida<\/span><span data-contrast=\"auto\">\u201d, expres\u00f3<\/span><span data-contrast=\"auto\"> Jos\u00e9 Antonio, quien coment\u00f3 que el resultado final ser\u00e1 un libro que posteriormente someter\u00e1 a alg\u00fan premio o enviar\u00e1 a una editorial.<\/span><span data-ccp-props=\"{&quot;201341983&quot;:0,&quot;335559731&quot;:708,&quot;335559739&quot;:160,&quot;335559740&quot;:240}\">\u00a0<\/span><\/p>\n<p><span data-contrast=\"auto\">El <\/span><span data-contrast=\"auto\">tambi\u00e9n <\/span><span data-contrast=\"auto\">profesor de los Talleres Libres de Arte de la UV <\/span><span data-contrast=\"auto\">explic\u00f3 que la propuesta consiste en la invenci\u00f3n de pasajes olvidados de la historia del arte.<\/span><span data-ccp-props=\"{&quot;201341983&quot;:0,&quot;335559731&quot;:708,&quot;335559739&quot;:160,&quot;335559740&quot;:240}\">\u00a0<\/span><\/p>\n<p><span data-contrast=\"auto\">Reflexion\u00f3 en torno a que casi siempre el arte se ense\u00f1a a partir de textos acad\u00e9micos y no de los diarios o de la literatura de los mismos artistas, y es ah\u00ed donde suele encontrarse mucha informaci\u00f3n de lo que realmente <\/span><span data-contrast=\"auto\">ocurri\u00f3.<\/span><span data-ccp-props=\"{&quot;201341983&quot;:0,&quot;335559731&quot;:708,&quot;335559739&quot;:160,&quot;335559740&quot;:240}\">\u00a0<\/span><\/p>\n<p><span data-contrast=\"auto\">Por esta raz\u00f3n, \u00e9l juega con la idea del encuentro o historias ficticias entre uno o m\u00e1s escritores.<\/span> <span data-contrast=\"auto\">\u201cEmpiezo a inventar de tal manera que en algunas ocasiones no <\/span><span data-contrast=\"auto\">se sabe si determinada historia realmente pas\u00f3 o<\/span><span data-contrast=\"auto\"> se encuentra en <\/span><span data-contrast=\"auto\">libros <\/span><span data-contrast=\"auto\">ultrasecretos<\/span><span data-contrast=\"auto\">, finalmente <\/span><span data-contrast=\"auto\">toda gira<\/span><span data-contrast=\"auto\"> en torno a la cultura del ensayo<\/span><span data-contrast=\"auto\">\u201d<\/span><span data-contrast=\"auto\">.<\/span><span data-ccp-props=\"{&quot;201341983&quot;:0,&quot;335559731&quot;:708,&quot;335559739&quot;:160,&quot;335559740&quot;:240}\">\u00a0<\/span><\/p>\n<p><span data-contrast=\"auto\">Mostr\u00f3 su gusto por ensayar las posibilidades de que en alg\u00fan momento los escritores se hayan conocido, tomar alg\u00fan fragmento de su diario donde diga que \u201choy convers\u00f3 con tal persona\u201d, a partir de ese hecho \u00e9l empieza a elaborar el relato.<\/span><span data-ccp-props=\"{&quot;201341983&quot;:0,&quot;335559731&quot;:708,&quot;335559739&quot;:160,&quot;335559740&quot;:240}\">\u00a0<\/span><\/p>\n<p><span data-contrast=\"auto\">Coment\u00f3 que, dada su labor de profesor de historia <\/span><span data-contrast=\"auto\">del arte<\/span><span data-contrast=\"auto\">, se ha dado cuenta que hay <\/span><span data-contrast=\"auto\">mucha desinformaci\u00f3n al respecto,<\/span><span data-contrast=\"auto\"> pues los textos o escritos casi siempre son muy oficialistas.<\/span><span data-ccp-props=\"{&quot;201341983&quot;:0,&quot;335559731&quot;:708,&quot;335559739&quot;:160,&quot;335559740&quot;:240}\">\u00a0<\/span><\/p>\n<p><span data-contrast=\"auto\">\u201c<\/span><span data-contrast=\"auto\">Lo que quier<\/span><span data-contrast=\"auto\">o<\/span><span data-contrast=\"auto\"> hacer en este proyecto es crear toda una ficci\u00f3n de qu<\/span><span data-contrast=\"auto\">\u00e9<\/span><span data-contrast=\"auto\"> s\u00ed pas\u00f3<\/span><span data-contrast=\"auto\">, es <\/span><span data-contrast=\"auto\">un proyecto de vida, hasta cierto punto<\/span><span data-contrast=\"auto\">.\u201d<\/span><span data-ccp-props=\"{&quot;201341983&quot;:0,&quot;335559739&quot;:160,&quot;335559740&quot;:240}\">\u00a0<\/span><\/p>\n<p><span data-contrast=\"auto\">En fin, todas estas posibilidades las ha hecho p\u00fablicas a trav\u00e9s de <\/span><i><span data-contrast=\"auto\">Instagram<\/span><\/i><i><span data-contrast=\"auto\">,<\/span><\/i><span data-contrast=\"auto\"> y afortunadamente<\/span><span data-contrast=\"auto\"> y<\/span><span data-contrast=\"auto\"> para su sorpresa sus seguidores suele<\/span><span data-contrast=\"auto\">n<\/span><span data-contrast=\"auto\"> ser atrapados por esas historias no tan pomposas ni pretensiosas.<\/span><span data-ccp-props=\"{&quot;201341983&quot;:0,&quot;335559731&quot;:708,&quot;335559739&quot;:160,&quot;335559740&quot;:240}\">\u00a0<\/span><\/p>\n<p><span data-contrast=\"auto\">\u201cEso tambi\u00e9n ocurre cuando a mis alumnos les ense\u00f1o el arte no como algo que corresponde a genios o personas intocables, sino m\u00e1s bien todo lo contrario.<\/span> <span data-contrast=\"auto\">Es como ir en contra de los maestros cuando en la primaria, secundaria o preparatoria te dicen que es la \u00fanica interpretaci\u00f3n posible<\/span><span data-contrast=\"auto\">;<\/span><span data-contrast=\"auto\"> sin embargo, el lado B de la historia resulta ser m\u00e1s <\/span><span data-contrast=\"auto\">llamativa porque es m\u00e1s simple.\u201d<\/span><span data-ccp-props=\"{&quot;201341983&quot;:0,&quot;335559731&quot;:708,&quot;335559739&quot;:160,&quot;335559740&quot;:240}\">\u00a0<\/span><\/p>\n<p><span data-contrast=\"auto\">Asever\u00f3 que <\/span><span data-contrast=\"auto\">decidi\u00f3 <\/span><span data-contrast=\"auto\">enviar su propuesta a la convocatoria del PECDA 2020, <\/span><span data-contrast=\"auto\">emitida por la Secretar\u00eda de Cultura a trav\u00e9s del Fondo Nacional para la Cultura y las Artes (<\/span><i><span data-contrast=\"auto\">Fonca<\/span><\/i><span data-contrast=\"auto\">), en colaboraci\u00f3n con el Gobierno del Estado de Veracruz y el Instituto Veracruzano de la Cultura (<\/span><i><span data-contrast=\"auto\">Ivec<\/span><\/i><span data-contrast=\"auto\">)<\/span><span data-contrast=\"auto\">, por el deseo de conseguirla para dedicarse de lleno a la escritura.<\/span><span data-ccp-props=\"{&quot;201341983&quot;:0,&quot;335559731&quot;:708,&quot;335559739&quot;:160,&quot;335559740&quot;:240}\">\u00a0<\/span><\/p>\n<p><span data-contrast=\"auto\">\u201cPara m\u00ed era muy importante obtenerla porque s\u00ed quiero seguir creciendo <\/span><span data-contrast=\"auto\">en el campo de la escritura y s\u00e9<\/span><span data-contrast=\"auto\"> que me va a ayudar para soli<\/span><span data-contrast=\"auto\">citar otras becas en un futuro.\u201d<\/span><span data-ccp-props=\"{&quot;201341983&quot;:0,&quot;335559739&quot;:160,&quot;335559740&quot;:240}\">\u00a0<\/span><\/p>\n<p><span data-contrast=\"auto\">Adem\u00e1s, el apoyo le servir\u00e1 para la adquisici\u00f3n de libros y as\u00ed desarrollar el libro y ensayo previsto<\/span><span data-contrast=\"auto\">. \u201cA<\/span><span data-contrast=\"auto\"> final de cuentas uno escribe y compra libros sin necesidad de <\/span><span data-contrast=\"auto\">una <\/span><span data-contrast=\"auto\">beca<\/span><span data-contrast=\"auto\">,<\/span><span data-contrast=\"auto\"> pero tienes que sacrificar otras cosas<\/span><span data-contrast=\"auto\">\u201d<\/span><span data-contrast=\"auto\">.<\/span><span data-ccp-props=\"{&quot;201341983&quot;:0,&quot;335559739&quot;:160,&quot;335559740&quot;:240}\">\u00a0<\/span><\/p>\n<p><span data-contrast=\"auto\">El planteamiento del proyecto incluye<\/span><span data-contrast=\"auto\"> adem\u00e1s<\/span><span data-contrast=\"auto\"> hacer una retribuci\u00f3n social por medio de charlas relacionadas con el <\/span><span data-contrast=\"auto\">ensayo como g\u00e9nero<\/span><span data-contrast=\"auto\">, basadas en obras de <\/span><span data-contrast=\"auto\">Sophie<\/span> <span data-contrast=\"auto\">T\u00e4uber<\/span><span data-contrast=\"auto\">, Manuel Maples Arce y Marcel Duchamp, personajes centrales de la propuesta literaria<\/span><span data-contrast=\"auto\">, dirigidas al p\u00fablico en general.<\/span><span data-ccp-props=\"{&quot;201341983&quot;:0,&quot;335559731&quot;:708,&quot;335559739&quot;:160,&quot;335559740&quot;:240}\">\u00a0<\/span><\/p>\n<p><span data-contrast=\"auto\">Jos\u00e9 Antonio Garc\u00eda Arias<\/span><span data-contrast=\"auto\">, tambi\u00e9n egresado del programa educativo (PE) <\/span><span data-contrast=\"auto\">Lengua y Literatura Hisp\u00e1nicas<\/span><span data-contrast=\"auto\">, de la <\/span><span data-contrast=\"auto\">Facultad de Letras<\/span><span data-contrast=\"auto\"> Espa\u00f1olas de la UV, destac\u00f3 que esta oportunidad representa <\/span><span data-contrast=\"auto\">para \u00e9l un est\u00edmulo que le ayuda a creer que tiene algo o mucho que decir.<\/span><span data-ccp-props=\"{&quot;201341983&quot;:0,&quot;335559731&quot;:708,&quot;335559739&quot;:160,&quot;335559740&quot;:240}\">\u00a0<\/span><\/p>\n<p><span data-contrast=\"auto\">Es un reconocimiento al cual pueden acceder todos los j\u00f3venes creadores, sobre todo estudiantes o egresados de la UV, <\/span><span data-contrast=\"auto\">pues la mayor parte de las becas son para ellos, dijo.<\/span><span data-ccp-props=\"{&quot;201341983&quot;:0,&quot;335559731&quot;:708,&quot;335559739&quot;:160,&quot;335559740&quot;:240}\">\u00a0<\/span><\/p>\n<p><span data-contrast=\"auto\">Record\u00f3 que desde ni\u00f1o ha estado involucrado con los libr<\/span><span data-contrast=\"auto\">os pues su padre tambi\u00e9n estudi\u00f3<\/span><span data-contrast=\"auto\"> Letras Espa\u00f1olas,<\/span> <span data-contrast=\"auto\">por eso l<\/span><span data-contrast=\"auto\">a literatura le apasion\u00f3 tanto al grado de crear historias, encuentros y mundos posibles, eso le ha parecido muy divertido.<\/span><span data-ccp-props=\"{&quot;201341983&quot;:0,&quot;335559731&quot;:708,&quot;335559739&quot;:160,&quot;335559740&quot;:240}\">\u00a0<\/span><\/p>\n<p><span data-contrast=\"auto\">Actualmente, Jos\u00e9 Antonio c<\/span><span data-contrast=\"auto\">onduce el programa radiof\u00f3nico <\/span><i><span data-contrast=\"auto\">Central de abasto, legumbres y algo m\u00e1s<\/span><\/i><span data-contrast=\"auto\">, que se transmite todos los martes de 17:00 a 18:00 horas, a trav\u00e9s de Radio Televisi\u00f3n de Veracruz (RTV).<\/span><span data-ccp-props=\"{&quot;201341983&quot;:0,&quot;335559731&quot;:708,&quot;335559739&quot;:160,&quot;335559740&quot;:240}\">\u00a0<\/span><\/p>\n<p><span data-contrast=\"auto\">\u00a0Tambi\u00e9n realiza entrevistas a determinados escritores<\/span><span data-contrast=\"auto\"> y <\/span><span data-contrast=\"auto\">s<\/span><span data-contrast=\"auto\">on<\/span><span data-contrast=\"auto\"> publica<\/span><span data-contrast=\"auto\">das<\/span><span data-contrast=\"auto\"> en la <\/span><span data-contrast=\"auto\">r<\/span><span data-contrast=\"auto\">evista <\/span><i><span data-contrast=\"auto\">Nexos<\/span><\/i><span data-contrast=\"auto\">.<\/span><span data-ccp-props=\"{&quot;201341983&quot;:0,&quot;335559731&quot;:708,&quot;335559739&quot;:160,&quot;335559740&quot;:240}\">\u00a0<\/span><\/p>\n","protected":false},"excerpt":{"rendered":"<p>\u201cNo se tomen tan enserio esto\u201d es el t\u00edtulo de la propuesta de Antonio Garc\u00eda Arias, beneficiario del Programa de Est\u00edmulo a la Creaci\u00f3n y Desarrollo Art\u00edstico <\/p>\n","protected":false},"author":1775,"featured_media":84826,"comment_status":"closed","ping_status":"closed","sticky":false,"template":"","format":"standard","meta":[],"categories":[61],"tags":[],"_links":{"self":[{"href":"https:\/\/www.uv.mx\/prensa\/wp-json\/wp\/v2\/posts\/84824"}],"collection":[{"href":"https:\/\/www.uv.mx\/prensa\/wp-json\/wp\/v2\/posts"}],"about":[{"href":"https:\/\/www.uv.mx\/prensa\/wp-json\/wp\/v2\/types\/post"}],"author":[{"embeddable":true,"href":"https:\/\/www.uv.mx\/prensa\/wp-json\/wp\/v2\/users\/1775"}],"replies":[{"embeddable":true,"href":"https:\/\/www.uv.mx\/prensa\/wp-json\/wp\/v2\/comments?post=84824"}],"version-history":[{"count":0,"href":"https:\/\/www.uv.mx\/prensa\/wp-json\/wp\/v2\/posts\/84824\/revisions"}],"wp:featuredmedia":[{"embeddable":true,"href":"https:\/\/www.uv.mx\/prensa\/wp-json\/wp\/v2\/media\/84826"}],"wp:attachment":[{"href":"https:\/\/www.uv.mx\/prensa\/wp-json\/wp\/v2\/media?parent=84824"}],"wp:term":[{"taxonomy":"category","embeddable":true,"href":"https:\/\/www.uv.mx\/prensa\/wp-json\/wp\/v2\/categories?post=84824"},{"taxonomy":"post_tag","embeddable":true,"href":"https:\/\/www.uv.mx\/prensa\/wp-json\/wp\/v2\/tags?post=84824"}],"curies":[{"name":"wp","href":"https:\/\/api.w.org\/{rel}","templated":true}]}}