{"id":84838,"date":"2020-06-16T12:30:52","date_gmt":"2020-06-16T17:30:52","guid":{"rendered":"https:\/\/www.uv.mx\/prensa\/?p=84838"},"modified":"2020-06-17T15:05:25","modified_gmt":"2020-06-17T20:05:25","slug":"academicos-de-la-uv-y-la-uclv-disenaron-dispositivo-inteligente","status":"publish","type":"post","link":"https:\/\/www.uv.mx\/prensa\/banner\/academicos-de-la-uv-y-la-uclv-disenaron-dispositivo-inteligente\/","title":{"rendered":"Acad\u00e9micos de la UV y la UCLV dise\u00f1aron dispositivo inteligente"},"content":{"rendered":"<style type=\"text\/css\">\n  blockquote p { color: #28519b; font-family: helvetica; font-size: 1.4em; }<br \/><\/style>\n<ul>\n<li data-leveltext=\"\uf0b7\" data-font=\"Symbol\" data-listid=\"1\" data-aria-posinset=\"1\" data-aria-level=\"1\"><i><span data-contrast=\"auto\">Desarrollaron el proyecto Control Energ\u00e9tico Responsable para Centros de Aislamiento Social-<\/span><\/i><i><span data-contrast=\"auto\">Covid<\/span><\/i><i><span data-contrast=\"auto\">-19 (CERCAS)<\/span><\/i><span data-ccp-props=\"{&quot;134233279&quot;:true}\">\u00a0<\/span><\/li>\n<li data-leveltext=\"\uf0b7\" data-font=\"Symbol\" data-listid=\"1\" data-aria-posinset=\"2\" data-aria-level=\"1\"><i><span data-contrast=\"auto\">Permite medir el consumo de energ\u00eda el\u00e9ctrica sin poner en riesgo al personal responsable<\/span><\/i><span data-ccp-props=\"{&quot;134233279&quot;:true}\">\u00a0<\/span><\/li>\n<\/ul>\n<div id=\"attachment_84840\" style=\"width: 732px\" class=\"wp-caption aligncenter\"><a href=\"https:\/\/www.uv.mx\/prensa\/files\/2020\/06\/160620-Gallardo-del-Angel-100k.jpg\"><img aria-describedby=\"caption-attachment-84840\" decoding=\"async\" loading=\"lazy\" class=\"size-full wp-image-84840\" src=\"https:\/\/www.uv.mx\/prensa\/files\/2020\/06\/160620-Gallardo-del-Angel-100k.jpg\" alt=\"Agust\u00edn Gallardo del \u00c1ngel, docente de Facultad de Instrumentaci\u00f3n Electr\u00f3nica, realiz\u00f3 la colaboraci\u00f3n con la universidad cubana (foto de archivo)\" width=\"722\" height=\"482\" srcset=\"https:\/\/www.uv.mx\/prensa\/files\/2020\/06\/160620-Gallardo-del-Angel-100k.jpg 722w, https:\/\/www.uv.mx\/prensa\/files\/2020\/06\/160620-Gallardo-del-Angel-100k-300x200.jpg 300w\" sizes=\"(max-width: 722px) 100vw, 722px\" \/><\/a><p id=\"caption-attachment-84840\" class=\"wp-caption-text\">Agust\u00edn Gallardo del \u00c1ngel, docente de Facultad de Instrumentaci\u00f3n Electr\u00f3nica, realiz\u00f3 la colaboraci\u00f3n con la universidad cubana <span style=\"font-size: 8pt\">(foto de archivo)<\/span><\/p><\/div>\n<p><b><i><span data-contrast=\"auto\">David Sandoval Rodr\u00edguez<\/span><\/i><\/b><span data-ccp-props=\"{}\">\u00a0<\/span><\/p>\n<p><b><i><span data-contrast=\"auto\">16<\/span><\/i><\/b><b><i><span data-contrast=\"auto\">\/06\/20 Xalapa, Ver.-<\/span><\/i><\/b> <span data-contrast=\"auto\">La <a href=\"https:\/\/www.uv.mx\/\" target=\"_blank\" rel=\"noopener noreferrer\">Universidad Veracruzana<\/a> (UV) y la <\/span><span data-contrast=\"auto\">Universidad Central <\/span><span data-contrast=\"auto\">\u201cMarta Abreu\u201d<\/span> <span data-contrast=\"auto\">de Las Villas <\/span><span data-contrast=\"auto\">(UCLV) <\/span><span data-contrast=\"auto\">de<\/span><span data-contrast=\"auto\"> Cuba <\/span><span data-contrast=\"auto\">iniciaron<\/span><span data-contrast=\"auto\"> una colaboraci\u00f3n a ra\u00edz del \u00e9xito obtenido con el proyecto de <\/span><span data-contrast=\"auto\">Control Energ\u00e9tico Responsable para Centros de Aislamiento <\/span><span data-contrast=\"auto\">Social-<\/span><span data-contrast=\"auto\">Covid<\/span><span data-contrast=\"auto\">-19 (CERCAS), que adem\u00e1s obtuvo financiamiento de la<\/span><span data-contrast=\"auto\"> Agencia Universitaria de la Francofon\u00eda (AUF)<\/span><span data-contrast=\"auto\"> al ser una de las 92 iniciativas aprobadas de un total de mil 888.<\/span><span data-ccp-props=\"{}\">\u00a0<\/span><\/p>\n<p><span data-contrast=\"auto\">Agust\u00edn Gallardo del \u00c1ngel, <\/span><span data-contrast=\"auto\">acad\u00e9mico de la Facultad <\/span><span data-contrast=\"auto\">de Instrumentaci\u00f3n Electr\u00f3nica<\/span> <span data-contrast=\"auto\">de la <\/span><span data-contrast=\"auto\">UV, colabor\u00f3 con los acad\u00e9micos<\/span> <span data-contrast=\"auto\">Jor<\/span><span data-contrast=\"auto\">ge Luis Garc\u00eda Jacomino y<\/span><span data-contrast=\"auto\"> Ernesto \u00c9vora Jim\u00e9nez de<\/span><span data-contrast=\"auto\"> la UCLV, <\/span><span data-contrast=\"auto\">para el desarrollo de un dispositivo inteligente que permite la medici\u00f3n del consumo de energ\u00eda el\u00e9ctrica.<\/span><span data-ccp-props=\"{&quot;335559731&quot;:708}\">\u00a0<\/span><\/p>\n<p><span data-contrast=\"auto\">El acercamiento inici\u00f3 en julio de 2019 durante un congreso donde los acad\u00e9micos de la isla le externaron la necesidad de hacer la lectura de los medidores de<\/span><span data-contrast=\"auto\"> energ\u00eda el\u00e9ctrica de Cuba, debido a<\/span><span data-contrast=\"auto\"> los problemas que <\/span><span data-contrast=\"auto\">la naci\u00f3n tiene <\/span><span data-contrast=\"auto\">en la materia <\/span><span data-contrast=\"auto\">a ra\u00edz del<\/span><span data-contrast=\"auto\"> bloqueo<\/span><span data-contrast=\"auto\"> instaurado por Estados Unidos<\/span><span data-contrast=\"auto\"> desde hace m\u00e1s de 60 a\u00f1os<\/span><span data-contrast=\"auto\">, explic\u00f3 el acad\u00e9mico de la UV.<\/span><span data-ccp-props=\"{&quot;335559731&quot;:708}\">\u00a0<\/span><\/p>\n<p><span data-contrast=\"auto\">\u201cLos trabajadores s<\/span><span data-contrast=\"auto\">e ven obligados a realizar lecturas manuales y <\/span><span data-contrast=\"auto\">muchas veces<\/span><span data-contrast=\"auto\"> en condiciones complicadas, como <\/span><span data-contrast=\"auto\">llegar a <\/span><span data-contrast=\"auto\">medidores alejados a<\/span><span data-contrast=\"auto\"> ocho kil\u00f3metros de distancia y adem\u00e1s tienen <\/span><span data-contrast=\"auto\">que transportarse en veh\u00edculo para realizar la m<\/span><span data-contrast=\"auto\">edici\u00f3n una o dos veces al d\u00eda\u201d, describi\u00f3 el entrevistado.<\/span><span data-ccp-props=\"{&quot;335559731&quot;:708}\">\u00a0<\/span><\/p>\n<p><span data-contrast=\"auto\">\u201c<\/span><span data-contrast=\"auto\">Les suger\u00ed a mis colegas <\/span><span data-contrast=\"auto\">de la UCLV, <\/span><span data-contrast=\"auto\">Jorge Luis Garc\u00eda <\/span><span data-contrast=\"auto\">y <\/span><span data-contrast=\"auto\">Ernesto \u00c9vora<\/span><span data-contrast=\"auto\">, <\/span><span data-contrast=\"auto\">desarrollar <\/span><span data-contrast=\"auto\">un dispositivo inteligente que pudiera conectarse a una red de datos, les gust\u00f3 la idea y alrededor de septiembre comenzamos a trabajar; tuve la oportunidad de estar con ellos en Cuba para ver y compre<\/span><span data-contrast=\"auto\">nder la problem\u00e1tica que ten\u00edan\u201d, coment\u00f3.<\/span><span data-ccp-props=\"{&quot;335559731&quot;:708}\">\u00a0<\/span><\/p>\n<p><span data-contrast=\"auto\">\u00c9vora Jim\u00e9nez<\/span><span data-contrast=\"auto\">,<\/span> <span data-contrast=\"auto\">quien es <\/span><span data-contrast=\"auto\">profesor de licenciatura<\/span><span data-contrast=\"auto\"> y estudiante de maestr\u00eda en la UCLV,<\/span> <span data-contrast=\"auto\">viaj\u00f3 <\/span><span data-contrast=\"auto\">a M\u00e9xico <\/span><span data-contrast=\"auto\">en noviembre de 2019 <\/span><span data-contrast=\"auto\">para efectuar una estancia de dos semanas trabajando en<\/span><span data-contrast=\"auto\"> la Facultad de Instrumentaci\u00f3n Electr\u00f3nica de la UV <\/span><span data-contrast=\"auto\">con el objetivo de comenzar<\/span> <span data-contrast=\"auto\">a desarrollar el dispositivo.<\/span><span data-ccp-props=\"{&quot;335559731&quot;:708}\">\u00a0<\/span><\/p>\n<p><span data-contrast=\"auto\">Se empez\u00f3 a probar a finales del a\u00f1o pasado <\/span><span data-contrast=\"auto\">\u2013entre noviembre y diciembre\u2013 <\/span><span data-contrast=\"auto\">con bastante \u00e9xito dentro de los medidores d<\/span><span data-contrast=\"auto\">e la propia universidad en Cuba.<\/span><span data-ccp-props=\"{&quot;335559731&quot;:708}\">\u00a0<\/span><\/p>\n<p><span data-contrast=\"auto\">Respecto al apoyo recibido por la AUF, Gallardo del \u00c1ngel se\u00f1al\u00f3<\/span><span data-contrast=\"auto\">:<\/span><span data-contrast=\"auto\"> \u201c<\/span><span data-contrast=\"auto\">T<\/span><span data-contrast=\"auto\">uvimos la oportunidad de estar entre los 92 proyectos ganadores <\/span><span data-contrast=\"auto\">para obtener un <\/span><span data-contrast=\"auto\">respaldo econ\u00f3mico<\/span><span data-contrast=\"auto\">\u201d, de un total de mil 888 postulaciones enviadas por <\/span><span data-contrast=\"auto\">423 universidades de 76 pa\u00edses.<\/span><span data-ccp-props=\"{&quot;335559731&quot;:708}\">\u00a0<\/span><\/p>\n<p><span data-contrast=\"auto\">\u201cE<\/span><span data-contrast=\"auto\">sto servir\u00e1 para reproducir el dispositivo primordialmente en los hospitales y las residencias estudiantiles ante las condiciones de conti<\/span><span data-contrast=\"auto\">ngencia del <\/span><span data-contrast=\"auto\">Covid-<\/span><span data-contrast=\"auto\">19 en la isla, por ello t<\/span><span data-contrast=\"auto\">iene una aplicaci\u00f3n inmediata a una problem\u00e1tica real y urgente<\/span><span data-contrast=\"auto\">\u201d, subray\u00f3 el docente<\/span><span data-contrast=\"auto\">.<\/span><span data-ccp-props=\"{&quot;335559731&quot;:708}\">\u00a0<\/span><\/p>\n<p><span data-contrast=\"auto\">Garc\u00eda <\/span><span data-contrast=\"auto\">Jacomino<\/span> <span data-contrast=\"auto\">y \u00c9vora<\/span> <span data-contrast=\"auto\">Jim\u00e9nez <\/span><span data-contrast=\"auto\">trabajan en el Departamento de Energ\u00eda de la <\/span><span data-contrast=\"auto\">u<\/span><span data-contrast=\"auto\">niversidad <\/span><span data-contrast=\"auto\">cubana <\/span><span data-contrast=\"auto\">y adem\u00e1s <\/span><span data-contrast=\"auto\">se ha sumado <\/span><span data-contrast=\"auto\">una estudiante de la Facultad de Instrumentaci\u00f3n Electr\u00f3nica<\/span><span data-contrast=\"auto\"> de la UV<\/span><span data-contrast=\"auto\">, Mariana Rodr\u00edguez Casta\u00f1eda, <\/span><span data-contrast=\"auto\">quien <\/span><span data-contrast=\"auto\">trabaja actualmente vinculada al proyecto en el \u00e1rea de la programaci\u00f3n.<\/span><span data-ccp-props=\"{&quot;335559731&quot;:708}\">\u00a0<\/span><\/p>\n<blockquote><p><span data-contrast=\"auto\">\u201c<\/span><span data-contrast=\"auto\">Fue sorprendente <\/span><span data-contrast=\"auto\">el resultado <\/span><span data-contrast=\"auto\">porque la idea inici\u00f3 en julio, en septiembre hice una propuesta y empezamos el tr<\/span><span data-contrast=\"auto\">abajo desde la UV con el dise\u00f1o;<\/span> <span data-contrast=\"auto\">en <\/span><span data-contrast=\"auto\">octubre fuimos a Cuba a realizar los primeros ensayos, luego <\/span><span data-contrast=\"auto\">Ernesto <\/span><span data-contrast=\"auto\">\u00c9vora vi<\/span><span data-contrast=\"auto\">no <\/span><span data-contrast=\"auto\">a la UV por dos semanas a mediados de noviembre y a finales de ese mes se com<\/span><span data-contrast=\"auto\">enz\u00f3<\/span><span data-contrast=\"auto\"> a probar el dispo<\/span><span data-contrast=\"auto\">sitivo con conexi\u00f3n a I<\/span><span data-contrast=\"auto\">nternet y funciona m<\/span><span data-contrast=\"auto\">uy bien, eso fue algo asombroso\u201d, manifest\u00f3 Agust\u00edn <\/span><span data-contrast=\"auto\">Gallardo<\/span><span data-contrast=\"auto\">.<\/span><span data-ccp-props=\"{&quot;335559731&quot;:708}\">\u00a0<\/span><\/p><\/blockquote>\n<p><span data-contrast=\"auto\">Para la universidad cubana el resultado<\/span><span data-contrast=\"auto\"> significa atender una necesidad urgente por lo cual fue una iniciativa con gran apoyo desde la UCLV, encabezado por la profesora <\/span><span data-contrast=\"auto\">Alina Montero Torres, <\/span><span data-contrast=\"auto\">d<\/span><span data-contrast=\"auto\">irectora de Relaci<\/span><span data-contrast=\"auto\">ones Internacionales de la UCLV<\/span><span data-contrast=\"auto\">, la Uni\u00f3n El\u00e9ctrica de Cuba y el Consejo de Ministros de la isla.<\/span><span data-ccp-props=\"{&quot;335559731&quot;:708}\">\u00a0<\/span><\/p>\n<p><span data-contrast=\"auto\">El profesor de la UV explic\u00f3 que d<\/span><span data-contrast=\"auto\">ebido a la pandemia por <\/span><span data-contrast=\"auto\">el<\/span> <span data-contrast=\"auto\">Covid-<\/span><span data-contrast=\"auto\">19 numerosos<\/span><span data-contrast=\"auto\"> estudiantes del extranjero que realizan una estancia en Cuba no pueden regresar a sus pa\u00edses y est\u00e1n en las residencias mencionadas<\/span><span data-contrast=\"auto\">,<\/span><span data-contrast=\"auto\"> por lo que este dispositivo tiene un resultado inmediato al poder monitorear el consumo el\u00e9ctrico en tales espacios las 24 horas.<\/span><span data-ccp-props=\"{&quot;335559731&quot;:708}\">\u00a0<\/span><\/p>\n<p><span data-contrast=\"auto\">\u201c<\/span><span data-contrast=\"auto\">Protege tambi\u00e9n a las personas que realizan estas mediciones porque no es necesario que se acerquen a los hospitales ni a los centros de confinami<\/span><span data-contrast=\"auto\">ento, minimizando as\u00ed el riesgo\u201d, agreg\u00f3.<\/span><span data-ccp-props=\"{&quot;335559731&quot;:708}\">\u00a0<\/span><\/p>\n<p><span data-contrast=\"auto\">\u201c<\/span><span data-contrast=\"auto\">Una de las cosas que m\u00e1s me sorprende es que el dispositivo funciona casi de forma inmediata, incluso en proyectos<\/span><span data-contrast=\"auto\"> que realizamos de manera<\/span><span data-contrast=\"auto\"> presencial siempre salen contratiempos que ret<\/span><span data-contrast=\"auto\">rasan la puesta en marcha y en \u00e9<\/span><span data-contrast=\"auto\">ste fue gracias al esfuerzo de todos los colaboradores que funcion\u00f3 casi i<\/span><span data-contrast=\"auto\">nmediatamente sin contratiempos\u201d, apunt\u00f3 el acad\u00e9mico.<\/span><span data-ccp-props=\"{&quot;335559731&quot;:708}\">\u00a0<\/span><\/p>\n<p><span data-contrast=\"auto\">Fue debido a <\/span><span data-contrast=\"auto\">este proyecto<\/span><span data-contrast=\"auto\"> que<\/span><span data-contrast=\"auto\"> se firm\u00f3 un convenio de colaboraci\u00f3n <\/span><span data-contrast=\"auto\">entre ambas instituciones <\/span><span data-contrast=\"auto\">que incluye potencialmente la realizaci\u00f3n de trabajos de tesis y la vinculaci\u00f3n entre ambas <\/span><span data-contrast=\"auto\">universidades<\/span><span data-contrast=\"auto\">, impu<\/span><span data-contrast=\"auto\">lsando proyectos relativos a soluciones<\/span><span data-contrast=\"auto\"> industrial<\/span><span data-contrast=\"auto\">es, la elaboraci\u00f3n de patentes<\/span><span data-contrast=\"auto\"> o como una estrategia did\u00e1ctica para los alumnos de Instrumentaci\u00f3n Electr\u00f3nica, tanto d<\/span><span data-contrast=\"auto\">e licenciatura como de posgrado.<\/span><span data-ccp-props=\"{&quot;335559731&quot;:708}\">\u00a0<\/span><\/p>\n<p><span data-contrast=\"auto\">Gallardo del \u00c1ngel afirm\u00f3 que \u201ceste <\/span><span data-contrast=\"auto\">proyecto es s\u00f3<\/span><span data-contrast=\"auto\">lo la punta del <\/span><i><span data-contrast=\"auto\">iceberg<\/span><\/i><span data-contrast=\"auto\"> de otros<\/span><span data-contrast=\"auto\"> posibles<\/span><span data-contrast=\"auto\"> proyectos en colaboraci\u00f3n con<\/span><span data-contrast=\"auto\"> la <\/span><span data-contrast=\"auto\">Universidad Central de Las Villas<\/span><span data-contrast=\"auto\">.<\/span><span data-ccp-props=\"{&quot;335559731&quot;:708}\">\u00a0<\/span><\/p>\n<p><span data-contrast=\"auto\">Finalmente, el catedr\u00e1tico a<\/span><span data-contrast=\"auto\">gradeci\u00f3 el apoyo <\/span><span data-contrast=\"auto\">de la <\/span><span data-contrast=\"auto\">Rector\u00eda<\/span><span data-contrast=\"auto\">, la<\/span> <span data-contrast=\"auto\">Secretar\u00eda Acad\u00e9mica,<\/span><span data-contrast=\"auto\"> la <\/span><span data-contrast=\"auto\">Direcci\u00f3n <\/span><span data-contrast=\"auto\">G<\/span><span data-contrast=\"auto\">eneral del \u00c1rea <\/span><span data-contrast=\"auto\">A<\/span><span data-contrast=\"auto\">cad\u00e9mica T\u00e9cnica y la Direcci\u00f3n de la Facultad de Instrumentaci\u00f3n Electr\u00f3nica<\/span><span data-contrast=\"auto\">,<\/span><span data-contrast=\"auto\"> por <\/span><span data-contrast=\"auto\">las facilidades y <\/span><span data-contrast=\"auto\">el apoyo a <\/span><span data-contrast=\"auto\">la movil<\/span><span data-contrast=\"auto\">idad entre ambas universidades.<\/span><\/p>\n","protected":false},"excerpt":{"rendered":"<p>Agust\u00edn Gallardo del \u00c1ngel, de la Facultad de Instrumentaci\u00f3n Electr\u00f3nica, colabor\u00f3 con Jorge Luis Garc\u00eda Jacomino y Ernesto \u00c9vora Jim\u00e9nez de la UCLV, en el desarrollo de un dispositivo inteligente que permite la medici\u00f3n del consumo de energ\u00eda el\u00e9ctrica. <\/p>\n","protected":false},"author":1775,"featured_media":84841,"comment_status":"closed","ping_status":"closed","sticky":false,"template":"","format":"standard","meta":[],"categories":[61],"tags":[],"_links":{"self":[{"href":"https:\/\/www.uv.mx\/prensa\/wp-json\/wp\/v2\/posts\/84838"}],"collection":[{"href":"https:\/\/www.uv.mx\/prensa\/wp-json\/wp\/v2\/posts"}],"about":[{"href":"https:\/\/www.uv.mx\/prensa\/wp-json\/wp\/v2\/types\/post"}],"author":[{"embeddable":true,"href":"https:\/\/www.uv.mx\/prensa\/wp-json\/wp\/v2\/users\/1775"}],"replies":[{"embeddable":true,"href":"https:\/\/www.uv.mx\/prensa\/wp-json\/wp\/v2\/comments?post=84838"}],"version-history":[{"count":0,"href":"https:\/\/www.uv.mx\/prensa\/wp-json\/wp\/v2\/posts\/84838\/revisions"}],"wp:featuredmedia":[{"embeddable":true,"href":"https:\/\/www.uv.mx\/prensa\/wp-json\/wp\/v2\/media\/84841"}],"wp:attachment":[{"href":"https:\/\/www.uv.mx\/prensa\/wp-json\/wp\/v2\/media?parent=84838"}],"wp:term":[{"taxonomy":"category","embeddable":true,"href":"https:\/\/www.uv.mx\/prensa\/wp-json\/wp\/v2\/categories?post=84838"},{"taxonomy":"post_tag","embeddable":true,"href":"https:\/\/www.uv.mx\/prensa\/wp-json\/wp\/v2\/tags?post=84838"}],"curies":[{"name":"wp","href":"https:\/\/api.w.org\/{rel}","templated":true}]}}