{"id":84856,"date":"2020-06-16T18:08:17","date_gmt":"2020-06-16T23:08:17","guid":{"rendered":"https:\/\/www.uv.mx\/prensa\/?p=84856"},"modified":"2020-06-17T15:01:16","modified_gmt":"2020-06-17T20:01:16","slug":"entregaron-nombramientos-a-directoras-de-arquitectura-pedagogia-y-contaduria","status":"publish","type":"post","link":"https:\/\/www.uv.mx\/prensa\/regiones\/poza-rica\/entregaron-nombramientos-a-directoras-de-arquitectura-pedagogia-y-contaduria\/","title":{"rendered":"Entregaron nombramientos a directoras  de Arquitectura, Pedagog\u00eda y Contadur\u00eda"},"content":{"rendered":"<ul>\n<li data-leveltext=\"\u25cf\" data-font=\"Noto Sans Symbols\" data-listid=\"1\" data-aria-posinset=\"1\" data-aria-level=\"1\"><i><span data-contrast=\"none\">E<\/span><\/i><i><span data-contrast=\"none\">l <\/span><\/i><i><span data-contrast=\"none\">v<\/span><\/i><i><span data-contrast=\"none\">icerrector Jos\u00e9 Luis Alan\u00eds <\/span><\/i><i><span data-contrast=\"none\">M\u00e9ndez las invit\u00f3<\/span><\/i> <i><span data-contrast=\"none\">a sumarse al trabajo en equipo<\/span><\/i><span data-ccp-props=\"{&quot;201341983&quot;:0,&quot;335559739&quot;:160,&quot;335559740&quot;:240}\">\u00a0<\/span><\/li>\n<\/ul>\n<div id=\"attachment_84857\" style=\"width: 732px\" class=\"wp-caption aligncenter\"><a href=\"https:\/\/www.uv.mx\/prensa\/files\/2020\/06\/160620-CELIA-Entregan-nombramientos-a-directoras-1-100k.jpg\"><img aria-describedby=\"caption-attachment-84857\" decoding=\"async\" loading=\"lazy\" class=\"size-full wp-image-84857\" src=\"https:\/\/www.uv.mx\/prensa\/files\/2020\/06\/160620-CELIA-Entregan-nombramientos-a-directoras-1-100k.jpg\" alt=\"Victoria Amador Rodr\u00edguez, directora de Arquitectura \" width=\"722\" height=\"481\" srcset=\"https:\/\/www.uv.mx\/prensa\/files\/2020\/06\/160620-CELIA-Entregan-nombramientos-a-directoras-1-100k.jpg 722w, https:\/\/www.uv.mx\/prensa\/files\/2020\/06\/160620-CELIA-Entregan-nombramientos-a-directoras-1-100k-300x200.jpg 300w\" sizes=\"(max-width: 722px) 100vw, 722px\" \/><\/a><p id=\"caption-attachment-84857\" class=\"wp-caption-text\">Victoria Amador Rodr\u00edguez, directora de Arquitectura<\/p><\/div>\n<p><b><i><span data-contrast=\"auto\">Alma Celia San Mart\u00edn Cruz<\/span><\/i><\/b><span data-ccp-props=\"{&quot;201341983&quot;:0,&quot;335559739&quot;:160,&quot;335559740&quot;:240}\">\u00a0<\/span><\/p>\n<p><b><i><span data-contrast=\"auto\">16<\/span><\/i><\/b><b><i><span data-contrast=\"auto\">\/06\/2020<\/span><\/i><\/b><b><i><span data-contrast=\"auto\">, <\/span><\/i><\/b><b><i><span data-contrast=\"auto\">Poza Rica, <\/span><\/i><\/b><b><i><span data-contrast=\"auto\">Ver.<\/span><\/i><\/b><b><i><span data-contrast=\"auto\">&#8211;<\/span><\/i><\/b> <span data-contrast=\"auto\">Autoridades universitarias entregaron nombramientos a las nuevas directoras de las <\/span><span data-contrast=\"auto\">f<\/span><span data-contrast=\"auto\">aculta<\/span><span data-contrast=\"auto\">des de Arquitectura, Pedagog\u00eda <\/span><span data-contrast=\"auto\">y Contad<\/span><span data-contrast=\"auto\">ur\u00eda de la <a href=\"https:\/\/www.uv.mx\/pozarica\/\" target=\"_blank\" rel=\"noopener noreferrer\">regi\u00f3n Poza Rica-Tuxpan de la Universidad Veracruzana<\/a> (UV).<\/span><span data-ccp-props=\"{&quot;201341983&quot;:0,&quot;335559739&quot;:160,&quot;335559740&quot;:240}\">\u00a0<\/span><\/p>\n<p><span data-contrast=\"auto\">En la sala de videoconferencias de la <\/span><span data-contrast=\"auto\">Unidad de Servicios Bibliotecarios y de Informaci\u00f3n (<\/span><span data-contrast=\"auto\">USBI<\/span><span data-contrast=\"auto\">)<\/span><span data-contrast=\"auto\"> se realiz\u00f3 la entrega de nombramientos y toma de protesta<\/span><span data-contrast=\"auto\"> a<\/span><span data-contrast=\"auto\"> Victoria Amador Rodr\u00edguez, Elba Mar\u00eda M\u00e9ndez Casanova y<\/span><span data-contrast=\"auto\"> Blanca <\/span><span data-contrast=\"auto\">Vianey<\/span><span data-contrast=\"auto\"> Hidalgo Barrios, como <\/span><span data-contrast=\"auto\">nuevas directoras<\/span> <span data-contrast=\"auto\">de las <\/span><span data-contrast=\"auto\">f<\/span><span data-contrast=\"auto\">acultades de Arquitectura, Pedagog\u00eda y Contadur\u00eda, respectivamente.<\/span><span data-ccp-props=\"{&quot;201341983&quot;:0,&quot;335559731&quot;:720,&quot;335559739&quot;:160,&quot;335559740&quot;:240}\">\u00a0<\/span><\/p>\n<p><span data-contrast=\"auto\">Al evento asistieron<\/span><span data-contrast=\"auto\"> el vicerrector Jos\u00e9 Lu<\/span><span data-contrast=\"auto\">is Alan\u00eds M\u00e9ndez, as\u00ed como las secretarias regionales <\/span><span data-contrast=\"auto\">Acad\u00e9mica<\/span><span data-contrast=\"auto\">,<\/span><span data-contrast=\"auto\"> y de Administraci\u00f3n y Finanzas<\/span><span data-contrast=\"auto\">,<\/span><span data-contrast=\"auto\"> Au<\/span><span data-contrast=\"auto\">rora Galicia Badillo y Rosa Aid\u00e9<\/span><span data-contrast=\"auto\"> Villalobos Betancourt.<\/span><\/p>\n<div id=\"attachment_84858\" style=\"width: 732px\" class=\"wp-caption aligncenter\"><a href=\"https:\/\/www.uv.mx\/prensa\/files\/2020\/06\/160620-CELIA-Entregan-nombramientos-a-directoras-2-100k.jpg\"><img aria-describedby=\"caption-attachment-84858\" decoding=\"async\" loading=\"lazy\" class=\"size-full wp-image-84858\" src=\"https:\/\/www.uv.mx\/prensa\/files\/2020\/06\/160620-CELIA-Entregan-nombramientos-a-directoras-2-100k.jpg\" alt=\"Elba Mar\u00eda M\u00e9ndez Casanova, directora de Pedagog\u00eda \" width=\"722\" height=\"481\" srcset=\"https:\/\/www.uv.mx\/prensa\/files\/2020\/06\/160620-CELIA-Entregan-nombramientos-a-directoras-2-100k.jpg 722w, https:\/\/www.uv.mx\/prensa\/files\/2020\/06\/160620-CELIA-Entregan-nombramientos-a-directoras-2-100k-300x200.jpg 300w\" sizes=\"(max-width: 722px) 100vw, 722px\" \/><\/a><p id=\"caption-attachment-84858\" class=\"wp-caption-text\">Elba Mar\u00eda M\u00e9ndez Casanova, directora de Pedagog\u00eda<\/p><\/div>\n<p><span data-contrast=\"auto\">En <\/span><span data-contrast=\"auto\">nombre de la rectora Sara Ladr\u00f3n de <\/span><span data-contrast=\"auto\">Guevara<\/span><span data-contrast=\"auto\">,<\/span> <span data-contrast=\"auto\">Alan\u00eds M\u00e9ndez <\/span><span data-contrast=\"auto\">reconoci\u00f3 y agradeci\u00f3 <\/span><span data-contrast=\"auto\">el trabajo realizado por los directores salientes<\/span><span data-contrast=\"auto\">: H\u00e9ctor Rivera Torres, <\/span><span data-contrast=\"auto\">Miriam Alejandre Espinoza y <\/span><span data-contrast=\"auto\">Edalid<\/span><span data-contrast=\"auto\"> \u00c1lvarez Vel\u00e1zquez.<\/span><span data-ccp-props=\"{&quot;201341983&quot;:0,&quot;335559731&quot;:720,&quot;335559739&quot;:160,&quot;335559740&quot;:240}\">\u00a0<\/span><\/p>\n<p><span data-contrast=\"none\">El Vicerrector<\/span><span data-contrast=\"none\"> expres\u00f3 que la regi\u00f3n Poza Rica-Tuxpan enfrenta retos y dificultades, as\u00ed como importantes tareas en los diferentes \u00e1mbitos, las cuales representan un desaf\u00edo en la UV, para lo cual invito a las nuevas funcionarias a sumarse al trabajo que se realiza de manera conjunta con los directores de las <\/span><span data-contrast=\"none\">f<\/span><span data-contrast=\"none\">acultades.<\/span><span data-ccp-props=\"{&quot;201341983&quot;:0,&quot;335559731&quot;:720,&quot;335559739&quot;:160,&quot;335559740&quot;:240}\">\u00a0<\/span><\/p>\n<p><span data-contrast=\"none\">A trav\u00e9s de videoconferencia estuvieron presentes los <\/span><span data-contrast=\"none\">d<\/span><span data-contrast=\"none\">irectores <\/span><span data-contrast=\"none\">g<\/span><span data-contrast=\"none\">enerales de las <\/span><span data-contrast=\"none\">\u00e1<\/span><span data-contrast=\"none\">rea<\/span><span data-contrast=\"none\">s acad\u00e9micas<\/span><span data-contrast=\"none\"> T\u00e9cnica<\/span><span data-contrast=\"none\">, de<\/span> <span data-contrast=\"none\">Humanidades <\/span><span data-contrast=\"none\">y Econ\u00f3mico-<\/span><span data-contrast=\"none\">Administrativa<\/span><span data-contrast=\"none\">:<\/span> <span data-contrast=\"none\">\u00c1ngel Eduardo Gasca Herrera, Jos\u00e9 Luis Mart\u00ednez Su\u00e1rez y Arturo Bocardo Valle, <\/span><span data-contrast=\"none\">respectivamente, <\/span><span data-contrast=\"none\">quienes dieron la bienvenida a las nuevas directoras<\/span><span data-contrast=\"none\"> y las<\/span><span data-contrast=\"none\"> invitar<\/span><span data-contrast=\"none\">on <\/span><span data-contrast=\"none\">a sumarse al trabajo realizado por sus antecesores.<\/span><\/p>\n<div id=\"attachment_84859\" style=\"width: 732px\" class=\"wp-caption aligncenter\"><a href=\"https:\/\/www.uv.mx\/prensa\/files\/2020\/06\/160620-CELIA-Entregan-nombramientos-a-directoras-3-100k.jpg\"><img aria-describedby=\"caption-attachment-84859\" decoding=\"async\" loading=\"lazy\" class=\"size-full wp-image-84859\" src=\"https:\/\/www.uv.mx\/prensa\/files\/2020\/06\/160620-CELIA-Entregan-nombramientos-a-directoras-3-100k.jpg\" alt=\"Blanca Vianey Hidalgo Barrios, directora de Contadur\u00eda \" width=\"722\" height=\"481\" srcset=\"https:\/\/www.uv.mx\/prensa\/files\/2020\/06\/160620-CELIA-Entregan-nombramientos-a-directoras-3-100k.jpg 722w, https:\/\/www.uv.mx\/prensa\/files\/2020\/06\/160620-CELIA-Entregan-nombramientos-a-directoras-3-100k-300x200.jpg 300w\" sizes=\"(max-width: 722px) 100vw, 722px\" \/><\/a><p id=\"caption-attachment-84859\" class=\"wp-caption-text\">Blanca Vianey Hidalgo Barrios, directora de Contadur\u00eda<\/p><\/div>\n","protected":false},"excerpt":{"rendered":"<p>Las nuevas funcionarias son Victoria Amador Rodr\u00edguez, Elba Mar\u00eda M\u00e9ndez Casanova y Blanca Vianey Hidalgo Barrios, respectivamente <\/p>\n","protected":false},"author":1775,"featured_media":84857,"comment_status":"closed","ping_status":"closed","sticky":false,"template":"","format":"standard","meta":[],"categories":[54],"tags":[],"_links":{"self":[{"href":"https:\/\/www.uv.mx\/prensa\/wp-json\/wp\/v2\/posts\/84856"}],"collection":[{"href":"https:\/\/www.uv.mx\/prensa\/wp-json\/wp\/v2\/posts"}],"about":[{"href":"https:\/\/www.uv.mx\/prensa\/wp-json\/wp\/v2\/types\/post"}],"author":[{"embeddable":true,"href":"https:\/\/www.uv.mx\/prensa\/wp-json\/wp\/v2\/users\/1775"}],"replies":[{"embeddable":true,"href":"https:\/\/www.uv.mx\/prensa\/wp-json\/wp\/v2\/comments?post=84856"}],"version-history":[{"count":0,"href":"https:\/\/www.uv.mx\/prensa\/wp-json\/wp\/v2\/posts\/84856\/revisions"}],"wp:featuredmedia":[{"embeddable":true,"href":"https:\/\/www.uv.mx\/prensa\/wp-json\/wp\/v2\/media\/84857"}],"wp:attachment":[{"href":"https:\/\/www.uv.mx\/prensa\/wp-json\/wp\/v2\/media?parent=84856"}],"wp:term":[{"taxonomy":"category","embeddable":true,"href":"https:\/\/www.uv.mx\/prensa\/wp-json\/wp\/v2\/categories?post=84856"},{"taxonomy":"post_tag","embeddable":true,"href":"https:\/\/www.uv.mx\/prensa\/wp-json\/wp\/v2\/tags?post=84856"}],"curies":[{"name":"wp","href":"https:\/\/api.w.org\/{rel}","templated":true}]}}