{"id":84913,"date":"2020-06-18T09:19:30","date_gmt":"2020-06-18T14:19:30","guid":{"rendered":"https:\/\/www.uv.mx\/prensa\/?p=84913"},"modified":"2020-06-19T07:44:52","modified_gmt":"2020-06-19T12:44:52","slug":"estudiantes-de-la-fcas-promueven-el-arte-digital","status":"publish","type":"post","link":"https:\/\/www.uv.mx\/prensa\/general\/estudiantes-de-la-fcas-promueven-el-arte-digital\/","title":{"rendered":"Estudiantes de la FCAS promueven el arte digital"},"content":{"rendered":"<ul>\n<li data-leveltext=\"\uf0b7\" data-font=\"Symbol\" data-listid=\"5\" data-aria-posinset=\"1\" data-aria-level=\"1\"><i><span data-contrast=\"auto\">\u201c<\/span><\/i><i><span data-contrast=\"auto\">Estudi\u00e9 artes visuales y no sab\u00eda suficiente de programaci\u00f3n, por lo que incorpor\u00e9 gente con diversos perfiles a mis <\/span><\/i><i><span data-contrast=\"auto\">proyectos<\/span><\/i><i><span data-contrast=\"auto\">\u201d:<\/span><\/i> <i><span data-contrast=\"auto\">Anni<\/span><\/i><i><span data-contrast=\"auto\"> Garza<\/span><\/i><i><span data-contrast=\"auto\">\u00a0<\/span><\/i><span data-ccp-props=\"{}\">\u00a0<\/span><\/li>\n<li data-leveltext=\"\uf0b7\" data-font=\"Symbol\" data-listid=\"5\" data-aria-posinset=\"2\" data-aria-level=\"1\"><i><span data-contrast=\"auto\">\u201c<\/span><\/i><i><span data-contrast=\"auto\">Artistas digitales deben respaldarse en un equipo profesional que d<\/span><\/i><i><span data-contrast=\"auto\">omine los avances tecnol\u00f3gicos\u201d:<\/span><\/i> <i><span data-contrast=\"auto\">Amor Mu\u00f1oz<\/span><\/i><span data-ccp-props=\"{}\">\u00a0<\/span><\/li>\n<\/ul>\n<div id=\"attachment_84915\" style=\"width: 732px\" class=\"wp-caption aligncenter\"><a href=\"https:\/\/www.uv.mx\/prensa\/files\/2020\/06\/150620-CARLOS-Connectarte-1-100k.jpg\"><img aria-describedby=\"caption-attachment-84915\" decoding=\"async\" loading=\"lazy\" class=\"size-full wp-image-84915\" src=\"https:\/\/www.uv.mx\/prensa\/files\/2020\/06\/150620-CARLOS-Connectarte-1-100k.jpg\" alt=\"Colectivo Unexi\u00f3n\" width=\"722\" height=\"482\" srcset=\"https:\/\/www.uv.mx\/prensa\/files\/2020\/06\/150620-CARLOS-Connectarte-1-100k.jpg 722w, https:\/\/www.uv.mx\/prensa\/files\/2020\/06\/150620-CARLOS-Connectarte-1-100k-300x200.jpg 300w\" sizes=\"(max-width: 722px) 100vw, 722px\" \/><\/a><p id=\"caption-attachment-84915\" class=\"wp-caption-text\">Colectivo Unexi\u00f3n<\/p><\/div>\n<p><b><i><span data-contrast=\"auto\">Carlos Hugo Hermida Rosales<\/span><\/i><\/b><span data-ccp-props=\"{}\">\u00a0<\/span><\/p>\n<p><b><i><span data-contrast=\"auto\">1<\/span><\/i><\/b><b><i><span data-contrast=\"auto\">8<\/span><\/i><\/b><b><i><span data-contrast=\"auto\">\/06\/<\/span><\/i><\/b><b><i><span data-contrast=\"auto\">2020<\/span><\/i><\/b><b><i><span data-contrast=\"auto\">,<\/span><\/i><\/b> <b><i><span data-contrast=\"auto\">Xalapa, <\/span><\/i><\/b><b><i><span data-contrast=\"auto\">Ver.<\/span><\/i><\/b><b><i><span data-contrast=\"auto\">&#8211;<\/span><\/i><\/b> <span data-contrast=\"auto\">Estudiantes de la <a href=\"https:\/\/www.uv.mx\/fcas\/\" target=\"_blank\" rel=\"noopener noreferrer\">Facultad de Ciencias Administrativas y Sociales<\/a> (FCAS) de l<\/span><span data-contrast=\"auto\">a Universidad Veracruzana (UV)<\/span><span data-contrast=\"auto\">,<\/span><span data-contrast=\"auto\"> agrupados en el <\/span><span data-contrast=\"auto\">C<\/span><span data-contrast=\"auto\">olectivo <\/span><span data-contrast=\"auto\">Unexi\u00f3n<\/span><span data-contrast=\"auto\">,<\/span> <span data-contrast=\"auto\">publicaron el 15 de junio en <\/span><i><span data-contrast=\"auto\">YouTube<\/span><\/i> <span data-contrast=\"auto\">entrevistas con profesionistas que trabajan con arte digital, quienes relataron su experiencia y trayectoria dentro de esta disciplina.\u00a0<\/span><span data-ccp-props=\"{}\">\u00a0<\/span><\/p>\n<p><span data-contrast=\"auto\">Los entrevistados son <\/span><span data-contrast=\"auto\">Anni<\/span><span data-contrast=\"auto\"> Garza <\/span><span data-contrast=\"auto\">Lau<\/span><span data-contrast=\"auto\">, artista visual y programadora de videojuegos; Rams\u00e9s Pacheco, fot\u00f3grafo y director general en <\/span><span data-contrast=\"auto\">Lightpainting<\/span><span data-contrast=\"auto\"> M\u00e9xico<\/span><span data-contrast=\"auto\">,<\/span><span data-contrast=\"auto\"> y Amor <\/span><span data-contrast=\"auto\">Mu\u00f1oz<\/span><span data-contrast=\"auto\">, creadora y gestora <\/span><span data-contrast=\"auto\">cultural.<\/span><span data-ccp-props=\"{&quot;335559731&quot;:708}\">\u00a0<\/span><\/p>\n<p><span data-contrast=\"auto\">Las participaciones est\u00e1n disponibles para su visualizaci\u00f3n en el <\/span><span data-contrast=\"auto\">espacio de interacci\u00f3n <\/span><i><span data-contrast=\"auto\">online<\/span><\/i> <a href=\"https:\/\/www.youtube.com\/channel\/UCG12gIXyBvOeDVYqmJSPo6g\"><span data-contrast=\"none\">Connec<\/span><span data-contrast=\"none\">t<\/span><span data-contrast=\"none\">arteAD<\/span><\/a><span data-contrast=\"none\">, <\/span><span data-contrast=\"auto\">que aborda la tem\u00e1tica de arte digital como elemento integrador del desarrollo creativo de las personas.<\/span><span data-ccp-props=\"{&quot;335559731&quot;:708}\">\u00a0<\/span><\/p>\n<p><span data-contrast=\"auto\">Anni<\/span><span data-contrast=\"auto\"> Garza<\/span><span data-contrast=\"auto\"> mencion\u00f3 <\/span><span data-contrast=\"auto\">que aunque en el pasado era dif\u00edcil definir <\/span><span data-contrast=\"auto\">al<\/span><span data-contrast=\"auto\"> arte digital, la tecnolog\u00eda ha permitido que hoy en <\/span><span data-contrast=\"auto\">d\u00eda muchos espacios se abran a esta<\/span><span data-contrast=\"auto\"> experimentaci\u00f3n art\u00edstica.<\/span><span data-ccp-props=\"{&quot;335559731&quot;:708}\">\u00a0<\/span><\/p>\n<p><span data-contrast=\"auto\">Coment\u00f3 <\/span><span data-contrast=\"auto\">que uno de los mayores obst\u00e1culos a los que se enfrent\u00f3 al incursionar en <\/span><span data-contrast=\"auto\">e<\/span><span data-contrast=\"auto\">l arte digital fue la cantidad de informaci\u00f3n t\u00e9cnica y conocimiento requerido para fabricar cierto tipo de piezas.<\/span><\/p>\n<div id=\"attachment_84916\" style=\"width: 732px\" class=\"wp-caption aligncenter\"><a href=\"https:\/\/www.uv.mx\/prensa\/files\/2020\/06\/150620-CARLOS-Connectarte-2-copia-100k.jpg\"><img aria-describedby=\"caption-attachment-84916\" decoding=\"async\" loading=\"lazy\" class=\"size-full wp-image-84916\" src=\"https:\/\/www.uv.mx\/prensa\/files\/2020\/06\/150620-CARLOS-Connectarte-2-copia-100k.jpg\" alt=\"Anni Garza Lau\" width=\"722\" height=\"481\" srcset=\"https:\/\/www.uv.mx\/prensa\/files\/2020\/06\/150620-CARLOS-Connectarte-2-copia-100k.jpg 722w, https:\/\/www.uv.mx\/prensa\/files\/2020\/06\/150620-CARLOS-Connectarte-2-copia-100k-300x200.jpg 300w\" sizes=\"(max-width: 722px) 100vw, 722px\" \/><\/a><p id=\"caption-attachment-84916\" class=\"wp-caption-text\">Anni Garza Lau<\/p><\/div>\n<p><span data-contrast=\"auto\">\u00a0<\/span><span data-ccp-props=\"{&quot;335559731&quot;:708}\">\u00a0<\/span><\/p>\n<p><span data-contrast=\"auto\">\u201cYo estudi\u00e9 artes visuales y no sab\u00eda suficiente de programaci\u00f3n, por lo que incorpor\u00e9 gente con diversos perfiles a mis trabajos para crear proyectos <\/span><span data-contrast=\"auto\">transdisciplinarios<\/span><span data-contrast=\"auto\">\u201d,<\/span> <span data-contrast=\"auto\">comparti\u00f3.<\/span><span data-ccp-props=\"{&quot;335559731&quot;:708}\">\u00a0<\/span><\/p>\n<p><span data-contrast=\"auto\">Manifest\u00f3 <\/span><span data-contrast=\"auto\">que <\/span><span data-contrast=\"auto\">aunque <\/span><span data-contrast=\"auto\">al <\/span><span data-contrast=\"auto\">laborar<\/span><span data-contrast=\"auto\"> con arte digital ha tenido que aprender a estar al d\u00eda con los avances tecnol\u00f3gicos para resolver cuestiones t\u00e9cnicas sobre la pr\u00e1ctica<\/span><span data-contrast=\"auto\">, un soporte virtual <\/span><span data-contrast=\"auto\">permite <\/span><span data-contrast=\"auto\">que <\/span><span data-contrast=\"auto\">una <\/span><span data-contrast=\"auto\">creaci\u00f3n art\u00edstica <\/span><span data-contrast=\"auto\">llegue a m\u00e1s personas y adem\u00e1s <\/span><span data-contrast=\"auto\">le <\/span><span data-contrast=\"auto\">brinda la posibilidad de participar en festivales alrededor de todo el mundo, y que posibles compradores se interesen por ella.<\/span><span data-contrast=\"auto\">\u00a0<\/span><span data-ccp-props=\"{&quot;335559731&quot;:708}\">\u00a0<\/span><\/p>\n<p><span data-contrast=\"auto\">Rams\u00e9s Pacheco <\/span><span data-contrast=\"auto\">explic\u00f3 que el <\/span><i><span data-contrast=\"auto\">l<\/span><\/i><i><span data-contrast=\"auto\">ightpainting<\/span><\/i><span data-contrast=\"auto\"> \u2013<\/span><span data-contrast=\"auto\">registro fotogr\u00e1fico de la trayectoria de una fuente luminosa en movimiento en un ambiente con poca luz<\/span><span data-contrast=\"auto\">\u2013<\/span> <span data-contrast=\"auto\">es un arte digital que conlleva bastante disciplina, que se puede vivir al momento y cuenta con un gran potencial.<\/span><span data-ccp-props=\"{&quot;335559731&quot;:708}\">\u00a0<\/span><\/p>\n<p><span data-contrast=\"auto\">Coment\u00f3 que <\/span><span data-contrast=\"auto\">aunque esta expresi\u00f3n art\u00edstica <\/span><span data-contrast=\"auto\">tiene<\/span><span data-contrast=\"auto\"> un gran respaldo internacion<\/span><span data-contrast=\"auto\">al <\/span><span data-contrast=\"auto\">es bastante desconocida a nivel nacional, por lo que al principio requiri\u00f3 de mucho esfuerzo desarrollar un proyecto en el que pudiera involucrar al p\u00fablico.\u00a0<\/span><span data-ccp-props=\"{&quot;335559731&quot;:708}\">\u00a0<\/span><\/p>\n<p><span data-contrast=\"auto\">El fot\u00f3grafo mencion\u00f3 que dentro de esta disciplina debi\u00f3 abrirse e<\/span><span data-contrast=\"auto\">spacios<\/span><span data-contrast=\"auto\"> y crearse oportunidades que surgieron gracias a s<\/span><span data-contrast=\"auto\">u trayectoria.<\/span><\/p>\n<div id=\"attachment_84917\" style=\"width: 732px\" class=\"wp-caption aligncenter\"><a href=\"https:\/\/www.uv.mx\/prensa\/files\/2020\/06\/150620-CARLOS-Connectarte-3-copia-100k.jpg\"><img aria-describedby=\"caption-attachment-84917\" decoding=\"async\" loading=\"lazy\" class=\"size-full wp-image-84917\" src=\"https:\/\/www.uv.mx\/prensa\/files\/2020\/06\/150620-CARLOS-Connectarte-3-copia-100k.jpg\" alt=\"Amor Mu\u00f1oz \" width=\"722\" height=\"481\" srcset=\"https:\/\/www.uv.mx\/prensa\/files\/2020\/06\/150620-CARLOS-Connectarte-3-copia-100k.jpg 722w, https:\/\/www.uv.mx\/prensa\/files\/2020\/06\/150620-CARLOS-Connectarte-3-copia-100k-300x200.jpg 300w\" sizes=\"(max-width: 722px) 100vw, 722px\" \/><\/a><p id=\"caption-attachment-84917\" class=\"wp-caption-text\">Amor Mu\u00f1oz<\/p><\/div>\n<p><span data-contrast=\"auto\">Asegur\u00f3 que el <\/span><i><span data-contrast=\"auto\">l<\/span><\/i><i><span data-contrast=\"auto\">ightpainting<\/span><\/i> <span data-contrast=\"auto\">es un arte digital que a\u00fan tiene<\/span> <span data-contrast=\"auto\">mucho por brindar, ya que a la fecha existen poco<\/span><span data-contrast=\"auto\">s<\/span><span data-contrast=\"auto\"> profesionistas que incursionan en esta t\u00e9cnica que explora nuevos mundos a partir de los principios b<\/span><span data-contrast=\"auto\">\u00e1sicos de la fotograf\u00eda.<\/span><span data-ccp-props=\"{&quot;335559731&quot;:708}\">\u00a0<\/span><\/p>\n<p><span data-contrast=\"auto\">Amor Mu\u00f1oz<\/span> <span data-contrast=\"auto\">afirm\u00f3 que desarrollar proyectos de arte digital es una labor que puede llevar a\u00f1os de investigaci\u00f3n y experimentaci\u00f3n, debido a que la tecnolog\u00eda evoluciona todo el tiempo de una forma exponencial.\u00a0<\/span><span data-ccp-props=\"{&quot;335559731&quot;:708}\">\u00a0<\/span><\/p>\n<p><span data-contrast=\"auto\">\u201cUn componente electr\u00f3nico que usas ahora puede quedar obsoleto e<\/span><span data-contrast=\"auto\">n<\/span><span data-contrast=\"auto\"> pocos a\u00f1os, y adem\u00e1s sin forma de ser sustituido\u201d,<\/span> <span data-contrast=\"auto\">enunci\u00f3.\u00a0<\/span><span data-ccp-props=\"{&quot;335559731&quot;:708}\">\u00a0<\/span><\/p>\n<p><span data-contrast=\"auto\">Coment\u00f3 <\/span><span data-contrast=\"auto\">que las complicaciones al trabajar con arte digital no s<\/span><span data-contrast=\"auto\">\u00f3<\/span><span data-contrast=\"auto\">lo se dan en el proceso de creaci\u00f3n<\/span><span data-contrast=\"auto\">,<\/span><span data-contrast=\"auto\"> sino tambi\u00e9n al momento de exponer, y que existen muchas historias de artistas que minutos antes de inaugurar una <\/span><span data-contrast=\"auto\">muestra<\/span><span data-contrast=\"auto\"> pierden la conexi\u00f3n a I<\/span><span data-contrast=\"auto\">nternet o pr<\/span><span data-contrast=\"auto\">esentan alg\u00fan problema t\u00e9cnico.<\/span><span data-ccp-props=\"{&quot;335559731&quot;:708}\">\u00a0<\/span><\/p>\n<p><span data-contrast=\"auto\">Enfatiz\u00f3 que los artistas digitales deben respaldarse en un equipo profesional que domine los avances tecnol\u00f3gicos para que le ayude a solucionar los problemas t\u00e9cnicos que <\/span><span data-contrast=\"auto\">surjan<\/span><span data-contrast=\"auto\">, <\/span><span data-contrast=\"auto\">y <\/span><span data-contrast=\"auto\">as\u00ed ellos puedan dedicarse a experimentar con e<\/span><span data-contrast=\"auto\">l m\u00e9todo de prueba y error, y ab<\/span><span data-contrast=\"auto\">ocarse desarrollar sus creaciones en el campo del conocimiento que escojan.<\/span><\/p>\n<div id=\"attachment_84918\" style=\"width: 732px\" class=\"wp-caption aligncenter\"><a href=\"https:\/\/www.uv.mx\/prensa\/files\/2020\/06\/150620-CARLOS-Connectarte-4-100k.jpg\"><img aria-describedby=\"caption-attachment-84918\" decoding=\"async\" loading=\"lazy\" class=\"size-full wp-image-84918\" src=\"https:\/\/www.uv.mx\/prensa\/files\/2020\/06\/150620-CARLOS-Connectarte-4-100k.jpg\" alt=\"Rams\u00e9s Pacheco\" width=\"722\" height=\"482\" srcset=\"https:\/\/www.uv.mx\/prensa\/files\/2020\/06\/150620-CARLOS-Connectarte-4-100k.jpg 722w, https:\/\/www.uv.mx\/prensa\/files\/2020\/06\/150620-CARLOS-Connectarte-4-100k-300x200.jpg 300w\" sizes=\"(max-width: 722px) 100vw, 722px\" \/><\/a><p id=\"caption-attachment-84918\" class=\"wp-caption-text\">Rams\u00e9s Pacheco<\/p><\/div>\n<p><span data-ccp-props=\"{&quot;335559731&quot;:708}\">\u00a0<\/span><\/p>\n<p><span data-contrast=\"auto\">El C<\/span><span data-contrast=\"auto\">olectivo <\/span><span data-contrast=\"auto\">Unexi\u00f3n<\/span> <span data-contrast=\"auto\">es<\/span><span data-contrast=\"auto\">t\u00e1 integrado por Nelson <\/span><span data-contrast=\"auto\">Aldhair<\/span><span data-contrast=\"auto\"> Aguilar Cortez, Rafael Alejandro Cerd\u00e1n S\u00e1nchez, Mar\u00eda Fernanda Grajales Acosta, Diana <\/span><span data-contrast=\"auto\">Yareli<\/span><span data-contrast=\"auto\"> Hern\u00e1ndez D\u00edaz, Melissa Fernanda Mart\u00ednez Rey<\/span><span data-contrast=\"auto\">es, Miguel \u00c1ngel Montero Garc\u00eda y<\/span> <span data-contrast=\"auto\">Atziri<\/span> <span data-contrast=\"auto\">Ixhel<\/span><span data-contrast=\"auto\"> Rodr\u00edguez Rivera,<\/span><span data-contrast=\"auto\"> estudiantes de la Licenciatura en Publicidad y Relaciones P\u00fablicas de la FCAS.<\/span><span data-contrast=\"auto\">\u00a0<\/span><span data-ccp-props=\"{&quot;335559731&quot;:708}\">\u00a0<\/span><\/p>\n<p><span data-contrast=\"auto\">Fernanda Grajales comparti\u00f3 que dise\u00f1ar este espacio de interacci\u00f3n <\/span><i><span data-contrast=\"auto\">online<\/span><\/i><span data-contrast=\"auto\"> represent\u00f3 un gran reto para el <\/span><span data-contrast=\"auto\">colectivo, ya que debido a la <\/span><span data-contrast=\"auto\">pandemia de Covid-19 debieron volcar todo el trabajo al \u00e1mbito virtual, y algunas <\/span><span data-contrast=\"auto\">labores<\/span><span data-contrast=\"auto\"> como segmentar la audiencia requirieron <\/span><span data-contrast=\"auto\">mucho<\/span><span data-contrast=\"auto\"> esfuerzo.\u00a0<\/span><span data-ccp-props=\"{&quot;335559731&quot;:708}\">\u00a0<\/span><\/p>\n<p><span data-contrast=\"auto\">\u201c<\/span><span data-contrast=\"auto\">No obstante el cambio<\/span><span data-contrast=\"auto\">,<\/span> <span data-contrast=\"auto\">los integrantes de <\/span><span data-contrast=\"auto\">Unexi\u00f3n<\/span> <span data-contrast=\"auto\">nos involucramos con el trabajo, y nos apoyamos entre todos de una excelente manera\u201d, asegur\u00f3.<\/span><span data-ccp-props=\"{&quot;335559731&quot;:708}\">\u00a0<\/span><\/p>\n<p><span data-contrast=\"auto\">La joven declar\u00f3 que esperan que este proyecto sirva<\/span> <span data-contrast=\"auto\">para que el p\u00fablico conozca qu\u00e9<\/span><span data-contrast=\"auto\"> es el arte digital y las diversas \u00e1reas del conocimiento con las que se relaciona.\u00a0<\/span><span data-ccp-props=\"{&quot;335559731&quot;:708}\">\u00a0<\/span><\/p>\n","protected":false},"excerpt":{"rendered":"<p>\u201cLas complicaciones al trabajar con arte digital no s\u00f3lo se dan en el proceso de creaci\u00f3n, sino tambi\u00e9n al momento de exponer\u201d: Amor Mu\u00f1oz <\/p>\n","protected":false},"author":1775,"featured_media":84915,"comment_status":"closed","ping_status":"closed","sticky":false,"template":"","format":"standard","meta":[],"categories":[1],"tags":[],"_links":{"self":[{"href":"https:\/\/www.uv.mx\/prensa\/wp-json\/wp\/v2\/posts\/84913"}],"collection":[{"href":"https:\/\/www.uv.mx\/prensa\/wp-json\/wp\/v2\/posts"}],"about":[{"href":"https:\/\/www.uv.mx\/prensa\/wp-json\/wp\/v2\/types\/post"}],"author":[{"embeddable":true,"href":"https:\/\/www.uv.mx\/prensa\/wp-json\/wp\/v2\/users\/1775"}],"replies":[{"embeddable":true,"href":"https:\/\/www.uv.mx\/prensa\/wp-json\/wp\/v2\/comments?post=84913"}],"version-history":[{"count":0,"href":"https:\/\/www.uv.mx\/prensa\/wp-json\/wp\/v2\/posts\/84913\/revisions"}],"wp:featuredmedia":[{"embeddable":true,"href":"https:\/\/www.uv.mx\/prensa\/wp-json\/wp\/v2\/media\/84915"}],"wp:attachment":[{"href":"https:\/\/www.uv.mx\/prensa\/wp-json\/wp\/v2\/media?parent=84913"}],"wp:term":[{"taxonomy":"category","embeddable":true,"href":"https:\/\/www.uv.mx\/prensa\/wp-json\/wp\/v2\/categories?post=84913"},{"taxonomy":"post_tag","embeddable":true,"href":"https:\/\/www.uv.mx\/prensa\/wp-json\/wp\/v2\/tags?post=84913"}],"curies":[{"name":"wp","href":"https:\/\/api.w.org\/{rel}","templated":true}]}}