{"id":84925,"date":"2020-06-18T11:11:07","date_gmt":"2020-06-18T16:11:07","guid":{"rendered":"https:\/\/www.uv.mx\/prensa\/?p=84925"},"modified":"2020-06-19T07:46:56","modified_gmt":"2020-06-19T12:46:56","slug":"proximo-ciclo-escolar-iniciara-el-14-de-septiembre-anuncio-la-rectora","status":"publish","type":"post","link":"https:\/\/www.uv.mx\/prensa\/banner\/proximo-ciclo-escolar-iniciara-el-14-de-septiembre-anuncio-la-rectora\/","title":{"rendered":"Pr\u00f3ximo ciclo escolar iniciar\u00e1 el 14 de septiembre, anunci\u00f3 la Rectora\u00a0"},"content":{"rendered":"<style type=\"text\/css\">\n  blockquote p { color: #28519b; font-family: helvetica; font-size: 1.6em; }<br \/><\/style>\n<ul>\n<li data-leveltext=\"\uf0b7\" data-font=\"Symbol\" data-listid=\"1\" data-aria-posinset=\"1\" data-aria-level=\"1\"><i><span data-contrast=\"auto\">En entrevista realizada en <\/span><\/i><span data-contrast=\"auto\">Voz Universitaria<\/span><i><span data-contrast=\"auto\">, Sara Ladr\u00f3n de Guevara dijo que<\/span><\/i> <i><span data-contrast=\"auto\">aquellos j\u00f3venes que habr\u00e1 una oferta que permita a los estudiantes organizar su trayectoria acad\u00e9mica\u00a0<\/span><\/i><\/li>\n<li data-leveltext=\"\uf0b7\" data-font=\"Symbol\" data-listid=\"1\" data-aria-posinset=\"2\" data-aria-level=\"1\"><i><span data-contrast=\"auto\">El examen de ingreso se aplicar\u00e1 del lunes 31 de agosto al viernes 4 de septiembre<\/span><\/i><span data-ccp-props=\"{&quot;134233279&quot;:true}\"><br \/>\n<\/span><\/li>\n<\/ul>\n<div id=\"attachment_82730\" style=\"width: 732px\" class=\"wp-caption aligncenter\"><a href=\"https:\/\/www.uv.mx\/prensa\/files\/2020\/04\/DSC_2233.jpg\"><img aria-describedby=\"caption-attachment-82730\" decoding=\"async\" loading=\"lazy\" class=\"wp-image-82730 size-full\" src=\"https:\/\/www.uv.mx\/prensa\/files\/2020\/04\/DSC_2233.jpg\" alt=\"\" width=\"722\" height=\"482\" srcset=\"https:\/\/www.uv.mx\/prensa\/files\/2020\/04\/DSC_2233.jpg 722w, https:\/\/www.uv.mx\/prensa\/files\/2020\/04\/DSC_2233-300x200.jpg 300w\" sizes=\"(max-width: 722px) 100vw, 722px\" \/><\/a><p id=\"caption-attachment-82730\" class=\"wp-caption-text\">La rectora Sara Ladr\u00f3n de Guevara fue entrevistada en el programa radiof\u00f3nico Voz Universitaria (foto de archivo)<\/p><\/div>\n<blockquote><p><span data-contrast=\"auto\">En el caso de la Feria Internacional del Libro Universitario, se realizar\u00e1 en una nueva fecha, se procurar\u00e1 recuperar las actividades planeadas y algunas ser\u00e1n modificadas<\/span><span data-ccp-props=\"{&quot;335559731&quot;:709}\">\u00a0<\/span><\/p>\n<p><span data-contrast=\"auto\">La entrega de<\/span><span data-contrast=\"auto\">l Premio al Decano fue pospuesto y lamentablemente se perdi\u00f3 la temporada de conciertos de la Orquesta Sinf\u00f3nica de Xalapa<\/span><span data-ccp-props=\"{&quot;335559731&quot;:709}\"><br \/>\n<\/span><\/p><\/blockquote>\n<p><b><i><span data-contrast=\"auto\">Paola Cort\u00e9s P\u00e9rez<\/span><\/i><\/b><span data-ccp-props=\"{&quot;335559731&quot;:709}\">\u00a0<\/span><\/p>\n<p><b><i><span data-contrast=\"auto\">1<\/span><\/i><\/b><b><i><span data-contrast=\"auto\">8<\/span><\/i><\/b><b><i><span data-contrast=\"auto\">\/06\/2020, Xalapa, <\/span><\/i><\/b><b><i><span data-contrast=\"auto\">Ver.-<\/span><\/i><\/b> <span data-contrast=\"auto\">La rectora de la <a href=\"https:\/\/www.uv.mx\/\" target=\"_blank\" rel=\"noopener noreferrer\">Universidad Veracruzana<\/a> (UV), Sara Ladr\u00f3n de Guevara, destac\u00f3 que este semestre se concluy\u00f3 con el 90 por ciento de los cursos<\/span><span data-contrast=\"auto\">,<\/span><span data-contrast=\"auto\"> y anunci\u00f3 que el inicio del pr\u00f3ximo ciclo escolar ser\u00e1 el 14 de septiembre,<\/span> <span data-contrast=\"auto\">en<\/span><span data-contrast=\"auto\"> entrevista realizada en el programa <\/span><i><span data-contrast=\"auto\">Voz Universitaria<\/span><\/i><span data-contrast=\"auto\">, transmitido en Radio UV, en el 90.5 FM<\/span><span data-contrast=\"auto\">, bajo la conducci\u00f3n de Brisa G\u00f3mez y <\/span><span data-contrast=\"auto\">Antulio<\/span><span data-contrast=\"auto\"> Garc\u00eda.<\/span><span data-ccp-props=\"{&quot;335559731&quot;:709}\">\u00a0<\/span><\/p>\n<p><span data-contrast=\"auto\">El pasado 15 de junio, <\/span><i><span data-contrast=\"auto\">Voz Universitaria<\/span><\/i><span data-contrast=\"auto\"> reinici\u00f3<\/span><span data-contrast=\"auto\"> transmisiones usando las plataformas tecnol\u00f3gicas, en este caso a trav\u00e9s de <\/span><i><span data-contrast=\"auto\">Zoom<\/span><\/i><span data-contrast=\"auto\">, ante la contingencia sanitaria por el Covid-19.<\/span><span data-ccp-props=\"{&quot;335559731&quot;:708}\">\u00a0<\/span><\/p>\n<p><span data-contrast=\"auto\">Para <\/span><span data-contrast=\"auto\">esta<\/span><span data-contrast=\"auto\"> emisi\u00f3n<\/span><span data-contrast=\"auto\">,<\/span> <span data-contrast=\"auto\">Antulio<\/span><span data-contrast=\"auto\"> Garc\u00eda y Brisa G\u00f3mez entrevistaron <\/span><span data-contrast=\"auto\">previamente<\/span> <span data-contrast=\"auto\">a la Rectora<\/span><span data-contrast=\"auto\">, quien <\/span><span data-contrast=\"auto\">habl\u00f3 sobre c\u00f3mo la enfermedad Covid-19 ha modificado las actividades y din\u00e1mica de la Universidad; c\u00f3mo se ha apoyado a estudiantes y profesores en esta nueva modalidad educativa; <\/span><span data-contrast=\"auto\">as\u00ed como d<\/span><span data-contrast=\"auto\">el examen de ingreso<\/span><span data-contrast=\"auto\"> y<\/span><span data-contrast=\"auto\"> la reprogramaci\u00f3n de actividades culturales, entre otros temas.<\/span><span data-ccp-props=\"{&quot;335559731&quot;:708}\">\u00a0<\/span><\/p>\n<p><span data-contrast=\"auto\">Sara Ladr\u00f3n de Guevara <\/span><span data-contrast=\"auto\">dijo que la pandemia no s\u00f3lo ha afectado a esta casa de estudios, sino a todo el mundo, lo qu<\/span><span data-contrast=\"auto\">e <\/span><span data-contrast=\"auto\">significa un reto enorme,<\/span> <span data-contrast=\"auto\">por lo<\/span><span data-contrast=\"auto\"> que<\/span> <span data-contrast=\"auto\">para seguir en comunicaci\u00f3n y con las actividades se han usado la<\/span><span data-contrast=\"auto\">s <\/span><span data-contrast=\"auto\">tecnolog\u00edas de la informaci\u00f3n y comunicaci\u00f3n (TIC).<\/span><span data-ccp-props=\"{&quot;335559731&quot;:708}\">\u00a0<\/span><\/p>\n<p><span data-contrast=\"auto\">\u201cA nivel mundial<\/span><span data-contrast=\"auto\"> esto ha generado una reflexi\u00f3n de la pr\u00e1ctica docente, las actividades educativas y su uso. Tambi\u00e9n nos permite valorar la riqueza de las actividades presenciales, representa una riqueza en la formaci\u00f3n profesional de las generaciones.\u201d<\/span><span data-ccp-props=\"{&quot;335559731&quot;:708}\">\u00a0<\/span><\/p>\n<p><span data-contrast=\"auto\">Con respecto a las barreras tecnol\u00f3gicas que han enfrentado estudiantes y docentes, <\/span><span data-contrast=\"auto\">mencion\u00f3 que <\/span><span data-contrast=\"auto\">esta situaci\u00f3n permi<\/span><span data-contrast=\"auto\">te reconocer que el derecho al I<\/span><span data-contrast=\"auto\">nternet es un derecho humano.<\/span><span data-ccp-props=\"{&quot;335559731&quot;:708}\">\u00a0<\/span><\/p>\n<p><span data-contrast=\"auto\">Pero, destac\u00f3, aquellos j\u00f3venes que no pudieron seguir sus cursos de manera virtual contar\u00e1n con la oferta que les permita organizar su trayectoria acad\u00e9mica<\/span><span data-contrast=\"auto\"> sin afectarlos.\u00a0<\/span><\/p>\n<p><span data-contrast=\"auto\">\u201c<\/span><span data-contrast=\"auto\">Lo e<\/span><span data-contrast=\"auto\">stamos adecuando a nuestra legislaci\u00f3n y normas de administraci\u00f3n escolar, a fin de no afectar a los j\u00f3venes que no pudieron cumplir con la carga que ten\u00edan prevista para este semestre. Esto significar\u00e1 que la Universidad ofrecer\u00e1 de nuevo algunas experiencias educativas (EE) que no corresponden a este ciclo escolar, para atender a la poblaci\u00f3n estudiantil.\u201d<\/span><span data-ccp-props=\"{&quot;335559731&quot;:708}\">\u00a0<\/span><\/p>\n<p><span data-contrast=\"auto\">En el caso de los profesores, dijo que han sido atendidos con cursos de educaci\u00f3n virtual. Hasta el momento m\u00e1s de dos mil docentes han sido actualizados a trav\u00e9s de cursos en l\u00ednea, y ahora en el periodo <\/span><span data-contrast=\"auto\">intersemestral<\/span><span data-contrast=\"auto\"> se impartir\u00e1n de nueva cuenta<\/span><span data-contrast=\"auto\">.<\/span><span data-ccp-props=\"{&quot;335559731&quot;:708}\">\u00a0<\/span><\/p>\n<p><span data-contrast=\"auto\">Al <\/span><span data-contrast=\"auto\">p<\/span><span data-contrast=\"auto\">reguntarle<\/span><span data-contrast=\"auto\"> sobre la cancelaci\u00f3n de algunos eventos culturales, Sara Ladr\u00f3n de Guevara respondi\u00f3 que algunas actividades fueron pospuestas, otras m\u00e1s reprogramadas y algunas otras tristemente se perdieron.<\/span><span data-ccp-props=\"{&quot;335559731&quot;:708}\">\u00a0<\/span><\/p>\n<p><span data-contrast=\"auto\">En el caso de la Feria Internacional del Libro Universitario (FILU)<\/span><span data-contrast=\"auto\">,<\/span><span data-contrast=\"auto\"> coment\u00f3 que se realizar\u00e1 en una nueva fecha, se procurar\u00e1 recuperar las actividades planeadas y algunas ser\u00e1n modificadas.<\/span><span data-ccp-props=\"{&quot;335559731&quot;:708}\">\u00a0<\/span><\/p>\n<p><span data-contrast=\"auto\">Mientras que <\/span><span data-contrast=\"auto\">el Premio al Decano fue pospuesto y lamentablemente se perdi\u00f3 la temporada de conciertos de la Orquesta Sinf\u00f3nica de Xalapa (OSX).<\/span><span data-ccp-props=\"{&quot;335559731&quot;:708}\">\u00a0<\/span><\/p>\n<p><span data-ccp-props=\"{&quot;335559731&quot;:709}\">\u00a0<\/span><\/p>\n<p><b><span data-contrast=\"auto\">Regreso a actividades<\/span><\/b><span data-ccp-props=\"{&quot;335559731&quot;:709}\">\u00a0<\/span><\/p>\n<p><span data-contrast=\"auto\">L<\/span><span data-contrast=\"auto\">a Universidad Veracruzana impartir\u00e1 sus cursos <\/span><span data-contrast=\"auto\">intersemestrales<\/span><span data-contrast=\"auto\"> completamente virtuales <\/span><span data-contrast=\"auto\">y el inicio del pr\u00f3ximo ciclo escolar ser\u00e1 el 14 de septiembre.<\/span><span data-ccp-props=\"{&quot;335559731&quot;:709}\">\u00a0<\/span><\/p>\n<p><span data-contrast=\"auto\">Sara Ladr\u00f3n de Guevara <\/span><span data-contrast=\"auto\">dijo que para el regreso de actividades de la UV <\/span><span data-contrast=\"auto\">s<\/span><span data-contrast=\"auto\">e<\/span><span data-contrast=\"auto\"> cuidar\u00e1 que los espacios est\u00e9n <\/span><span data-contrast=\"auto\">desinfectad<\/span><span data-contrast=\"auto\">os<\/span><span data-contrast=\"auto\">, se pondr\u00e1n filtros en las entradas, se respetar\u00e1 la sana distancia y se acatar\u00e1n las <\/span><span data-contrast=\"auto\">recomendaciones hechas por las s<\/span><span data-contrast=\"auto\">ecretar\u00edas de Salud y <\/span><span data-contrast=\"auto\">de <\/span><span data-contrast=\"auto\">Educaci\u00f3n, para evitar que haya brotes de Covid-19.<\/span><span data-ccp-props=\"{&quot;335559731&quot;:708}\">\u00a0<\/span><\/p>\n<p><span data-ccp-props=\"{&quot;335559731&quot;:709}\">\u00a0<\/span><\/p>\n<p><b><span data-contrast=\"auto\">Examen de ingreso<\/span><\/b><span data-ccp-props=\"{&quot;335559731&quot;:709}\">\u00a0<\/span><\/p>\n<p><span data-contrast=\"auto\">Como resultado de reuniones sostenidas entre la UV y el <\/span><span data-contrast=\"auto\">Centro Nacional de Evaluaci\u00f3n para la Educaci\u00f3n Superior <\/span><span data-contrast=\"auto\">(<\/span><i><span data-contrast=\"auto\">Ceneval<\/span><\/i><span data-contrast=\"auto\">), las fechas para la aplicaci\u00f3n del examen de admisi\u00f3n a esta casa de estudios fueron reprogramadas: del lunes 31 de agosto al viernes 4 de septiembre.<\/span><span data-ccp-props=\"{&quot;335559731&quot;:709}\">\u00a0<\/span><\/p>\n<p><span data-contrast=\"auto\">La R<\/span><span data-contrast=\"auto\">ectora explic\u00f3 que la aplicaci\u00f3n del examen se har\u00e1 en cinco d\u00edas, con la finalidad de que haya mitad de estudiantes en cada sal\u00f3n para respetar la sana distancia y evitar contagios.<\/span><span data-ccp-props=\"{&quot;335559731&quot;:708}\">\u00a0<\/span><\/p>\n<p><span data-contrast=\"auto\">Entre las medidas preventivas a aplicarse est<\/span><span data-contrast=\"auto\">\u00e1<\/span><span data-contrast=\"auto\"> la ubicaci\u00f3n de filtros sanitarios y se pedir\u00e1 a los j\u00f3venes asistir con <\/span><span data-contrast=\"auto\">cubrebocas<\/span><span data-contrast=\"auto\">.<\/span><span data-ccp-props=\"{&quot;335559731&quot;:708}\">\u00a0<\/span><\/p>\n<p><span data-contrast=\"auto\">\u201c<\/span><span data-contrast=\"auto\">T<\/span><span data-contrast=\"auto\">endremos las condiciones sanitarias necesarias para la presentaci\u00f3n del examen.<\/span> <span data-contrast=\"auto\">Les pediremos a los j\u00f3venes y <\/span><span data-contrast=\"auto\">a sus familias que acudan solos<\/span><span data-contrast=\"auto\"> para evitar aglomeraciones afuera de las instalaciones universitarias<\/span><span data-contrast=\"auto\"> y<\/span><span data-contrast=\"auto\"> brotes de la pandemia.\u201d<\/span><span data-ccp-props=\"{&quot;335559731&quot;:708}\">\u00a0<\/span><\/p>\n<p><span data-contrast=\"auto\">Por \u00faltimo, agradeci\u00f3 a toda la comunidad universitaria por el esfuerzo que ha significado enfrentar la pandemia, por seguir y mantener activa a la Universidad<\/span><span data-contrast=\"auto\">.<\/span><span data-ccp-props=\"{&quot;335559731&quot;:708}\">\u00a0<\/span><\/p>\n<p><span data-contrast=\"auto\">\u201cMuchas felicidades porque hemos encontrado formas creativas de seguir trabajando. Les hago llegar un mensaje de esperanza, que el regreso a la normalidad sea consciente, ref<\/span><span data-contrast=\"auto\">lexiv<\/span><span data-contrast=\"auto\">o<\/span><span data-contrast=\"auto\">, solidari<\/span><span data-contrast=\"auto\">o<\/span><span data-contrast=\"auto\">, que busque<\/span><span data-contrast=\"auto\"> mayor equidad; esta pandemia nos ha tra\u00eddo muchas lecciones que deben ser aprendidas, asimiladas y compartidas.\u201d<\/span><span data-ccp-props=\"{&quot;335559731&quot;:708}\">\u00a0<\/span><\/p>\n","protected":false},"excerpt":{"rendered":"<p>La Universidad ofrecer\u00e1 de nuevo algunas experiencias educativas que no corresponden a este ciclo escolar, para atender a la poblaci\u00f3n estudiantil, destac\u00f3 Sara Ladr\u00f3n de Guevara\u00a0<\/p>\n","protected":false},"author":1869,"featured_media":79741,"comment_status":"closed","ping_status":"closed","sticky":false,"template":"","format":"standard","meta":[],"categories":[61],"tags":[],"_links":{"self":[{"href":"https:\/\/www.uv.mx\/prensa\/wp-json\/wp\/v2\/posts\/84925"}],"collection":[{"href":"https:\/\/www.uv.mx\/prensa\/wp-json\/wp\/v2\/posts"}],"about":[{"href":"https:\/\/www.uv.mx\/prensa\/wp-json\/wp\/v2\/types\/post"}],"author":[{"embeddable":true,"href":"https:\/\/www.uv.mx\/prensa\/wp-json\/wp\/v2\/users\/1869"}],"replies":[{"embeddable":true,"href":"https:\/\/www.uv.mx\/prensa\/wp-json\/wp\/v2\/comments?post=84925"}],"version-history":[{"count":0,"href":"https:\/\/www.uv.mx\/prensa\/wp-json\/wp\/v2\/posts\/84925\/revisions"}],"wp:featuredmedia":[{"embeddable":true,"href":"https:\/\/www.uv.mx\/prensa\/wp-json\/wp\/v2\/media\/79741"}],"wp:attachment":[{"href":"https:\/\/www.uv.mx\/prensa\/wp-json\/wp\/v2\/media?parent=84925"}],"wp:term":[{"taxonomy":"category","embeddable":true,"href":"https:\/\/www.uv.mx\/prensa\/wp-json\/wp\/v2\/categories?post=84925"},{"taxonomy":"post_tag","embeddable":true,"href":"https:\/\/www.uv.mx\/prensa\/wp-json\/wp\/v2\/tags?post=84925"}],"curies":[{"name":"wp","href":"https:\/\/api.w.org\/{rel}","templated":true}]}}