{"id":84991,"date":"2020-06-20T08:00:29","date_gmt":"2020-06-20T13:00:29","guid":{"rendered":"https:\/\/www.uv.mx\/prensa\/?p=84991"},"modified":"2020-06-19T19:46:36","modified_gmt":"2020-06-20T00:46:36","slug":"egresada-de-fca-tercer-lugar-regional-en-premio-de-tesis-de-anfeca","status":"publish","type":"post","link":"https:\/\/www.uv.mx\/prensa\/banner\/egresada-de-fca-tercer-lugar-regional-en-premio-de-tesis-de-anfeca\/","title":{"rendered":"Egresada de FCA, tercer lugar regional en premio de tesis de ANFECA\u00a0"},"content":{"rendered":"<ul>\n<li data-leveltext=\"\u25cf\" data-font=\"\" data-listid=\"1\" data-aria-posinset=\"1\" data-aria-level=\"1\"><i><span data-contrast=\"auto\">Ana <\/span><\/i><i><span data-contrast=\"auto\">Joseline<\/span><\/i><i><span data-contrast=\"auto\"> Acosta<\/span><\/i><i><span data-contrast=\"auto\"> L\u00f3pez<\/span><\/i><i><span data-contrast=\"auto\"> obtuvo el reconocimiento por su trabajo <\/span><\/i><i><span data-contrast=\"auto\">recepcional<\/span><\/i><i><span data-contrast=\"auto\"> que aborda la deserci\u00f3n en la Licenciatura en Sistemas Computacionales Administrativos<\/span><\/i><span data-ccp-props=\"{&quot;201341983&quot;:0,&quot;335559740&quot;:240}\">\u00a0<\/span><\/li>\n<li data-leveltext=\"\u25cf\" data-font=\"\" data-listid=\"1\" data-aria-posinset=\"2\" data-aria-level=\"1\"><i><span data-contrast=\"auto\">\u201cRepresenta el premio de muchos desvelos y d\u00edas de investigaci\u00f3n\u201d, asegur\u00f3 la profesionista<\/span><\/i><span data-ccp-props=\"{&quot;201341983&quot;:0,&quot;335559740&quot;:240}\">\u00a0<\/span><\/li>\n<\/ul>\n<p><span data-ccp-props=\"{&quot;201341983&quot;:0,&quot;335559740&quot;:240}\">\u00a0<\/span><\/p>\n<div id=\"attachment_84993\" style=\"width: 732px\" class=\"wp-caption aligncenter\"><a href=\"https:\/\/www.uv.mx\/prensa\/files\/2020\/06\/170620-DAVID-Egresada-LSCA-gana-3er-lugar-ANFECA.jpg\"><img aria-describedby=\"caption-attachment-84993\" decoding=\"async\" loading=\"lazy\" class=\"size-full wp-image-84993\" src=\"https:\/\/www.uv.mx\/prensa\/files\/2020\/06\/170620-DAVID-Egresada-LSCA-gana-3er-lugar-ANFECA.jpg\" alt=\"\" width=\"722\" height=\"542\" srcset=\"https:\/\/www.uv.mx\/prensa\/files\/2020\/06\/170620-DAVID-Egresada-LSCA-gana-3er-lugar-ANFECA.jpg 722w, https:\/\/www.uv.mx\/prensa\/files\/2020\/06\/170620-DAVID-Egresada-LSCA-gana-3er-lugar-ANFECA-300x225.jpg 300w\" sizes=\"(max-width: 722px) 100vw, 722px\" \/><\/a><p id=\"caption-attachment-84993\" class=\"wp-caption-text\">Ana Joseline Acosta, egresada de la LSCA, obtuvo reconocimiento por su tesis de parte de la ANFECA<\/p><\/div>\n<p><span data-ccp-props=\"{&quot;201341983&quot;:0,&quot;335559740&quot;:240}\">\u00a0<\/span><\/p>\n<blockquote><p><span data-contrast=\"auto\">\u201cLos resultados obtenidos fueron variados; no obstante,<\/span> <span data-contrast=\"auto\">los m\u00e1s importantes reflejan que el m\u00e9todo de ense\u00f1anza no ha sido el m\u00e1s adecuado, las experiencias educativas y los temas son obsoletos de acuerdo al plan de estudios 2011\u201d<\/span><span data-ccp-props=\"{&quot;201341983&quot;:0,&quot;335559740&quot;:240}\">\u00a0<\/span><\/p><\/blockquote>\n<p><span data-ccp-props=\"{&quot;201341983&quot;:0,&quot;335559740&quot;:240}\">\u00a0<\/span><\/p>\n<p><b><i><span data-contrast=\"auto\">David Sandoval Rodr\u00edguez<\/span><\/i><\/b><span data-ccp-props=\"{&quot;201341983&quot;:0,&quot;335559740&quot;:240}\">\u00a0<\/span><\/p>\n<p><b><i><span data-contrast=\"auto\">20<\/span><\/i><\/b><b><i><span data-contrast=\"auto\">\/06\/20<\/span><\/i><\/b><b><i><span data-contrast=\"auto\">20,<\/span><\/i><\/b><b><i><span data-contrast=\"auto\"> Xalapa, Ver.-<\/span><\/i><\/b><span data-contrast=\"auto\"> Ana <\/span><span data-contrast=\"auto\">Joseline<\/span><span data-contrast=\"auto\"> Acosta L\u00f3pez, egresada de la Licenciatura en Sistemas Computacionales Administrativos (LSCA) de la Fa<\/span><span data-contrast=\"auto\">cultad de Contadur\u00eda y Administraci\u00f3n (FCA) de la Universidad Veracruzana (UV), fue premiada por su trabajo <\/span><span data-contrast=\"auto\">recepcional<\/span><span data-contrast=\"auto\"> que analiza la deserci\u00f3n escolar en su licenciatura.<\/span><span data-ccp-props=\"{&quot;201341983&quot;:0,&quot;335559740&quot;:240}\">\u00a0<\/span><\/p>\n<p><span data-contrast=\"auto\">El reconocimiento, otorgado por la Asociaci\u00f3n Nacional de Facultades y Escuelas de <\/span><span data-contrast=\"auto\">Contadur\u00eda y A<\/span><span data-contrast=\"auto\">dministraci\u00f3n (ANFECA), fue el t<\/span><span data-contrast=\"auto\">ercer <\/span><span data-contrast=\"auto\">l<\/span><span data-contrast=\"auto\">ugar de la <\/span><span data-contrast=\"auto\">Zona <\/span><span data-contrast=\"auto\">6 Sur dentro de la convocatoria del <\/span><span data-contrast=\"auto\">35<\/span><span data-contrast=\"auto\"> Premio Nacional de Tesis de Licenciatura y Posgrado.<\/span><span data-ccp-props=\"{&quot;201341983&quot;:0,&quot;335559731&quot;:720,&quot;335559740&quot;:240}\">\u00a0<\/span><\/p>\n<p><span data-contrast=\"auto\">El trabajo titulado \u201cAplicaci\u00f3n de un modelo de gesti\u00f3n para abatir la deserci\u00f3<\/span><span data-contrast=\"auto\">n escolar en la LSCA<\/span><span data-contrast=\"auto\">\u201d, fue asesorado por la acad\u00e9mica de la FCA, Alma Delia Otero Escobar.<\/span><span data-ccp-props=\"{&quot;201341983&quot;:0,&quot;335559731&quot;:720,&quot;335559740&quot;:240}\">\u00a0<\/span><\/p>\n<p><span data-contrast=\"auto\">\u201cEs un orgullo que un trabajo elaborado con mucho esfuerzo y dedicaci\u00f3n tenga un prestigioso reconocimiento, sin duda alguna representa el premio de muc<\/span><span data-contrast=\"auto\">hos desvelos y d\u00edas de investigaci\u00f3n\u201d, manifest\u00f3 la egresada.<\/span><span data-ccp-props=\"{&quot;201341983&quot;:0,&quot;335559731&quot;:720,&quot;335559740&quot;:240}\">\u00a0<\/span><\/p>\n<p><span data-contrast=\"auto\">Su investigaci\u00f3n se enfoca en descubrir los factores que influyen en los estudiantes de la Licenciatura en Sistemas Computacionales Administrativos para tomar la decisi\u00f3n de no culminar sus estu<\/span><span data-contrast=\"auto\">dios y desertar de su formaci\u00f3n en educaci\u00f3n superior.<\/span><span data-ccp-props=\"{&quot;201341983&quot;:0,&quot;335559731&quot;:720,&quot;335559740&quot;:240}\">\u00a0<\/span><\/p>\n<p><span data-contrast=\"auto\">La galardonada explic\u00f3 que \u201cel inter\u00e9s por abordar este tema surgi\u00f3 a partir de descubrir que gran cantidad de estudiantes de la licenciatura optaban por darse de baja, un porcentaje relativamente mayo<\/span><span data-contrast=\"auto\">r al de otras carreras, de acuerdo al n\u00famero de estudiantes que ingresaban\u201d.<\/span><span data-ccp-props=\"{&quot;201341983&quot;:0,&quot;335559731&quot;:720,&quot;335559740&quot;:240}\">\u00a0<\/span><\/p>\n<p><span data-contrast=\"auto\">Se\u00f1al\u00f3 que para su investigaci\u00f3n <\/span><span data-contrast=\"auto\">enfrent\u00f3<\/span><span data-contrast=\"auto\"> varios retos<\/span><span data-contrast=\"auto\">,<\/span> <span data-contrast=\"auto\">entre ellos<\/span><span data-contrast=\"auto\"> \u201csin duda el mayor <\/span><span data-contrast=\"auto\">fue analizar los resultados obtenidos para determinar co<\/span><span data-contrast=\"auto\">nclusiones que no eran <\/span><span data-contrast=\"auto\">las que todos queremos escuchar;<\/span><span data-contrast=\"auto\"> sin embargo, son los resultados reales que arroj\u00f3 la encuesta\u201d.<\/span><span data-ccp-props=\"{&quot;201341983&quot;:0,&quot;335559731&quot;:720,&quot;335559740&quot;:240}\">\u00a0<\/span><\/p>\n<p><span data-contrast=\"auto\">Acosta L\u00f3pez coment\u00f3 que <\/span><span data-contrast=\"auto\">\u201c<\/span><span data-contrast=\"auto\">los resultados obtenidos fueron variados; no obstante<\/span><span data-contrast=\"auto\">,<\/span> <span data-contrast=\"auto\">los m\u00e1s importantes reflejan que el m\u00e9todo de <\/span><span data-contrast=\"auto\">ense\u00f1anza<\/span><span data-contrast=\"auto\"> no ha sido el m\u00e1s adecuado, <\/span><span data-contrast=\"auto\">las experiencias educativas y los temas son obsoletos de acuerdo al plan de estudios 2011\u201d.<\/span><span data-ccp-props=\"{&quot;201341983&quot;:0,&quot;335559731&quot;:720,&quot;335559740&quot;:240}\">\u00a0<\/span><\/p>\n<p><span data-contrast=\"auto\">Destac\u00f3 que un factor importante en dicho contexto consiste en la falta de difusi\u00f3n de la informaci\u00f3n detallada <\/span><span data-contrast=\"auto\">a los aspirantes<\/span> <span data-contrast=\"auto\">acerca de la licenciatura<\/span><span data-contrast=\"auto\">, \u201cpues no se logra transmitir el mensaje adecuado para especificar el perfil de un licenciado en esta profesi\u00f3n, lo que ocasiona que no se cumplan las expectativas del <\/span><span data-contrast=\"auto\">alumno<\/span><span data-contrast=\"auto\">\u201d.<\/span><span data-ccp-props=\"{&quot;201341983&quot;:0,&quot;335559731&quot;:720,&quot;335559740&quot;:240}\">\u00a0<\/span><\/p>\n<p><span data-contrast=\"auto\">En este<\/span><span data-contrast=\"auto\"> sentido, la egresada precis\u00f3 que su p<\/span><span data-contrast=\"auto\">rincipal propuesta consiste en elaborar informaci\u00f3n multimedia dise\u00f1ada por los profesionales, de acuerdo<\/span><span data-contrast=\"auto\"> con el nuevo Plan de Estudios 2020,<\/span><span data-contrast=\"auto\"> para \u201cdifundirla a todos los aspirantes con el prop\u00f3sito de que elijan de forma correcta la Licenciatura en Sistemas Computacio<\/span><span data-contrast=\"auto\">nales Administrativos, lo que a futuro evitar\u00e1 el abandono de estudios; <\/span><span data-contrast=\"auto\">de igual manera,<\/span><span data-contrast=\"auto\"> se sugiere actualizar y mejorar los m\u00e9todos de ense\u00f1anza\u201d.<\/span><\/p>\n","protected":false},"excerpt":{"rendered":"<p>\u201cRepresenta el premio de muchos desvelos y d\u00edas de investigaci\u00f3n\u201d, asegur\u00f3 Ana Joseline Acosta L\u00f3pez\u00a0<\/p>\n","protected":false},"author":1869,"featured_media":84992,"comment_status":"closed","ping_status":"closed","sticky":false,"template":"","format":"standard","meta":[],"categories":[61],"tags":[],"_links":{"self":[{"href":"https:\/\/www.uv.mx\/prensa\/wp-json\/wp\/v2\/posts\/84991"}],"collection":[{"href":"https:\/\/www.uv.mx\/prensa\/wp-json\/wp\/v2\/posts"}],"about":[{"href":"https:\/\/www.uv.mx\/prensa\/wp-json\/wp\/v2\/types\/post"}],"author":[{"embeddable":true,"href":"https:\/\/www.uv.mx\/prensa\/wp-json\/wp\/v2\/users\/1869"}],"replies":[{"embeddable":true,"href":"https:\/\/www.uv.mx\/prensa\/wp-json\/wp\/v2\/comments?post=84991"}],"version-history":[{"count":0,"href":"https:\/\/www.uv.mx\/prensa\/wp-json\/wp\/v2\/posts\/84991\/revisions"}],"wp:featuredmedia":[{"embeddable":true,"href":"https:\/\/www.uv.mx\/prensa\/wp-json\/wp\/v2\/media\/84992"}],"wp:attachment":[{"href":"https:\/\/www.uv.mx\/prensa\/wp-json\/wp\/v2\/media?parent=84991"}],"wp:term":[{"taxonomy":"category","embeddable":true,"href":"https:\/\/www.uv.mx\/prensa\/wp-json\/wp\/v2\/categories?post=84991"},{"taxonomy":"post_tag","embeddable":true,"href":"https:\/\/www.uv.mx\/prensa\/wp-json\/wp\/v2\/tags?post=84991"}],"curies":[{"name":"wp","href":"https:\/\/api.w.org\/{rel}","templated":true}]}}