{"id":85047,"date":"2020-06-22T14:49:40","date_gmt":"2020-06-22T19:49:40","guid":{"rendered":"https:\/\/www.uv.mx\/prensa\/?p=85047"},"modified":"2020-06-23T14:51:03","modified_gmt":"2020-06-23T19:51:03","slug":"unidad-de-genero-invita-al-foro-virtual-ser-hombre-en-tiempos-de-pandemia","status":"publish","type":"post","link":"https:\/\/www.uv.mx\/prensa\/eventos\/unidad-de-genero-invita-al-foro-virtual-ser-hombre-en-tiempos-de-pandemia\/","title":{"rendered":"Unidad de G\u00e9nero invita al foro virtual \u201cSer hombre en tiempos de pandemia\u201d"},"content":{"rendered":"<ul>\n<li data-leveltext=\"\uf0b7\" data-font=\"Symbol\" data-listid=\"1\" data-aria-posinset=\"1\" data-aria-level=\"1\"><i><span data-contrast=\"auto\">Se transmitir\u00e1 a trav\u00e9s de <\/span><\/i><span data-contrast=\"auto\">Facebook<\/span><i><span data-contrast=\"auto\">, el martes 23 de junio<\/span><\/i><i><span data-contrast=\"auto\"> a las 17:00 horas<\/span><\/i><span data-ccp-props=\"{&quot;134233279&quot;:true,&quot;201341983&quot;:0,&quot;335559739&quot;:160,&quot;335559740&quot;:240}\">\u00a0<\/span><\/li>\n<li data-leveltext=\"\uf0b7\" data-font=\"Symbol\" data-listid=\"1\" data-aria-posinset=\"2\" data-aria-level=\"1\"><i><span data-contrast=\"auto\">P<\/span><\/i><i><span data-contrast=\"auto\">articipa<\/span><\/i><i><span data-contrast=\"auto\">n: <\/span><\/i><i><span data-contrast=\"auto\">Francisco Contreras S\u00e1nchez, Paulo C\u00e9sar Soler G\u00f3mez y Jos\u00e9 Manuel V\u00e1zquez Guadarrama<\/span><\/i><span data-ccp-props=\"{&quot;134233279&quot;:true,&quot;201341983&quot;:0,&quot;335559739&quot;:160,&quot;335559740&quot;:240}\">\u00a0<\/span><\/li>\n<li data-leveltext=\"\uf0b7\" data-font=\"Symbol\" data-listid=\"1\" data-aria-posinset=\"3\" data-aria-level=\"1\"><i><span data-contrast=\"auto\">Ixchel Ortiz Vidal, responsable de capacitaci\u00f3n, moderar\u00e1 esta mesa de di\u00e1logo<\/span><\/i><span data-ccp-props=\"{&quot;134233279&quot;:true,&quot;201341983&quot;:0,&quot;335559739&quot;:160,&quot;335559740&quot;:240}\">\u00a0<\/span><\/li>\n<\/ul>\n<div id=\"attachment_85049\" style=\"width: 491px\" class=\"wp-caption aligncenter\"><a href=\"https:\/\/www.uv.mx\/prensa\/files\/2020\/06\/170620-SER-HOMBRES-EN-TIEMPOS-DE-PANDEMIA-2.jpg\"><img aria-describedby=\"caption-attachment-85049\" decoding=\"async\" loading=\"lazy\" class=\"size-full wp-image-85049\" src=\"https:\/\/www.uv.mx\/prensa\/files\/2020\/06\/170620-SER-HOMBRES-EN-TIEMPOS-DE-PANDEMIA-2.jpg\" alt=\"\" width=\"481\" height=\"481\" srcset=\"https:\/\/www.uv.mx\/prensa\/files\/2020\/06\/170620-SER-HOMBRES-EN-TIEMPOS-DE-PANDEMIA-2.jpg 481w, https:\/\/www.uv.mx\/prensa\/files\/2020\/06\/170620-SER-HOMBRES-EN-TIEMPOS-DE-PANDEMIA-2-300x300.jpg 300w, https:\/\/www.uv.mx\/prensa\/files\/2020\/06\/170620-SER-HOMBRES-EN-TIEMPOS-DE-PANDEMIA-2-150x150.jpg 150w, https:\/\/www.uv.mx\/prensa\/files\/2020\/06\/170620-SER-HOMBRES-EN-TIEMPOS-DE-PANDEMIA-2-120x120.jpg 120w, https:\/\/www.uv.mx\/prensa\/files\/2020\/06\/170620-SER-HOMBRES-EN-TIEMPOS-DE-PANDEMIA-2-360x360.jpg 360w\" sizes=\"(max-width: 481px) 100vw, 481px\" \/><\/a><p id=\"caption-attachment-85049\" class=\"wp-caption-text\"><span class=\"TextRun BCX2 SCXW74678506\" lang=\"ES-MX\" xml:lang=\"ES-MX\" data-contrast=\"auto\"><span class=\"NormalTextRun BCX2 SCXW74678506\">Francisco Contreras S\u00e1nchez, activista en derechos humanos, g\u00e9nero y masculinidades<\/span><\/span><\/p><\/div>\n<p><b><i><span data-contrast=\"auto\">Claudia Peralta V\u00e1zquez<\/span><\/i><\/b><span data-ccp-props=\"{&quot;201341983&quot;:0,&quot;335559739&quot;:160,&quot;335559740&quot;:240}\">\u00a0<\/span><\/p>\n<p><b><i><span data-contrast=\"auto\">22<\/span><\/i><\/b><b><i><\/i><\/b><b><i><span data-contrast=\"auto\">\/<\/span><\/i><\/b><b><i><span data-contrast=\"auto\">06<\/span><\/i><\/b><b><i><span data-contrast=\"auto\">\/<\/span><\/i><\/b><b><i><span data-contrast=\"auto\">20<\/span><\/i><\/b><b><i><span data-contrast=\"auto\">20<\/span><\/i><\/b><b><i><span data-contrast=\"auto\">, Xalapa, Ver.- <\/span><\/i><\/b><span data-contrast=\"auto\">La <a href=\"https:\/\/www.uv.mx\/uge\/\" target=\"_blank\" rel=\"noopener noreferrer\">Coordinaci\u00f3n de la Unidad de G\u00e9nero<\/a> de la Universidad Veracruzana (UV)<\/span><span data-contrast=\"auto\"> invita a<\/span><span data-contrast=\"auto\"> la comunidad universitaria y p\u00fablico en general, a p<\/span><span data-contrast=\"auto\">articipar en la <\/span><span data-contrast=\"auto\">M<\/span><span data-contrast=\"auto\">esa de <\/span><span data-contrast=\"auto\">D<\/span><span data-contrast=\"auto\">i\u00e1logo \u201cSer hombre en tiempos de pandemia\u201d, <\/span><span data-contrast=\"auto\">que se<\/span><span data-contrast=\"auto\"> realizar<\/span><span data-contrast=\"auto\">\u00e1 <\/span><span data-contrast=\"auto\">el martes 23 de junio a partir de las 17:00 horas, a<\/span><span data-contrast=\"auto\"> trav\u00e9s de su p\u00e1gina de <\/span><i><span data-contrast=\"auto\">Facebook<\/span><\/i><span data-contrast=\"auto\">.<\/span><span data-ccp-props=\"{&quot;201341983&quot;:0,&quot;335559739&quot;:160,&quot;335559740&quot;:240}\">\u00a0<\/span><\/p>\n<p><span data-contrast=\"auto\">Ixchel Ortiz Vidal, responsable del \u00e1rea de capacitaci\u00f3n<\/span><span data-contrast=\"auto\">, dio a conocer que en esta transmisi\u00f3n en vivo intervendr\u00e1n: Francisco Contreras S\u00e1nchez, Paulo C\u00e9sar Soler G\u00f3mez y Jos\u00e9 Manuel V\u00e1zquez Guadarrama.<\/span><span data-ccp-props=\"{&quot;201341983&quot;:0,&quot;335559731&quot;:708,&quot;335559739&quot;:160,&quot;335559740&quot;:240}\">\u00a0<\/span><\/p>\n<p><span data-contrast=\"auto\">El primero, forma parte de la Direcci\u00f3n General de Cultura de Paz y Derechos Humanos de la Secretar\u00eda de Gobierno, es facilitador de grupos reflexivos y reeducativos con hombres en ciudad<\/span><span data-contrast=\"auto\"> de Xalapa<\/span><span data-contrast=\"auto\">.<\/span><span data-ccp-props=\"{&quot;201341983&quot;:0,&quot;335559731&quot;:708,&quot;335559739&quot;:160,&quot;335559740&quot;:240}\">\u00a0<\/span><\/p>\n<p><span data-contrast=\"auto\">Tambi\u00e9n es activista en <\/span><span data-contrast=\"auto\">d<\/span><span data-contrast=\"auto\">erechos <\/span><span data-contrast=\"auto\">h<\/span><span data-contrast=\"auto\">umanos, g\u00e9nero, masculinidades, desarrollo humano y comunitario, derechos sexuales y reproductivos.<\/span><span data-ccp-props=\"{&quot;201341983&quot;:0,&quot;335559731&quot;:708,&quot;335559739&quot;:160,&quot;335559740&quot;:240}\">\u00a0<\/span><\/p>\n<div id=\"attachment_85050\" style=\"width: 491px\" class=\"wp-caption aligncenter\"><a href=\"https:\/\/www.uv.mx\/prensa\/files\/2020\/06\/170620-SER-HOMBRES-EN-TIEMPOS-DE-PANDEMIA-3.jpg\"><img aria-describedby=\"caption-attachment-85050\" decoding=\"async\" loading=\"lazy\" class=\"size-full wp-image-85050\" src=\"https:\/\/www.uv.mx\/prensa\/files\/2020\/06\/170620-SER-HOMBRES-EN-TIEMPOS-DE-PANDEMIA-3.jpg\" alt=\"\" width=\"481\" height=\"481\" srcset=\"https:\/\/www.uv.mx\/prensa\/files\/2020\/06\/170620-SER-HOMBRES-EN-TIEMPOS-DE-PANDEMIA-3.jpg 481w, https:\/\/www.uv.mx\/prensa\/files\/2020\/06\/170620-SER-HOMBRES-EN-TIEMPOS-DE-PANDEMIA-3-300x300.jpg 300w, https:\/\/www.uv.mx\/prensa\/files\/2020\/06\/170620-SER-HOMBRES-EN-TIEMPOS-DE-PANDEMIA-3-150x150.jpg 150w, https:\/\/www.uv.mx\/prensa\/files\/2020\/06\/170620-SER-HOMBRES-EN-TIEMPOS-DE-PANDEMIA-3-120x120.jpg 120w, https:\/\/www.uv.mx\/prensa\/files\/2020\/06\/170620-SER-HOMBRES-EN-TIEMPOS-DE-PANDEMIA-3-360x360.jpg 360w\" sizes=\"(max-width: 481px) 100vw, 481px\" \/><\/a><p id=\"caption-attachment-85050\" class=\"wp-caption-text\"><span data-contrast=\"auto\">En el panel participar\u00e1 <\/span><span data-contrast=\"auto\">P<\/span><span data-contrast=\"auto\">aulo C\u00e9sar Soler G\u00f3mez, acad\u00e9mico de la UV<\/span><span data-ccp-props=\"{&quot;201341983&quot;:0,&quot;335559739&quot;:160,&quot;335559740&quot;:240}\">\u00a0<\/span><\/p><\/div>\n<p><span data-contrast=\"auto\">Asimismo, Soler G\u00f3mez es acad\u00e9mico de la Facultad de Psicolog\u00eda de la UV<\/span><span data-contrast=\"auto\">,<\/span><span data-contrast=\"auto\"> donde tambi\u00e9n coordina la Unidad de Servicios Psicol\u00f3gicos en Salud.<\/span><span data-ccp-props=\"{&quot;201341983&quot;:0,&quot;335559731&quot;:708,&quot;335559739&quot;:160,&quot;335559740&quot;:240}\">\u00a0<\/span><\/p>\n<p><span data-contrast=\"auto\">Se ha desempe\u00f1ado como coordinador de la Comisi\u00f3n Interinstitucional para la Formaci\u00f3n y Capacitaci\u00f3n de Recursos Humanos e Investigaci\u00f3n en Salud del Estado de Veracruz<\/span><span data-contrast=\"auto\">,<\/span><span data-contrast=\"auto\"> para la evaluaci\u00f3n de planes y programas de estudio de la carrera de Psicolog\u00eda.<\/span><span data-ccp-props=\"{&quot;201341983&quot;:0,&quot;335559731&quot;:708,&quot;335559739&quot;:160,&quot;335559740&quot;:240}\">\u00a0<\/span><\/p>\n<p><span data-contrast=\"auto\">En tanto, Jos\u00e9 Manuel V\u00e1zquez es psic\u00f3logo egresado de la UV, y maestrante en Salud, Arte y Comunidad, con la investigaci\u00f3n \u201cAn\u00e1lisis de las masculinidades de hombres en situaci\u00f3n de calle a partir del proceso fotogr\u00e1fico.<\/span><span data-ccp-props=\"{&quot;201341983&quot;:0,&quot;335559731&quot;:708,&quot;335559739&quot;:160,&quot;335559740&quot;:240}\">\u00a0<\/span><\/p>\n<p><span data-contrast=\"auto\">Actualmente se desempe\u00f1a como psic\u00f3logo facilitador <\/span><span data-contrast=\"auto\">de grupos reflexivos para hombres por parte de la Secretar\u00eda de Salud de Veracruz, donde forma parte del grupo de especialistas que brindan atenci\u00f3n psicol\u00f3gica en el centro de llamadas de emergencia<\/span><span data-contrast=\"auto\">.<\/span><span data-ccp-props=\"{&quot;201341983&quot;:0,&quot;335559731&quot;:708,&quot;335559739&quot;:160,&quot;335559740&quot;:240}\">\u00a0<\/span><\/p>\n<p><span data-contrast=\"auto\">Ixchel Ortiz destac\u00f3 que esta mesa de di\u00e1logo forma parte de diversas actividades y talleres virtuales que la Unidad de G\u00e9nero ha programado para este periodo de contingencia y que en breve se dar\u00e1n a conocer.<\/span><span data-ccp-props=\"{&quot;201341983&quot;:0,&quot;335559739&quot;:160,&quot;335559740&quot;:240}\">\u00a0<\/span><\/p>\n<p><span data-contrast=\"auto\">Por eso, invit\u00f3 al p\u00fablico interesado a presenciar este panel donde especialistas en el tema compartir\u00e1n sus opiniones y puntos de vista relacionados con las masculinidades.<\/span><span data-ccp-props=\"{&quot;201341983&quot;:0,&quot;335559739&quot;:160,&quot;335559740&quot;:240}\">\u00a0<\/span><\/p>\n<div id=\"attachment_85051\" style=\"width: 491px\" class=\"wp-caption aligncenter\"><a href=\"https:\/\/www.uv.mx\/prensa\/files\/2020\/06\/170620-SER-HOMBRES-EN-TIEMPOS-DE-PANDEMIA-4.jpg\"><img aria-describedby=\"caption-attachment-85051\" decoding=\"async\" loading=\"lazy\" class=\"size-full wp-image-85051\" src=\"https:\/\/www.uv.mx\/prensa\/files\/2020\/06\/170620-SER-HOMBRES-EN-TIEMPOS-DE-PANDEMIA-4.jpg\" alt=\"\" width=\"481\" height=\"481\" srcset=\"https:\/\/www.uv.mx\/prensa\/files\/2020\/06\/170620-SER-HOMBRES-EN-TIEMPOS-DE-PANDEMIA-4.jpg 481w, https:\/\/www.uv.mx\/prensa\/files\/2020\/06\/170620-SER-HOMBRES-EN-TIEMPOS-DE-PANDEMIA-4-300x300.jpg 300w, https:\/\/www.uv.mx\/prensa\/files\/2020\/06\/170620-SER-HOMBRES-EN-TIEMPOS-DE-PANDEMIA-4-150x150.jpg 150w, https:\/\/www.uv.mx\/prensa\/files\/2020\/06\/170620-SER-HOMBRES-EN-TIEMPOS-DE-PANDEMIA-4-120x120.jpg 120w, https:\/\/www.uv.mx\/prensa\/files\/2020\/06\/170620-SER-HOMBRES-EN-TIEMPOS-DE-PANDEMIA-4-360x360.jpg 360w\" sizes=\"(max-width: 481px) 100vw, 481px\" \/><\/a><p id=\"caption-attachment-85051\" class=\"wp-caption-text\">El psic\u00f3logo Jos\u00e9 Manuel V\u00e1zquez Guadarrama tambi\u00e9n ofrecer\u00e1 su punto de vista<\/p><\/div>\n","protected":false},"excerpt":{"rendered":"<p>Esta mesa de di\u00e1logo forma parte de diversas actividades y talleres virtuales que la Unidad de G\u00e9nero ha programado para este periodo de contingencia <\/p>\n","protected":false},"author":1508,"featured_media":85048,"comment_status":"closed","ping_status":"closed","sticky":false,"template":"","format":"standard","meta":[],"categories":[47],"tags":[],"_links":{"self":[{"href":"https:\/\/www.uv.mx\/prensa\/wp-json\/wp\/v2\/posts\/85047"}],"collection":[{"href":"https:\/\/www.uv.mx\/prensa\/wp-json\/wp\/v2\/posts"}],"about":[{"href":"https:\/\/www.uv.mx\/prensa\/wp-json\/wp\/v2\/types\/post"}],"author":[{"embeddable":true,"href":"https:\/\/www.uv.mx\/prensa\/wp-json\/wp\/v2\/users\/1508"}],"replies":[{"embeddable":true,"href":"https:\/\/www.uv.mx\/prensa\/wp-json\/wp\/v2\/comments?post=85047"}],"version-history":[{"count":0,"href":"https:\/\/www.uv.mx\/prensa\/wp-json\/wp\/v2\/posts\/85047\/revisions"}],"wp:featuredmedia":[{"embeddable":true,"href":"https:\/\/www.uv.mx\/prensa\/wp-json\/wp\/v2\/media\/85048"}],"wp:attachment":[{"href":"https:\/\/www.uv.mx\/prensa\/wp-json\/wp\/v2\/media?parent=85047"}],"wp:term":[{"taxonomy":"category","embeddable":true,"href":"https:\/\/www.uv.mx\/prensa\/wp-json\/wp\/v2\/categories?post=85047"},{"taxonomy":"post_tag","embeddable":true,"href":"https:\/\/www.uv.mx\/prensa\/wp-json\/wp\/v2\/tags?post=85047"}],"curies":[{"name":"wp","href":"https:\/\/api.w.org\/{rel}","templated":true}]}}