{"id":85210,"date":"2020-06-27T08:00:15","date_gmt":"2020-06-27T13:00:15","guid":{"rendered":"https:\/\/www.uv.mx\/prensa\/?p=85210"},"modified":"2020-06-26T12:29:33","modified_gmt":"2020-06-26T17:29:33","slug":"fispa-realizo-foro-virtual-de-la-maestria-en-desarrollo-agropecuario","status":"publish","type":"post","link":"https:\/\/www.uv.mx\/prensa\/regiones\/fispa-realizo-foro-virtual-de-la-maestria-en-desarrollo-agropecuario\/","title":{"rendered":"FISPA realiz\u00f3 Foro Virtual de la Maestr\u00eda en Desarrollo Agropecuario\u00a0"},"content":{"rendered":"<p>&nbsp;<\/p>\n<div id=\"attachment_85211\" style=\"width: 732px\" class=\"wp-caption aligncenter\"><a href=\"https:\/\/www.uv.mx\/prensa\/files\/2020\/06\/240620-CECILIA-Fispa-1.jpg\"><img aria-describedby=\"caption-attachment-85211\" decoding=\"async\" loading=\"lazy\" class=\"size-full wp-image-85211\" src=\"https:\/\/www.uv.mx\/prensa\/files\/2020\/06\/240620-CECILIA-Fispa-1.jpg\" alt=\"\" width=\"722\" height=\"490\" srcset=\"https:\/\/www.uv.mx\/prensa\/files\/2020\/06\/240620-CECILIA-Fispa-1.jpg 722w, https:\/\/www.uv.mx\/prensa\/files\/2020\/06\/240620-CECILIA-Fispa-1-300x204.jpg 300w\" sizes=\"(max-width: 722px) 100vw, 722px\" \/><\/a><p id=\"caption-attachment-85211\" class=\"wp-caption-text\">Foro Virtual de la Maestr\u00eda en Desarrollo Agropecuario<\/p><\/div>\n<p><span data-ccp-props=\"{&quot;201341983&quot;:0,&quot;335559739&quot;:160,&quot;335559740&quot;:240}\">\u00a0<\/span><\/p>\n<p><span data-ccp-props=\"{&quot;201341983&quot;:0,&quot;335559739&quot;:160,&quot;335559740&quot;:240}\">\u00a0<\/span><\/p>\n<p><b><i><span data-contrast=\"auto\">Cecilia Escribano<\/span><\/i><\/b><b><i><span data-contrast=\"auto\"> Reyes<\/span><\/i><\/b><span data-ccp-props=\"{&quot;201341983&quot;:0,&quot;335559739&quot;:160,&quot;335559740&quot;:240}\">\u00a0<\/span><\/p>\n<p><b><i><span data-contrast=\"auto\">2<\/span><\/i><\/b><b><i><span data-contrast=\"auto\">7<\/span><\/i><\/b><b><i><span data-contrast=\"auto\">\/0<\/span><\/i><\/b><b><i><span data-contrast=\"auto\">6<\/span><\/i><\/b><b><i><span data-contrast=\"auto\">\/2020, <\/span><\/i><\/b><b><i><span data-contrast=\"auto\">Acayucan<\/span><\/i><\/b><b><i><span data-contrast=\"auto\">, <\/span><\/i><\/b><b><i><span data-contrast=\"auto\">Ver.<\/span><\/i><\/b><b><i><span data-contrast=\"auto\"> &#8211;<\/span><\/i><\/b> <span data-contrast=\"auto\">La <\/span><span data-contrast=\"auto\">Facultad de Ingenier\u00eda en Sistemas de Producci\u00f3n Agropecuaria<\/span><span data-contrast=\"auto\"> (F<\/span><span data-contrast=\"auto\">ISPA<\/span><span data-contrast=\"auto\">) de la <\/span><span data-contrast=\"auto\">Universidad Veracruzana<\/span><span data-contrast=\"auto\"> (UV), <\/span><span data-contrast=\"auto\">realiz\u00f3 el Primer <\/span><span data-contrast=\"auto\">F<\/span><span data-contrast=\"auto\">oro <\/span><span data-contrast=\"auto\">V<\/span><span data-contrast=\"auto\">irtual de la <\/span><span data-contrast=\"auto\">M<\/span><span data-contrast=\"auto\">aestr\u00eda en Desarrollo Agropecuario<\/span><span data-contrast=\"auto\">, <\/span><span data-contrast=\"auto\">posgrado <\/span><span data-contrast=\"auto\">de <\/span><span data-contrast=\"auto\">reciente<\/span> <span data-contrast=\"auto\">crea<\/span><span data-contrast=\"auto\">ci\u00f3n <\/span><span data-contrast=\"auto\">que busca desarrollar propuestas innovadoras a los problemas de la regi\u00f3n en el sector agropecuario.<\/span><span data-ccp-props=\"{&quot;201341983&quot;:0,&quot;335559739&quot;:160,&quot;335559740&quot;:240}\">\u00a0<\/span><\/p>\n<p><span data-contrast=\"auto\">El <\/span><span data-contrast=\"auto\">evento <\/span><span data-contrast=\"auto\">se desarroll\u00f3 el mi\u00e9rcoles 24 de junio, a trav\u00e9s de la plataforma <\/span><i><span data-contrast=\"auto\">Videoconferencia Telmex<\/span><\/i><span data-contrast=\"auto\">, y se <\/span><span data-contrast=\"auto\">enlazaron <\/span><span data-contrast=\"auto\">Nayib<\/span> <span data-contrast=\"auto\">Bechara<\/span> <span data-contrast=\"auto\">\u00c1car<\/span><span data-contrast=\"auto\"> Mart\u00ednez<\/span><span data-contrast=\"auto\">,<\/span><span data-contrast=\"auto\"> director de la FISPA;<\/span> <span data-contrast=\"auto\">Dinora V\u00e1zquez Luna<\/span><span data-contrast=\"auto\">, c<\/span><span data-contrast=\"auto\">oordinadora<\/span><span data-contrast=\"auto\"> de la Maestr\u00eda<\/span><span data-contrast=\"auto\">;<\/span> <span data-contrast=\"auto\">as\u00ed como ac<\/span><span data-contrast=\"auto\">ad\u00e9micos y<\/span><span data-contrast=\"auto\"> estudiantes <\/span><span data-contrast=\"auto\">de la F<\/span><span data-contrast=\"auto\">acultad<\/span><span data-contrast=\"auto\">.<\/span><span data-ccp-props=\"{&quot;201341983&quot;:0,&quot;335559731&quot;:708,&quot;335559739&quot;:160,&quot;335559740&quot;:240}\">\u00a0<\/span><\/p>\n<p><span data-contrast=\"auto\">Los ponentes fueron estudiantes del p<\/span><span data-contrast=\"auto\">rimer semestre de la maestr\u00eda<\/span><span data-contrast=\"auto\">.<\/span> <span data-contrast=\"auto\">Jos\u00e9 Abraham Lechuga Hidalgo<\/span><span data-contrast=\"auto\"> present\u00f3<\/span><span data-contrast=\"auto\"> el tema<\/span><span data-contrast=\"auto\"> \u201c<\/span><span data-contrast=\"auto\">Desarrollo de una propuesta de manejo productivo para ma\u00edz en la comunidad de Caba\u00f1as<\/span><span data-contrast=\"auto\">, ejido de Acayucan<\/span><span data-contrast=\"auto\">\u201d<\/span><span data-contrast=\"auto\">; <\/span><span data-contrast=\"auto\">Patricia Tadeo Bola\u00f1os<\/span><span data-contrast=\"auto\">, <\/span><span data-contrast=\"auto\">abord\u00f3 <\/span><span data-contrast=\"auto\">\u201c<\/span><span data-contrast=\"auto\">Compost<\/span><span data-contrast=\"auto\">aje<\/span> <span data-contrast=\"auto\">del contenido <\/span><span data-contrast=\"auto\">ruminal<\/span><span data-contrast=\"auto\"> bovino de una planta frigor\u00edfica para reducir la contaminaci\u00f3n en el sur de Veracruz<\/span><span data-contrast=\"auto\">\u201d<\/span><span data-contrast=\"auto\">.<\/span><span data-ccp-props=\"{&quot;201341983&quot;:0,&quot;335559731&quot;:708,&quot;335559739&quot;:160,&quot;335559740&quot;:240}\">\u00a0<\/span><\/p>\n<p><span data-contrast=\"auto\">Dinora V\u00e1zquez<\/span><span data-contrast=\"auto\"> expres\u00f3 que <\/span><span data-contrast=\"auto\">en el <\/span><span data-contrast=\"auto\">foro se <\/span><span data-contrast=\"auto\">presentaron trabajos de calidad que atienden las <\/span><span data-contrast=\"auto\">problem\u00e1ticas<\/span> <span data-contrast=\"auto\">reales<\/span><span data-contrast=\"auto\"> del sector y se relacionan directamente con los actores <\/span><span data-contrast=\"auto\">involucrados<\/span><span data-contrast=\"auto\">:<\/span><span data-contrast=\"auto\"> los productores agr\u00edcolas de la regi\u00f3n sur del estado<\/span><span data-contrast=\"auto\">.<\/span><span data-ccp-props=\"{&quot;201341983&quot;:0,&quot;335559731&quot;:708,&quot;335559739&quot;:160,&quot;335559740&quot;:240}\">\u00a0<\/span><\/p>\n<p><span data-contrast=\"auto\">Cabe se\u00f1alar que a trav\u00e9s de la maestr\u00eda se tiene <\/span><span data-contrast=\"auto\">un contacto <\/span><span data-contrast=\"auto\">directo<\/span><span data-contrast=\"auto\"> con <\/span><span data-contrast=\"auto\">la<\/span> <span data-contrast=\"auto\">P<\/span><span data-contrast=\"auto\">lanta <\/span><span data-contrast=\"auto\">F<\/span><span data-contrast=\"auto\">rigor\u00edfica<\/span> <span data-contrast=\"auto\">\u201c<\/span><span data-contrast=\"auto\">Miguel Alem\u00e1n\u201d<\/span><span data-contrast=\"auto\">, <\/span><span data-contrast=\"auto\">que permite a los estudiantes desarrollar <\/span><span data-contrast=\"auto\">propuestas innovadoras<\/span><span data-contrast=\"auto\"> para atender problemas del entorno real.<\/span><span data-ccp-props=\"{&quot;201341983&quot;:0,&quot;335559739&quot;:160,&quot;335559740&quot;:240}\">\u00a0<\/span><\/p>\n<p><span data-contrast=\"auto\">La <\/span><span data-contrast=\"auto\">C<\/span><span data-contrast=\"auto\">oordinadora de la <\/span><span data-contrast=\"auto\">M<\/span><span data-contrast=\"auto\">aestr\u00eda se\u00f1al\u00f3 <\/span><span data-contrast=\"auto\">que se<\/span><span data-contrast=\"auto\"> siente <\/span><span data-contrast=\"auto\">satisfecha con los resultados de los estudiantes y profesores, <\/span><span data-contrast=\"auto\">pues <\/span><span data-contrast=\"auto\">a pesar de la pandemia no han dejado de trabajar en favor del campo<\/span><span data-contrast=\"auto\">.<\/span><span data-ccp-props=\"{&quot;201341983&quot;:0,&quot;335559731&quot;:708,&quot;335559739&quot;:160,&quot;335559740&quot;:240}\">\u00a0<\/span><\/p>\n<p><span data-contrast=\"auto\">Agreg\u00f3 que la <\/span><span data-contrast=\"auto\">pr\u00f3xima convocatoria <\/span><span data-contrast=\"auto\">\u2013<\/span><span data-contrast=\"auto\">que saldr\u00e1 en septiembre<\/span> <span data-contrast=\"auto\">y <\/span><span data-contrast=\"auto\">se podr\u00e1 consultar en <\/span><a href=\"https:\/\/www.uv.mx\/coatza\/desagro\/\"><span data-contrast=\"none\">https:\/\/www.uv.mx\/coatz<\/span><span data-contrast=\"none\">a<\/span><span data-contrast=\"none\">\/desagro\/<\/span><\/a><span data-contrast=\"auto\">\u2013<\/span> <span data-contrast=\"auto\">ser\u00e1 en un formato distinto, <\/span><span data-contrast=\"auto\">\u201c<\/span><span data-contrast=\"auto\">ser\u00eda<\/span> <span data-contrast=\"auto\">semipresencial<\/span> <span data-contrast=\"auto\">c<\/span><span data-contrast=\"auto\">on actividades de pr\u00e1cticas los s\u00e1bados<\/span><span data-contrast=\"auto\">\u201d<\/span><span data-contrast=\"auto\">.<\/span><span data-ccp-props=\"{&quot;201341983&quot;:0,&quot;335559731&quot;:708,&quot;335559739&quot;:160,&quot;335559740&quot;:240}\">\u00a0<\/span><\/p>\n<p><span data-contrast=\"auto\">Al respecto, <\/span><span data-contrast=\"auto\">Nayib<\/span> <span data-contrast=\"auto\">Bechara<\/span> <span data-contrast=\"auto\">\u00c1car<\/span> <span data-contrast=\"auto\">se\u00f1al\u00f3 que la maestr\u00eda nace para la resoluci\u00f3n de <\/span><span data-contrast=\"auto\">problemas agr\u00edcolas y pecuarios.<\/span> <span data-contrast=\"auto\">\u201c<\/span><span data-contrast=\"auto\">N<\/span><span data-contrast=\"auto\">uestros <\/span><span data-contrast=\"auto\">estudiantes tienen su \u00e1rea de influencia en el sur de Veracruz, con el objetivo de dar soluci\u00f3n a problemas de <\/span><span data-contrast=\"auto\">transferencia <\/span><span data-contrast=\"auto\">de tecnolog\u00eda, rendimiento, enfermedades y plagas, situaciones que pongan en riesgo la producci\u00f3n, o una <\/span><span data-contrast=\"auto\">transformaci\u00f3n<\/span><span data-contrast=\"auto\"> adecuada de la cadena de producci\u00f3n<\/span><span data-contrast=\"auto\">, entre otras aportaciones\u201d<\/span><span data-contrast=\"auto\">.<\/span><span data-ccp-props=\"{&quot;201341983&quot;:0,&quot;335559731&quot;:708,&quot;335559739&quot;:160,&quot;335559740&quot;:240}\">\u00a0<\/span><\/p>\n<p><span data-contrast=\"auto\">Agreg\u00f3 que la fortaleza de la maestr\u00eda es que <\/span><span data-contrast=\"auto\">en la regi\u00f3n se encuentra<\/span><span data-contrast=\"auto\">n dos<\/span><span data-contrast=\"auto\"> de las actividades principales, la ganader\u00eda y la agricultura<\/span><span data-contrast=\"auto\">,<\/span><span data-contrast=\"auto\"> lo cual <\/span><span data-contrast=\"auto\">la <\/span><span data-contrast=\"auto\">vuelve <\/span><span data-contrast=\"auto\">pertinente<\/span><span data-contrast=\"auto\">.<\/span><span data-ccp-props=\"{&quot;201341983&quot;:0,&quot;335559731&quot;:708,&quot;335559739&quot;:160,&quot;335559740&quot;:240}\">\u00a0<\/span><\/p>\n<p><span data-ccp-props=\"{&quot;201341983&quot;:0,&quot;335559739&quot;:160,&quot;335559740&quot;:240}\">\u00a0<\/span><\/p>\n<div id=\"attachment_85212\" style=\"width: 732px\" class=\"wp-caption aligncenter\"><a href=\"https:\/\/www.uv.mx\/prensa\/files\/2020\/06\/240620-CECILIA-Fispa-2.jpg\"><img aria-describedby=\"caption-attachment-85212\" decoding=\"async\" loading=\"lazy\" class=\"size-full wp-image-85212\" src=\"https:\/\/www.uv.mx\/prensa\/files\/2020\/06\/240620-CECILIA-Fispa-2.jpg\" alt=\"\" width=\"722\" height=\"464\" srcset=\"https:\/\/www.uv.mx\/prensa\/files\/2020\/06\/240620-CECILIA-Fispa-2.jpg 722w, https:\/\/www.uv.mx\/prensa\/files\/2020\/06\/240620-CECILIA-Fispa-2-300x193.jpg 300w\" sizes=\"(max-width: 722px) 100vw, 722px\" \/><\/a><p id=\"caption-attachment-85212\" class=\"wp-caption-text\">Nayib Bechara \u00c1car Mart\u00ednez, director de la FISPA<\/p><\/div>\n","protected":false},"excerpt":{"rendered":"<p>La fortaleza de este posgrado, con sede en Acayucan, es que en la regi\u00f3n se practican la ganader\u00eda y la agricultura como actividades principales, lo cual lo vuelve pertinente\u00a0<\/p>\n","protected":false},"author":1869,"featured_media":85213,"comment_status":"closed","ping_status":"closed","sticky":false,"template":"","format":"standard","meta":[],"categories":[52,61,32],"tags":[],"_links":{"self":[{"href":"https:\/\/www.uv.mx\/prensa\/wp-json\/wp\/v2\/posts\/85210"}],"collection":[{"href":"https:\/\/www.uv.mx\/prensa\/wp-json\/wp\/v2\/posts"}],"about":[{"href":"https:\/\/www.uv.mx\/prensa\/wp-json\/wp\/v2\/types\/post"}],"author":[{"embeddable":true,"href":"https:\/\/www.uv.mx\/prensa\/wp-json\/wp\/v2\/users\/1869"}],"replies":[{"embeddable":true,"href":"https:\/\/www.uv.mx\/prensa\/wp-json\/wp\/v2\/comments?post=85210"}],"version-history":[{"count":0,"href":"https:\/\/www.uv.mx\/prensa\/wp-json\/wp\/v2\/posts\/85210\/revisions"}],"wp:featuredmedia":[{"embeddable":true,"href":"https:\/\/www.uv.mx\/prensa\/wp-json\/wp\/v2\/media\/85213"}],"wp:attachment":[{"href":"https:\/\/www.uv.mx\/prensa\/wp-json\/wp\/v2\/media?parent=85210"}],"wp:term":[{"taxonomy":"category","embeddable":true,"href":"https:\/\/www.uv.mx\/prensa\/wp-json\/wp\/v2\/categories?post=85210"},{"taxonomy":"post_tag","embeddable":true,"href":"https:\/\/www.uv.mx\/prensa\/wp-json\/wp\/v2\/tags?post=85210"}],"curies":[{"name":"wp","href":"https:\/\/api.w.org\/{rel}","templated":true}]}}