{"id":85225,"date":"2020-06-28T08:00:59","date_gmt":"2020-06-28T13:00:59","guid":{"rendered":"https:\/\/www.uv.mx\/prensa\/?p=85225"},"modified":"2020-06-29T11:16:11","modified_gmt":"2020-06-29T16:16:11","slug":"estudiante-colombiano-realizo-estancia-en-facultad-de-odontologia-uv","status":"publish","type":"post","link":"https:\/\/www.uv.mx\/prensa\/regiones\/estudiante-colombiano-realizo-estancia-en-facultad-de-odontologia-uv\/","title":{"rendered":"Estudiante colombiano realiz\u00f3 estancia en Facultad de Odontolog\u00eda UV\u00a0"},"content":{"rendered":"<p>&nbsp;<\/p>\n<div id=\"attachment_85227\" style=\"width: 732px\" class=\"wp-caption aligncenter\"><a href=\"https:\/\/www.uv.mx\/prensa\/files\/2020\/06\/280620-ESTUDIANTE-ODONTOLOGIA-POZA-RICA.jpg\"><img aria-describedby=\"caption-attachment-85227\" decoding=\"async\" loading=\"lazy\" class=\"size-full wp-image-85227\" src=\"https:\/\/www.uv.mx\/prensa\/files\/2020\/06\/280620-ESTUDIANTE-ODONTOLOGIA-POZA-RICA.jpg\" alt=\"\" width=\"722\" height=\"587\" srcset=\"https:\/\/www.uv.mx\/prensa\/files\/2020\/06\/280620-ESTUDIANTE-ODONTOLOGIA-POZA-RICA.jpg 722w, https:\/\/www.uv.mx\/prensa\/files\/2020\/06\/280620-ESTUDIANTE-ODONTOLOGIA-POZA-RICA-300x244.jpg 300w, https:\/\/www.uv.mx\/prensa\/files\/2020\/06\/280620-ESTUDIANTE-ODONTOLOGIA-POZA-RICA-100x80.jpg 100w\" sizes=\"(max-width: 722px) 100vw, 722px\" \/><\/a><p id=\"caption-attachment-85227\" class=\"wp-caption-text\">Camilo Andr\u00e9s Romo P\u00e9rez, acompa\u00f1ado de Evaristo Hern\u00e1ndez Quiroz, director de la Facultad de Odontolog\u00eda de Poza Rica<\/p><\/div>\n<p>&nbsp;<\/p>\n<p><b><i><span data-contrast=\"none\">Alma Celia San Mart\u00edn Cruz<\/span><\/i><\/b><span data-ccp-props=\"{&quot;201341983&quot;:0,&quot;335551550&quot;:1,&quot;335551620&quot;:1,&quot;335559685&quot;:10,&quot;335559739&quot;:158,&quot;335559740&quot;:240,&quot;335559991&quot;:10}\">\u00a0<\/span><\/p>\n<p><b><i><span data-contrast=\"none\">2<\/span><\/i><\/b><b><i><span data-contrast=\"none\">8<\/span><\/i><\/b><b><i><span data-contrast=\"none\">\/06\/20<\/span><\/i><\/b><b><i><span data-contrast=\"none\">20, <\/span><\/i><\/b><b><i><span data-contrast=\"none\">Poza Rica, <\/span><\/i><\/b><b><i><span data-contrast=\"none\">Ver.-<\/span><\/i><\/b> <span data-contrast=\"none\">Camilo Andr\u00e9s <\/span><span data-contrast=\"none\">Romo P\u00e9rez<\/span><span data-contrast=\"none\">,<\/span><span data-contrast=\"none\"> e<\/span><span data-contrast=\"none\">studiante de la <a href=\"https:\/\/www.uv.mx\/odontologia\/\" target=\"_blank\" rel=\"noopener noreferrer\">Facultad de Odontolog\u00eda<\/a> de la Universidad de Magdalena, Colombia<\/span><span data-contrast=\"none\">,<\/span><span data-contrast=\"none\"> realiz\u00f3<\/span><span data-contrast=\"none\"> una estancia de <\/span><span data-contrast=\"none\">investigaci\u00f3n por <\/span><span data-contrast=\"none\">cuatro meses en la Facultad de Odontolog\u00eda de la Universidad Veracruzana<\/span><span data-contrast=\"none\"> (UV)<\/span><span data-contrast=\"none\">, donde <\/span><span data-contrast=\"none\">desarroll\u00f3 el trabajo \u201c<\/span><span data-contrast=\"none\">Propiedades psicom\u00e9tricas y ex<\/span><span data-contrast=\"none\">ploraci\u00f3n factorial del P-CPQ <\/span><span data-contrast=\"none\">versi\u00f3n 11 y 14<\/span> <span data-contrast=\"none\">\u00edtems<\/span><span data-contrast=\"none\">\u201d<\/span><span data-contrast=\"none\">.<\/span><span data-ccp-props=\"{&quot;201341983&quot;:0,&quot;335551550&quot;:1,&quot;335551620&quot;:1,&quot;335559685&quot;:-5,&quot;335559739&quot;:158,&quot;335559740&quot;:240,&quot;335559991&quot;:10}\">\u00a0<\/span><\/p>\n<p><span data-contrast=\"none\">El objetivo del estudio consisti\u00f3 en enmarcar un proyecto de evaluaci\u00f3n <\/span><span data-contrast=\"none\">de instru<\/span><span data-contrast=\"none\">mentos de medidas psicom\u00e9tricas<\/span> <span data-contrast=\"none\">para<\/span><span data-contrast=\"none\"> validar una escala de medici\u00f3n en salud, con el fin de obtener la puntuaci\u00f3n en<\/span><span data-contrast=\"none\">tre la<\/span><span data-contrast=\"none\"> relaci\u00f3n de calidad de vida y el impacto que tienen las condiciones orales, tipo de caries, <\/span><span data-contrast=\"none\">alteraciones <\/span><span data-contrast=\"none\">de la posici\u00f3n de los dientes <\/span><span data-contrast=\"none\">y <\/span><span data-contrast=\"none\">color de <\/span><span data-contrast=\"none\">los mismos<\/span><span data-contrast=\"none\">.<\/span><span data-ccp-props=\"{&quot;201341983&quot;:0,&quot;335551550&quot;:1,&quot;335551620&quot;:1,&quot;335559685&quot;:-5,&quot;335559731&quot;:725,&quot;335559739&quot;:158,&quot;335559740&quot;:240,&quot;335559991&quot;:10}\">\u00a0<\/span><\/p>\n<p><span data-contrast=\"none\">El es<\/span><span data-contrast=\"none\">tudio se aplic\u00f3 a 47<\/span><span data-contrast=\"none\">9 padre<\/span><span data-contrast=\"none\">s<\/span><span data-contrast=\"none\"> de ni\u00f1os de entre <\/span><span data-contrast=\"none\">seis<\/span><span data-contrast=\"none\"> y 14 a\u00f1os de <\/span><span data-contrast=\"none\">edad, de <\/span><span data-contrast=\"none\">dos instituciones de educaci\u00f3n prim<\/span><span data-contrast=\"none\">aria del municipio de Poza Rica.<\/span> <span data-contrast=\"none\">P<\/span><span data-contrast=\"none\">rimer<\/span><span data-contrast=\"none\">o<\/span> <span data-contrast=\"none\">se conform\u00f3<\/span><span data-contrast=\"none\"> un grupo de cuatro <\/span><span data-contrast=\"none\">docentes<\/span> <span data-contrast=\"none\">del <\/span><span data-contrast=\"none\">cuerpo acad\u00e9mico <\/span><span data-contrast=\"none\">(CA) <\/span><span data-contrast=\"none\">Prevenci\u00f3n, Salud y Educaci\u00f3n, quienes trabajan<\/span><span data-contrast=\"none\"> las \u00e1reas de<\/span><span data-contrast=\"none\"> investigaci\u00f3n,<\/span><span data-contrast=\"none\"> salud infantil y e<\/span><span data-contrast=\"none\">ducaci\u00f3n en o<\/span><span data-contrast=\"none\">dontolog\u00eda<\/span><span data-contrast=\"none\">;<\/span> <span data-contrast=\"none\">despu\u00e9s, realizaron<\/span> <span data-contrast=\"none\">una evaluaci\u00f3n cualitativa del instrumento<\/span><span data-contrast=\"none\"> con el fin de<\/span><span data-contrast=\"none\"> revisar la<\/span><span data-contrast=\"none\"> redacci\u00f3n d<\/span><span data-contrast=\"none\">e las preguntas para <\/span><span data-contrast=\"none\">evitar <\/span><span data-contrast=\"none\">confusiones entre los padres de familia a la hora de contestar el cuestionario.<\/span><span data-ccp-props=\"{&quot;201341983&quot;:0,&quot;335551550&quot;:1,&quot;335551620&quot;:1,&quot;335559685&quot;:-5,&quot;335559731&quot;:725,&quot;335559739&quot;:158,&quot;335559740&quot;:240,&quot;335559991&quot;:10}\">\u00a0<\/span><\/p>\n<p><span data-contrast=\"none\">Explic\u00f3<\/span><span data-contrast=\"none\"> que este instrumento originalmente se cre\u00f3 en idioma ingl\u00e9s, despu\u00e9s se tr<\/span><span data-contrast=\"none\">adujo al espa\u00f1ol en Per\u00fa<\/span><span data-contrast=\"none\">;<\/span><span data-contrast=\"none\"> lo que \u00e9l hizo junto con el equipo de expertos fue incorporar algunas expresiones que son utilizadas en M\u00e9xico, para hacerlo m\u00e1s comprensib<\/span><span data-contrast=\"none\">le <\/span><span data-contrast=\"none\">a<\/span><span data-contrast=\"none\"> los padres de familia<\/span><span data-contrast=\"none\">.<\/span><span data-ccp-props=\"{&quot;201341983&quot;:0,&quot;335551550&quot;:1,&quot;335551620&quot;:1,&quot;335559685&quot;:-5,&quot;335559731&quot;:725,&quot;335559739&quot;:158,&quot;335559740&quot;:240,&quot;335559991&quot;:10}\">\u00a0<\/span><\/p>\n<p><span data-contrast=\"none\">La segunda parte del estudio consisti\u00f3 en analizar c\u00f3mo aplicar la encuesta para recolectar los datos, se reunieron con los directores de las escuelas <\/span><span data-contrast=\"none\">primarias, posteriormente se <\/span><span data-contrast=\"none\">entregar<\/span><span data-contrast=\"none\">on<\/span><span data-contrast=\"none\"> los cuestionarios a lo<\/span><span data-contrast=\"none\">s pad<\/span><span data-contrast=\"none\">res, quienes los devolvieron<\/span><span data-contrast=\"none\"> d\u00edas despu\u00e9s<\/span><span data-contrast=\"none\">, para <\/span><span data-contrast=\"none\">luego<\/span> <span data-contrast=\"none\">realizar<\/span><span data-contrast=\"none\"> la tabulaci\u00f3n de los datos e iniciar el procedimiento <\/span><span data-contrast=\"none\">estad\u00edstico.<\/span><span data-ccp-props=\"{&quot;201341983&quot;:0,&quot;335551550&quot;:1,&quot;335551620&quot;:1,&quot;335559685&quot;:-5,&quot;335559731&quot;:725,&quot;335559739&quot;:158,&quot;335559740&quot;:240,&quot;335559991&quot;:10}\">\u00a0<\/span><\/p>\n<p><span data-contrast=\"none\">E<\/span><span data-contrast=\"none\">xplic\u00f3 que ante la llegada del <\/span><span data-contrast=\"none\">Covid<\/span><span data-contrast=\"none\">&#8211;<\/span><span data-contrast=\"none\">19 al pa<\/span><span data-contrast=\"none\">\u00eds s<\/span><span data-contrast=\"none\">e<\/span><span data-contrast=\"none\"> reorganiz<\/span><span data-contrast=\"none\">\u00f3<\/span><span data-contrast=\"none\"> el m\u00e9todo, creando una plataforma virtual, enviando el<\/span><span data-contrast=\"none\"> enlace <\/span><span data-contrast=\"none\">de la <\/span><span data-contrast=\"none\">encuesta a trav\u00e9s de <\/span><i><span data-contrast=\"none\">WhatsApp<\/span><\/i><span data-contrast=\"none\"> y correo electr\u00f3nico<\/span><span data-contrast=\"none\">,<\/span><span data-contrast=\"none\"> a fin de que los padres enviar<\/span><span data-contrast=\"none\">a<\/span><span data-contrast=\"none\">n sus r<\/span><span data-contrast=\"none\">espuestas por estos medios, <\/span><span data-contrast=\"none\">iniciando<\/span><span data-contrast=\"none\"> posteriormente el an\u00e1lisis estad\u00edstico.<\/span><span data-ccp-props=\"{&quot;201341983&quot;:0,&quot;335551550&quot;:1,&quot;335551620&quot;:1,&quot;335559685&quot;:-5,&quot;335559731&quot;:725,&quot;335559739&quot;:158,&quot;335559740&quot;:240,&quot;335559991&quot;:10}\">\u00a0<\/span><\/p>\n<p><span data-contrast=\"none\">En cuanto a los resultados del estudio<\/span><span data-contrast=\"none\">,<\/span><span data-contrast=\"none\"> coment\u00f3 que se realizaron dos versiones<\/span> <span data-contrast=\"none\">del instrumento<\/span><span data-contrast=\"none\">; una corta y otra larga tomando en cuenta el tiempo de los padres de familia<\/span><span data-contrast=\"none\"> para contestar la encuesta.<\/span><span data-contrast=\"none\"> Concluye<\/span><span data-contrast=\"none\">ron <\/span><span data-contrast=\"none\">que la primera no es apta <\/span><span data-contrast=\"none\">para medir la calidad de vida de los ni\u00f1os en M\u00e9xico de acuerdo a la percepci\u00f3n del padre en cuanto a la <\/span><span data-contrast=\"none\">salud bucal de los menores;<\/span> <span data-contrast=\"none\">la versi\u00f3n larga puede usarse en <\/span><span data-contrast=\"none\">fut<\/span><span data-contrast=\"none\">u<\/span><span data-contrast=\"none\">ras investigaciones<\/span> <span data-contrast=\"none\">porque contiene mayor <\/span><span data-contrast=\"none\">informaci\u00f3n<\/span><span data-contrast=\"none\">.<\/span><span data-ccp-props=\"{&quot;201341983&quot;:0,&quot;335551550&quot;:1,&quot;335551620&quot;:1,&quot;335559685&quot;:-5,&quot;335559731&quot;:725,&quot;335559739&quot;:158,&quot;335559740&quot;:240,&quot;335559991&quot;:10}\">\u00a0<\/span><\/p>\n<p><span data-contrast=\"none\">Respecto a<\/span><span data-contrast=\"none\"> su <\/span><span data-contrast=\"none\">experiencia<\/span><span data-contrast=\"none\">,<\/span> <span data-contrast=\"none\">Camilo Romo dijo <\/span><span data-contrast=\"none\">que su<\/span><span data-contrast=\"none\"> estancia en<\/span><span data-contrast=\"none\"> la Facultad de Odontolog<\/span><span data-contrast=\"none\">\u00eda<\/span><span data-contrast=\"none\"> en Poza Rica<\/span><span data-contrast=\"none\"> fue muy enriquecedora <\/span><span data-contrast=\"none\">ya que el<\/span><span data-contrast=\"none\"> equipo<\/span><span data-contrast=\"none\"> docente<\/span> <span data-contrast=\"none\">est\u00e1 <\/span><span data-contrast=\"none\">muy preparado y capacitado, <\/span><span data-contrast=\"none\">adem\u00e1s<\/span><span data-contrast=\"none\"> cont\u00f3 con el apoyo de Evaristo Hern\u00e1ndez Quiroz, <\/span><span data-contrast=\"none\">d<\/span><span data-contrast=\"none\">irector <\/span><span data-contrast=\"none\">de la entidad universitaria<\/span><span data-contrast=\"none\">.<\/span><span data-ccp-props=\"{&quot;201341983&quot;:0,&quot;335551550&quot;:1,&quot;335551620&quot;:1,&quot;335559685&quot;:-5,&quot;335559731&quot;:725,&quot;335559739&quot;:158,&quot;335559740&quot;:240,&quot;335559991&quot;:10}\">\u00a0<\/span><\/p>\n<p><span data-contrast=\"none\">\u201cHe realizado<\/span><span data-contrast=\"none\"> otras estancias m\u00e1s cortas en otras universidades, pero ac\u00e1 el trato <\/span><span data-contrast=\"none\">es<\/span> <span data-contrast=\"none\">m\u00e1s humano y cordial, <\/span><span data-contrast=\"none\">fue una experiencia agradable <\/span><span data-contrast=\"none\">en la Universidad Veracruzana<\/span><span data-contrast=\"none\">; <\/span><span data-contrast=\"none\">yo vivo en la costa caribe colombiana, tenemos una cultura muy <\/span><span data-contrast=\"none\">v<\/span><span data-contrast=\"none\">asta como la mexicana, a partir de ello me fui formando la idea de conocer M\u00e9xico y en e<\/span><span data-contrast=\"none\">special la costa, entonces se me present\u00f3<\/span><span data-contrast=\"none\"> la oportunidad de realizar <\/span><span data-contrast=\"none\">esta<\/span><span data-contrast=\"none\"> estancia que fue fabulosa<\/span><span data-contrast=\"none\">.<\/span><span data-contrast=\"none\">\u201d<\/span><span data-ccp-props=\"{&quot;201341983&quot;:0,&quot;335551550&quot;:1,&quot;335551620&quot;:1,&quot;335559685&quot;:-5,&quot;335559731&quot;:725,&quot;335559739&quot;:158,&quot;335559740&quot;:240,&quot;335559991&quot;:10}\">\u00a0<\/span><\/p>\n<p><span data-contrast=\"none\">Po<\/span><span data-contrast=\"none\">r<\/span><span data-contrast=\"none\"> su parte<\/span><span data-contrast=\"none\">,<\/span><span data-contrast=\"none\"> Evaristo H<\/span><span data-contrast=\"none\">ern\u00e1ndez <\/span><span data-contrast=\"none\">dio a conocer <\/span><span data-contrast=\"none\">que<\/span><span data-contrast=\"none\"> Camilo Andr\u00e9s Romo es semiller<\/span><span data-contrast=\"none\">ista del grupo de investigaci\u00f3n<\/span><span data-contrast=\"none\"> \u201cSalud Familiar\u201d de la Facultad de Odontolog\u00eda de la <\/span><span data-contrast=\"none\">u<\/span><span data-contrast=\"none\">niversidad <\/span><span data-contrast=\"none\">c<\/span><span data-contrast=\"none\">olombia<\/span><span data-contrast=\"none\">na. Su <\/span><span data-contrast=\"none\">estancia<\/span><span data-contrast=\"none\"> la<\/span><span data-contrast=\"none\"> realiz\u00f3 <\/span><span data-contrast=\"none\">del 23 de marzo al 25 de junio<\/span><span data-contrast=\"none\">, como parte del Programa de Estancias de Inves<\/span><span data-contrast=\"none\">tigaci\u00f3n Internacional UV-<\/span><span data-contrast=\"none\">Uni<\/span><span data-contrast=\"none\">versidad de Magdalena, Colombia.<\/span><\/p>\n","protected":false},"excerpt":{"rendered":"<p>\u201cHe realizado otras estancias m\u00e1s cortas en otras universidades, pero ac\u00e1 el trato es m\u00e1s humano y cordial, fue una experiencia agradable en la Universidad Veracruzana\u201d: Camilo Andr\u00e9s Romo P\u00e9rez\u00a0<\/p>\n","protected":false},"author":1869,"featured_media":85226,"comment_status":"closed","ping_status":"closed","sticky":false,"template":"","format":"standard","meta":[],"categories":[54,61,32],"tags":[],"_links":{"self":[{"href":"https:\/\/www.uv.mx\/prensa\/wp-json\/wp\/v2\/posts\/85225"}],"collection":[{"href":"https:\/\/www.uv.mx\/prensa\/wp-json\/wp\/v2\/posts"}],"about":[{"href":"https:\/\/www.uv.mx\/prensa\/wp-json\/wp\/v2\/types\/post"}],"author":[{"embeddable":true,"href":"https:\/\/www.uv.mx\/prensa\/wp-json\/wp\/v2\/users\/1869"}],"replies":[{"embeddable":true,"href":"https:\/\/www.uv.mx\/prensa\/wp-json\/wp\/v2\/comments?post=85225"}],"version-history":[{"count":0,"href":"https:\/\/www.uv.mx\/prensa\/wp-json\/wp\/v2\/posts\/85225\/revisions"}],"wp:featuredmedia":[{"embeddable":true,"href":"https:\/\/www.uv.mx\/prensa\/wp-json\/wp\/v2\/media\/85226"}],"wp:attachment":[{"href":"https:\/\/www.uv.mx\/prensa\/wp-json\/wp\/v2\/media?parent=85225"}],"wp:term":[{"taxonomy":"category","embeddable":true,"href":"https:\/\/www.uv.mx\/prensa\/wp-json\/wp\/v2\/categories?post=85225"},{"taxonomy":"post_tag","embeddable":true,"href":"https:\/\/www.uv.mx\/prensa\/wp-json\/wp\/v2\/tags?post=85225"}],"curies":[{"name":"wp","href":"https:\/\/api.w.org\/{rel}","templated":true}]}}