{"id":85317,"date":"2020-06-30T10:32:18","date_gmt":"2020-06-30T15:32:18","guid":{"rendered":"https:\/\/www.uv.mx\/prensa\/?p=85317"},"modified":"2020-07-01T13:29:11","modified_gmt":"2020-07-01T18:29:11","slug":"es-necesario-que-empresarios-se-adapten-a-la-nueva-realidad-canacintra","status":"publish","type":"post","link":"https:\/\/www.uv.mx\/prensa\/general\/es-necesario-que-empresarios-se-adapten-a-la-nueva-realidad-canacintra\/","title":{"rendered":"Es necesario que empresarios se adapten\u00a0a la nueva realidad: <em>Canacintra<\/em>\u00a0"},"content":{"rendered":"<ul>\n<li data-leveltext=\"\uf0b7\" data-font=\"Symbol\" data-listid=\"3\" data-aria-posinset=\"1\" data-aria-level=\"1\"><i><span data-contrast=\"auto\">Utilizando las plataformas digitales, se deben transformar<\/span><\/i> <i><span data-contrast=\"auto\">las p\u00e1ginas personales en <\/span><\/i><i><span data-contrast=\"auto\">p\u00fablicas para ofertar productos<\/span><\/i><span data-ccp-props=\"{&quot;201341983&quot;:0,&quot;335559739&quot;:0,&quot;335559740&quot;:240}\">\u00a0<\/span><\/li>\n<li data-leveltext=\"\uf0b7\" data-font=\"Symbol\" data-listid=\"3\" data-aria-posinset=\"2\" data-aria-level=\"1\"><i><span data-contrast=\"auto\">SEA concluy\u00f3 F<\/span><\/i><i><span data-contrast=\"auto\">oro <\/span><\/i><i><span data-contrast=\"auto\">I<\/span><\/i><i><span data-contrast=\"auto\">nternacional <\/span><\/i><i><span data-contrast=\"auto\">\u201c<\/span><\/i><i><span data-contrast=\"auto\">Implicaciones de la Covid-19<\/span><\/i> <i><span data-contrast=\"auto\">en los sectores educativo y empresarial<\/span><\/i><i><span data-contrast=\"auto\">\u201d<\/span><\/i><span data-ccp-props=\"{&quot;201341983&quot;:0,&quot;335559739&quot;:0,&quot;335559740&quot;:240}\">\u00a0<\/span><\/li>\n<\/ul>\n<p><span data-ccp-props=\"{&quot;201341983&quot;:0,&quot;335559739&quot;:0,&quot;335559740&quot;:240}\">\u00a0<\/span><\/p>\n<div id='gallery-1' class='gallery galleryid-85317 gallery-columns-2 gallery-size-full'><dl class='gallery-item'>\n\t\t\t<dt class='gallery-icon landscape'>\n\t\t\t\t<a href='https:\/\/www.uv.mx\/prensa\/files\/2020\/06\/29062020-Foro-empresarial-SEA-1.jpg'><img width=\"722\" height=\"378\" src=\"https:\/\/www.uv.mx\/prensa\/files\/2020\/06\/29062020-Foro-empresarial-SEA-1.jpg\" class=\"attachment-full size-full\" alt=\"\" decoding=\"async\" loading=\"lazy\" aria-describedby=\"gallery-1-85318\" srcset=\"https:\/\/www.uv.mx\/prensa\/files\/2020\/06\/29062020-Foro-empresarial-SEA-1.jpg 722w, https:\/\/www.uv.mx\/prensa\/files\/2020\/06\/29062020-Foro-empresarial-SEA-1-300x157.jpg 300w\" sizes=\"(max-width: 722px) 100vw, 722px\" \/><\/a>\n\t\t\t<\/dt>\n\t\t\t\t<dd class='wp-caption-text gallery-caption' id='gallery-1-85318'>\n\t\t\t\tDulce Mar\u00eda M\u00e9ndez de la Luz Dauz\u00f3n, asesora de Mercadotecnia del Grupo Dauz\u00f3n\u00a0\n\t\t\t\t<\/dd><\/dl><dl class='gallery-item'>\n\t\t\t<dt class='gallery-icon landscape'>\n\t\t\t\t<a href='https:\/\/www.uv.mx\/prensa\/files\/2020\/06\/29062020-Foro-empresarial-SEA-2.jpg'><img width=\"722\" height=\"376\" src=\"https:\/\/www.uv.mx\/prensa\/files\/2020\/06\/29062020-Foro-empresarial-SEA-2.jpg\" class=\"attachment-full size-full\" alt=\"\" decoding=\"async\" loading=\"lazy\" aria-describedby=\"gallery-1-85319\" srcset=\"https:\/\/www.uv.mx\/prensa\/files\/2020\/06\/29062020-Foro-empresarial-SEA-2.jpg 722w, https:\/\/www.uv.mx\/prensa\/files\/2020\/06\/29062020-Foro-empresarial-SEA-2-300x156.jpg 300w\" sizes=\"(max-width: 722px) 100vw, 722px\" \/><\/a>\n\t\t\t<\/dt>\n\t\t\t\t<dd class='wp-caption-text gallery-caption' id='gallery-1-85319'>\n\t\t\t\tV\u00edctor Melgarejo Zurutuza opin\u00f3 que la pandemia da oportunidad para redise\u00f1ar esquemas de negocios\u00a0\n\t\t\t\t<\/dd><\/dl><br style=\"clear: both\" \/>\n\t\t<\/div>\n\n<p><span data-ccp-props=\"{&quot;201341983&quot;:0,&quot;335559739&quot;:0,&quot;335559740&quot;:240}\" data-contrast=\"auto\">\u00a0<\/span><\/p>\n<p><b><i><span data-contrast=\"auto\">Jos\u00e9 Luis <\/span><\/i><\/b><b><i><span data-contrast=\"auto\">Couttolenc<\/span><\/i><\/b><b><i><span data-contrast=\"auto\"> Soto<\/span><\/i><\/b><span data-ccp-props=\"{&quot;201341983&quot;:0,&quot;335559739&quot;:0,&quot;335559740&quot;:240}\">\u00a0<\/span><\/p>\n<p><b><i><span data-contrast=\"auto\">30<\/span><\/i><\/b><b><i><span data-contrast=\"auto\">\/<\/span><\/i><\/b><b><i><span data-contrast=\"auto\">06<\/span><\/i><\/b><b><i><span data-contrast=\"auto\">\/2020<\/span><\/i><\/b><b><i><span data-contrast=\"auto\">, Xalapa, <\/span><\/i><\/b><b><i><span data-contrast=\"auto\">Ver.-<\/span><\/i><\/b> <span data-contrast=\"auto\">El <\/span><a href=\"https:\/\/www.uv.mx\/sea\/\" target=\"_blank\" rel=\"noopener noreferrer\"><span data-contrast=\"auto\">S<\/span><span data-contrast=\"auto\">istema de Ense\u00f1anza Abiert<\/span><span data-contrast=\"auto\">a<\/span><\/a><span data-contrast=\"auto\"> (SEA) de la Universidad Veracruzana (UV) realiz\u00f3 la segunda <\/span><span data-contrast=\"auto\">y \u00faltima <\/span><span data-contrast=\"auto\">mesa de an\u00e1lisis del Foro Internacional \u201cImplicaciones de la Covid-19 en los sectores educativo y empresarial\u201d, en la cual <\/span><span data-contrast=\"auto\">empresarios y consultores <\/span><span data-contrast=\"auto\">expusieron los impactos que ha tenido la emergencia sanitaria, as\u00ed como las estrategias de operaci\u00f3n y atenci\u00f3n que se est\u00e1n implementando para el regreso a la nueva normalidad.<\/span><span data-ccp-props=\"{&quot;201341983&quot;:0,&quot;335559739&quot;:0,&quot;335559740&quot;:240}\">\u00a0<\/span><\/p>\n<p><span data-contrast=\"auto\">Alejandro de la Madrid Trueba, presidente de la C\u00e1mara Nacional de la Industria de Transformaci\u00f3n (<\/span><i><span data-contrast=\"auto\">Canacintra<\/span><\/i><span data-contrast=\"auto\">) Delegaci\u00f3n Xalapa, expres\u00f3 que e<\/span><span data-contrast=\"auto\">l <\/span><span data-contrast=\"auto\">hecho de <\/span><span data-contrast=\"auto\">que en la actualidad no exista vacun<\/span><span data-contrast=\"auto\">a ni tratamiento para combatir la enfermedad<\/span><span data-contrast=\"auto\"> Covid-19, hace necesario e inminente que <\/span><span data-contrast=\"auto\">las <\/span><span data-contrast=\"auto\">empresas se <\/span><span data-contrast=\"auto\">adapten a la nueva realidad <\/span><span data-contrast=\"auto\">post-<\/span><span data-contrast=\"auto\">covid<\/span><span data-contrast=\"auto\"> \u201c<\/span><span data-contrast=\"auto\">p<\/span><span data-contrast=\"auto\">ues<\/span><span data-contrast=\"auto\"> aun<\/span><span data-contrast=\"auto\">que un sector de la poblaci\u00f3n est\u00e1 en condici\u00f3n de quedarse en casa, hay otro sector que tiene nece<\/span><span data-contrast=\"auto\">sidad <\/span><span data-contrast=\"auto\">de <\/span><span data-contrast=\"auto\">salir a la calle para conseguir su ing<\/span><span data-contrast=\"auto\">reso diario<\/span><span data-contrast=\"auto\">\u201d.<\/span><span data-ccp-props=\"{&quot;201341983&quot;:0,&quot;335559731&quot;:708,&quot;335559739&quot;:0,&quot;335559740&quot;:240}\">\u00a0<\/span><\/p>\n<p><span data-contrast=\"auto\">Tras destacar que las <\/span><span data-contrast=\"auto\">peque\u00f1as<\/span><span data-contrast=\"auto\"> y<\/span> <span data-contrast=\"auto\">medianas empresas \u201cson las que so<\/span><span data-contrast=\"auto\">stienen la econom\u00eda del pa\u00eds\u201d, D<\/span><span data-contrast=\"auto\">e la Madrid Trueba dijo que con la finalidad de enfrentar la crisis econ\u00f3mica <\/span><i><span data-contrast=\"auto\">Canacintra<\/span><\/i><span data-contrast=\"auto\"> trabaja en el fomento del consumo de productos locales, as\u00ed como en propiciar una nueva forma de hacer negocios productivos basados en las nuevas tecnolog\u00edas<\/span><span data-contrast=\"auto\"> como las plataformas digitales, dise\u00f1ando sus p\u00e1ginas personales para hacerlas p\u00fablicas y ah\u00ed ofertar sus productos<\/span><span data-contrast=\"auto\">.<\/span><span data-ccp-props=\"{&quot;201341983&quot;:0,&quot;335559739&quot;:0,&quot;335559740&quot;:240}\">\u00a0<\/span><\/p>\n<p><span data-contrast=\"auto\">\u201c<\/span><span data-contrast=\"auto\">E<\/span><span data-contrast=\"auto\">sto no se hac\u00eda antes, pero no se pueden quedar viendo qu\u00e9 hacer, o esperando que el gobierno los rescate, porque lo m\u00e1s seguro es que term<\/span><span data-contrast=\"auto\">inen cerrando sus negocios.\u201d<\/span><span data-ccp-props=\"{&quot;201341983&quot;:0,&quot;335559731&quot;:708,&quot;335559739&quot;:0,&quot;335559740&quot;:240}\">\u00a0<\/span><\/p>\n<p><span data-ccp-props=\"{&quot;201341983&quot;:0,&quot;335559739&quot;:0,&quot;335559740&quot;:240}\">\u00a0<\/span><\/p>\n<p><b><span data-contrast=\"auto\">El gobierno en deuda con empresarios<\/span><\/b><span data-ccp-props=\"{&quot;201341983&quot;:0,&quot;335559739&quot;:0,&quot;335559740&quot;:240}\">\u00a0<\/span><\/p>\n<p><span data-contrast=\"auto\">Dulce Mar\u00eda M\u00e9nde<\/span><span data-contrast=\"auto\">z de la Luz Dauz\u00f3n, asesora de M<\/span><span data-contrast=\"auto\">ercadotecnia del Grupo <\/span><span data-contrast=\"auto\">Dauz\u00f3n<\/span><span data-contrast=\"auto\">, consider\u00f3 que los microcr\u00e9ditos de 25 mil pesos que el gobierno est\u00e1 ofreciendo no se est\u00e1n utilizando para apoyar a microempresas, las personas los usan \u201cpara darse sus gustitos\u201d<\/span><span data-contrast=\"auto\">.<\/span><span data-ccp-props=\"{&quot;201341983&quot;:0,&quot;335559739&quot;:0,&quot;335559740&quot;:240}\">\u00a0<\/span><\/p>\n<p><span data-contrast=\"auto\">\u201c<\/span><span data-contrast=\"auto\">E<\/span><span data-contrast=\"auto\">sas d\u00e1divas no son la forma correcta como debe apoyar el gobierno<\/span><span data-contrast=\"auto\">, un apoyo efectivo ser\u00eda autorizar diferir el pago de impuesto<\/span><span data-contrast=\"auto\">s;<\/span><span data-contrast=\"auto\"> el gobierno est\u00e1 en deuda con los empresarios porque no hemos recibido apoyos, los recibos por consumo de luz <\/span><span data-contrast=\"auto\">\u2013<\/span><span data-contrast=\"auto\">tanto en negocios como en el hogar<\/span><span data-contrast=\"auto\">\u2013<\/span><span data-contrast=\"auto\"> nos est\u00e1n lleg<\/span><span data-contrast=\"auto\">ando hasta cinco veces m\u00e1s alto<\/span> <span data-contrast=\"auto\">de<\/span><span data-contrast=\"auto\"> lo normal, y como iniciativa privada tenemos que buscar estrategias para apoyarnos\u201d, indic\u00f3.<\/span><span data-ccp-props=\"{&quot;201341983&quot;:0,&quot;335559731&quot;:708,&quot;335559739&quot;:0,&quot;335559740&quot;:240}\">\u00a0<\/span><\/p>\n<p><span data-contrast=\"auto\">Por su parte <\/span><span data-contrast=\"auto\">V\u00edctor Melgarejo Zurutuza, <\/span><span data-contrast=\"auto\">presidente de la Red de Emprendimiento Latinoamericano, plante\u00f3 que se debe tomar el confinamiento como una oportunidad para pensar, redise\u00f1ar y construir un nuevo esquema de negocios adaptados a la nueva normalidad; ejemplific\u00f3 el caso de los dis<\/span><span data-contrast=\"auto\">e\u00f1adores de modas, que est\u00e1n incorporando el <\/span><span data-contrast=\"auto\">cubreboca<\/span><span data-contrast=\"auto\">s<\/span><span data-contrast=\"auto\"> como parte de la indumentaria que se va a portar en los a\u00f1os por venir.<\/span><span data-ccp-props=\"{&quot;201341983&quot;:0,&quot;335559739&quot;:0,&quot;335559740&quot;:240}\">\u00a0<\/span><\/p>\n<p><span data-contrast=\"auto\">\u201cSi queremos tener <\/span><span data-contrast=\"auto\">buenos <\/span><span data-contrast=\"auto\">resultados <\/span><span data-contrast=\"auto\">deb<\/span><span data-contrast=\"auto\">emos pensar de manera diferente\u201d, dijo <\/span><span data-contrast=\"auto\">y agreg\u00f3<\/span><span data-contrast=\"auto\"> que existen dos tipos de innovaci<\/span><span data-contrast=\"auto\">\u00f3n: la inductiva y la evolutiva;<\/span><span data-contrast=\"auto\"> \u201cnormalmente todos queremos hacer inducci\u00f3n, pero lo que <\/span><span data-contrast=\"auto\">deb<\/span><span data-contrast=\"auto\">emos hacer es ver qu\u00e9 es lo bueno que <\/span><span data-contrast=\"auto\">otras industrias <\/span><span data-contrast=\"auto\">est\u00e1 haciendo para traerlo a la nuestra y aplicarlo en el proceso de producci\u00f3n o en el producto terminado\u201d.<\/span><span data-ccp-props=\"{&quot;201341983&quot;:0,&quot;335559739&quot;:0,&quot;335559740&quot;:240}\">\u00a0<\/span><\/p>\n<p><span data-contrast=\"auto\">En tanto<\/span><span data-contrast=\"auto\"> Eric Cruz de la Luz, director del sector educativo de KWT <\/span><span data-contrast=\"auto\">Consulting<\/span><span data-contrast=\"auto\">, S<\/span><span data-contrast=\"auto\">.<\/span><span data-contrast=\"auto\">A<\/span><span data-contrast=\"auto\">.<\/span><span data-contrast=\"auto\"> de C<\/span><span data-contrast=\"auto\">.<\/span><span data-contrast=\"auto\">V<\/span><span data-contrast=\"auto\">.<\/span><span data-contrast=\"auto\">, <\/span><span data-contrast=\"auto\">propuso que en lo subsecuente debemos acostumbrarnos al manejo de determinados protocolos de salud, as\u00ed como a la diversificaci\u00f3n de los servicios de consultor\u00eda que deber\u00e1n incorporar un \u00e1rea <\/span><i><span data-contrast=\"auto\">online<\/span><\/i><span data-contrast=\"auto\"> que permita<\/span><span data-contrast=\"auto\"> el establecimiento<\/span> <span data-contrast=\"auto\">de din\u00e1micas, aplicaci\u00f3n y seguimiento. \u201cEl conocimiento es importante, pero si no se comparte ah\u00ed se queda\u201d, se\u00f1al\u00f3.<\/span><span data-ccp-props=\"{&quot;201341983&quot;:0,&quot;335559739&quot;:0,&quot;335559740&quot;:240}\">\u00a0<\/span><\/p>\n<p>&nbsp;<\/p>\n<div id='gallery-2' class='gallery galleryid-85317 gallery-columns-2 gallery-size-full'><dl class='gallery-item'>\n\t\t\t<dt class='gallery-icon landscape'>\n\t\t\t\t<a href='https:\/\/www.uv.mx\/prensa\/files\/2020\/06\/29062020-Foro-emprfesarial-SEA-3.jpg'><img width=\"722\" height=\"378\" src=\"https:\/\/www.uv.mx\/prensa\/files\/2020\/06\/29062020-Foro-emprfesarial-SEA-3.jpg\" class=\"attachment-full size-full\" alt=\"\" decoding=\"async\" loading=\"lazy\" aria-describedby=\"gallery-2-85323\" srcset=\"https:\/\/www.uv.mx\/prensa\/files\/2020\/06\/29062020-Foro-emprfesarial-SEA-3.jpg 722w, https:\/\/www.uv.mx\/prensa\/files\/2020\/06\/29062020-Foro-emprfesarial-SEA-3-300x157.jpg 300w\" sizes=\"(max-width: 722px) 100vw, 722px\" \/><\/a>\n\t\t\t<\/dt>\n\t\t\t\t<dd class='wp-caption-text gallery-caption' id='gallery-2-85323'>\n\t\t\t\tEl director del sector educativo de KWT Consulting, S.A. de C.V., Eric Cruz de la Luz\u00a0\n\t\t\t\t<\/dd><\/dl><dl class='gallery-item'>\n\t\t\t<dt class='gallery-icon landscape'>\n\t\t\t\t<a href='https:\/\/www.uv.mx\/prensa\/files\/2020\/06\/29062020-Foro-empresarial-SEA-4.jpg'><img width=\"722\" height=\"376\" src=\"https:\/\/www.uv.mx\/prensa\/files\/2020\/06\/29062020-Foro-empresarial-SEA-4.jpg\" class=\"attachment-full size-full\" alt=\"\" decoding=\"async\" loading=\"lazy\" aria-describedby=\"gallery-2-85320\" srcset=\"https:\/\/www.uv.mx\/prensa\/files\/2020\/06\/29062020-Foro-empresarial-SEA-4.jpg 722w, https:\/\/www.uv.mx\/prensa\/files\/2020\/06\/29062020-Foro-empresarial-SEA-4-300x156.jpg 300w\" sizes=\"(max-width: 722px) 100vw, 722px\" \/><\/a>\n\t\t\t<\/dt>\n\t\t\t\t<dd class='wp-caption-text gallery-caption' id='gallery-2-85320'>\n\t\t\t\tAlejandro de la Madrid Trueba, presidente de la Canacintra Delegaci\u00f3n Xalapa\u00a0\n\t\t\t\t<\/dd><\/dl><br style=\"clear: both\" \/>\n\t\t<\/div>\n\n<p><span data-ccp-props=\"{&quot;201341983&quot;:0,&quot;335559739&quot;:0,&quot;335559740&quot;:240}\">\u00a0<\/span><\/p>\n<p><b><span data-contrast=\"auto\">Con paridad de g\u00e9nero crecer\u00eda potencial econ\u00f3mico<\/span><\/b><span data-ccp-props=\"{&quot;201341983&quot;:0,&quot;335559739&quot;:0,&quot;335559740&quot;:240}\">\u00a0<\/span><\/p>\n<p><span data-contrast=\"auto\">Para cerrar los trabajos del foro, \u00darsula Quijano, directora de <\/span><span data-contrast=\"auto\">E<\/span><span data-contrast=\"auto\">strategia e <\/span><span data-contrast=\"auto\">I<\/span><span data-contrast=\"auto\">mpacto de Victoria 147 <\/span><span data-contrast=\"auto\">\u201c<\/span><span data-contrast=\"auto\">Academia de negocios para mujeres<\/span><span data-contrast=\"auto\">\u201d<\/span><span data-contrast=\"auto\">, ofreci\u00f3 una charla en la que abord\u00f3 la perspectiva de g\u00e9nero en el mundo empresarial, y las oportunidades que pueden encontrar las mujeres en las circunstancias actuales del pa\u00eds.<\/span><span data-ccp-props=\"{&quot;201341983&quot;:0,&quot;335559739&quot;:0,&quot;335559740&quot;:240}\">\u00a0<\/span><\/p>\n<p><span data-contrast=\"auto\">Refiri\u00f3 que la pol\u00edtica p\u00fablica<\/span><span data-contrast=\"auto\"> debe<\/span><span data-contrast=\"auto\"> hacer v<\/span><span data-contrast=\"auto\">isibles <\/span><span data-contrast=\"auto\">las oportunidades de involucramiento que tienen las mujeres para lograr una paridad de <\/span><span data-contrast=\"auto\">g\u00e9nero, que impactar\u00eda en el potencial econ\u00f3mico con un crecimiento de alrededor de los 12 billones de d\u00f3lares. Destac\u00f3 que <\/span><span data-contrast=\"auto\">los <\/span><span data-contrast=\"auto\">indicadores se\u00f1alan que la tasa de graduaci\u00f3n de las mujeres es mayor a la de los hombres; sin embargo<\/span><span data-contrast=\"auto\">, reconoci\u00f3 que a\u00fan falta una representaci\u00f3n importante de las mujeres en la econom\u00eda.<\/span><span data-ccp-props=\"{&quot;201341983&quot;:0,&quot;335559739&quot;:0,&quot;335559740&quot;:240}\">\u00a0<\/span><\/p>\n<p><span data-contrast=\"auto\">D<\/span><span data-contrast=\"auto\">io a conocer que en M\u00e9xico el 20 por ciento de los emprendimientos formales son liderados por mujeres que participan en la econom\u00eda a trav\u00e9s <\/span><span data-contrast=\"auto\">de sus negocios; el perfil de las empresarias mexicanas es en promedio de 36 a\u00f1os de edad, tiene un solo hijo, el 60 por ciento est\u00e1 casada, el 37 por ciento representa la principal fuente de ingreso en su hogar, el 95 por ciento cuenta con licenci<\/span><span data-contrast=\"auto\">atura y una de cada tres tiene m<\/span><span data-contrast=\"auto\">aestr\u00eda.<\/span><span data-ccp-props=\"{&quot;201341983&quot;:0,&quot;335559731&quot;:708,&quot;335559739&quot;:0,&quot;335559740&quot;:240}\">\u00a0<\/span><\/p>\n<p><span data-contrast=\"auto\">Del sector empresarial liderado por mujeres son: comercio<\/span><span data-contrast=\"auto\">,<\/span> <span data-contrast=\"auto\">seis <\/span><span data-contrast=\"auto\">por ciento; alimentos y bebidas<\/span><span data-contrast=\"auto\">,<\/span><span data-contrast=\"auto\"> 14<\/span><span data-contrast=\"auto\"> por ciento<\/span><span data-contrast=\"auto\">;<\/span><span data-contrast=\"auto\"> arte, dise\u00f1o y moda<\/span><span data-contrast=\"auto\">,<\/span><span data-contrast=\"auto\"> 24 por ciento<\/span><span data-contrast=\"auto\">;<\/span><span data-contrast=\"auto\"> belleza y cuidado personal<\/span><span data-contrast=\"auto\">, 15 por ciento;<\/span><span data-contrast=\"auto\"> servicios<\/span><span data-contrast=\"auto\">,<\/span><span data-contrast=\"auto\"> 22 por ciento<\/span><span data-contrast=\"auto\">,<\/span><span data-contrast=\"auto\"> y otros<\/span><span data-contrast=\"auto\">,<\/span><span data-contrast=\"auto\"> 19 por ciento.<\/span><span data-ccp-props=\"{&quot;201341983&quot;:0,&quot;335559739&quot;:0,&quot;335559740&quot;:240}\">\u00a0<\/span><\/p>\n<p><span data-contrast=\"auto\">Sin embargo, <\/span><span data-contrast=\"auto\">\u00darsula Quijano <\/span><span data-contrast=\"auto\">destac\u00f3 que la incorporaci\u00f3n de las mujeres a la econom\u00eda digital sigue siendo un reto relevante para la supervivencia de sus negocios, pues s\u00f3lo el 54 por ciento de las emprendedoras cuenta con p\u00e1gina <\/span><i><span data-contrast=\"auto\">web<\/span><\/i><span data-contrast=\"auto\">, <\/span><span data-contrast=\"auto\">de \u00e9stas<\/span><span data-contrast=\"auto\"> s\u00f3lo el 32 por ciento vende en l\u00ednea, el 65 por ciento de sus colaboradores son mujeres, y <\/span><span data-contrast=\"auto\">una<\/span><span data-contrast=\"auto\"> de cada <\/span><span data-contrast=\"auto\">dos<\/span><span data-contrast=\"auto\"> ofrece mejores beneficios que los que otorga la ley, mientras que en cinco a\u00f1os tuvieron 90 colaboradoras que se embarazaron, de las cuales el 90 por ciento retorn\u00f3 a sus labores.<\/span><span data-ccp-props=\"{&quot;201341983&quot;:0,&quot;335559739&quot;:0,&quot;335559740&quot;:240}\">\u00a0<\/span><\/p>\n<p><span data-contrast=\"auto\">La clausura del foro estuvo a cargo de Jos\u00e9 Luis Mart\u00ednez Su\u00e1rez, director general del \u00c1rea Acad\u00e9mica de Humanidades.<\/span><\/p>\n<div id='gallery-3' class='gallery galleryid-85317 gallery-columns-2 gallery-size-full'><dl class='gallery-item'>\n\t\t\t<dt class='gallery-icon landscape'>\n\t\t\t\t<a href='https:\/\/www.uv.mx\/prensa\/files\/2020\/06\/29062020-Foro-emprfesarial-SEA-5.jpg'><img width=\"722\" height=\"379\" src=\"https:\/\/www.uv.mx\/prensa\/files\/2020\/06\/29062020-Foro-emprfesarial-SEA-5.jpg\" class=\"attachment-full size-full\" alt=\"\" decoding=\"async\" loading=\"lazy\" aria-describedby=\"gallery-3-85324\" srcset=\"https:\/\/www.uv.mx\/prensa\/files\/2020\/06\/29062020-Foro-emprfesarial-SEA-5.jpg 722w, https:\/\/www.uv.mx\/prensa\/files\/2020\/06\/29062020-Foro-emprfesarial-SEA-5-300x157.jpg 300w\" sizes=\"(max-width: 722px) 100vw, 722px\" \/><\/a>\n\t\t\t<\/dt>\n\t\t\t\t<dd class='wp-caption-text gallery-caption' id='gallery-3-85324'>\n\t\t\t\tLa conferencia de cierre del foro estuvo a cargo de \u00darsula Quijano, de Victoria 147 \u201cAcademia de negocios para mujeres\u201d\u00a0\n\t\t\t\t<\/dd><\/dl><dl class='gallery-item'>\n\t\t\t<dt class='gallery-icon landscape'>\n\t\t\t\t<a href='https:\/\/www.uv.mx\/prensa\/files\/2020\/06\/29062020-Foro-empresarial-SEA-6.jpg'><img width=\"722\" height=\"378\" src=\"https:\/\/www.uv.mx\/prensa\/files\/2020\/06\/29062020-Foro-empresarial-SEA-6.jpg\" class=\"attachment-full size-full\" alt=\"\" decoding=\"async\" loading=\"lazy\" aria-describedby=\"gallery-3-85321\" srcset=\"https:\/\/www.uv.mx\/prensa\/files\/2020\/06\/29062020-Foro-empresarial-SEA-6.jpg 722w, https:\/\/www.uv.mx\/prensa\/files\/2020\/06\/29062020-Foro-empresarial-SEA-6-300x157.jpg 300w\" sizes=\"(max-width: 722px) 100vw, 722px\" \/><\/a>\n\t\t\t<\/dt>\n\t\t\t\t<dd class='wp-caption-text gallery-caption' id='gallery-3-85321'>\n\t\t\t\tJos\u00e9 Luis Mart\u00ednez Su\u00e1rez, director general del \u00c1rea Acad\u00e9mica de Humanidades, clausur\u00f3 el foro\u00a0\n\t\t\t\t<\/dd><\/dl><br style=\"clear: both\" \/>\n\t\t<\/div>\n\n","protected":false},"excerpt":{"rendered":"<p>El Sistema de Ense\u00f1anza Abierta organiz\u00f3 el Foro Internacional \u201cImplicaciones de la Covid-19 en los sectores educativo y empresarial\u201d\u00a0<\/p>\n","protected":false},"author":1869,"featured_media":85318,"comment_status":"closed","ping_status":"closed","sticky":false,"template":"","format":"standard","meta":[],"categories":[1],"tags":[],"_links":{"self":[{"href":"https:\/\/www.uv.mx\/prensa\/wp-json\/wp\/v2\/posts\/85317"}],"collection":[{"href":"https:\/\/www.uv.mx\/prensa\/wp-json\/wp\/v2\/posts"}],"about":[{"href":"https:\/\/www.uv.mx\/prensa\/wp-json\/wp\/v2\/types\/post"}],"author":[{"embeddable":true,"href":"https:\/\/www.uv.mx\/prensa\/wp-json\/wp\/v2\/users\/1869"}],"replies":[{"embeddable":true,"href":"https:\/\/www.uv.mx\/prensa\/wp-json\/wp\/v2\/comments?post=85317"}],"version-history":[{"count":0,"href":"https:\/\/www.uv.mx\/prensa\/wp-json\/wp\/v2\/posts\/85317\/revisions"}],"wp:featuredmedia":[{"embeddable":true,"href":"https:\/\/www.uv.mx\/prensa\/wp-json\/wp\/v2\/media\/85318"}],"wp:attachment":[{"href":"https:\/\/www.uv.mx\/prensa\/wp-json\/wp\/v2\/media?parent=85317"}],"wp:term":[{"taxonomy":"category","embeddable":true,"href":"https:\/\/www.uv.mx\/prensa\/wp-json\/wp\/v2\/categories?post=85317"},{"taxonomy":"post_tag","embeddable":true,"href":"https:\/\/www.uv.mx\/prensa\/wp-json\/wp\/v2\/tags?post=85317"}],"curies":[{"name":"wp","href":"https:\/\/api.w.org\/{rel}","templated":true}]}}