{"id":85468,"date":"2020-07-03T08:00:57","date_gmt":"2020-07-03T13:00:57","guid":{"rendered":"https:\/\/www.uv.mx\/prensa\/?p=85468"},"modified":"2020-07-03T14:39:49","modified_gmt":"2020-07-03T19:39:49","slug":"alumno-de-espana-vivio-el-inicio-de-la-pandemia-de-covid-19-en-la-uv","status":"publish","type":"post","link":"https:\/\/www.uv.mx\/prensa\/banner\/alumno-de-espana-vivio-el-inicio-de-la-pandemia-de-covid-19-en-la-uv\/","title":{"rendered":"Alumno de Espa\u00f1a vivi\u00f3 el inicio de la pandemia de Covid-19 en la UV"},"content":{"rendered":"<style type=\"text\/css\">\n  blockquote p { color: #28519b; font-family: helvetica; font-size: 1.4em; }<br \/><\/style>\n<ul>\n<li data-leveltext=\"\u25cf\" data-font=\"Arial, Arial_MSFontService, sans-serif\" data-listid=\"1\" data-aria-posinset=\"1\" data-aria-level=\"1\"><i><span data-contrast=\"auto\">Sergi Granado<\/span><\/i><i><span data-contrast=\"auto\">,<\/span><\/i><i><span data-contrast=\"auto\"> de la UNED<\/span><\/i><i><span data-contrast=\"auto\">,<\/span><\/i><i><span data-contrast=\"auto\"> curs\u00f3 experiencias educativas en la Facultad de Contadur\u00eda y Administraci\u00f3n en Xalapa<\/span><\/i><span data-ccp-props=\"{&quot;201341983&quot;:0,&quot;335559740&quot;:240}\">\u00a0<\/span><\/li>\n<li data-leveltext=\"\u25cf\" data-font=\"\" data-listid=\"1\" data-aria-posinset=\"2\" data-aria-level=\"1\"><i><span data-contrast=\"auto\">\u201cQuiero pensar que esto nos har\u00e1 m\u00e1s fuertes y saldremos mejor preparados al darnos cuenta de que no tenemos el control de nada\u201d, manifest\u00f3<\/span><\/i><span data-ccp-props=\"{&quot;201341983&quot;:0,&quot;335559740&quot;:240}\">\u00a0<\/span><\/li>\n<\/ul>\n<div id=\"attachment_85512\" style=\"width: 732px\" class=\"wp-caption aligncenter\"><a href=\"https:\/\/www.uv.mx\/prensa\/files\/2020\/07\/010720-Testimonio-alumno-UNED-en-la-UV-ok.jpg\"><img aria-describedby=\"caption-attachment-85512\" decoding=\"async\" loading=\"lazy\" class=\"size-full wp-image-85512\" src=\"https:\/\/www.uv.mx\/prensa\/files\/2020\/07\/010720-Testimonio-alumno-UNED-en-la-UV-ok.jpg\" alt=\"\" width=\"722\" height=\"481\" srcset=\"https:\/\/www.uv.mx\/prensa\/files\/2020\/07\/010720-Testimonio-alumno-UNED-en-la-UV-ok.jpg 722w, https:\/\/www.uv.mx\/prensa\/files\/2020\/07\/010720-Testimonio-alumno-UNED-en-la-UV-ok-300x200.jpg 300w\" sizes=\"(max-width: 722px) 100vw, 722px\" \/><\/a><p id=\"caption-attachment-85512\" class=\"wp-caption-text\">Sergi Granado toma las medidas de distanciamiento durante la pandemia de Covid-19 en Xalapa<\/p><\/div>\n<p><b><i><span data-contrast=\"auto\">David Sandoval Rodr\u00edguez<\/span><\/i><\/b><span data-ccp-props=\"{&quot;201341983&quot;:0,&quot;335559740&quot;:240}\">\u00a0<\/span><\/p>\n<p><b><i><span data-contrast=\"auto\">0<\/span><\/i><\/b><b><i><span data-contrast=\"auto\">3<\/span><\/i><\/b><b><i><span data-contrast=\"auto\">\/07\/20<\/span><\/i><\/b><b><i><span data-contrast=\"auto\">20,<\/span><\/i><\/b><b><i><span data-contrast=\"auto\"> Xalapa, Ver.-<\/span><\/i><\/b><span data-contrast=\"auto\"> Sergi Granado Ponce, alumno de la Universidad Nacional de Educaci\u00f3n a Distancia (UNED) de Espa\u00f1a, est\u00e1 por finalizar su primera experiencia de movilidad internacional en la<a href=\"https:\/\/www.uv.mx\/fca\/\" target=\"_blank\" rel=\"noopener noreferrer\"> Facultad de Contadur\u00eda y Administraci\u00f3n<\/a> de la Universidad Veracruzana (UV)<\/span><span data-contrast=\"auto\">;<\/span><span data-contrast=\"auto\"> sin embargo<\/span><span data-contrast=\"auto\">,<\/span><span data-contrast=\"auto\"> planea regresar al a\u00f1o pr\u00f3ximo para conocer m\u00e1s de M\u00e9xico y de sus habitantes.<\/span><span data-ccp-props=\"{&quot;201341983&quot;:0,&quot;335559740&quot;:240}\">\u00a0<\/span><\/p>\n<p><span data-contrast=\"auto\">\u201c<\/span><span data-contrast=\"auto\">L<\/span><span data-contrast=\"auto\">a verdad es que mi universidad<\/span> <span data-contrast=\"auto\">solamente tiene convenio con la UV <\/span><span data-contrast=\"auto\">para <\/span><span data-contrast=\"auto\">la carrera de <\/span><span data-contrast=\"auto\">Gesti\u00f3n y Direcci\u00f3n de Negocios, que es lo que yo estudio, as\u00ed que tom\u00e9 la oportunidad con gusto\u201d<\/span><span data-contrast=\"auto\">,<\/span> <span data-contrast=\"auto\">confes\u00f3 el joven.<\/span><span data-ccp-props=\"{&quot;201341983&quot;:0,&quot;335559731&quot;:720,&quot;335559740&quot;:240}\">\u00a0<\/span><\/p>\n<p><span data-contrast=\"auto\">Reconoci\u00f3 que pudo<\/span><span data-contrast=\"auto\"> quedarse en su zona de confort<\/span><span data-contrast=\"auto\"> y no aprovechar esta movilidad<\/span><span data-contrast=\"auto\">;<\/span><span data-contrast=\"auto\"> \u201cde hecho, mucho antes de <\/span><span data-contrast=\"auto\">siquiera solicitar la movilidad<\/span><span data-contrast=\"auto\"> ya le dec\u00eda a la gente que iba a <\/span><span data-contrast=\"auto\">ven<\/span><span data-contrast=\"auto\">ir a M\u00e9xico a pasar un semestre, que me hab\u00eda informado de las becas que tiene mi universidad y que seguro lo conseguir\u00eda y disfrutar<\/span><span data-contrast=\"auto\">\u00eda<\/span><span data-contrast=\"auto\"> la experiencia, as\u00ed que eso es lo que hice y aqu\u00ed me tienen\u201d.<\/span><span data-ccp-props=\"{&quot;201341983&quot;:0,&quot;335559731&quot;:720,&quot;335559740&quot;:240}\">\u00a0<\/span><\/p>\n<blockquote><p><span data-contrast=\"auto\">El universitario record\u00f3 que esperaba con ganas el momento de llegar a la UV y tener, al fin, \u201ccompa\u00f1eros y profesores de carne y hueso con los que estudiar y aprender, ya que mi universidad es a distancia y todo el contacto es v\u00eda <\/span><i><span data-contrast=\"auto\">e<\/span><\/i><i><span data-contrast=\"auto\">&#8211;<\/span><\/i><i><span data-contrast=\"auto\">mail<\/span><\/i><span data-contrast=\"auto\"> o a trav\u00e9s de foros\u201d.<\/span><span data-ccp-props=\"{&quot;201341983&quot;:0,&quot;335559731&quot;:720,&quot;335559740&quot;:240}\">\u00a0<\/span><\/p><\/blockquote>\n<p><span data-contrast=\"auto\">A su llegada se dio cuenta que sus expectativas quedaron muy por debajo de la realidad porque \u201cla Coordinaci\u00f3n de Movilidad ten\u00eda mil actividades preparadas, los mentores ya estaban organizando convivios, los compa\u00f1eros de clase interesados en conocer de m\u00ed y de mi pa\u00eds, as\u00ed como con ganas de ense\u00f1arme todo lo bello de Xalapa y M\u00e9xico, y los profesores siempre con una actitud activa para que pudiera aprovechar al m\u00e1ximo sus conocimientos\u201d.<\/span><span data-ccp-props=\"{&quot;201341983&quot;:0,&quot;335559731&quot;:720,&quot;335559740&quot;:240}\">\u00a0<\/span><\/p>\n<p><span data-contrast=\"auto\">Respecto a las afectaciones que tiene en su estancia y su formaci\u00f3n por la pandemia del <\/span><span data-contrast=\"auto\">Covid-19<\/span><span data-contrast=\"auto\">, Granado Ponce admiti\u00f3 que le apena mucho no haber salido a conocer otras ciudades o rincones de M\u00e9xico, o de la misma Xalapa, \u201cque tiene mucho que ofrecer pero que derivado de la contingencia no he podido disfrutar\u201d.<\/span><span data-ccp-props=\"{&quot;201341983&quot;:0,&quot;335559740&quot;:240}\">\u00a0<\/span><\/p>\n<p><span data-contrast=\"auto\">Agreg\u00f3 que \u201clas relaciones tambi\u00e9n se han limitado pues todos nos hemos tenido que encerrar en casa. Eso es, sin duda, lo que m\u00e1s lamento; conoc\u00ed gente maravillosa de muchas partes del mundo y el coronavirus acab\u00f3 enfriando algunas amistades, pero tampoco voy a decir que todo es malo, hay cosas muy buenas que compartir\u201d.<\/span><span data-ccp-props=\"{&quot;201341983&quot;:0,&quot;335559731&quot;:720,&quot;335559740&quot;:240}\">\u00a0<\/span><\/p>\n<p><span data-contrast=\"auto\">En tal sentido, comparti\u00f3 que a finales de febrero empez\u00f3 a conocer a quien ahora es su pareja, \u201ccuando vimos que el confinamiento empezaba decidimos aventurarnos a pasar la cuarentena juntos y es lo mejor que pudimos hacer para tenernos de apoyo en plena pandemia\u201d.<\/span><span data-ccp-props=\"{&quot;201341983&quot;:0,&quot;335559731&quot;:720,&quot;335559740&quot;:240}\">\u00a0<\/span><\/p>\n<p><span data-contrast=\"auto\">Aunque ahora debe regresar a Espa\u00f1a, agreg\u00f3 que se le concedi\u00f3 nuevamente la beca de movilidad, as\u00ed que en enero pr\u00f3ximo estar\u00e1 de vuelta en Xalapa \u201cpara recibir lo mejor de M\u00e9xico y los mexicanos, ansioso de compartirles tambi\u00e9n lo que tengo para dar\u201d.<\/span><span data-ccp-props=\"{&quot;201341983&quot;:0,&quot;335559731&quot;:720,&quot;335559740&quot;:240}\">\u00a0<\/span><\/p>\n<p><span data-contrast=\"auto\">En cuanto a las decisiones que tom\u00f3 para enfrentar la pandemia, advirti\u00f3 que \u201cuno siempre cuenta con el apoyo de personas que le ayudan en momentos dif\u00edciles, pero soy consciente de que la decisi\u00f3n final no deja de recaer en uno mismo\u201d.<\/span><span data-ccp-props=\"{&quot;201341983&quot;:0,&quot;335559740&quot;:240}\">\u00a0<\/span><\/p>\n<p><span data-contrast=\"auto\">El compartir la cuarentena con su pareja les posibilit\u00f3 adem\u00e1s brindarse apoyo mental mutuo y una reducci\u00f3n en sus gastos.<\/span><span data-ccp-props=\"{&quot;201341983&quot;:0,&quot;335559731&quot;:720,&quot;335559740&quot;:240}\">\u00a0<\/span><\/p>\n<p><span data-contrast=\"auto\">\u201cOtro punto que me hizo quedarme a pasar aqu\u00ed la crisis de la <\/span><span data-contrast=\"auto\">Covid-19 <\/span><span data-contrast=\"auto\">es el hecho de que en Espa\u00f1a la situaci\u00f3n ha sido much\u00edsimo peor, por lo que no ve\u00eda razonable volverme a mi pa\u00eds y encerrarme con mis padres despu\u00e9s de un largo viaje internacional\u201d, apunt\u00f3.<\/span><span data-ccp-props=\"{&quot;201341983&quot;:0,&quot;335559731&quot;:720,&quot;335559740&quot;:240}\">\u00a0<\/span><\/p>\n<p><span data-contrast=\"auto\">Al pasar m\u00e1s tiempo en casa comenz\u00f3 a trabajar en una idea que hac\u00eda tiempo le interesaba: \u201c<\/span><span data-contrast=\"auto\">Econoteca<\/span><span data-contrast=\"auto\">\u201d, un <\/span><i><span data-contrast=\"auto\">blog<\/span><\/i><span data-contrast=\"auto\"> de aprendizaje <\/span><i><span data-contrast=\"auto\">online<\/span><\/i><span data-contrast=\"auto\"> gratuito, donde hasta ahora trata temas de comercio internacional, pero en un futuro abarcar\u00e1 mucho m\u00e1s, y proporcion\u00f3 la liga para ingresar: <\/span><a href=\"https:\/\/www.econoteca.com\/blog\/\"><span data-contrast=\"none\">https:\/\/www.econoteca.com\/blog\/<\/span><\/a><\/p>\n<div id=\"attachment_85470\" style=\"width: 732px\" class=\"wp-caption aligncenter\"><a href=\"https:\/\/www.uv.mx\/prensa\/files\/2020\/07\/010720-DAVID-Testimonio-alumno-UNED-en-la-UV-2-100k.jpg\"><img aria-describedby=\"caption-attachment-85470\" decoding=\"async\" loading=\"lazy\" class=\"size-full wp-image-85470\" src=\"https:\/\/www.uv.mx\/prensa\/files\/2020\/07\/010720-DAVID-Testimonio-alumno-UNED-en-la-UV-2-100k.jpg\" alt=\"El universitario con otros alumnos de movilidad internacional, previo a su viaje al carnaval de Veracruz \" width=\"722\" height=\"456\" srcset=\"https:\/\/www.uv.mx\/prensa\/files\/2020\/07\/010720-DAVID-Testimonio-alumno-UNED-en-la-UV-2-100k.jpg 722w, https:\/\/www.uv.mx\/prensa\/files\/2020\/07\/010720-DAVID-Testimonio-alumno-UNED-en-la-UV-2-100k-300x189.jpg 300w, https:\/\/www.uv.mx\/prensa\/files\/2020\/07\/010720-DAVID-Testimonio-alumno-UNED-en-la-UV-2-100k-200x125.jpg 200w\" sizes=\"(max-width: 722px) 100vw, 722px\" \/><\/a><p id=\"caption-attachment-85470\" class=\"wp-caption-text\">El universitario con otros alumnos de movilidad internacional, previo a su viaje al carnaval de Veracruz<\/p><\/div>\n<p><span data-contrast=\"auto\">\u201cApenas hace un mes que inici\u00e9 el proyecto, pero gracias a las experiencias educativas que estoy cursando y a algunos de mis compa\u00f1e<\/span><span data-contrast=\"auto\">ros, me motiv\u00e9 y este proyecto<\/span><span data-contrast=\"auto\"> me est\u00e1 aportando mucho crecimiento.\u201d<\/span><span data-ccp-props=\"{&quot;201341983&quot;:0,&quot;335559731&quot;:720,&quot;335559740&quot;:240}\">\u00a0<\/span><\/p>\n<p><span data-contrast=\"auto\">Consider\u00f3 que la pandemia realmente no es una situaci\u00f3n que le est\u00e9 afectando tanto como al principio pensaba; \u201csoy una persona bastante pr\u00e1ctica y si veo que no puedo cambiar la situaci\u00f3n, me acabo adaptando a ella.<\/span><span data-ccp-props=\"{&quot;201341983&quot;:0,&quot;335559731&quot;:720,&quot;335559740&quot;:240}\">\u00a0<\/span><\/p>\n<p><span data-contrast=\"auto\">\u201dObviamente no estoy tan contento o feliz como podr\u00eda estarlo en un entorno en el que la <\/span><span data-contrast=\"auto\">Covid-19 <\/span><span data-contrast=\"auto\">no existe, pero quiero pensar que esto <\/span><span data-contrast=\"auto\">nos har\u00e1 m\u00e1s fuertes y saldremos mejor preparados al darnos cuenta de que no tenemos el control de nada, de que en un momento u otro puede llegar algo que haga remover el mundo entero\u201d, asever\u00f3 el universitario.<\/span><span data-ccp-props=\"{&quot;201341983&quot;:0,&quot;335559731&quot;:720,&quot;335559740&quot;:240}\">\u00a0<\/span><\/p>\n<p><span data-contrast=\"auto\">Con su familia se mantiene conectado a trav\u00e9s de las redes sociales, \u201caunque es una pena no poder compartir en <\/span><i><span data-contrast=\"auto\">Instagram<\/span><\/i><span data-contrast=\"auto\"> fotos y videos de mis viajes a Playa del Carmen, San Crist\u00f3bal de las Casas o Guadalajara, porque por ahora quedan en un quise y no pude; no obstante, seguimos en contacto para hablar de muchas cosas y algo que disfruto mucho es enviarles fotos de mis desayunos mexicanos, bien picosos\u201d.<\/span><span data-ccp-props=\"{&quot;201341983&quot;:0,&quot;335559731&quot;:720,&quot;335559740&quot;:240}\">\u00a0<\/span><\/p>\n<p><span data-contrast=\"auto\">Por otro lado, refiri\u00f3 que el acompa\u00f1amiento brindado por la UV comenz\u00f3 antes de llegar a M\u00e9xico y fue con la Escuela para Estudiantes Extranjeros (EEE); una vez aqu\u00ed todo el equipo de la UV y \u201chasta Xalapa entera se volc\u00f3 en los estudiantes para que disfrut\u00e1ramos al m\u00e1ximo de esta experiencia, la verdad es que no tengo quejas\u201d.<\/span><span data-ccp-props=\"{&quot;201341983&quot;:0,&quot;335559740&quot;:240}\">\u00a0<\/span><\/p>\n<p><span data-contrast=\"auto\">Explic\u00f3 que desde la Direcci\u00f3n de Actividades Deportivas de la UV (DADUV) le facilitaron acceder a las clases de halterofilia con el profesor Jonathan Levi.<\/span><span data-ccp-props=\"{&quot;201341983&quot;:0,&quot;335559731&quot;:720,&quot;335559740&quot;:240}\">\u00a0<\/span><\/p>\n<p><span data-contrast=\"auto\">\u201cSin duda Xalapa entera se presta para que el estudiante disfrute de la ciudad y su estancia, por eso es una experiencia que siempre voy a recomendar y, por suerte, repetir dentro de poco\u201d, subray\u00f3 el universitario.<\/span><span data-ccp-props=\"{&quot;201341983&quot;:0,&quot;335559731&quot;:720,&quot;335559740&quot;:240}\">\u00a0<\/span><\/p>\n<p><span data-contrast=\"auto\">Sobre la situaci\u00f3n mundial del coronavirus y la enfermedad de <\/span><span data-contrast=\"auto\">Covid-19<\/span><span data-contrast=\"auto\">,<\/span> <span data-contrast=\"auto\">recalc\u00f3 la importancia de \u201ccuidarnos y quedarnos en casa tanto como podamos, es una situaci\u00f3n excepcional que no podemos tomar a la ligera\u201d.<\/span><span data-ccp-props=\"{&quot;201341983&quot;:0,&quot;335559731&quot;:720,&quot;335559740&quot;:240}\">\u00a0<\/span><\/p>\n<blockquote><p><span data-contrast=\"auto\">Por otro lado, <\/span><span data-contrast=\"auto\">comparti\u00f3 como consejo para la comunidad universitaria que estudien, trabajen y se aventuren, ya que \u201ca trav\u00e9s de experiencias de movilidad como \u00e9sta tenemos la oportunidad de conocer nuevos horizontes, adquiriendo aprendizajes invaluables que nos abren m\u00e1s puertas de las que \u00e9ramos capaces de imaginar\u201d.<\/span><span data-ccp-props=\"{&quot;201341983&quot;:0,&quot;335559731&quot;:720,&quot;335559740&quot;:240}\">\u00a0<\/span><\/p><\/blockquote>\n","protected":false},"excerpt":{"rendered":"<p>\u201cMi universidad solamente tiene convenio con la UV para la carrera de Gesti\u00f3n y Direcci\u00f3n de Negocios, que es lo que estudio, as\u00ed que tom\u00e9 la oportunidad con gusto\u201d: Sergi Granado <\/p>\n","protected":false},"author":1775,"featured_media":85511,"comment_status":"closed","ping_status":"closed","sticky":false,"template":"","format":"standard","meta":[],"categories":[61],"tags":[],"_links":{"self":[{"href":"https:\/\/www.uv.mx\/prensa\/wp-json\/wp\/v2\/posts\/85468"}],"collection":[{"href":"https:\/\/www.uv.mx\/prensa\/wp-json\/wp\/v2\/posts"}],"about":[{"href":"https:\/\/www.uv.mx\/prensa\/wp-json\/wp\/v2\/types\/post"}],"author":[{"embeddable":true,"href":"https:\/\/www.uv.mx\/prensa\/wp-json\/wp\/v2\/users\/1775"}],"replies":[{"embeddable":true,"href":"https:\/\/www.uv.mx\/prensa\/wp-json\/wp\/v2\/comments?post=85468"}],"version-history":[{"count":0,"href":"https:\/\/www.uv.mx\/prensa\/wp-json\/wp\/v2\/posts\/85468\/revisions"}],"wp:featuredmedia":[{"embeddable":true,"href":"https:\/\/www.uv.mx\/prensa\/wp-json\/wp\/v2\/media\/85511"}],"wp:attachment":[{"href":"https:\/\/www.uv.mx\/prensa\/wp-json\/wp\/v2\/media?parent=85468"}],"wp:term":[{"taxonomy":"category","embeddable":true,"href":"https:\/\/www.uv.mx\/prensa\/wp-json\/wp\/v2\/categories?post=85468"},{"taxonomy":"post_tag","embeddable":true,"href":"https:\/\/www.uv.mx\/prensa\/wp-json\/wp\/v2\/tags?post=85468"}],"curies":[{"name":"wp","href":"https:\/\/api.w.org\/{rel}","templated":true}]}}