{"id":85747,"date":"2020-07-10T07:58:14","date_gmt":"2020-07-10T12:58:14","guid":{"rendered":"https:\/\/www.uv.mx\/prensa\/?p=85747"},"modified":"2020-07-10T10:06:42","modified_gmt":"2020-07-10T15:06:42","slug":"cambio-climatico-es-mas-mortal-que-covid-19-manlio-fabio-casarin","status":"publish","type":"post","link":"https:\/\/www.uv.mx\/prensa\/general\/cambio-climatico-es-mas-mortal-que-covid-19-manlio-fabio-casarin\/","title":{"rendered":"Cambio clim\u00e1tico es m\u00e1s mortal que Covid-19: Manlio Fabio Casar\u00edn"},"content":{"rendered":"<ul>\n<li data-leveltext=\"\uf0b7\" data-font=\"Symbol\" data-listid=\"1\" data-aria-posinset=\"1\" data-aria-level=\"1\"><i><span data-contrast=\"auto\">\u201c<\/span><\/i><i><span data-contrast=\"auto\">M\u00e9xico es pionero a nivel mundial en la construcci\u00f3n de modelos ambientales responsables<\/span><\/i><i><span data-contrast=\"auto\">\u201d<\/span><\/i><i><span data-contrast=\"auto\">: Eduardo Boh\u00f3rquez<\/span><\/i><span data-ccp-props=\"{&quot;134233279&quot;:true}\">\u00a0<\/span><\/li>\n<li data-leveltext=\"\uf0b7\" data-font=\"Symbol\" data-listid=\"1\" data-aria-posinset=\"2\" data-aria-level=\"1\"><i><span data-contrast=\"auto\">Jacobo Dom\u00ednguez dijo que los recortes en material ambiental violenta<\/span><\/i><i><span data-contrast=\"auto\">n<\/span><\/i><i><span data-contrast=\"auto\"> derechos humanos de tercera y cuarta generaci\u00f3n<\/span><\/i><span data-ccp-props=\"{&quot;134233279&quot;:true}\">\u00a0<\/span><\/li>\n<\/ul>\n<div id=\"attachment_85742\" style=\"width: 732px\" class=\"wp-caption aligncenter\"><a href=\"https:\/\/www.uv.mx\/prensa\/files\/2020\/07\/080720-PAOLA-Agenda-ambiental-1.jpg\"><img aria-describedby=\"caption-attachment-85742\" decoding=\"async\" loading=\"lazy\" class=\"size-full wp-image-85742\" src=\"https:\/\/www.uv.mx\/prensa\/files\/2020\/07\/080720-PAOLA-Agenda-ambiental-1.jpg\" alt=\"\" width=\"722\" height=\"481\" srcset=\"https:\/\/www.uv.mx\/prensa\/files\/2020\/07\/080720-PAOLA-Agenda-ambiental-1.jpg 722w, https:\/\/www.uv.mx\/prensa\/files\/2020\/07\/080720-PAOLA-Agenda-ambiental-1-300x200.jpg 300w\" sizes=\"(max-width: 722px) 100vw, 722px\" \/><\/a><p id=\"caption-attachment-85742\" class=\"wp-caption-text\">Manlio Fabio Casar\u00edn, investigador del IIJ<\/p><\/div>\n<p><b><i><span data-contrast=\"auto\">Paola Cort\u00e9s P\u00e9rez<\/span><\/i><\/b><span data-ccp-props=\"{&quot;335559731&quot;:709}\">\u00a0<\/span><\/p>\n<p><b><i><span data-contrast=\"auto\">10<\/span><\/i><\/b><b><i><span data-contrast=\"auto\">\/07\/2020, Xalapa, <\/span><\/i><\/b><b><i><span data-contrast=\"auto\">Ver.-<\/span><\/i><\/b> <span data-contrast=\"auto\">La pande<\/span><span data-contrast=\"auto\">mia causada por el virus SARS-CoV-2 ha desplazado <\/span><span data-contrast=\"auto\">temporalmente a la principal amenaza que enfrenta la<\/span><span data-contrast=\"auto\"> humanidad: el cambio clim\u00e1tico;<\/span> <span data-contrast=\"auto\">sin embargo<\/span><span data-contrast=\"auto\">,<\/span><span data-contrast=\"auto\"> ha incrementado la preocupaci\u00f3n <\/span><span data-contrast=\"auto\">de<\/span><span data-contrast=\"auto\"> los cient\u00edficos <\/span><span data-contrast=\"auto\">p<\/span><span data-contrast=\"auto\">ues <\/span><span data-contrast=\"auto\">la era post<\/span><span data-contrast=\"auto\">c<\/span><span data-contrast=\"auto\">ovid<\/span><span data-contrast=\"auto\">-19<\/span><span data-contrast=\"auto\"> estar\u00e1 marcada por la profundizaci\u00f3n de los da\u00f1os ambientales y en la salud, advirti\u00f3 Manlio Fabio Casar\u00edn Le\u00f3n, del <a href=\"https:\/\/www.uv.mx\/iij\/\" target=\"_blank\" rel=\"noopener noreferrer\">Instituto de Investigaciones Jur\u00eddicas<\/a> (IIJ) de la Universidad Veracruzana (UV).<\/span><span data-ccp-props=\"{&quot;335559731&quot;:709}\">\u00a0<\/span><\/p>\n<p><span data-contrast=\"auto\">La entidad acad\u00e9mica mencionada llev\u00f3 cabo la Mesa \u201cPol\u00edticas p\u00fablicas y <\/span><span data-contrast=\"auto\">agenda ambiental en la era postc<\/span><span data-contrast=\"auto\">ovid-19\u201d, el pasado 7 de julio a trav\u00e9s de <\/span><i><span data-contrast=\"auto\">Facebook Live<\/span><\/i><span data-contrast=\"auto\">, con la participaci\u00f3n <\/span><span data-contrast=\"auto\">tambi\u00e9n <\/span><span data-contrast=\"auto\">de <\/span><span data-contrast=\"auto\">Eduardo Boh\u00f3rquez L\u00f3pez, director Ejecutivo de Transparencia Mexicana<\/span><span data-contrast=\"auto\">, y <\/span><span data-contrast=\"auto\">Jacobo Alejandro Dom\u00ednguez <\/span><span data-contrast=\"auto\">Gudini<\/span><span data-contrast=\"auto\">, profesor de la <\/span><span data-contrast=\"auto\">UV<\/span><span data-contrast=\"auto\"> e investigador en Fundaci\u00f3n O<\/span><span data-contrast=\"auto\">l<\/span><span data-contrast=\"auto\">meca<\/span><span data-contrast=\"auto\">.<\/span><span data-ccp-props=\"{&quot;335559731&quot;:708}\">\u00a0<\/span><\/p>\n<p><span data-contrast=\"auto\">Carlos Azuara, investigador del IIJ, <\/span><span data-contrast=\"auto\">dio la <\/span><span data-contrast=\"auto\">bienvenida <\/span><span data-contrast=\"auto\">a nombre de la directora de la instituci\u00f3n, Petra Armenta <\/span><span data-contrast=\"auto\">Ram\u00edrez<\/span><span data-contrast=\"auto\">, <\/span><span data-contrast=\"auto\">y <\/span><span data-contrast=\"auto\">dijo que este contexto de confinamientos deja la incorporaci\u00f3n de las tecnolog\u00edas <\/span><span data-contrast=\"auto\">en la ense\u00f1anza y <\/span><span data-contrast=\"auto\">la <\/span><span data-contrast=\"auto\">vida acad\u00e9mica.<\/span><span data-ccp-props=\"{&quot;335559731&quot;:708}\">\u00a0<\/span><\/p>\n<p><span data-contrast=\"auto\">Casar\u00edn <\/span><span data-contrast=\"auto\">Le\u00f3n <\/span><span data-contrast=\"auto\">mencion\u00f3 que el regreso a la \u201cnueva normalidad\u201d <\/span><span data-contrast=\"auto\">h<\/span><span data-contrast=\"auto\">a empezado a generar fuertes tensiones entre la reactivaci\u00f3n econ\u00f3mica, la estimulaci\u00f3n a la misma y la protecci\u00f3n del ambiente, <\/span><span data-contrast=\"auto\">en particular la lucha para mitigar los efectos del cambio clim\u00e1tico.<\/span><span data-ccp-props=\"{&quot;335559731&quot;:708}\">\u00a0<\/span><\/p>\n<p><span data-contrast=\"auto\">\u201cEl cambio <\/span><span data-contrast=\"auto\">clim\u00e1tico es m\u00e1s mortal que el c<\/span><span data-contrast=\"auto\">oronavirus, as\u00ed lo afirma la Organizaci\u00f3n de las Naciones Unidas (ONU)<\/span><span data-contrast=\"auto\">. Toda esta etapa de emergencia sanitaria en la que est\u00e1 inmersa la humanidad no debe distraer la lucha permanente para combatir el cambio clim\u00e1tico, la desigualdad y el resto de <\/span><span data-contrast=\"auto\">los problemas<\/span><span data-contrast=\"auto\"> que enfrenta el mundo.\u201d<\/span><span data-ccp-props=\"{&quot;335559731&quot;:708}\">\u00a0<\/span><\/p>\n<p><span data-contrast=\"auto\">Mencion\u00f3 que estudios de la Organizaci\u00f3n Mundial de la Salud (OMS) han demostrado que la aparici\u00f3n de enfermedades transmitidas <\/span><span data-contrast=\"auto\">por vectores, insectos o animales, se ven favorecidas por el cambio en el clima.<\/span><span data-ccp-props=\"{&quot;335559731&quot;:708}\">\u00a0<\/span><\/p>\n<div id=\"attachment_85741\" style=\"width: 732px\" class=\"wp-caption aligncenter\"><a href=\"https:\/\/www.uv.mx\/prensa\/files\/2020\/07\/080720-PAOLA-Agenda-ambiental-2.jpg\"><img aria-describedby=\"caption-attachment-85741\" decoding=\"async\" loading=\"lazy\" class=\"size-full wp-image-85741\" src=\"https:\/\/www.uv.mx\/prensa\/files\/2020\/07\/080720-PAOLA-Agenda-ambiental-2.jpg\" alt=\"\" width=\"722\" height=\"481\" srcset=\"https:\/\/www.uv.mx\/prensa\/files\/2020\/07\/080720-PAOLA-Agenda-ambiental-2.jpg 722w, https:\/\/www.uv.mx\/prensa\/files\/2020\/07\/080720-PAOLA-Agenda-ambiental-2-300x200.jpg 300w\" sizes=\"(max-width: 722px) 100vw, 722px\" \/><\/a><p id=\"caption-attachment-85741\" class=\"wp-caption-text\">Eduardo Boh\u00f3rquez, director Ejecutivo de Transparencia Mexicana<\/p><\/div>\n<p><span data-contrast=\"auto\">Estas enfermedades <\/span><span data-contrast=\"auto\">zoon\u00f3ticas<\/span><span data-contrast=\"auto\"> (provocadas por virus, bacterias u hongos) representan alrededor del 60 por ciento de los padecimientos infecciosos a nivel internacional; aunado a esto, el 75 por ciento de los nuevos pat\u00f3genos humanos detectados en los \u00faltimos 30 a\u00f1os, se originaron en animales.<\/span><span data-ccp-props=\"{&quot;335559731&quot;:708}\">\u00a0<\/span><\/p>\n<p><span data-contrast=\"auto\">En t\u00e9rminos generales<\/span><span data-contrast=\"auto\">,<\/span> <span data-contrast=\"auto\">\u201c<\/span><span data-contrast=\"auto\">las contribuciones clim\u00e1ticas se reconducen a las energ\u00edas renovables y eficiencia energ\u00e9tica, protecci\u00f3n de los bosques, buenas pr\u00e1cticas agr\u00edcolas, transporte limpio, gesti\u00f3n de residuos, mejora de procesos industriales<\/span><span data-contrast=\"auto\">. R<\/span><span data-contrast=\"auto\">epresentan la apuesta para hacerle frente al cambio clim\u00e1tico<\/span><span data-contrast=\"auto\">.\u201d<\/span><span data-ccp-props=\"{&quot;335559731&quot;:708}\">\u00a0<\/span><\/p>\n<p><span data-contrast=\"auto\">En tanto, Eduardo Boh\u00f3rquez record\u00f3 que M\u00e9xico es pionero a nivel mundial en la construcci\u00f3n de modelos ambientales respon<\/span><span data-contrast=\"auto\">sables: <\/span><span data-contrast=\"auto\">\u201cSe cree que los neozelandeses y los australianos fueron los primeros en decre<\/span><span data-contrast=\"auto\">tar un \u00e1rea natural protegida <\/span><span data-contrast=\"auto\">bajo el mar, en reali<\/span><span data-contrast=\"auto\">dad fueron los mexicanos en el m<\/span><span data-contrast=\"auto\">ar de Cort\u00e9s quienes decretaron la primera hace m\u00e1s de 20 a\u00f1os\u201d<\/span><span data-contrast=\"auto\">.<\/span><span data-ccp-props=\"{&quot;335559731&quot;:708}\">\u00a0<\/span><\/p>\n<p><span data-contrast=\"auto\">Destac\u00f3 que instituciones como la Comisi\u00f3n Nacional para el Conocimiento y Uso de la Biodiversidad (<\/span><i><span data-contrast=\"auto\">Conabio<\/span><\/i><span data-contrast=\"auto\">), la Comisi\u00f3n Nacional Forestal (<\/span><i><span data-contrast=\"auto\">Conafor<\/span><\/i><span data-contrast=\"auto\">)<\/span><span data-contrast=\"auto\">,<\/span><span data-contrast=\"auto\"> as\u00ed como los institutos de ecolog\u00eda de las universidades, pese a tener pocos recursos econ\u00f3micos son \u00e1reas estrat\u00e9gicas para la sobrevivencia del Estado mexicano.<\/span><span data-ccp-props=\"{&quot;335559731&quot;:708}\">\u00a0<\/span><\/p>\n<p><span data-contrast=\"auto\">\u201cSon los balances y contrapesos necesarios desde la ciencia que no tiene el Estado desde el Congreso. Ante la orfandad institucional de los congresos, necesitamos volver a la ciencia y al conocimiento, no tenemos alternativa salvo mostrar que, si no hay un balance razonable en la materia, no hay seguridad del Estado que pueda sostenerse.\u201d<\/span><span data-ccp-props=\"{&quot;335559731&quot;:708}\">\u00a0<\/span><\/p>\n<p><span data-contrast=\"auto\">Por \u00faltimo, Jacob<\/span><span data-contrast=\"auto\">o<\/span><span data-contrast=\"auto\"> Dom\u00ednguez <\/span><span data-contrast=\"auto\">se\u00f1al\u00f3 que los recortes en materia ambiental son violaciones a los derechos humanos de tercera y cuarta generaci\u00f3n, as\u00ed que no s\u00f3lo se trata de hacer limitaciones de naturaleza administrativa y econ\u00f3mica.<\/span><span data-ccp-props=\"{&quot;335559731&quot;:708}\">\u00a0<\/span><\/p>\n<p><span data-contrast=\"auto\">\u201cCuando hablamos de una ponderaci\u00f3n de derechos, no hablamos de una conflictividad entre derechos sociales y derechos ambientales, son de la misma importancia, lo que se necesitan son decisiones inteligentes.<\/span><span data-ccp-props=\"{&quot;335559731&quot;:708}\">\u00a0<\/span><\/p>\n<p><span data-contrast=\"auto\">\u201d<\/span><span data-contrast=\"auto\">Las razones de austeridad econ\u00f3micas no son suficientes para que haya este tipo de limitaciones pol\u00edticas<\/span> <span data-contrast=\"auto\">y<\/span><span data-contrast=\"auto\">,<\/span><span data-contrast=\"auto\"> por lo tanto<\/span><span data-contrast=\"auto\">, <\/span><span data-contrast=\"auto\">violaciones a los derechos humanos.<\/span><span data-contrast=\"auto\">\u201d<\/span><\/p>\n<div id=\"attachment_85740\" style=\"width: 732px\" class=\"wp-caption aligncenter\"><a href=\"https:\/\/www.uv.mx\/prensa\/files\/2020\/07\/080720-PAOLA-Agenda-ambiental-3.jpg\"><img aria-describedby=\"caption-attachment-85740\" decoding=\"async\" loading=\"lazy\" class=\"size-full wp-image-85740\" src=\"https:\/\/www.uv.mx\/prensa\/files\/2020\/07\/080720-PAOLA-Agenda-ambiental-3.jpg\" alt=\"\" width=\"722\" height=\"481\" srcset=\"https:\/\/www.uv.mx\/prensa\/files\/2020\/07\/080720-PAOLA-Agenda-ambiental-3.jpg 722w, https:\/\/www.uv.mx\/prensa\/files\/2020\/07\/080720-PAOLA-Agenda-ambiental-3-300x200.jpg 300w\" sizes=\"(max-width: 722px) 100vw, 722px\" \/><\/a><p id=\"caption-attachment-85740\" class=\"wp-caption-text\">Jacobo Dom\u00ednguez, profesor de la UV e investigador en Fundaci\u00f3n Olmeca<\/p><\/div>\n","protected":false},"excerpt":{"rendered":"<p>El acad\u00e9mico se\u00f1al\u00f3 que estudios de la Organizaci\u00f3n Mundial de la Salud han demostrado que la aparici\u00f3n de enfermedades transmitidas por vectores, insectos o animales, se ven favorecidas por dicho fen\u00f3meno<\/p>\n","protected":false},"author":1508,"featured_media":85742,"comment_status":"closed","ping_status":"closed","sticky":false,"template":"","format":"standard","meta":[],"categories":[1],"tags":[],"_links":{"self":[{"href":"https:\/\/www.uv.mx\/prensa\/wp-json\/wp\/v2\/posts\/85747"}],"collection":[{"href":"https:\/\/www.uv.mx\/prensa\/wp-json\/wp\/v2\/posts"}],"about":[{"href":"https:\/\/www.uv.mx\/prensa\/wp-json\/wp\/v2\/types\/post"}],"author":[{"embeddable":true,"href":"https:\/\/www.uv.mx\/prensa\/wp-json\/wp\/v2\/users\/1508"}],"replies":[{"embeddable":true,"href":"https:\/\/www.uv.mx\/prensa\/wp-json\/wp\/v2\/comments?post=85747"}],"version-history":[{"count":0,"href":"https:\/\/www.uv.mx\/prensa\/wp-json\/wp\/v2\/posts\/85747\/revisions"}],"wp:featuredmedia":[{"embeddable":true,"href":"https:\/\/www.uv.mx\/prensa\/wp-json\/wp\/v2\/media\/85742"}],"wp:attachment":[{"href":"https:\/\/www.uv.mx\/prensa\/wp-json\/wp\/v2\/media?parent=85747"}],"wp:term":[{"taxonomy":"category","embeddable":true,"href":"https:\/\/www.uv.mx\/prensa\/wp-json\/wp\/v2\/categories?post=85747"},{"taxonomy":"post_tag","embeddable":true,"href":"https:\/\/www.uv.mx\/prensa\/wp-json\/wp\/v2\/tags?post=85747"}],"curies":[{"name":"wp","href":"https:\/\/api.w.org\/{rel}","templated":true}]}}