{"id":85790,"date":"2020-07-11T08:00:44","date_gmt":"2020-07-11T13:00:44","guid":{"rendered":"https:\/\/www.uv.mx\/prensa\/?p=85790"},"modified":"2020-07-13T10:21:24","modified_gmt":"2020-07-13T15:21:24","slug":"plataforma-digital-dgdc-musica-traspasa-fronteras","status":"publish","type":"post","link":"https:\/\/www.uv.mx\/prensa\/banner\/plataforma-digital-dgdc-musica-traspasa-fronteras\/","title":{"rendered":"Plataforma digital DGDC M\u00fasica traspasa fronteras\u00a0"},"content":{"rendered":"<style type=\"text\/css\">\n  blockquote p { color: #28519b; font-family: helvetica; font-size: 1.6em; }<br \/>\n<\/style>\n<p>&nbsp;<\/p>\n<ul>\n<li data-leveltext=\"\uf0b7\" data-font=\"Symbol\" data-listid=\"5\" data-aria-posinset=\"1\" data-aria-level=\"1\"><i><span data-contrast=\"auto\">Esta plataforma virtual fue presentada el 3 de julio, es de libre acceso y contiene 65 producciones musicales <\/span><\/i><i><span data-contrast=\"auto\">de artistas de la <\/span><\/i><i><span data-contrast=\"auto\">U<\/span><\/i><i><span data-contrast=\"auto\">niversidad<\/span><\/i><span data-ccp-props=\"{}\">\u00a0<\/span><\/li>\n<\/ul>\n<p><span data-ccp-props=\"{}\">\u00a0<\/span><i><\/i><\/p>\n<div id=\"attachment_82189\" style=\"width: 732px\" class=\"wp-caption aligncenter\"><a href=\"https:\/\/www.uv.mx\/prensa\/files\/2020\/03\/260320-CARLOS-Arte-desde-el-interior-1-100k.jpg\"><img aria-describedby=\"caption-attachment-82189\" decoding=\"async\" loading=\"lazy\" class=\"size-full wp-image-82189\" src=\"https:\/\/www.uv.mx\/prensa\/files\/2020\/03\/260320-CARLOS-Arte-desde-el-interior-1-100k.jpg\" alt=\"Rafael Alcal\u00e1 Hinojosa\" width=\"722\" height=\"482\" srcset=\"https:\/\/www.uv.mx\/prensa\/files\/2020\/03\/260320-CARLOS-Arte-desde-el-interior-1-100k.jpg 722w, https:\/\/www.uv.mx\/prensa\/files\/2020\/03\/260320-CARLOS-Arte-desde-el-interior-1-100k-300x200.jpg 300w\" sizes=\"(max-width: 722px) 100vw, 722px\" \/><\/a><p id=\"caption-attachment-82189\" class=\"wp-caption-text\"><span data-contrast=\"auto\">Juan Rafael Alcal\u00e1 Hinojosa, titular de la DGDC (foto de archivo)<\/span><span data-ccp-props=\"{}\">\u00a0<\/span><\/p><\/div>\n<p><span data-ccp-props=\"{}\" data-contrast=\"auto\">\u00a0<\/span><\/p>\n<blockquote><p><span data-contrast=\"auto\">La UV es la \u00fanica instituci\u00f3n de educaci\u00f3n superior p\u00fablica que cuenta con grupos art\u00edsticos e int\u00e9rpretes <\/span><span data-contrast=\"auto\">profesionales,<\/span><span data-contrast=\"auto\"> por lo que es de suma importancia potenciar sus labores<\/span><span data-ccp-props=\"{}\">\u00a0<\/span><\/p><\/blockquote>\n<p><span data-ccp-props=\"{}\">\u00a0<\/span><\/p>\n<p><b><i><span data-contrast=\"auto\">Carlos Hugo Hermida Rosales<\/span><\/i><\/b><span data-ccp-props=\"{}\">\u00a0<\/span><\/p>\n<p><b><i><span data-contrast=\"auto\">11<\/span><\/i><\/b><b><i><span data-contrast=\"auto\">\/07\/<\/span><\/i><\/b><b><i><span data-contrast=\"auto\">2020<\/span><\/i><\/b><b><i><span data-contrast=\"auto\">,<\/span><\/i><\/b> <b><i><span data-contrast=\"auto\">Xalapa, <\/span><\/i><\/b><b><i><span data-contrast=\"auto\">Ver.<\/span><\/i><\/b><b><i><span data-contrast=\"auto\">&#8211;<\/span><\/i><\/b> <span data-contrast=\"auto\">L<\/span><span data-contrast=\"auto\">a<\/span> <a href=\"https:\/\/musica.uv.mx\"><span data-contrast=\"none\">plataforma virtual DGDC<\/span><span data-contrast=\"none\"> M<\/span><span data-contrast=\"none\">\u00fasica<\/span><\/a><span data-contrast=\"auto\">de<\/span><span data-contrast=\"auto\"> la Univer<\/span><span data-contrast=\"auto\">sidad <\/span><span data-contrast=\"auto\">Veracruzana<\/span><span data-contrast=\"auto\"> (UV) <\/span><span data-contrast=\"auto\">acerca a los int\u00e9rpretes y grupos art\u00edsticos de esta casa de estudios <\/span><span data-contrast=\"auto\">a la sociedad<\/span><span data-contrast=\"auto\">,<\/span><span data-contrast=\"auto\"> al tiempo que les ayuda<\/span><span data-contrast=\"auto\">r\u00e1<\/span><span data-contrast=\"auto\"> a traspasar fronteras, <\/span><span data-contrast=\"auto\">afirm\u00f3 <\/span><span data-contrast=\"auto\">Juan Rafael Alcal\u00e1 Hinojosa, titular de la <a href=\"https:\/\/www.uv.mx\/difusioncultural\/\" target=\"_blank\" rel=\"noopener noreferrer\">Direcci\u00f3n General de Difusi\u00f3n Cultural<\/a><\/span><span data-contrast=\"auto\"> (DGDC<\/span><span data-contrast=\"auto\">).<\/span><span data-ccp-props=\"{}\">\u00a0<\/span><\/p>\n<p><span data-contrast=\"auto\">Esta plataforma que contiene 65 producciones musicales, fue presentada el 3 de julio por Sara Ladr\u00f3n de Guevara, rectora de la UV.\u00a0<\/span><span data-ccp-props=\"{&quot;335559731&quot;:708}\">\u00a0<\/span><\/p>\n<p><span data-contrast=\"auto\">Rafael Alcal\u00e1<\/span><span data-contrast=\"auto\"> mencion\u00f3 que <\/span><span data-contrast=\"auto\">DGDC<\/span><span data-contrast=\"auto\"> M\u00fasica <\/span><span data-contrast=\"auto\">es un repositorio que alberga producciones discogr\u00e1ficas que ejecutantes, grup<\/span><span data-contrast=\"auto\">os art\u00edsticos y maestros de la U<\/span><span data-contrast=\"auto\">niversidad han realizado por d\u00e9cadas.\u00a0<\/span><span data-ccp-props=\"{&quot;335559731&quot;:708}\">\u00a0<\/span><\/p>\n<p><span data-contrast=\"auto\">Puntualiz\u00f3 que entre las producciones incluidas destaca<\/span><span data-contrast=\"auto\"> la m\u00e1s reciente de la DGDC<\/span> <i><span data-contrast=\"auto\">\u00a1M<\/span><\/i><i><span data-contrast=\"auto\">\u00fasica maestros!<\/span><\/i><span data-contrast=\"auto\">,<\/span> <span data-contrast=\"auto\">que fue grabada en 2019<\/span><span data-contrast=\"auto\">;<\/span> <span data-contrast=\"auto\">incluye<\/span><span data-contrast=\"auto\"> piezas de <\/span><span data-contrast=\"auto\">la Orquesta<\/span><span data-contrast=\"auto\">s<\/span><span data-contrast=\"auto\"> Universitaria de M\u00fasica Popular,<\/span><span data-contrast=\"auto\"> de Salsa y Sinf\u00f3nica de Xalapa,<\/span> <span data-contrast=\"auto\">Tlen<\/span> <span data-contrast=\"auto\">Huicani<\/span><span data-contrast=\"auto\">, el Coro UV<\/span> <span data-contrast=\"auto\">y el Mariachi Universitario.<\/span><span data-ccp-props=\"{&quot;335559731&quot;:708}\">\u00a0<\/span><\/p>\n<p><span data-contrast=\"auto\">Rafael Alcal\u00e1<\/span><span data-contrast=\"auto\"> coment\u00f3 que esta plataforma ayudar\u00e1 a que los grupos art\u00edsticos de la UV t<\/span><span data-contrast=\"auto\">rasciendan <\/span><span data-contrast=\"auto\">fronteras, lo que va de acuerdo con el eje rectoral del plan de trabajo <\/span><span data-contrast=\"auto\">actual <\/span><span data-contrast=\"auto\">que brinda especial atenci\u00f3n a la internacionalizaci\u00f3n.\u00a0<\/span><span data-ccp-props=\"{&quot;335559731&quot;:708}\">\u00a0<\/span><\/p>\n<p>&nbsp;<\/p>\n<div id=\"attachment_82776\" style=\"width: 732px\" class=\"wp-caption aligncenter\"><a href=\"https:\/\/www.uv.mx\/prensa\/files\/2020\/04\/150420Cuando-la-tormenta-pase-100k.jpg\"><img aria-describedby=\"caption-attachment-82776\" decoding=\"async\" loading=\"lazy\" class=\"size-full wp-image-82776\" src=\"https:\/\/www.uv.mx\/prensa\/files\/2020\/04\/150420Cuando-la-tormenta-pase-100k.jpg\" alt=\"Grupo Tlen Huicani\" width=\"722\" height=\"481\" srcset=\"https:\/\/www.uv.mx\/prensa\/files\/2020\/04\/150420Cuando-la-tormenta-pase-100k.jpg 722w, https:\/\/www.uv.mx\/prensa\/files\/2020\/04\/150420Cuando-la-tormenta-pase-100k-300x200.jpg 300w\" sizes=\"(max-width: 722px) 100vw, 722px\" \/><\/a><p id=\"caption-attachment-82776\" class=\"wp-caption-text\"><span data-contrast=\"auto\">Tlen<\/span> <span data-contrast=\"auto\">Huicani<\/span><span data-contrast=\"auto\"> colabora en DGDC M<\/span><span data-contrast=\"auto\">\u00fasica<\/span><span data-contrast=\"auto\"> con diversos trabajos (foto de archivo)<\/span><\/p><\/div>\n<p>&nbsp;<\/p>\n<p><span data-contrast=\"auto\">E<\/span><span data-contrast=\"auto\">l programa <\/span><span data-contrast=\"auto\">\u201c<\/span><span data-contrast=\"auto\">Arte desde el interior<\/span><span data-contrast=\"auto\">\u201d<\/span><span data-contrast=\"auto\"> ya <\/span><span data-contrast=\"auto\">ha ayudado a las agrupaciones<\/span><span data-contrast=\"auto\"> y artistas universitario<\/span><span data-contrast=\"auto\">s a incrementar <\/span><span data-contrast=\"auto\">la<\/span><span data-contrast=\"auto\"> audiencia a nivel global, y <\/span><span data-contrast=\"auto\">permitido <\/span><span data-contrast=\"auto\">que m\u00e1s de medio mill\u00f3n de personas den fe de su trabajo.\u00a0<\/span><span data-ccp-props=\"{&quot;335559731&quot;:708}\">\u00a0<\/span><\/p>\n<p><span data-contrast=\"auto\">Agreg\u00f3 <\/span><span data-contrast=\"auto\">que <\/span><span data-contrast=\"auto\">la UV es la \u00fanica instituci\u00f3n de educaci\u00f3n superior p\u00fablica que cuenta con grupos art\u00edsticos e int\u00e9rpretes profesionales adscritos a ella, por lo que es de suma importancia potenciar sus labores.<\/span><span data-contrast=\"auto\">\u00a0<\/span><span data-ccp-props=\"{&quot;335559731&quot;:708}\">\u00a0<\/span><\/p>\n<p><span data-contrast=\"auto\">E<\/span><span data-contrast=\"auto\">n octubre se presentar\u00e1 la segun<\/span><span data-contrast=\"auto\">da fase de la plataforma DGDC M<\/span><span data-contrast=\"auto\">\u00fasica, que incluir\u00e1 videos de conciertos de los <\/span><span data-contrast=\"auto\">grupos art\u00edsticos<\/span><span data-contrast=\"auto\">,<\/span><span data-contrast=\"auto\"> y<\/span><span data-contrast=\"auto\"> del Ballet Folkl\u00f3rico y la<\/span> <span data-contrast=\"auto\">Organizaci\u00f3n Teatral de la UV.\u00a0<\/span><span data-ccp-props=\"{&quot;335559731&quot;:708}\">\u00a0<\/span><\/p>\n<p><span data-contrast=\"auto\">E<\/span><span data-contrast=\"auto\">n 2021 tambi\u00e9n se incluir\u00e1n trabajos <\/span><span data-contrast=\"auto\">recepcionales<\/span><span data-contrast=\"auto\"> de estudiantes de la Facultad de M\u00fasica y <\/span><span data-contrast=\"auto\">del<\/span><span data-contrast=\"auto\"> Centro de Estudio<\/span><span data-contrast=\"auto\">s<\/span><span data-contrast=\"auto\"> de Jazz de la UV.\u00a0<\/span><span data-ccp-props=\"{&quot;335559731&quot;:708}\">\u00a0<\/span><\/p>\n<p><span data-contrast=\"auto\">Mencion\u00f3 que m<\/span><span data-contrast=\"auto\">uchos de estos trabajos tienen una alta calidad art\u00edstica<\/span><span data-contrast=\"auto\">, por lo que se consider\u00f3<\/span><span data-contrast=\"auto\"> que <\/span><span data-contrast=\"auto\">la<\/span><span data-contrast=\"auto\"> plataforma puede servir como trampol\u00edn <\/span><span data-contrast=\"auto\">para que tengan mayor visibilidad y lleguen a <\/span><span data-contrast=\"auto\">m\u00e1s<\/span><span data-contrast=\"auto\"> audiencia, <\/span><span data-contrast=\"auto\">lo que aumenta<\/span><span data-contrast=\"auto\"> sus posibilidades de obtener becas y apoyos<\/span><span data-contrast=\"auto\">.<\/span><span data-ccp-props=\"{&quot;335559731&quot;:708}\">\u00a0<\/span><\/p>\n<p><span data-contrast=\"auto\">\u201cInvito<\/span><span data-contrast=\"auto\"> a toda la <\/span><span data-contrast=\"auto\">comunidad a visitar esta plataforma y a disfrutar del acervo musical de la UV\u201d, concluy\u00f3.\u00a0<\/span><span data-ccp-props=\"{&quot;335559731&quot;:708}\">\u00a0<\/span><\/p>\n<p><span data-contrast=\"auto\">El enlace para ingresar a la plataforma virtual es el siguiente:\u202f<\/span><a href=\"https:\/\/musica.uv.mx\/\"><span data-contrast=\"none\">https:\/\/musica.u<\/span><span data-contrast=\"none\">v<\/span><span data-contrast=\"none\">.mx<\/span><\/a><span data-ccp-props=\"{&quot;335559731&quot;:708}\">\u00a0<\/span><\/p>\n<p><span data-ccp-props=\"{}\">\u00a0<\/span><\/p>\n<div id=\"attachment_14405\" style=\"width: 492px\" class=\"wp-caption aligncenter\"><a href=\"https:\/\/www.uv.mx\/prensa\/files\/2016\/08\/220816.-Sandra-y-Pepe-2-OK-e1594424732903.jpg\"><img aria-describedby=\"caption-attachment-14405\" decoding=\"async\" loading=\"lazy\" class=\"size-full wp-image-14405\" src=\"https:\/\/www.uv.mx\/prensa\/files\/2016\/08\/220816.-Sandra-y-Pepe-2-OK-e1594424732903.jpg\" alt=\"\" width=\"482\" height=\"722\" \/><\/a><p id=\"caption-attachment-14405\" class=\"wp-caption-text\"><span data-contrast=\"auto\">La plataforma incluye tres producciones de Sandra <\/span><span data-contrast=\"auto\">Lohr<\/span><span data-contrast=\"auto\"> (foto de archivo)<\/span><span data-ccp-props=\"{}\"> <br \/><\/span><\/p><\/div>\n","protected":false},"excerpt":{"rendered":"<p>Rafael Alcal\u00e1 mencion\u00f3 que DGDC M\u00fasica es un repositorio que alberga producciones discogr\u00e1ficas que ejecutantes, grupos art\u00edsticos y maestros de la Universidad han realizado por d\u00e9cadas.\u00a0<\/p>\n","protected":false},"author":1869,"featured_media":85516,"comment_status":"closed","ping_status":"closed","sticky":false,"template":"","format":"standard","meta":[],"categories":[61],"tags":[],"_links":{"self":[{"href":"https:\/\/www.uv.mx\/prensa\/wp-json\/wp\/v2\/posts\/85790"}],"collection":[{"href":"https:\/\/www.uv.mx\/prensa\/wp-json\/wp\/v2\/posts"}],"about":[{"href":"https:\/\/www.uv.mx\/prensa\/wp-json\/wp\/v2\/types\/post"}],"author":[{"embeddable":true,"href":"https:\/\/www.uv.mx\/prensa\/wp-json\/wp\/v2\/users\/1869"}],"replies":[{"embeddable":true,"href":"https:\/\/www.uv.mx\/prensa\/wp-json\/wp\/v2\/comments?post=85790"}],"version-history":[{"count":0,"href":"https:\/\/www.uv.mx\/prensa\/wp-json\/wp\/v2\/posts\/85790\/revisions"}],"wp:featuredmedia":[{"embeddable":true,"href":"https:\/\/www.uv.mx\/prensa\/wp-json\/wp\/v2\/media\/85516"}],"wp:attachment":[{"href":"https:\/\/www.uv.mx\/prensa\/wp-json\/wp\/v2\/media?parent=85790"}],"wp:term":[{"taxonomy":"category","embeddable":true,"href":"https:\/\/www.uv.mx\/prensa\/wp-json\/wp\/v2\/categories?post=85790"},{"taxonomy":"post_tag","embeddable":true,"href":"https:\/\/www.uv.mx\/prensa\/wp-json\/wp\/v2\/tags?post=85790"}],"curies":[{"name":"wp","href":"https:\/\/api.w.org\/{rel}","templated":true}]}}